{"id":245659,"date":"2025-09-16T17:21:25","date_gmt":"2025-09-16T20:21:25","guid":{"rendered":"https:\/\/www.manaus.am.gov.br\/semcom\/prestacao-de-contas-artistas-concultura\/"},"modified":"2025-09-16T17:21:27","modified_gmt":"2025-09-16T20:21:27","slug":"prestacao-de-contas-artistas-concultura","status":"publish","type":"post","link":"https:\/\/www.manaus.am.gov.br\/semcom\/prestacao-de-contas-artistas-concultura\/","title":{"rendered":"Prefeitura de Manaus convoca artistas para presta\u00e7\u00e3o de contas de projetos culturais"},"content":{"rendered":"\n<p>A Prefeitura de Manaus, por meio do Conselho Municipal de Cultura (Concultura), convoca todos os proponentes de projetos culturais contemplados nos editais Audiovisual e Demais Linguagens\u201d da Lei Paulo Gustavo, assim como do edital \u201cManaus Faz Cultura 2023\u201d, para comparecer \u00e0 sede do Concultura nos dias 18 e 19 de setembro, das 8h \u00e0s 15h, e realizar a presta\u00e7\u00e3o de contas dos projetos.<\/p>\n\n\n\n<p>O presidente do Concultura, Tony Medeiros, afirma que a a\u00e7\u00e3o tem o objetivo de simplificar a burocracia e favorecer a classe art\u00edstica.<\/p>\n\n\n\n<p>&#8220;Nosso objetivo com essa convoca\u00e7\u00e3o \u00e9 facilitar a presta\u00e7\u00e3o de contas dos projetos culturais, desburocratizando o processo e garantindo que nossos artistas possam participar dos pr\u00f3ximos editais sem dificuldades. Queremos tamb\u00e9m assegurar total transpar\u00eancia no uso dos recursos p\u00fablicos, apoiando e valorizando a classe art\u00edstica de Manaus&#8221;, disse o presidente.<\/p>\n\n\n\n<p>O objetivo da a\u00e7\u00e3o \u00e9 regularizar a situa\u00e7\u00e3o dos artistas contemplados, permitindo a participa\u00e7\u00e3o nos pr\u00f3ximos editais promovidos pelo Concultura, simplificar a burocracia e garantir transpar\u00eancia no uso dos recursos p\u00fablicos.<\/p>\n\n\n\n<p>Os participantes devem comparecer com o relat\u00f3rio de presta\u00e7\u00e3o de contas devidamente preenchido. Os modelos do relat\u00f3rio podem ser baixados nos links abaixo:<\/p>\n\n\n\n<p>\u2022\u00a0\u00a0\u00a0\u00a0\u00a0\u00a0 Link do relat\u00f3rio Audiovisual: <a href=\"https:\/\/concultura.manaus.am.gov.br\/wp-content\/uploads\/2025\/09\/Anexo_VI_-_Relatorio_de_Execucao_Financeira_do_Objeto.pdf\">https:\/\/concultura.manaus.am.gov.br\/wp-content\/uploads\/2025\/09\/Anexo_VI_-_Relatorio_de_Execucao_Financeira_do_Objeto.pdf<\/a><\/p>\n\n\n\n<p>\u2022\u00a0\u00a0\u00a0\u00a0\u00a0\u00a0 Link do relat\u00f3rio Demais Linguagens: <a href=\"https:\/\/concultura.manaus.am.gov.br\/wp-content\/uploads\/2025\/09\/Anexo_VI_-_Relatorio_de_Execucao_Financeira_do_Objeto.pdf\">https:\/\/concultura.manaus.am.gov.br\/wp-content\/uploads\/2025\/09\/Anexo_VI_-_Relatorio_de_Execucao_Financeira_do_Objeto.pdf<\/a><\/p>\n\n\n\n<p>\u2022\u00a0\u00a0\u00a0\u00a0\u00a0\u00a0 Link do relat\u00f3rio Manaus Faz Cultura 2023: <a href=\"https:\/\/concultura.manaus.am.gov.br\/wp-content\/uploads\/2025\/09\/Prestacao-de-contas.docx.pdf\">https:\/\/concultura.manaus.am.gov.br\/wp-content\/uploads\/2025\/09\/Prestacao-de-contas.docx.pdf<\/a><\/p>\n\n\n\n<p>Ap\u00f3s a regulariza\u00e7\u00e3o, os artistas receber\u00e3o por e-mail a Declara\u00e7\u00e3o de Presta\u00e7\u00e3o de Contas, documento necess\u00e1rio para inscri\u00e7\u00e3o nos pr\u00f3ximos editais. A Declara\u00e7\u00e3o e contas ser\u00e1 um pr\u00e9-requisito para a participa\u00e7\u00e3o dos pr\u00f3ximos editais.<\/p>\n\n\n\n<p>Para mais informa\u00e7\u00f5es, os interessados podem entrar em contato pelo telefone (92) 98842-1013, de segunda a sexta-feira, das 8h \u00e0s 14h, ou pelo e-mail <a href=\"mailto:conculturaresponde@gmail.com\">conculturaresponde@gmail.com<\/a>.<\/p>\n\n\n\n<p>&#8212; &#8212; &#8212;<\/p>\n\n\n\n<p><strong>Texto e foto<\/strong> &#8211; Ismael Oliveira \/ Concultura<\/p>\n","protected":false},"excerpt":{"rendered":"","protected":false},"author":57,"featured_media":245660,"comment_status":"closed","ping_status":"closed","sticky":false,"template":"","format":"standard","meta":{"footnotes":""},"categories":[9365],"tags":[695,77,3652],"acf":[],"yoast_head":"<!-- This site is optimized with the Yoast SEO plugin v23.0 - https:\/\/yoast.com\/wordpress\/plugins\/seo\/ -->\n<title>PMM convoca artistas para presta\u00e7\u00e3o de contas de projetos<\/title>\n<meta name=\"description\" content=\"Todos os proponentes de projetos culturais devem comparecer \u00e0 sede do Concultura para realizar a presta\u00e7\u00e3o de contas dos projetos.\" \/>\n<meta name=\"robots\" content=\"index, follow, max-snippet:-1, max-image-preview:large, max-video-preview:-1\" \/>\n<link rel=\"canonical\" href=\"https:\/\/www.manaus.am.gov.br\/semcom\/prestacao-de-contas-artistas-concultura\/\" \/>\n<meta property=\"og:locale\" content=\"pt_BR\" \/>\n<meta property=\"og:type\" content=\"article\" \/>\n<meta property=\"og:title\" content=\"PMM convoca artistas para presta\u00e7\u00e3o de contas de projetos\" \/>\n<meta property=\"og:description\" content=\"Todos os proponentes de projetos culturais devem comparecer \u00e0 sede do Concultura para realizar a presta\u00e7\u00e3o de contas dos projetos.\" \/>\n<meta property=\"og:url\" content=\"https:\/\/www.manaus.am.gov.br\/semcom\/prestacao-de-contas-artistas-concultura\/\" \/>\n<meta property=\"og:site_name\" content=\"SEMCOM\" \/>\n<meta property=\"article:published_time\" content=\"2025-09-16T20:21:25+00:00\" \/>\n<meta property=\"article:modified_time\" content=\"2025-09-16T20:21:27+00:00\" \/>\n<meta property=\"og:image\" content=\"https:\/\/www.manaus.am.gov.br\/semcom\/wp-content\/uploads\/sites\/5\/2025\/09\/prestacao-de-contas.png\" \/>\n\t<meta property=\"og:image:width\" content=\"1002\" \/>\n\t<meta property=\"og:image:height\" content=\"753\" \/>\n\t<meta property=\"og:image:type\" content=\"image\/png\" \/>\n<meta name=\"author\" content=\"Thiago Fernando\" \/>\n<meta name=\"twitter:card\" content=\"summary_large_image\" \/>\n<meta name=\"twitter:label1\" content=\"Written by\" \/>\n\t<meta name=\"twitter:data1\" content=\"Thiago Fernando\" \/>\n\t<meta name=\"twitter:label2\" content=\"Est. reading time\" \/>\n\t<meta name=\"twitter:data2\" content=\"2 minutos\" \/>\n<script type=\"application\/ld+json\" class=\"yoast-schema-graph\">{\"@context\":\"https:\/\/schema.org\",\"@graph\":[{\"@type\":\"WebPage\",\"@id\":\"https:\/\/www.manaus.am.gov.br\/semcom\/prestacao-de-contas-artistas-concultura\/\",\"url\":\"https:\/\/www.manaus.am.gov.br\/semcom\/prestacao-de-contas-artistas-concultura\/\",\"name\":\"PMM convoca artistas para presta\u00e7\u00e3o de contas de projetos\",\"isPartOf\":{\"@id\":\"https:\/\/www.manaus.am.gov.br\/semcom\/#website\"},\"primaryImageOfPage\":{\"@id\":\"https:\/\/www.manaus.am.gov.br\/semcom\/prestacao-de-contas-artistas-concultura\/#primaryimage\"},\"image\":{\"@id\":\"https:\/\/www.manaus.am.gov.br\/semcom\/prestacao-de-contas-artistas-concultura\/#primaryimage\"},\"thumbnailUrl\":\"https:\/\/www.manaus.am.gov.br\/semcom\/wp-content\/uploads\/sites\/5\/2025\/09\/prestacao-de-contas.png\",\"datePublished\":\"2025-09-16T20:21:25+00:00\",\"dateModified\":\"2025-09-16T20:21:27+00:00\",\"author\":{\"@id\":\"https:\/\/www.manaus.am.gov.br\/semcom\/#\/schema\/person\/a5ee5376db6e21af026374b369f30882\"},\"description\":\"Todos os proponentes de projetos culturais devem comparecer \u00e0 sede do Concultura para realizar a presta\u00e7\u00e3o de contas dos projetos.\",\"inLanguage\":\"pt-BR\",\"potentialAction\":[{\"@type\":\"ReadAction\",\"target\":[\"https:\/\/www.manaus.am.gov.br\/semcom\/prestacao-de-contas-artistas-concultura\/\"]}]},{\"@type\":\"ImageObject\",\"inLanguage\":\"pt-BR\",\"@id\":\"https:\/\/www.manaus.am.gov.br\/semcom\/prestacao-de-contas-artistas-concultura\/#primaryimage\",\"url\":\"https:\/\/www.manaus.am.gov.br\/semcom\/wp-content\/uploads\/sites\/5\/2025\/09\/prestacao-de-contas.png\",\"contentUrl\":\"https:\/\/www.manaus.am.gov.br\/semcom\/wp-content\/uploads\/sites\/5\/2025\/09\/prestacao-de-contas.png\",\"width\":1002,\"height\":753,\"caption\":\"#paratodosverem - Uma mulher recebendo atendimento na Concultura\"},{\"@type\":\"WebSite\",\"@id\":\"https:\/\/www.manaus.am.gov.br\/semcom\/#website\",\"url\":\"https:\/\/www.manaus.am.gov.br\/semcom\/\",\"name\":\"SEMCOM\",\"description\":\"Secretaria Municipal de Comunica\u00e7\u00e3o\",\"potentialAction\":[{\"@type\":\"SearchAction\",\"target\":{\"@type\":\"EntryPoint\",\"urlTemplate\":\"https:\/\/www.manaus.am.gov.br\/semcom\/?s={search_term_string}\"},\"query-input\":\"required name=search_term_string\"}],\"inLanguage\":\"pt-BR\"},{\"@type\":\"Person\",\"@id\":\"https:\/\/www.manaus.am.gov.br\/semcom\/#\/schema\/person\/a5ee5376db6e21af026374b369f30882\",\"name\":\"Thiago Fernando\",\"image\":{\"@type\":\"ImageObject\",\"inLanguage\":\"pt-BR\",\"@id\":\"https:\/\/www.manaus.am.gov.br\/semcom\/#\/schema\/person\/image\/\",\"url\":\"https:\/\/secure.gravatar.com\/avatar\/f5aab8722444041451501c077052ac07?s=96&d=mm&r=g\",\"contentUrl\":\"https:\/\/secure.gravatar.com\/avatar\/f5aab8722444041451501c077052ac07?s=96&d=mm&r=g\",\"caption\":\"Thiago Fernando\"}}]}<\/script>\n<!-- \/ Yoast SEO plugin. -->","yoast_head_json":{"title":"PMM convoca artistas para presta\u00e7\u00e3o de contas de projetos","description":"Todos os proponentes de projetos culturais devem comparecer \u00e0 sede do Concultura para realizar a presta\u00e7\u00e3o de contas dos projetos.","robots":{"index":"index","follow":"follow","max-snippet":"max-snippet:-1","max-image-preview":"max-image-preview:large","max-video-preview":"max-video-preview:-1"},"canonical":"https:\/\/www.manaus.am.gov.br\/semcom\/prestacao-de-contas-artistas-concultura\/","og_locale":"pt_BR","og_type":"article","og_title":"PMM convoca artistas para presta\u00e7\u00e3o de contas de projetos","og_description":"Todos os proponentes de projetos culturais devem comparecer \u00e0 sede do Concultura para realizar a presta\u00e7\u00e3o de contas dos projetos.","og_url":"https:\/\/www.manaus.am.gov.br\/semcom\/prestacao-de-contas-artistas-concultura\/","og_site_name":"SEMCOM","article_published_time":"2025-09-16T20:21:25+00:00","article_modified_time":"2025-09-16T20:21:27+00:00","og_image":[{"width":1002,"height":753,"url":"https:\/\/www.manaus.am.gov.br\/semcom\/wp-content\/uploads\/sites\/5\/2025\/09\/prestacao-de-contas.png","type":"image\/png"}],"author":"Thiago Fernando","twitter_card":"summary_large_image","twitter_misc":{"Written by":"Thiago Fernando","Est. reading time":"2 minutos"},"schema":{"@context":"https:\/\/schema.org","@graph":[{"@type":"WebPage","@id":"https:\/\/www.manaus.am.gov.br\/semcom\/prestacao-de-contas-artistas-concultura\/","url":"https:\/\/www.manaus.am.gov.br\/semcom\/prestacao-de-contas-artistas-concultura\/","name":"PMM convoca artistas para presta\u00e7\u00e3o de contas de projetos","isPartOf":{"@id":"https:\/\/www.manaus.am.gov.br\/semcom\/#website"},"primaryImageOfPage":{"@id":"https:\/\/www.manaus.am.gov.br\/semcom\/prestacao-de-contas-artistas-concultura\/#primaryimage"},"image":{"@id":"https:\/\/www.manaus.am.gov.br\/semcom\/prestacao-de-contas-artistas-concultura\/#primaryimage"},"thumbnailUrl":"https:\/\/www.manaus.am.gov.br\/semcom\/wp-content\/uploads\/sites\/5\/2025\/09\/prestacao-de-contas.png","datePublished":"2025-09-16T20:21:25+00:00","dateModified":"2025-09-16T20:21:27+00:00","author":{"@id":"https:\/\/www.manaus.am.gov.br\/semcom\/#\/schema\/person\/a5ee5376db6e21af026374b369f30882"},"description":"Todos os proponentes de projetos culturais devem comparecer \u00e0 sede do Concultura para realizar a presta\u00e7\u00e3o de contas dos projetos.","inLanguage":"pt-BR","potentialAction":[{"@type":"ReadAction","target":["https:\/\/www.manaus.am.gov.br\/semcom\/prestacao-de-contas-artistas-concultura\/"]}]},{"@type":"ImageObject","inLanguage":"pt-BR","@id":"https:\/\/www.manaus.am.gov.br\/semcom\/prestacao-de-contas-artistas-concultura\/#primaryimage","url":"https:\/\/www.manaus.am.gov.br\/semcom\/wp-content\/uploads\/sites\/5\/2025\/09\/prestacao-de-contas.png","contentUrl":"https:\/\/www.manaus.am.gov.br\/semcom\/wp-content\/uploads\/sites\/5\/2025\/09\/prestacao-de-contas.png","width":1002,"height":753,"caption":"#paratodosverem - Uma mulher recebendo atendimento na Concultura"},{"@type":"WebSite","@id":"https:\/\/www.manaus.am.gov.br\/semcom\/#website","url":"https:\/\/www.manaus.am.gov.br\/semcom\/","name":"SEMCOM","description":"Secretaria Municipal de Comunica\u00e7\u00e3o","potentialAction":[{"@type":"SearchAction","target":{"@type":"EntryPoint","urlTemplate":"https:\/\/www.manaus.am.gov.br\/semcom\/?s={search_term_string}"},"query-input":"required name=search_term_string"}],"inLanguage":"pt-BR"},{"@type":"Person","@id":"https:\/\/www.manaus.am.gov.br\/semcom\/#\/schema\/person\/a5ee5376db6e21af026374b369f30882","name":"Thiago Fernando","image":{"@type":"ImageObject","inLanguage":"pt-BR","@id":"https:\/\/www.manaus.am.gov.br\/semcom\/#\/schema\/person\/image\/","url":"https:\/\/secure.gravatar.com\/avatar\/f5aab8722444041451501c077052ac07?s=96&d=mm&r=g","contentUrl":"https:\/\/secure.gravatar.com\/avatar\/f5aab8722444041451501c077052ac07?s=96&d=mm&r=g","caption":"Thiago Fernando"}}]}},"_links":{"self":[{"href":"https:\/\/www.manaus.am.gov.br\/semcom\/wp-json\/wp\/v2\/posts\/245659"}],"collection":[{"href":"https:\/\/www.manaus.am.gov.br\/semcom\/wp-json\/wp\/v2\/posts"}],"about":[{"href":"https:\/\/www.manaus.am.gov.br\/semcom\/wp-json\/wp\/v2\/types\/post"}],"author":[{"embeddable":true,"href":"https:\/\/www.manaus.am.gov.br\/semcom\/wp-json\/wp\/v2\/users\/57"}],"replies":[{"embeddable":true,"href":"https:\/\/www.manaus.am.gov.br\/semcom\/wp-json\/wp\/v2\/comments?post=245659"}],"version-history":[{"count":0,"href":"https:\/\/www.manaus.am.gov.br\/semcom\/wp-json\/wp\/v2\/posts\/245659\/revisions"}],"wp:featuredmedia":[{"embeddable":true,"href":"https:\/\/www.manaus.am.gov.br\/semcom\/wp-json\/wp\/v2\/media\/245660"}],"wp:attachment":[{"href":"https:\/\/www.manaus.am.gov.br\/semcom\/wp-json\/wp\/v2\/media?parent=245659"}],"wp:term":[{"taxonomy":"category","embeddable":true,"href":"https:\/\/www.manaus.am.gov.br\/semcom\/wp-json\/wp\/v2\/categories?post=245659"},{"taxonomy":"post_tag","embeddable":true,"href":"https:\/\/www.manaus.am.gov.br\/semcom\/wp-json\/wp\/v2\/tags?post=245659"}],"curies":[{"name":"wp","href":"https:\/\/api.w.org\/{rel}","templated":true}]}}