{"id":245523,"date":"2025-09-12T15:43:29","date_gmt":"2025-09-12T19:43:29","guid":{"rendered":"https:\/\/www.manaus.am.gov.br\/semcom\/premios-sexto-sorteio-iptu-premiado-2025\/"},"modified":"2025-09-16T15:42:54","modified_gmt":"2025-09-16T18:42:54","slug":"premios-sexto-sorteio-iptu-premiado-2025","status":"publish","type":"post","link":"https:\/\/www.manaus.am.gov.br\/semcom\/premios-sexto-sorteio-iptu-premiado-2025\/","title":{"rendered":"Prefeitura de Manaus entrega pr\u00eamios do sexto sorteio do IPTU Premiado 2025"},"content":{"rendered":"\n<p>A Prefeitura de Manaus realizou, na manh\u00e3 desta sexta-feira, 12\/9, a entrega das premia\u00e7\u00f5es do sexto sorteio da campanha IPTU Premiado 2025. A cerim\u00f4nia, promovida pela Secretaria Municipal de Finan\u00e7as, Planejamento e Tecnologia da Informa\u00e7\u00e3o (Semef), aconteceu no audit\u00f3rio da Subsecretaria da Receita, na avenida Japur\u00e1, Centro, zona Sul, anexo ao Manaus Atende.<\/p>\n\n\n\n<p>Os contribuintes que quitaram a cota \u00fanica ou estavam com o pagamento em dia at\u00e9 a sexta parcela do IPTU 2025 concorreram aos pr\u00eamios. A a\u00e7\u00e3o integra o Programa Municipal de Educa\u00e7\u00e3o Fiscal e foi criada em 2022 para incentivar a adimpl\u00eancia e fortalecer a participa\u00e7\u00e3o cidad\u00e3 na constru\u00e7\u00e3o de uma cidade mais justa e equilibrada.<\/p>\n\n\n\n<p>A premia\u00e7\u00e3o foi conduzida pelo coordenador em exerc\u00edcio do Grupo de Educa\u00e7\u00e3o Fiscal da Semef, Francisco Moreira, que destacou a pol\u00edtica de valoriza\u00e7\u00e3o dos contribuintes mantida pela Prefeitura de Manaus.<\/p>\n\n\n\n<p>\u201cA Prefeitura de Manaus possui uma pol\u00edtica de valorizar os seus contribuintes, os que pagam em dia os seus impostos. Estamos aqui entregando as premia\u00e7\u00f5es do sexto sorteio do ano da campanha IPTU Premiado. Ainda temos mais quatro sorteios para realizar neste exerc\u00edcio, incluindo os sorteios especiais com pr\u00eamios de R$ 200 mil e R$ 300 mil\u201d, ressaltou Moreira.<\/p>\n\n\n\n<p>O destaque do evento foi o aposentado Gilson de Oliveira, ganhador do maior pr\u00eamio, no valor de R$ 40 mil. Ele relatou a emo\u00e7\u00e3o de receber a not\u00edcia e incentivou outros contribuintes a manterem seus pagamentos em dia.<\/p>\n\n\n\n<p>\u201c\u00c9 muita emo\u00e7\u00e3o. Eu n\u00e3o acreditei no primeiro momento, uma servidora da Semef me ligou e me orientou a vir na prefeitura para acertar os tr\u00e2mites e receber o pr\u00eamio. Chegou em boa hora, realmente, estava precisando muito. Aconselho a todos seguir pagando seus impostos em dia. A gente exerce nossa cidadania e ainda ganha pr\u00eamios, isso \u00e9 maravilhoso\u201d, afirmou Gilson, que optou pelo pagamento parcelado neste ano.<\/p>\n\n\n\n<p><strong>S\u00e9tima parcela<\/strong><\/p>\n\n\n\n<p>Moreira aproveitou para lembrar que o vencimento da s\u00e9tima parcela do IPTU 2025 ser\u00e1 nesta segunda-feira, 15\/9. Os contribuintes que pagarem at\u00e9 a data estar\u00e3o automaticamente aptos a participar do s\u00e9timo sorteio do IPTU Premiado, previsto para o fim deste m\u00eas.<\/p>\n\n\n\n<p>A guia de pagamento pode ser emitida de forma r\u00e1pida pelo aplicativo Manaus Atende Digital, dispon\u00edvel gratuitamente na App Store (iOS) e no Google Play (Android). A ferramenta oferece ainda a funcionalidade IPTU Digital, que dispensa o carn\u00ea f\u00edsico e concede 2% de desconto anual para quem optar pelo recurso.<\/p>\n\n\n\n<p>Outra op\u00e7\u00e3o \u00e9 acessar o portal de servi\u00e7os Manaus Atende e clicar no pop up do IPTU na p\u00e1gina inicial. Mais informa\u00e7\u00f5es podem ser obtidas pelo telefone 156 ou pelo WhatsApp (92) 3672-1600.<\/p>\n\n\n\n<figure class=\"wp-block-image size-large\"><img loading=\"lazy\" decoding=\"async\" width=\"1024\" height=\"683\" src=\"https:\/\/www.manaus.am.gov.br\/semcom\/wp-content\/uploads\/sites\/5\/2025\/09\/54782111271_75bc143cb4_k-1024x683.jpg\" alt=\"\" class=\"wp-image-245525\" srcset=\"https:\/\/www.manaus.am.gov.br\/semcom\/wp-content\/uploads\/sites\/5\/2025\/09\/54782111271_75bc143cb4_k-1024x683.jpg 1024w, https:\/\/www.manaus.am.gov.br\/semcom\/wp-content\/uploads\/sites\/5\/2025\/09\/54782111271_75bc143cb4_k-300x200.jpg 300w, https:\/\/www.manaus.am.gov.br\/semcom\/wp-content\/uploads\/sites\/5\/2025\/09\/54782111271_75bc143cb4_k-768x512.jpg 768w, https:\/\/www.manaus.am.gov.br\/semcom\/wp-content\/uploads\/sites\/5\/2025\/09\/54782111271_75bc143cb4_k-1536x1024.jpg 1536w, https:\/\/www.manaus.am.gov.br\/semcom\/wp-content\/uploads\/sites\/5\/2025\/09\/54782111271_75bc143cb4_k.jpg 2048w\" sizes=\"(max-width: 1024px) 100vw, 1024px\" \/><\/figure>\n\n\n\n<p>&#8212; &#8212; &#8212;<\/p>\n\n\n\n<p><strong>Texto &#8211;&nbsp;<\/strong>Anderson Farias\/Semef<\/p>\n\n\n\n<p><strong>Fotos \u2013 <\/strong>Jo\u00e3o Viana\/Semcom<\/p>\n\n\n\n<p><strong>Dispon\u00edveis em &#8211; <\/strong><a href=\"https:\/\/flic.kr\/s\/aHBqjCtX2t\">https:\/\/flic.kr\/s\/aHBqjCtX2t<\/a><\/p>\n","protected":false},"excerpt":{"rendered":"","protected":false},"author":39,"featured_media":245524,"comment_status":"closed","ping_status":"closed","sticky":false,"template":"","format":"standard","meta":{"footnotes":""},"categories":[419],"tags":[15709,77,1721,157,16854],"acf":[],"yoast_head":"<!-- This site is optimized with the Yoast SEO plugin v23.0 - https:\/\/yoast.com\/wordpress\/plugins\/seo\/ -->\n<title>Entrega de pr\u00eamios do sexto sorteio do IPTU Premiado 2025<\/title>\n<meta name=\"description\" content=\"Prefeitura de Manaus, por meio da Semef, entrega pr\u00eamios do sexto sorteio da campanha IPTU Premiado 2025 nesta sexta-feira, 12\/9.\" \/>\n<meta name=\"robots\" content=\"index, follow, max-snippet:-1, max-image-preview:large, max-video-preview:-1\" \/>\n<link rel=\"canonical\" href=\"https:\/\/www.manaus.am.gov.br\/semcom\/premios-sexto-sorteio-iptu-premiado-2025\/\" \/>\n<meta property=\"og:locale\" content=\"pt_BR\" \/>\n<meta property=\"og:type\" content=\"article\" \/>\n<meta property=\"og:title\" content=\"Entrega de pr\u00eamios do sexto sorteio do IPTU Premiado 2025\" \/>\n<meta property=\"og:description\" content=\"Prefeitura de Manaus, por meio da Semef, entrega pr\u00eamios do sexto sorteio da campanha IPTU Premiado 2025 nesta sexta-feira, 12\/9.\" \/>\n<meta property=\"og:url\" content=\"https:\/\/www.manaus.am.gov.br\/semcom\/premios-sexto-sorteio-iptu-premiado-2025\/\" \/>\n<meta property=\"og:site_name\" content=\"SEMCOM\" \/>\n<meta property=\"article:published_time\" content=\"2025-09-12T19:43:29+00:00\" \/>\n<meta property=\"article:modified_time\" content=\"2025-09-16T18:42:54+00:00\" \/>\n<meta property=\"og:image\" content=\"https:\/\/www.manaus.am.gov.br\/semcom\/wp-content\/uploads\/sites\/5\/2025\/09\/54781257827_a27ea16480_k.jpg\" \/>\n\t<meta property=\"og:image:width\" content=\"2048\" \/>\n\t<meta property=\"og:image:height\" content=\"1365\" \/>\n\t<meta property=\"og:image:type\" content=\"image\/jpeg\" \/>\n<meta name=\"author\" content=\"Bruna Greco\" \/>\n<meta name=\"twitter:card\" content=\"summary_large_image\" \/>\n<meta name=\"twitter:label1\" content=\"Written by\" \/>\n\t<meta name=\"twitter:data1\" content=\"Bruna Greco\" \/>\n\t<meta name=\"twitter:label2\" content=\"Est. reading time\" \/>\n\t<meta name=\"twitter:data2\" content=\"3 minutos\" \/>\n<script type=\"application\/ld+json\" class=\"yoast-schema-graph\">{\"@context\":\"https:\/\/schema.org\",\"@graph\":[{\"@type\":\"WebPage\",\"@id\":\"https:\/\/www.manaus.am.gov.br\/semcom\/premios-sexto-sorteio-iptu-premiado-2025\/\",\"url\":\"https:\/\/www.manaus.am.gov.br\/semcom\/premios-sexto-sorteio-iptu-premiado-2025\/\",\"name\":\"Entrega de pr\u00eamios do sexto sorteio do IPTU Premiado 2025\",\"isPartOf\":{\"@id\":\"https:\/\/www.manaus.am.gov.br\/semcom\/#website\"},\"primaryImageOfPage\":{\"@id\":\"https:\/\/www.manaus.am.gov.br\/semcom\/premios-sexto-sorteio-iptu-premiado-2025\/#primaryimage\"},\"image\":{\"@id\":\"https:\/\/www.manaus.am.gov.br\/semcom\/premios-sexto-sorteio-iptu-premiado-2025\/#primaryimage\"},\"thumbnailUrl\":\"https:\/\/www.manaus.am.gov.br\/semcom\/wp-content\/uploads\/sites\/5\/2025\/09\/54781257827_a27ea16480_k.jpg\",\"datePublished\":\"2025-09-12T19:43:29+00:00\",\"dateModified\":\"2025-09-16T18:42:54+00:00\",\"author\":{\"@id\":\"https:\/\/www.manaus.am.gov.br\/semcom\/#\/schema\/person\/05d223aea2bf115f9883a6ff3683d81b\"},\"description\":\"Prefeitura de Manaus, por meio da Semef, entrega pr\u00eamios do sexto sorteio da campanha IPTU Premiado 2025 nesta sexta-feira, 12\/9.\",\"inLanguage\":\"pt-BR\",\"potentialAction\":[{\"@type\":\"ReadAction\",\"target\":[\"https:\/\/www.manaus.am.gov.br\/semcom\/premios-sexto-sorteio-iptu-premiado-2025\/\"]}]},{\"@type\":\"ImageObject\",\"inLanguage\":\"pt-BR\",\"@id\":\"https:\/\/www.manaus.am.gov.br\/semcom\/premios-sexto-sorteio-iptu-premiado-2025\/#primaryimage\",\"url\":\"https:\/\/www.manaus.am.gov.br\/semcom\/wp-content\/uploads\/sites\/5\/2025\/09\/54781257827_a27ea16480_k.jpg\",\"contentUrl\":\"https:\/\/www.manaus.am.gov.br\/semcom\/wp-content\/uploads\/sites\/5\/2025\/09\/54781257827_a27ea16480_k.jpg\",\"width\":2048,\"height\":1365,\"caption\":\"#paratodosverem - Contribuintes e representantes de institui\u00e7\u00f5es premiadas no sexto sorteio do IPTU Premiado 2025\"},{\"@type\":\"WebSite\",\"@id\":\"https:\/\/www.manaus.am.gov.br\/semcom\/#website\",\"url\":\"https:\/\/www.manaus.am.gov.br\/semcom\/\",\"name\":\"SEMCOM\",\"description\":\"Secretaria Municipal de Comunica\u00e7\u00e3o\",\"potentialAction\":[{\"@type\":\"SearchAction\",\"target\":{\"@type\":\"EntryPoint\",\"urlTemplate\":\"https:\/\/www.manaus.am.gov.br\/semcom\/?s={search_term_string}\"},\"query-input\":\"required name=search_term_string\"}],\"inLanguage\":\"pt-BR\"},{\"@type\":\"Person\",\"@id\":\"https:\/\/www.manaus.am.gov.br\/semcom\/#\/schema\/person\/05d223aea2bf115f9883a6ff3683d81b\",\"name\":\"Bruna Greco\",\"image\":{\"@type\":\"ImageObject\",\"inLanguage\":\"pt-BR\",\"@id\":\"https:\/\/www.manaus.am.gov.br\/semcom\/#\/schema\/person\/image\/\",\"url\":\"https:\/\/secure.gravatar.com\/avatar\/9c877d1a6adc2a055330e5c09a8653ce?s=96&d=mm&r=g\",\"contentUrl\":\"https:\/\/secure.gravatar.com\/avatar\/9c877d1a6adc2a055330e5c09a8653ce?s=96&d=mm&r=g\",\"caption\":\"Bruna Greco\"}}]}<\/script>\n<!-- \/ Yoast SEO plugin. -->","yoast_head_json":{"title":"Entrega de pr\u00eamios do sexto sorteio do IPTU Premiado 2025","description":"Prefeitura de Manaus, por meio da Semef, entrega pr\u00eamios do sexto sorteio da campanha IPTU Premiado 2025 nesta sexta-feira, 12\/9.","robots":{"index":"index","follow":"follow","max-snippet":"max-snippet:-1","max-image-preview":"max-image-preview:large","max-video-preview":"max-video-preview:-1"},"canonical":"https:\/\/www.manaus.am.gov.br\/semcom\/premios-sexto-sorteio-iptu-premiado-2025\/","og_locale":"pt_BR","og_type":"article","og_title":"Entrega de pr\u00eamios do sexto sorteio do IPTU Premiado 2025","og_description":"Prefeitura de Manaus, por meio da Semef, entrega pr\u00eamios do sexto sorteio da campanha IPTU Premiado 2025 nesta sexta-feira, 12\/9.","og_url":"https:\/\/www.manaus.am.gov.br\/semcom\/premios-sexto-sorteio-iptu-premiado-2025\/","og_site_name":"SEMCOM","article_published_time":"2025-09-12T19:43:29+00:00","article_modified_time":"2025-09-16T18:42:54+00:00","og_image":[{"width":2048,"height":1365,"url":"https:\/\/www.manaus.am.gov.br\/semcom\/wp-content\/uploads\/sites\/5\/2025\/09\/54781257827_a27ea16480_k.jpg","type":"image\/jpeg"}],"author":"Bruna Greco","twitter_card":"summary_large_image","twitter_misc":{"Written by":"Bruna Greco","Est. reading time":"3 minutos"},"schema":{"@context":"https:\/\/schema.org","@graph":[{"@type":"WebPage","@id":"https:\/\/www.manaus.am.gov.br\/semcom\/premios-sexto-sorteio-iptu-premiado-2025\/","url":"https:\/\/www.manaus.am.gov.br\/semcom\/premios-sexto-sorteio-iptu-premiado-2025\/","name":"Entrega de pr\u00eamios do sexto sorteio do IPTU Premiado 2025","isPartOf":{"@id":"https:\/\/www.manaus.am.gov.br\/semcom\/#website"},"primaryImageOfPage":{"@id":"https:\/\/www.manaus.am.gov.br\/semcom\/premios-sexto-sorteio-iptu-premiado-2025\/#primaryimage"},"image":{"@id":"https:\/\/www.manaus.am.gov.br\/semcom\/premios-sexto-sorteio-iptu-premiado-2025\/#primaryimage"},"thumbnailUrl":"https:\/\/www.manaus.am.gov.br\/semcom\/wp-content\/uploads\/sites\/5\/2025\/09\/54781257827_a27ea16480_k.jpg","datePublished":"2025-09-12T19:43:29+00:00","dateModified":"2025-09-16T18:42:54+00:00","author":{"@id":"https:\/\/www.manaus.am.gov.br\/semcom\/#\/schema\/person\/05d223aea2bf115f9883a6ff3683d81b"},"description":"Prefeitura de Manaus, por meio da Semef, entrega pr\u00eamios do sexto sorteio da campanha IPTU Premiado 2025 nesta sexta-feira, 12\/9.","inLanguage":"pt-BR","potentialAction":[{"@type":"ReadAction","target":["https:\/\/www.manaus.am.gov.br\/semcom\/premios-sexto-sorteio-iptu-premiado-2025\/"]}]},{"@type":"ImageObject","inLanguage":"pt-BR","@id":"https:\/\/www.manaus.am.gov.br\/semcom\/premios-sexto-sorteio-iptu-premiado-2025\/#primaryimage","url":"https:\/\/www.manaus.am.gov.br\/semcom\/wp-content\/uploads\/sites\/5\/2025\/09\/54781257827_a27ea16480_k.jpg","contentUrl":"https:\/\/www.manaus.am.gov.br\/semcom\/wp-content\/uploads\/sites\/5\/2025\/09\/54781257827_a27ea16480_k.jpg","width":2048,"height":1365,"caption":"#paratodosverem - Contribuintes e representantes de institui\u00e7\u00f5es premiadas no sexto sorteio do IPTU Premiado 2025"},{"@type":"WebSite","@id":"https:\/\/www.manaus.am.gov.br\/semcom\/#website","url":"https:\/\/www.manaus.am.gov.br\/semcom\/","name":"SEMCOM","description":"Secretaria Municipal de Comunica\u00e7\u00e3o","potentialAction":[{"@type":"SearchAction","target":{"@type":"EntryPoint","urlTemplate":"https:\/\/www.manaus.am.gov.br\/semcom\/?s={search_term_string}"},"query-input":"required name=search_term_string"}],"inLanguage":"pt-BR"},{"@type":"Person","@id":"https:\/\/www.manaus.am.gov.br\/semcom\/#\/schema\/person\/05d223aea2bf115f9883a6ff3683d81b","name":"Bruna Greco","image":{"@type":"ImageObject","inLanguage":"pt-BR","@id":"https:\/\/www.manaus.am.gov.br\/semcom\/#\/schema\/person\/image\/","url":"https:\/\/secure.gravatar.com\/avatar\/9c877d1a6adc2a055330e5c09a8653ce?s=96&d=mm&r=g","contentUrl":"https:\/\/secure.gravatar.com\/avatar\/9c877d1a6adc2a055330e5c09a8653ce?s=96&d=mm&r=g","caption":"Bruna Greco"}}]}},"_links":{"self":[{"href":"https:\/\/www.manaus.am.gov.br\/semcom\/wp-json\/wp\/v2\/posts\/245523"}],"collection":[{"href":"https:\/\/www.manaus.am.gov.br\/semcom\/wp-json\/wp\/v2\/posts"}],"about":[{"href":"https:\/\/www.manaus.am.gov.br\/semcom\/wp-json\/wp\/v2\/types\/post"}],"author":[{"embeddable":true,"href":"https:\/\/www.manaus.am.gov.br\/semcom\/wp-json\/wp\/v2\/users\/39"}],"replies":[{"embeddable":true,"href":"https:\/\/www.manaus.am.gov.br\/semcom\/wp-json\/wp\/v2\/comments?post=245523"}],"version-history":[{"count":3,"href":"https:\/\/www.manaus.am.gov.br\/semcom\/wp-json\/wp\/v2\/posts\/245523\/revisions"}],"predecessor-version":[{"id":245630,"href":"https:\/\/www.manaus.am.gov.br\/semcom\/wp-json\/wp\/v2\/posts\/245523\/revisions\/245630"}],"wp:featuredmedia":[{"embeddable":true,"href":"https:\/\/www.manaus.am.gov.br\/semcom\/wp-json\/wp\/v2\/media\/245524"}],"wp:attachment":[{"href":"https:\/\/www.manaus.am.gov.br\/semcom\/wp-json\/wp\/v2\/media?parent=245523"}],"wp:term":[{"taxonomy":"category","embeddable":true,"href":"https:\/\/www.manaus.am.gov.br\/semcom\/wp-json\/wp\/v2\/categories?post=245523"},{"taxonomy":"post_tag","embeddable":true,"href":"https:\/\/www.manaus.am.gov.br\/semcom\/wp-json\/wp\/v2\/tags?post=245523"}],"curies":[{"name":"wp","href":"https:\/\/api.w.org\/{rel}","templated":true}]}}