{"id":245436,"date":"2025-09-10T20:57:27","date_gmt":"2025-09-10T23:57:27","guid":{"rendered":"https:\/\/www.manaus.am.gov.br\/semcom\/nucleo-de-apoio-ao-superendividado\/"},"modified":"2025-09-10T20:57:29","modified_gmt":"2025-09-10T23:57:29","slug":"nucleo-de-apoio-ao-superendividado","status":"publish","type":"post","link":"https:\/\/www.manaus.am.gov.br\/semcom\/nucleo-de-apoio-ao-superendividado\/","title":{"rendered":"Procon Manaus promove treinamento do N\u00facleo de Apoio ao Superendividado"},"content":{"rendered":"\n<p>A Prefeitura de Manaus, por meio do Servi\u00e7o de Atendimento e Prote\u00e7\u00e3o ao Consumidor (Procon Manaus), em parceria com a Defensoria P\u00fablica do Estado do Amazonas (DPE-AM) e a Escola de Servi\u00e7o P\u00fablico Municipal e Inclus\u00e3o Socioeducacional (Espi), realizou, nesta quarta-feira, 10\/9, mais uma etapa de capacita\u00e7\u00e3o voltada ao N\u00facleo de Apoio ao Superendividado (NAS).<br><br>O NAS \u00e9 um programa especializado que atende consumidores em situa\u00e7\u00e3o de superendividamento, oferecendo orienta\u00e7\u00e3o financeira personalizada, apoio na renegocia\u00e7\u00e3o de d\u00edvidas e estrat\u00e9gias para reorganiza\u00e7\u00e3o do or\u00e7amento. A capacita\u00e7\u00e3o busca fortalecer o atendimento, garantindo um servi\u00e7o mais humanizado e eficiente para os consumidores.<br><br>De acordo com a presidente do Procon Manaus, Onilda Abreu, a qualifica\u00e7\u00e3o dos servidores \u00e9 essencial para o fortalecimento do n\u00facleo. \u201cO treinamento \u00e9 fundamental para que os servidores estejam preparados a acolher cada consumidor com aten\u00e7\u00e3o, respeito e conhecimento t\u00e9cnico. Nosso prop\u00f3sito \u00e9 auxiliar na recupera\u00e7\u00e3o da dignidade financeira, oferecendo caminhos reais para que essas pessoas possam retomar o controle da pr\u00f3pria vida financeira\u201d, destacou.<br><br>A atua\u00e7\u00e3o do NAS exige uma equipe multiprofissional. Para refor\u00e7ar esse trabalho, o Programa Bolsa Universidade (PBU) tem possibilitado a participa\u00e7\u00e3o de estudantes em fase de forma\u00e7\u00e3o, que contribuem com o atendimento e ganham, ao mesmo tempo, experi\u00eancia pr\u00e1tica e viv\u00eancia social.<br><br>Uma das acad\u00eamicas bolsistas, Denise Mem\u00f3ria, relatou a import\u00e2ncia dessa oportunidade. \u201cEu estou fazendo parte tamb\u00e9m desse projeto, que \u00e9 de extrema relev\u00e2ncia. \u00c9 important\u00edssimo esse assunto que n\u00f3s estamos abordando e eu aprendi muito. Esse entendimento vai agregar a nossa vida pessoal e tamb\u00e9m ajudar aqueles que tanto precisam dessas informa\u00e7\u00f5es\u201d, afirmou.<br><\/p>\n\n\n\n<p>\u2014 \u2014 \u2014&nbsp;<\/p>\n\n\n\n<p><strong>Texto e Fotos &#8211;<\/strong> Divulga\u00e7\u00e3o \/ Procon Manaus<br><br><\/p>\n","protected":false},"excerpt":{"rendered":"","protected":false},"author":68,"featured_media":245437,"comment_status":"closed","ping_status":"closed","sticky":false,"template":"","format":"standard","meta":{"footnotes":""},"categories":[51],"tags":[77,16820],"acf":[],"yoast_head":"<!-- This site is optimized with the Yoast SEO plugin v23.0 - https:\/\/yoast.com\/wordpress\/plugins\/seo\/ -->\n<title>Procon Manaus promove treinamento do N\u00facleo de Apoio ao Superendividado<\/title>\n<meta name=\"description\" content=\"A Prefeitura de Manaus, por meio do Servi\u00e7o de Atendimento e Prote\u00e7\u00e3o ao Consumidor (Procon Manaus), em parceria com a Defensoria P\u00fablica do Estado do Amazonas (DPE-AM) e a Escola de Servi\u00e7o P\u00fablico Municipal e Inclus\u00e3o Socioeducacional (Espi), realizou, nesta quarta-feira, 10\/9, mais uma etapa de capacita\u00e7\u00e3o voltada ao N\u00facleo de Apoio ao Superendividado (NAS).\" \/>\n<meta name=\"robots\" content=\"index, follow, max-snippet:-1, max-image-preview:large, max-video-preview:-1\" \/>\n<link rel=\"canonical\" href=\"https:\/\/www.manaus.am.gov.br\/semcom\/nucleo-de-apoio-ao-superendividado\/\" \/>\n<meta property=\"og:locale\" content=\"pt_BR\" \/>\n<meta property=\"og:type\" content=\"article\" \/>\n<meta property=\"og:title\" content=\"Procon Manaus promove treinamento do N\u00facleo de Apoio ao Superendividado\" \/>\n<meta property=\"og:description\" content=\"A Prefeitura de Manaus, por meio do Servi\u00e7o de Atendimento e Prote\u00e7\u00e3o ao Consumidor (Procon Manaus), em parceria com a Defensoria P\u00fablica do Estado do Amazonas (DPE-AM) e a Escola de Servi\u00e7o P\u00fablico Municipal e Inclus\u00e3o Socioeducacional (Espi), realizou, nesta quarta-feira, 10\/9, mais uma etapa de capacita\u00e7\u00e3o voltada ao N\u00facleo de Apoio ao Superendividado (NAS).\" \/>\n<meta property=\"og:url\" content=\"https:\/\/www.manaus.am.gov.br\/semcom\/nucleo-de-apoio-ao-superendividado\/\" \/>\n<meta property=\"og:site_name\" content=\"SEMCOM\" \/>\n<meta property=\"article:published_time\" content=\"2025-09-10T23:57:27+00:00\" \/>\n<meta property=\"article:modified_time\" content=\"2025-09-10T23:57:29+00:00\" \/>\n<meta property=\"og:image\" content=\"https:\/\/www.manaus.am.gov.br\/semcom\/wp-content\/uploads\/sites\/5\/2025\/09\/Procon-Manaus-promove-treinamento-do-Nucleo-de-Apoio-ao-Superendividado-2.jpg\" \/>\n\t<meta property=\"og:image:width\" content=\"800\" \/>\n\t<meta property=\"og:image:height\" content=\"600\" \/>\n\t<meta property=\"og:image:type\" content=\"image\/jpeg\" \/>\n<meta name=\"author\" content=\"bvalente\" \/>\n<meta name=\"twitter:card\" content=\"summary_large_image\" \/>\n<meta name=\"twitter:label1\" content=\"Written by\" \/>\n\t<meta name=\"twitter:data1\" content=\"bvalente\" \/>\n\t<meta name=\"twitter:label2\" content=\"Est. reading time\" \/>\n\t<meta name=\"twitter:data2\" content=\"2 minutos\" \/>\n<script type=\"application\/ld+json\" class=\"yoast-schema-graph\">{\"@context\":\"https:\/\/schema.org\",\"@graph\":[{\"@type\":\"WebPage\",\"@id\":\"https:\/\/www.manaus.am.gov.br\/semcom\/nucleo-de-apoio-ao-superendividado\/\",\"url\":\"https:\/\/www.manaus.am.gov.br\/semcom\/nucleo-de-apoio-ao-superendividado\/\",\"name\":\"Procon Manaus promove treinamento do N\u00facleo de Apoio ao Superendividado\",\"isPartOf\":{\"@id\":\"https:\/\/www.manaus.am.gov.br\/semcom\/#website\"},\"primaryImageOfPage\":{\"@id\":\"https:\/\/www.manaus.am.gov.br\/semcom\/nucleo-de-apoio-ao-superendividado\/#primaryimage\"},\"image\":{\"@id\":\"https:\/\/www.manaus.am.gov.br\/semcom\/nucleo-de-apoio-ao-superendividado\/#primaryimage\"},\"thumbnailUrl\":\"https:\/\/www.manaus.am.gov.br\/semcom\/wp-content\/uploads\/sites\/5\/2025\/09\/Procon-Manaus-promove-treinamento-do-Nucleo-de-Apoio-ao-Superendividado-2.jpg\",\"datePublished\":\"2025-09-10T23:57:27+00:00\",\"dateModified\":\"2025-09-10T23:57:29+00:00\",\"author\":{\"@id\":\"https:\/\/www.manaus.am.gov.br\/semcom\/#\/schema\/person\/466a0e03ae4b6062809046bd560ac955\"},\"description\":\"A Prefeitura de Manaus, por meio do Servi\u00e7o de Atendimento e Prote\u00e7\u00e3o ao Consumidor (Procon Manaus), em parceria com a Defensoria P\u00fablica do Estado do Amazonas (DPE-AM) e a Escola de Servi\u00e7o P\u00fablico Municipal e Inclus\u00e3o Socioeducacional (Espi), realizou, nesta quarta-feira, 10\/9, mais uma etapa de capacita\u00e7\u00e3o voltada ao N\u00facleo de Apoio ao Superendividado (NAS).\",\"inLanguage\":\"pt-BR\",\"potentialAction\":[{\"@type\":\"ReadAction\",\"target\":[\"https:\/\/www.manaus.am.gov.br\/semcom\/nucleo-de-apoio-ao-superendividado\/\"]}]},{\"@type\":\"ImageObject\",\"inLanguage\":\"pt-BR\",\"@id\":\"https:\/\/www.manaus.am.gov.br\/semcom\/nucleo-de-apoio-ao-superendividado\/#primaryimage\",\"url\":\"https:\/\/www.manaus.am.gov.br\/semcom\/wp-content\/uploads\/sites\/5\/2025\/09\/Procon-Manaus-promove-treinamento-do-Nucleo-de-Apoio-ao-Superendividado-2.jpg\",\"contentUrl\":\"https:\/\/www.manaus.am.gov.br\/semcom\/wp-content\/uploads\/sites\/5\/2025\/09\/Procon-Manaus-promove-treinamento-do-Nucleo-de-Apoio-ao-Superendividado-2.jpg\",\"width\":800,\"height\":600},{\"@type\":\"WebSite\",\"@id\":\"https:\/\/www.manaus.am.gov.br\/semcom\/#website\",\"url\":\"https:\/\/www.manaus.am.gov.br\/semcom\/\",\"name\":\"SEMCOM\",\"description\":\"Secretaria Municipal de Comunica\u00e7\u00e3o\",\"potentialAction\":[{\"@type\":\"SearchAction\",\"target\":{\"@type\":\"EntryPoint\",\"urlTemplate\":\"https:\/\/www.manaus.am.gov.br\/semcom\/?s={search_term_string}\"},\"query-input\":\"required name=search_term_string\"}],\"inLanguage\":\"pt-BR\"},{\"@type\":\"Person\",\"@id\":\"https:\/\/www.manaus.am.gov.br\/semcom\/#\/schema\/person\/466a0e03ae4b6062809046bd560ac955\",\"name\":\"bvalente\",\"image\":{\"@type\":\"ImageObject\",\"inLanguage\":\"pt-BR\",\"@id\":\"https:\/\/www.manaus.am.gov.br\/semcom\/#\/schema\/person\/image\/\",\"url\":\"https:\/\/secure.gravatar.com\/avatar\/3e69bc2b014bdad41adfec3a39de07d2?s=96&d=mm&r=g\",\"contentUrl\":\"https:\/\/secure.gravatar.com\/avatar\/3e69bc2b014bdad41adfec3a39de07d2?s=96&d=mm&r=g\",\"caption\":\"bvalente\"}}]}<\/script>\n<!-- \/ Yoast SEO plugin. -->","yoast_head_json":{"title":"Procon Manaus promove treinamento do N\u00facleo de Apoio ao Superendividado","description":"A Prefeitura de Manaus, por meio do Servi\u00e7o de Atendimento e Prote\u00e7\u00e3o ao Consumidor (Procon Manaus), em parceria com a Defensoria P\u00fablica do Estado do Amazonas (DPE-AM) e a Escola de Servi\u00e7o P\u00fablico Municipal e Inclus\u00e3o Socioeducacional (Espi), realizou, nesta quarta-feira, 10\/9, mais uma etapa de capacita\u00e7\u00e3o voltada ao N\u00facleo de Apoio ao Superendividado (NAS).","robots":{"index":"index","follow":"follow","max-snippet":"max-snippet:-1","max-image-preview":"max-image-preview:large","max-video-preview":"max-video-preview:-1"},"canonical":"https:\/\/www.manaus.am.gov.br\/semcom\/nucleo-de-apoio-ao-superendividado\/","og_locale":"pt_BR","og_type":"article","og_title":"Procon Manaus promove treinamento do N\u00facleo de Apoio ao Superendividado","og_description":"A Prefeitura de Manaus, por meio do Servi\u00e7o de Atendimento e Prote\u00e7\u00e3o ao Consumidor (Procon Manaus), em parceria com a Defensoria P\u00fablica do Estado do Amazonas (DPE-AM) e a Escola de Servi\u00e7o P\u00fablico Municipal e Inclus\u00e3o Socioeducacional (Espi), realizou, nesta quarta-feira, 10\/9, mais uma etapa de capacita\u00e7\u00e3o voltada ao N\u00facleo de Apoio ao Superendividado (NAS).","og_url":"https:\/\/www.manaus.am.gov.br\/semcom\/nucleo-de-apoio-ao-superendividado\/","og_site_name":"SEMCOM","article_published_time":"2025-09-10T23:57:27+00:00","article_modified_time":"2025-09-10T23:57:29+00:00","og_image":[{"width":800,"height":600,"url":"https:\/\/www.manaus.am.gov.br\/semcom\/wp-content\/uploads\/sites\/5\/2025\/09\/Procon-Manaus-promove-treinamento-do-Nucleo-de-Apoio-ao-Superendividado-2.jpg","type":"image\/jpeg"}],"author":"bvalente","twitter_card":"summary_large_image","twitter_misc":{"Written by":"bvalente","Est. reading time":"2 minutos"},"schema":{"@context":"https:\/\/schema.org","@graph":[{"@type":"WebPage","@id":"https:\/\/www.manaus.am.gov.br\/semcom\/nucleo-de-apoio-ao-superendividado\/","url":"https:\/\/www.manaus.am.gov.br\/semcom\/nucleo-de-apoio-ao-superendividado\/","name":"Procon Manaus promove treinamento do N\u00facleo de Apoio ao Superendividado","isPartOf":{"@id":"https:\/\/www.manaus.am.gov.br\/semcom\/#website"},"primaryImageOfPage":{"@id":"https:\/\/www.manaus.am.gov.br\/semcom\/nucleo-de-apoio-ao-superendividado\/#primaryimage"},"image":{"@id":"https:\/\/www.manaus.am.gov.br\/semcom\/nucleo-de-apoio-ao-superendividado\/#primaryimage"},"thumbnailUrl":"https:\/\/www.manaus.am.gov.br\/semcom\/wp-content\/uploads\/sites\/5\/2025\/09\/Procon-Manaus-promove-treinamento-do-Nucleo-de-Apoio-ao-Superendividado-2.jpg","datePublished":"2025-09-10T23:57:27+00:00","dateModified":"2025-09-10T23:57:29+00:00","author":{"@id":"https:\/\/www.manaus.am.gov.br\/semcom\/#\/schema\/person\/466a0e03ae4b6062809046bd560ac955"},"description":"A Prefeitura de Manaus, por meio do Servi\u00e7o de Atendimento e Prote\u00e7\u00e3o ao Consumidor (Procon Manaus), em parceria com a Defensoria P\u00fablica do Estado do Amazonas (DPE-AM) e a Escola de Servi\u00e7o P\u00fablico Municipal e Inclus\u00e3o Socioeducacional (Espi), realizou, nesta quarta-feira, 10\/9, mais uma etapa de capacita\u00e7\u00e3o voltada ao N\u00facleo de Apoio ao Superendividado (NAS).","inLanguage":"pt-BR","potentialAction":[{"@type":"ReadAction","target":["https:\/\/www.manaus.am.gov.br\/semcom\/nucleo-de-apoio-ao-superendividado\/"]}]},{"@type":"ImageObject","inLanguage":"pt-BR","@id":"https:\/\/www.manaus.am.gov.br\/semcom\/nucleo-de-apoio-ao-superendividado\/#primaryimage","url":"https:\/\/www.manaus.am.gov.br\/semcom\/wp-content\/uploads\/sites\/5\/2025\/09\/Procon-Manaus-promove-treinamento-do-Nucleo-de-Apoio-ao-Superendividado-2.jpg","contentUrl":"https:\/\/www.manaus.am.gov.br\/semcom\/wp-content\/uploads\/sites\/5\/2025\/09\/Procon-Manaus-promove-treinamento-do-Nucleo-de-Apoio-ao-Superendividado-2.jpg","width":800,"height":600},{"@type":"WebSite","@id":"https:\/\/www.manaus.am.gov.br\/semcom\/#website","url":"https:\/\/www.manaus.am.gov.br\/semcom\/","name":"SEMCOM","description":"Secretaria Municipal de Comunica\u00e7\u00e3o","potentialAction":[{"@type":"SearchAction","target":{"@type":"EntryPoint","urlTemplate":"https:\/\/www.manaus.am.gov.br\/semcom\/?s={search_term_string}"},"query-input":"required name=search_term_string"}],"inLanguage":"pt-BR"},{"@type":"Person","@id":"https:\/\/www.manaus.am.gov.br\/semcom\/#\/schema\/person\/466a0e03ae4b6062809046bd560ac955","name":"bvalente","image":{"@type":"ImageObject","inLanguage":"pt-BR","@id":"https:\/\/www.manaus.am.gov.br\/semcom\/#\/schema\/person\/image\/","url":"https:\/\/secure.gravatar.com\/avatar\/3e69bc2b014bdad41adfec3a39de07d2?s=96&d=mm&r=g","contentUrl":"https:\/\/secure.gravatar.com\/avatar\/3e69bc2b014bdad41adfec3a39de07d2?s=96&d=mm&r=g","caption":"bvalente"}}]}},"_links":{"self":[{"href":"https:\/\/www.manaus.am.gov.br\/semcom\/wp-json\/wp\/v2\/posts\/245436"}],"collection":[{"href":"https:\/\/www.manaus.am.gov.br\/semcom\/wp-json\/wp\/v2\/posts"}],"about":[{"href":"https:\/\/www.manaus.am.gov.br\/semcom\/wp-json\/wp\/v2\/types\/post"}],"author":[{"embeddable":true,"href":"https:\/\/www.manaus.am.gov.br\/semcom\/wp-json\/wp\/v2\/users\/68"}],"replies":[{"embeddable":true,"href":"https:\/\/www.manaus.am.gov.br\/semcom\/wp-json\/wp\/v2\/comments?post=245436"}],"version-history":[{"count":0,"href":"https:\/\/www.manaus.am.gov.br\/semcom\/wp-json\/wp\/v2\/posts\/245436\/revisions"}],"wp:featuredmedia":[{"embeddable":true,"href":"https:\/\/www.manaus.am.gov.br\/semcom\/wp-json\/wp\/v2\/media\/245437"}],"wp:attachment":[{"href":"https:\/\/www.manaus.am.gov.br\/semcom\/wp-json\/wp\/v2\/media?parent=245436"}],"wp:term":[{"taxonomy":"category","embeddable":true,"href":"https:\/\/www.manaus.am.gov.br\/semcom\/wp-json\/wp\/v2\/categories?post=245436"},{"taxonomy":"post_tag","embeddable":true,"href":"https:\/\/www.manaus.am.gov.br\/semcom\/wp-json\/wp\/v2\/tags?post=245436"}],"curies":[{"name":"wp","href":"https:\/\/api.w.org\/{rel}","templated":true}]}}