{"id":245418,"date":"2025-09-10T17:01:43","date_gmt":"2025-09-10T20:01:43","guid":{"rendered":"https:\/\/www.manaus.am.gov.br\/semcom\/eliminacao-lixeiras-irregulares\/"},"modified":"2025-09-10T17:01:44","modified_gmt":"2025-09-10T20:01:44","slug":"eliminacao-lixeiras-irregulares","status":"publish","type":"post","link":"https:\/\/www.manaus.am.gov.br\/semcom\/eliminacao-lixeiras-irregulares\/","title":{"rendered":"Prefeitura elimina mais de 230 lixeiras irregulares em Manaus na primeira semana de setembro"},"content":{"rendered":"\n<p>A Prefeitura de Manaus, por meio da Secretaria Municipal de Limpeza Urbana (Semulsp), intensificou, desde julho, as a\u00e7\u00f5es de combate ao descarte irregular de lixo em todas as zonas da capital. Apenas na primeira semana de setembro, j\u00e1 foram eliminadas 230 lixeiras irregulares, com a retirada de mais de 600 toneladas de res\u00edduos que foram destinados corretamente ao aterro sanit\u00e1rio municipal. Nesta quarta-feira, 10\/9, a for\u00e7a-tarefa alcan\u00e7ou diferentes \u00e1reas da cidade.<br><br>No bairro Japiim, as equipes atuaram na avenida Tef\u00e9, eliminando tr\u00eas pontos cr\u00edticos: o ponto de lixo da rua Jupi\u00e1 (esquina com a Tef\u00e9), o Tri\u00e2ngulo-Banana (rua Santa Cruz Machado) e o rip-rap da Tef\u00e9. No bairro Morro da Liberdade, foram limpas as ruas Alfredo Ara\u00fajo e Coronel Pedro. Tamb\u00e9m receberam servi\u00e7os a rua das \u00c1guias, Lagoa Verde; a rua Monique, Nova Cidade; a rua dos Oitis, Distrito Industrial II; al\u00e9m de \u00e1reas da Col\u00f4nia Ant\u00f4nio Aleixo e do Gilberto Mestrinho, que foram alvo de descarte clandestino.<br><br><strong>Trabalho di\u00e1rio e resultados expressivos<\/strong><br><br>O combate \u00e0s lixeiras irregulares passou a ser realizado de forma di\u00e1ria e ostensiva desde julho, atendendo a uma demanda hist\u00f3rica da popula\u00e7\u00e3o. Os resultados j\u00e1 s\u00e3o significativos: julho &#8211; 1.218 pontos desarticulados e cerca de 5 mil toneladas de lixo recolhidas; agosto &#8211; 624 lixeiras clandestinas eliminadas e mais de 2,3 mil toneladas de res\u00edduos removidos; setembro (1\u00aa semana) &#8211; 230 pontos j\u00e1 eliminados e mais de 600 toneladas retiradas. No total, em apenas tr\u00eas meses, a cidade j\u00e1 soma mais de 2 mil lixeiras eliminadas e quase 8 mil toneladas de res\u00edduos removidos.<br><br>Para o secret\u00e1rio da Semulsp, Sab\u00e1 Reis, o desafio \u00e9 cultural e precisa ser enfrentado de forma cont\u00ednua. \u201cEstamos agindo todos os dias. S\u00f3 nesta primeira semana de setembro j\u00e1 passamos da marca de 230 lixeiras eliminadas, o que significa mais de 600 toneladas de lixo que poderiam estar poluindo igarap\u00e9s, atraindo doen\u00e7as e prejudicando a vida da popula\u00e7\u00e3o. Esse trabalho \u00e9 ostensivo e vai continuar, porque Manaus n\u00e3o pode conviver com esse tipo de descarte\u201d, destacou.<br><br>Moradores confirmam os benef\u00edcios da a\u00e7\u00e3o. Maria das Gra\u00e7as Silva, que vive h\u00e1 20 anos no Japiim, destacou a celeridade da prefeitura. \u201cAqui na esquina da Jupi\u00e1 com a Tef\u00e9 a gente sofria com mau cheiro. Agora ficou limpo. Esperamos que a popula\u00e7\u00e3o ajude a manter assim, porque a prefeitura est\u00e1 fazendo a parte dela\u201d.<br><br>No Morro da Liberdade, o comerciante Jos\u00e9 Raimundo refor\u00e7ou a necessidade da colabora\u00e7\u00e3o da popula\u00e7\u00e3o. \u201cEssas lixeiras afastavam os clientes e traziam risco. Quando a equipe limpa, a gente v\u00ea a diferen\u00e7a. Mas precisamos que as pessoas colaborem e n\u00e3o voltem a jogar lixo aqui\u201d.<\/p>\n\n\n\n<p><strong>Servi\u00e7os \u00e0 disposi\u00e7\u00e3o da popula\u00e7\u00e3o<\/strong><br><br>Para evitar a reincid\u00eancia das lixeiras, a Semulsp refor\u00e7a que a popula\u00e7\u00e3o disp\u00f5e de diversos servi\u00e7os gratuitos como a Coleta domiciliar regular, presente em todos os bairros atendidos pelas a\u00e7\u00f5es; Pontos de Entrega Volunt\u00e1ria (PEVs) em supermercados e \u00e1reas estrat\u00e9gicas para descarte de recicl\u00e1veis; Coleta agendada de grandes objetos, como m\u00f3veis e eletrodom\u00e9sticos; Coleta seletiva porta a porta, que amplia as possibilidades de reciclagem; Disk Semulsp (WhatsApp: 98842-1202 \/ 98842-1276 \/ 98842-1277 \/ 98842-4738), canal direto para solicitar servi\u00e7os, relatar irregularidades na coleta e denunciar descarte clandestino ou forma\u00e7\u00e3o de lixeiras viciadas.<br><br>\u201cN\u00e3o adianta apenas limpar, precisamos que a popula\u00e7\u00e3o compreenda os riscos e mude seus h\u00e1bitos. Uma cidade limpa \u00e9 fruto da a\u00e7\u00e3o do poder p\u00fablico junto com a consci\u00eancia de cada cidad\u00e3o\u201d, concluiu Sab\u00e1 Reis.<br><br>\u2014 \u2014 \u2014<br><strong>Texto &#8211;<\/strong> Dora Tupinamb\u00e1 \/Semulsp<br><strong>Fotos &#8211; <\/strong>Divulga\u00e7\u00e3o \/ Semulsp<\/p>\n","protected":false},"excerpt":{"rendered":"","protected":false},"author":68,"featured_media":245419,"comment_status":"closed","ping_status":"closed","sticky":false,"template":"","format":"standard","meta":{"footnotes":""},"categories":[114],"tags":[77,16810,301],"acf":[],"yoast_head":"<!-- This site is optimized with the Yoast SEO plugin v23.0 - https:\/\/yoast.com\/wordpress\/plugins\/seo\/ -->\n<title>Prefeitura elimina mais de 230 lixeiras irregulares em Manaus na primeira semana de setembro<\/title>\n<meta name=\"description\" content=\"A Prefeitura de Manaus, por meio da Secretaria Municipal de Limpeza Urbana (Semulsp), intensificou, desde julho, as a\u00e7\u00f5es de combate ao descarte irregular de lixo em todas as zonas da capital. Apenas na primeira semana de setembro, j\u00e1 foram eliminadas 230 lixeiras irregulares, com a retirada de mais de 600 toneladas de res\u00edduos que foram destinados corretamente ao aterro sanit\u00e1rio municipal. Nesta quarta-feira, 10\/9, a for\u00e7a-tarefa alcan\u00e7ou diferentes \u00e1reas da cidade.\" \/>\n<meta name=\"robots\" content=\"index, follow, max-snippet:-1, max-image-preview:large, max-video-preview:-1\" \/>\n<link rel=\"canonical\" href=\"https:\/\/www.manaus.am.gov.br\/semcom\/eliminacao-lixeiras-irregulares\/\" \/>\n<meta property=\"og:locale\" content=\"pt_BR\" \/>\n<meta property=\"og:type\" content=\"article\" \/>\n<meta property=\"og:title\" content=\"Prefeitura elimina mais de 230 lixeiras irregulares em Manaus na primeira semana de setembro\" \/>\n<meta property=\"og:description\" content=\"A Prefeitura de Manaus, por meio da Secretaria Municipal de Limpeza Urbana (Semulsp), intensificou, desde julho, as a\u00e7\u00f5es de combate ao descarte irregular de lixo em todas as zonas da capital. Apenas na primeira semana de setembro, j\u00e1 foram eliminadas 230 lixeiras irregulares, com a retirada de mais de 600 toneladas de res\u00edduos que foram destinados corretamente ao aterro sanit\u00e1rio municipal. Nesta quarta-feira, 10\/9, a for\u00e7a-tarefa alcan\u00e7ou diferentes \u00e1reas da cidade.\" \/>\n<meta property=\"og:url\" content=\"https:\/\/www.manaus.am.gov.br\/semcom\/eliminacao-lixeiras-irregulares\/\" \/>\n<meta property=\"og:site_name\" content=\"SEMCOM\" \/>\n<meta property=\"article:published_time\" content=\"2025-09-10T20:01:43+00:00\" \/>\n<meta property=\"article:modified_time\" content=\"2025-09-10T20:01:44+00:00\" \/>\n<meta property=\"og:image\" content=\"https:\/\/www.manaus.am.gov.br\/semcom\/wp-content\/uploads\/sites\/5\/2025\/09\/Prefeitura-elimina-mais-de-230-lixeiras-irregulares-em-Manaus-na-primeira-semana-de-setembro-4.jpeg\" \/>\n\t<meta property=\"og:image:width\" content=\"1599\" \/>\n\t<meta property=\"og:image:height\" content=\"899\" \/>\n\t<meta property=\"og:image:type\" content=\"image\/jpeg\" \/>\n<meta name=\"author\" content=\"bvalente\" \/>\n<meta name=\"twitter:card\" content=\"summary_large_image\" \/>\n<meta name=\"twitter:label1\" content=\"Written by\" \/>\n\t<meta name=\"twitter:data1\" content=\"bvalente\" \/>\n\t<meta name=\"twitter:label2\" content=\"Est. reading time\" \/>\n\t<meta name=\"twitter:data2\" content=\"4 minutos\" \/>\n<script type=\"application\/ld+json\" class=\"yoast-schema-graph\">{\"@context\":\"https:\/\/schema.org\",\"@graph\":[{\"@type\":\"WebPage\",\"@id\":\"https:\/\/www.manaus.am.gov.br\/semcom\/eliminacao-lixeiras-irregulares\/\",\"url\":\"https:\/\/www.manaus.am.gov.br\/semcom\/eliminacao-lixeiras-irregulares\/\",\"name\":\"Prefeitura elimina mais de 230 lixeiras irregulares em Manaus na primeira semana de setembro\",\"isPartOf\":{\"@id\":\"https:\/\/www.manaus.am.gov.br\/semcom\/#website\"},\"primaryImageOfPage\":{\"@id\":\"https:\/\/www.manaus.am.gov.br\/semcom\/eliminacao-lixeiras-irregulares\/#primaryimage\"},\"image\":{\"@id\":\"https:\/\/www.manaus.am.gov.br\/semcom\/eliminacao-lixeiras-irregulares\/#primaryimage\"},\"thumbnailUrl\":\"https:\/\/www.manaus.am.gov.br\/semcom\/wp-content\/uploads\/sites\/5\/2025\/09\/Prefeitura-elimina-mais-de-230-lixeiras-irregulares-em-Manaus-na-primeira-semana-de-setembro-4.jpeg\",\"datePublished\":\"2025-09-10T20:01:43+00:00\",\"dateModified\":\"2025-09-10T20:01:44+00:00\",\"author\":{\"@id\":\"https:\/\/www.manaus.am.gov.br\/semcom\/#\/schema\/person\/466a0e03ae4b6062809046bd560ac955\"},\"description\":\"A Prefeitura de Manaus, por meio da Secretaria Municipal de Limpeza Urbana (Semulsp), intensificou, desde julho, as a\u00e7\u00f5es de combate ao descarte irregular de lixo em todas as zonas da capital. Apenas na primeira semana de setembro, j\u00e1 foram eliminadas 230 lixeiras irregulares, com a retirada de mais de 600 toneladas de res\u00edduos que foram destinados corretamente ao aterro sanit\u00e1rio municipal. Nesta quarta-feira, 10\/9, a for\u00e7a-tarefa alcan\u00e7ou diferentes \u00e1reas da cidade.\",\"inLanguage\":\"pt-BR\",\"potentialAction\":[{\"@type\":\"ReadAction\",\"target\":[\"https:\/\/www.manaus.am.gov.br\/semcom\/eliminacao-lixeiras-irregulares\/\"]}]},{\"@type\":\"ImageObject\",\"inLanguage\":\"pt-BR\",\"@id\":\"https:\/\/www.manaus.am.gov.br\/semcom\/eliminacao-lixeiras-irregulares\/#primaryimage\",\"url\":\"https:\/\/www.manaus.am.gov.br\/semcom\/wp-content\/uploads\/sites\/5\/2025\/09\/Prefeitura-elimina-mais-de-230-lixeiras-irregulares-em-Manaus-na-primeira-semana-de-setembro-4.jpeg\",\"contentUrl\":\"https:\/\/www.manaus.am.gov.br\/semcom\/wp-content\/uploads\/sites\/5\/2025\/09\/Prefeitura-elimina-mais-de-230-lixeiras-irregulares-em-Manaus-na-primeira-semana-de-setembro-4.jpeg\",\"width\":1599,\"height\":899},{\"@type\":\"WebSite\",\"@id\":\"https:\/\/www.manaus.am.gov.br\/semcom\/#website\",\"url\":\"https:\/\/www.manaus.am.gov.br\/semcom\/\",\"name\":\"SEMCOM\",\"description\":\"Secretaria Municipal de Comunica\u00e7\u00e3o\",\"potentialAction\":[{\"@type\":\"SearchAction\",\"target\":{\"@type\":\"EntryPoint\",\"urlTemplate\":\"https:\/\/www.manaus.am.gov.br\/semcom\/?s={search_term_string}\"},\"query-input\":\"required name=search_term_string\"}],\"inLanguage\":\"pt-BR\"},{\"@type\":\"Person\",\"@id\":\"https:\/\/www.manaus.am.gov.br\/semcom\/#\/schema\/person\/466a0e03ae4b6062809046bd560ac955\",\"name\":\"bvalente\",\"image\":{\"@type\":\"ImageObject\",\"inLanguage\":\"pt-BR\",\"@id\":\"https:\/\/www.manaus.am.gov.br\/semcom\/#\/schema\/person\/image\/\",\"url\":\"https:\/\/secure.gravatar.com\/avatar\/3e69bc2b014bdad41adfec3a39de07d2?s=96&d=mm&r=g\",\"contentUrl\":\"https:\/\/secure.gravatar.com\/avatar\/3e69bc2b014bdad41adfec3a39de07d2?s=96&d=mm&r=g\",\"caption\":\"bvalente\"}}]}<\/script>\n<!-- \/ Yoast SEO plugin. -->","yoast_head_json":{"title":"Prefeitura elimina mais de 230 lixeiras irregulares em Manaus na primeira semana de setembro","description":"A Prefeitura de Manaus, por meio da Secretaria Municipal de Limpeza Urbana (Semulsp), intensificou, desde julho, as a\u00e7\u00f5es de combate ao descarte irregular de lixo em todas as zonas da capital. Apenas na primeira semana de setembro, j\u00e1 foram eliminadas 230 lixeiras irregulares, com a retirada de mais de 600 toneladas de res\u00edduos que foram destinados corretamente ao aterro sanit\u00e1rio municipal. Nesta quarta-feira, 10\/9, a for\u00e7a-tarefa alcan\u00e7ou diferentes \u00e1reas da cidade.","robots":{"index":"index","follow":"follow","max-snippet":"max-snippet:-1","max-image-preview":"max-image-preview:large","max-video-preview":"max-video-preview:-1"},"canonical":"https:\/\/www.manaus.am.gov.br\/semcom\/eliminacao-lixeiras-irregulares\/","og_locale":"pt_BR","og_type":"article","og_title":"Prefeitura elimina mais de 230 lixeiras irregulares em Manaus na primeira semana de setembro","og_description":"A Prefeitura de Manaus, por meio da Secretaria Municipal de Limpeza Urbana (Semulsp), intensificou, desde julho, as a\u00e7\u00f5es de combate ao descarte irregular de lixo em todas as zonas da capital. Apenas na primeira semana de setembro, j\u00e1 foram eliminadas 230 lixeiras irregulares, com a retirada de mais de 600 toneladas de res\u00edduos que foram destinados corretamente ao aterro sanit\u00e1rio municipal. Nesta quarta-feira, 10\/9, a for\u00e7a-tarefa alcan\u00e7ou diferentes \u00e1reas da cidade.","og_url":"https:\/\/www.manaus.am.gov.br\/semcom\/eliminacao-lixeiras-irregulares\/","og_site_name":"SEMCOM","article_published_time":"2025-09-10T20:01:43+00:00","article_modified_time":"2025-09-10T20:01:44+00:00","og_image":[{"width":1599,"height":899,"url":"https:\/\/www.manaus.am.gov.br\/semcom\/wp-content\/uploads\/sites\/5\/2025\/09\/Prefeitura-elimina-mais-de-230-lixeiras-irregulares-em-Manaus-na-primeira-semana-de-setembro-4.jpeg","type":"image\/jpeg"}],"author":"bvalente","twitter_card":"summary_large_image","twitter_misc":{"Written by":"bvalente","Est. reading time":"4 minutos"},"schema":{"@context":"https:\/\/schema.org","@graph":[{"@type":"WebPage","@id":"https:\/\/www.manaus.am.gov.br\/semcom\/eliminacao-lixeiras-irregulares\/","url":"https:\/\/www.manaus.am.gov.br\/semcom\/eliminacao-lixeiras-irregulares\/","name":"Prefeitura elimina mais de 230 lixeiras irregulares em Manaus na primeira semana de setembro","isPartOf":{"@id":"https:\/\/www.manaus.am.gov.br\/semcom\/#website"},"primaryImageOfPage":{"@id":"https:\/\/www.manaus.am.gov.br\/semcom\/eliminacao-lixeiras-irregulares\/#primaryimage"},"image":{"@id":"https:\/\/www.manaus.am.gov.br\/semcom\/eliminacao-lixeiras-irregulares\/#primaryimage"},"thumbnailUrl":"https:\/\/www.manaus.am.gov.br\/semcom\/wp-content\/uploads\/sites\/5\/2025\/09\/Prefeitura-elimina-mais-de-230-lixeiras-irregulares-em-Manaus-na-primeira-semana-de-setembro-4.jpeg","datePublished":"2025-09-10T20:01:43+00:00","dateModified":"2025-09-10T20:01:44+00:00","author":{"@id":"https:\/\/www.manaus.am.gov.br\/semcom\/#\/schema\/person\/466a0e03ae4b6062809046bd560ac955"},"description":"A Prefeitura de Manaus, por meio da Secretaria Municipal de Limpeza Urbana (Semulsp), intensificou, desde julho, as a\u00e7\u00f5es de combate ao descarte irregular de lixo em todas as zonas da capital. Apenas na primeira semana de setembro, j\u00e1 foram eliminadas 230 lixeiras irregulares, com a retirada de mais de 600 toneladas de res\u00edduos que foram destinados corretamente ao aterro sanit\u00e1rio municipal. Nesta quarta-feira, 10\/9, a for\u00e7a-tarefa alcan\u00e7ou diferentes \u00e1reas da cidade.","inLanguage":"pt-BR","potentialAction":[{"@type":"ReadAction","target":["https:\/\/www.manaus.am.gov.br\/semcom\/eliminacao-lixeiras-irregulares\/"]}]},{"@type":"ImageObject","inLanguage":"pt-BR","@id":"https:\/\/www.manaus.am.gov.br\/semcom\/eliminacao-lixeiras-irregulares\/#primaryimage","url":"https:\/\/www.manaus.am.gov.br\/semcom\/wp-content\/uploads\/sites\/5\/2025\/09\/Prefeitura-elimina-mais-de-230-lixeiras-irregulares-em-Manaus-na-primeira-semana-de-setembro-4.jpeg","contentUrl":"https:\/\/www.manaus.am.gov.br\/semcom\/wp-content\/uploads\/sites\/5\/2025\/09\/Prefeitura-elimina-mais-de-230-lixeiras-irregulares-em-Manaus-na-primeira-semana-de-setembro-4.jpeg","width":1599,"height":899},{"@type":"WebSite","@id":"https:\/\/www.manaus.am.gov.br\/semcom\/#website","url":"https:\/\/www.manaus.am.gov.br\/semcom\/","name":"SEMCOM","description":"Secretaria Municipal de Comunica\u00e7\u00e3o","potentialAction":[{"@type":"SearchAction","target":{"@type":"EntryPoint","urlTemplate":"https:\/\/www.manaus.am.gov.br\/semcom\/?s={search_term_string}"},"query-input":"required name=search_term_string"}],"inLanguage":"pt-BR"},{"@type":"Person","@id":"https:\/\/www.manaus.am.gov.br\/semcom\/#\/schema\/person\/466a0e03ae4b6062809046bd560ac955","name":"bvalente","image":{"@type":"ImageObject","inLanguage":"pt-BR","@id":"https:\/\/www.manaus.am.gov.br\/semcom\/#\/schema\/person\/image\/","url":"https:\/\/secure.gravatar.com\/avatar\/3e69bc2b014bdad41adfec3a39de07d2?s=96&d=mm&r=g","contentUrl":"https:\/\/secure.gravatar.com\/avatar\/3e69bc2b014bdad41adfec3a39de07d2?s=96&d=mm&r=g","caption":"bvalente"}}]}},"_links":{"self":[{"href":"https:\/\/www.manaus.am.gov.br\/semcom\/wp-json\/wp\/v2\/posts\/245418"}],"collection":[{"href":"https:\/\/www.manaus.am.gov.br\/semcom\/wp-json\/wp\/v2\/posts"}],"about":[{"href":"https:\/\/www.manaus.am.gov.br\/semcom\/wp-json\/wp\/v2\/types\/post"}],"author":[{"embeddable":true,"href":"https:\/\/www.manaus.am.gov.br\/semcom\/wp-json\/wp\/v2\/users\/68"}],"replies":[{"embeddable":true,"href":"https:\/\/www.manaus.am.gov.br\/semcom\/wp-json\/wp\/v2\/comments?post=245418"}],"version-history":[{"count":0,"href":"https:\/\/www.manaus.am.gov.br\/semcom\/wp-json\/wp\/v2\/posts\/245418\/revisions"}],"wp:featuredmedia":[{"embeddable":true,"href":"https:\/\/www.manaus.am.gov.br\/semcom\/wp-json\/wp\/v2\/media\/245419"}],"wp:attachment":[{"href":"https:\/\/www.manaus.am.gov.br\/semcom\/wp-json\/wp\/v2\/media?parent=245418"}],"wp:term":[{"taxonomy":"category","embeddable":true,"href":"https:\/\/www.manaus.am.gov.br\/semcom\/wp-json\/wp\/v2\/categories?post=245418"},{"taxonomy":"post_tag","embeddable":true,"href":"https:\/\/www.manaus.am.gov.br\/semcom\/wp-json\/wp\/v2\/tags?post=245418"}],"curies":[{"name":"wp","href":"https:\/\/api.w.org\/{rel}","templated":true}]}}