{"id":245373,"date":"2025-09-09T22:34:45","date_gmt":"2025-09-10T01:34:45","guid":{"rendered":"https:\/\/www.manaus.am.gov.br\/semcom\/plano-municipal-de-saneamento-basico\/"},"modified":"2025-09-09T22:36:21","modified_gmt":"2025-09-10T01:36:21","slug":"plano-municipal-de-saneamento-basico","status":"publish","type":"post","link":"https:\/\/www.manaus.am.gov.br\/semcom\/plano-municipal-de-saneamento-basico\/","title":{"rendered":"Prefeito David Almeida destaca avan\u00e7o da constru\u00e7\u00e3o do Plano Municipal de Saneamento B\u00e1sico"},"content":{"rendered":"\n<p>Manaus deu mais um passo importante na constru\u00e7\u00e3o do Plano Municipal de Saneamento B\u00e1sico (PMSB). Nesta ter\u00e7a-feira, 9\/9, o prefeito David Almeida participou de uma reuni\u00e3o no Centro de Coopera\u00e7\u00e3o da Cidade (CCC) com a equipe de consultores contratados, por meio da Funda\u00e7\u00e3o de Empreendimentos Cient\u00edficos e Tecnol\u00f3gicos (Finatec), para tratar sobre o avan\u00e7o e pr\u00f3ximos passos referentes \u00e0 revis\u00e3o e atualiza\u00e7\u00e3o do Plano Municipal.&nbsp;<\/p>\n\n\n\n<p>\u201cEstamos avan\u00e7ando na constru\u00e7\u00e3o do Plano Municipal de Saneamento de Manaus, que envolve res\u00edduos s\u00f3lidos, \u00e1gua pot\u00e1vel, coleta e tratamento de esgoto e drenagem em toda a cidade. Nesta semana, contamos com a presen\u00e7a de uma equipe t\u00e9cnica de Portugal, que est\u00e1 em imers\u00e3o para compreender a realidade da nossa capital. A partir desse diagn\u00f3stico, vamos elaborar pol\u00edticas p\u00fablicas eficientes, realizar quatro consultas p\u00fablicas a partir de dezembro e, na sequ\u00eancia, encaminhar o Projeto de Lei \u00e0 C\u00e2mara Municipal de Manaus (CMM) para aprova\u00e7\u00e3o do Plano\u201d, detalhou David Almeida.<\/p>\n\n\n\n<p>A equipe de consultores foi recebida na pelo diretor-presidente da \u00c1guas de Manaus, Pedro Augusto Freitas; pelo controlador-geral do munic\u00edpio, Alessandro Moreira; pelo titular da Secretaria Municipal de Meio Ambiente, Sustentabilidade e Mudan\u00e7a do Clima (Semmasclima), Fransu\u00e1 Matos; pelo presidente do Conselho Municipal de Gest\u00e3o Estrat\u00e9gica (CMGE), Arnaldo Grij\u00f3 e pelo diretor-presidente da Ag\u00eancia Reguladora dos Servi\u00e7os P\u00fablicos Delegados do Munic\u00edpio de Manaus (Ageman), Elson Andrade.<\/p>\n\n\n\n<p>\u201cEstamos realizando uma reuni\u00e3o de alinhamento com a equipe de consultores, que permanecer\u00e1 em Manaus at\u00e9 sexta-feira. Durante esse per\u00edodo, eles ir\u00e3o visitar diversos locais e aprofundar a an\u00e1lise do progn\u00f3stico j\u00e1 desenvolvido para a cidade. Nosso objetivo \u00e9 que, a partir desse trabalho conjunto, possamos entregar a Manaus um Plano Municipal de Saneamento s\u00f3lido, vi\u00e1vel e que traga melhorias reais para a qualidade de vida da nossa popula\u00e7\u00e3o\u201d, afirmou o presidente do CMGE, Arnaldo Grij\u00f3.<\/p>\n\n\n\n<p><strong>Consultoria<\/strong><\/p>\n\n\n\n<p>O grupo da Finatec \u00e9 formado por especialistas nacionais e internacionais, que ficar\u00e3o na cidade durante a semana para realizar visitas t\u00e9cnicas. A agenda inclui inspe\u00e7\u00f5es em unidades operacionais da \u00c1guas de Manaus, visitas ao aterro de res\u00edduos s\u00f3lidos, galp\u00f5es de triagem, encontros com catadores, al\u00e9m de visitas a comunidades urbanas e rurais.&nbsp;<\/p>\n\n\n\n<p>A comitiva internacional conta ainda com cinco profissionais de Portugal, pa\u00eds reconhecido mundialmente como refer\u00eancia na gest\u00e3o e tratamento de res\u00edduos s\u00f3lidos, com destaque para pr\u00e1ticas de preven\u00e7\u00e3o, valoriza\u00e7\u00e3o e uso da economia circular.<\/p>\n\n\n\n<p>Na ocasi\u00e3o, o coordenador-geral do plano, Walter Pl\u00e1cido, destacou quais ser\u00e3o os pr\u00f3ximos passos de elabora\u00e7\u00e3o. \u201cQueremos olhar para Manaus de hoje e de amanh\u00e3, entendendo como essas \u00e1reas se conectam e convergem para dotar o munic\u00edpio de uma ferramenta de planejamento e decis\u00e3o. N\u00e3o apenas decis\u00f5es operacionais e de investimento, mas tamb\u00e9m de conceitos e valores a serem adotados pela sociedade. Assim, aumentaremos a capacidade de interven\u00e7\u00e3o p\u00fablica e fortaleceremos a conscientiza\u00e7\u00e3o ambiental dos cidad\u00e3os\u201d.<\/p>\n\n\n\n<p><strong>Elabora\u00e7\u00e3o<\/strong><\/p>\n\n\n\n<p>O PMSB est\u00e1 atualmente na fase de progn\u00f3stico, abrangendo quatro eixos: abastecimento de \u00e1gua, esgotamento sanit\u00e1rio, manejo de \u00e1guas pluviais e manejo de res\u00edduos s\u00f3lidos.<\/p>\n\n\n\n<p>O Plano segue um cronograma de execu\u00e7\u00e3o que prev\u00ea a conclus\u00e3o da fase de diagn\u00f3stico em outubro, progn\u00f3stico em novembro e, em dezembro, a realiza\u00e7\u00e3o de audi\u00eancia p\u00fablica. A entrega final do documento est\u00e1 prevista para o segundo semestre de 2026.<\/p>\n\n\n\n<p><strong>\u2014 \u2014 \u2014<\/strong><\/p>\n\n\n\n<p><strong>Texto &#8211;<\/strong> Emanuelle Baires\/Semcom-Prefeito e Deborah Azevedo \/ Semcom<br><strong>Fotos &#8211; <\/strong>Dhyeizo Lemos \/ Semcom-Prefeito e Ant\u00f4nio Pereira \/Semcom<\/p>\n","protected":false},"excerpt":{"rendered":"","protected":false},"author":68,"featured_media":245374,"comment_status":"closed","ping_status":"closed","sticky":false,"template":"","format":"standard","meta":{"footnotes":""},"categories":[578],"tags":[35,16792,77],"acf":[],"yoast_head":"<!-- This site is optimized with the Yoast SEO plugin v23.0 - https:\/\/yoast.com\/wordpress\/plugins\/seo\/ -->\n<title>Prefeito David Almeida destaca avan\u00e7o da constru\u00e7\u00e3o do Plano Municipal de Saneamento B\u00e1sico<\/title>\n<meta name=\"description\" content=\"Manaus deu mais um passo importante na constru\u00e7\u00e3o do Plano Municipal de Saneamento B\u00e1sico (PMSB). Nesta ter\u00e7a-feira, 9\/9, o prefeito David Almeida participou de uma reuni\u00e3o no Centro de Coopera\u00e7\u00e3o da Cidade (CCC) com a equipe de consultores contratados, por meio da Funda\u00e7\u00e3o de Empreendimentos Cient\u00edficos e Tecnol\u00f3gicos (Finatec), para tratar sobre o avan\u00e7o e pr\u00f3ximos passos referentes \u00e0 revis\u00e3o e atualiza\u00e7\u00e3o do Plano Municipal.\" \/>\n<meta name=\"robots\" content=\"index, follow, max-snippet:-1, max-image-preview:large, max-video-preview:-1\" \/>\n<link rel=\"canonical\" href=\"https:\/\/www.manaus.am.gov.br\/semcom\/plano-municipal-de-saneamento-basico\/\" \/>\n<meta property=\"og:locale\" content=\"pt_BR\" \/>\n<meta property=\"og:type\" content=\"article\" \/>\n<meta property=\"og:title\" content=\"Prefeito David Almeida destaca avan\u00e7o da constru\u00e7\u00e3o do Plano Municipal de Saneamento B\u00e1sico\" \/>\n<meta property=\"og:description\" content=\"Manaus deu mais um passo importante na constru\u00e7\u00e3o do Plano Municipal de Saneamento B\u00e1sico (PMSB). Nesta ter\u00e7a-feira, 9\/9, o prefeito David Almeida participou de uma reuni\u00e3o no Centro de Coopera\u00e7\u00e3o da Cidade (CCC) com a equipe de consultores contratados, por meio da Funda\u00e7\u00e3o de Empreendimentos Cient\u00edficos e Tecnol\u00f3gicos (Finatec), para tratar sobre o avan\u00e7o e pr\u00f3ximos passos referentes \u00e0 revis\u00e3o e atualiza\u00e7\u00e3o do Plano Municipal.\" \/>\n<meta property=\"og:url\" content=\"https:\/\/www.manaus.am.gov.br\/semcom\/plano-municipal-de-saneamento-basico\/\" \/>\n<meta property=\"og:site_name\" content=\"SEMCOM\" \/>\n<meta property=\"article:published_time\" content=\"2025-09-10T01:34:45+00:00\" \/>\n<meta property=\"article:modified_time\" content=\"2025-09-10T01:36:21+00:00\" \/>\n<meta property=\"og:image\" content=\"https:\/\/www.manaus.am.gov.br\/semcom\/wp-content\/uploads\/sites\/5\/2025\/09\/WhatsApp-Image-2025-09-09-at-20.55.29-1.jpeg\" \/>\n\t<meta property=\"og:image:width\" content=\"4160\" \/>\n\t<meta property=\"og:image:height\" content=\"2773\" \/>\n\t<meta property=\"og:image:type\" content=\"image\/jpeg\" \/>\n<meta name=\"author\" content=\"bvalente\" \/>\n<meta name=\"twitter:card\" content=\"summary_large_image\" \/>\n<meta name=\"twitter:label1\" content=\"Written by\" \/>\n\t<meta name=\"twitter:data1\" content=\"bvalente\" \/>\n\t<meta name=\"twitter:label2\" content=\"Est. reading time\" \/>\n\t<meta name=\"twitter:data2\" content=\"1 minuto\" \/>\n<script type=\"application\/ld+json\" class=\"yoast-schema-graph\">{\"@context\":\"https:\/\/schema.org\",\"@graph\":[{\"@type\":\"WebPage\",\"@id\":\"https:\/\/www.manaus.am.gov.br\/semcom\/plano-municipal-de-saneamento-basico\/\",\"url\":\"https:\/\/www.manaus.am.gov.br\/semcom\/plano-municipal-de-saneamento-basico\/\",\"name\":\"Prefeito David Almeida destaca avan\u00e7o da constru\u00e7\u00e3o do Plano Municipal de Saneamento B\u00e1sico\",\"isPartOf\":{\"@id\":\"https:\/\/www.manaus.am.gov.br\/semcom\/#website\"},\"primaryImageOfPage\":{\"@id\":\"https:\/\/www.manaus.am.gov.br\/semcom\/plano-municipal-de-saneamento-basico\/#primaryimage\"},\"image\":{\"@id\":\"https:\/\/www.manaus.am.gov.br\/semcom\/plano-municipal-de-saneamento-basico\/#primaryimage\"},\"thumbnailUrl\":\"https:\/\/www.manaus.am.gov.br\/semcom\/wp-content\/uploads\/sites\/5\/2025\/09\/WhatsApp-Image-2025-09-09-at-20.55.29-1.jpeg\",\"datePublished\":\"2025-09-10T01:34:45+00:00\",\"dateModified\":\"2025-09-10T01:36:21+00:00\",\"author\":{\"@id\":\"https:\/\/www.manaus.am.gov.br\/semcom\/#\/schema\/person\/466a0e03ae4b6062809046bd560ac955\"},\"description\":\"Manaus deu mais um passo importante na constru\u00e7\u00e3o do Plano Municipal de Saneamento B\u00e1sico (PMSB). Nesta ter\u00e7a-feira, 9\/9, o prefeito David Almeida participou de uma reuni\u00e3o no Centro de Coopera\u00e7\u00e3o da Cidade (CCC) com a equipe de consultores contratados, por meio da Funda\u00e7\u00e3o de Empreendimentos Cient\u00edficos e Tecnol\u00f3gicos (Finatec), para tratar sobre o avan\u00e7o e pr\u00f3ximos passos referentes \u00e0 revis\u00e3o e atualiza\u00e7\u00e3o do Plano Municipal.\",\"inLanguage\":\"pt-BR\",\"potentialAction\":[{\"@type\":\"ReadAction\",\"target\":[\"https:\/\/www.manaus.am.gov.br\/semcom\/plano-municipal-de-saneamento-basico\/\"]}]},{\"@type\":\"ImageObject\",\"inLanguage\":\"pt-BR\",\"@id\":\"https:\/\/www.manaus.am.gov.br\/semcom\/plano-municipal-de-saneamento-basico\/#primaryimage\",\"url\":\"https:\/\/www.manaus.am.gov.br\/semcom\/wp-content\/uploads\/sites\/5\/2025\/09\/WhatsApp-Image-2025-09-09-at-20.55.29-1.jpeg\",\"contentUrl\":\"https:\/\/www.manaus.am.gov.br\/semcom\/wp-content\/uploads\/sites\/5\/2025\/09\/WhatsApp-Image-2025-09-09-at-20.55.29-1.jpeg\",\"width\":4160,\"height\":2773},{\"@type\":\"WebSite\",\"@id\":\"https:\/\/www.manaus.am.gov.br\/semcom\/#website\",\"url\":\"https:\/\/www.manaus.am.gov.br\/semcom\/\",\"name\":\"SEMCOM\",\"description\":\"Secretaria Municipal de Comunica\u00e7\u00e3o\",\"potentialAction\":[{\"@type\":\"SearchAction\",\"target\":{\"@type\":\"EntryPoint\",\"urlTemplate\":\"https:\/\/www.manaus.am.gov.br\/semcom\/?s={search_term_string}\"},\"query-input\":\"required name=search_term_string\"}],\"inLanguage\":\"pt-BR\"},{\"@type\":\"Person\",\"@id\":\"https:\/\/www.manaus.am.gov.br\/semcom\/#\/schema\/person\/466a0e03ae4b6062809046bd560ac955\",\"name\":\"bvalente\",\"image\":{\"@type\":\"ImageObject\",\"inLanguage\":\"pt-BR\",\"@id\":\"https:\/\/www.manaus.am.gov.br\/semcom\/#\/schema\/person\/image\/\",\"url\":\"https:\/\/secure.gravatar.com\/avatar\/3e69bc2b014bdad41adfec3a39de07d2?s=96&d=mm&r=g\",\"contentUrl\":\"https:\/\/secure.gravatar.com\/avatar\/3e69bc2b014bdad41adfec3a39de07d2?s=96&d=mm&r=g\",\"caption\":\"bvalente\"}}]}<\/script>\n<!-- \/ Yoast SEO plugin. -->","yoast_head_json":{"title":"Prefeito David Almeida destaca avan\u00e7o da constru\u00e7\u00e3o do Plano Municipal de Saneamento B\u00e1sico","description":"Manaus deu mais um passo importante na constru\u00e7\u00e3o do Plano Municipal de Saneamento B\u00e1sico (PMSB). Nesta ter\u00e7a-feira, 9\/9, o prefeito David Almeida participou de uma reuni\u00e3o no Centro de Coopera\u00e7\u00e3o da Cidade (CCC) com a equipe de consultores contratados, por meio da Funda\u00e7\u00e3o de Empreendimentos Cient\u00edficos e Tecnol\u00f3gicos (Finatec), para tratar sobre o avan\u00e7o e pr\u00f3ximos passos referentes \u00e0 revis\u00e3o e atualiza\u00e7\u00e3o do Plano Municipal.","robots":{"index":"index","follow":"follow","max-snippet":"max-snippet:-1","max-image-preview":"max-image-preview:large","max-video-preview":"max-video-preview:-1"},"canonical":"https:\/\/www.manaus.am.gov.br\/semcom\/plano-municipal-de-saneamento-basico\/","og_locale":"pt_BR","og_type":"article","og_title":"Prefeito David Almeida destaca avan\u00e7o da constru\u00e7\u00e3o do Plano Municipal de Saneamento B\u00e1sico","og_description":"Manaus deu mais um passo importante na constru\u00e7\u00e3o do Plano Municipal de Saneamento B\u00e1sico (PMSB). Nesta ter\u00e7a-feira, 9\/9, o prefeito David Almeida participou de uma reuni\u00e3o no Centro de Coopera\u00e7\u00e3o da Cidade (CCC) com a equipe de consultores contratados, por meio da Funda\u00e7\u00e3o de Empreendimentos Cient\u00edficos e Tecnol\u00f3gicos (Finatec), para tratar sobre o avan\u00e7o e pr\u00f3ximos passos referentes \u00e0 revis\u00e3o e atualiza\u00e7\u00e3o do Plano Municipal.","og_url":"https:\/\/www.manaus.am.gov.br\/semcom\/plano-municipal-de-saneamento-basico\/","og_site_name":"SEMCOM","article_published_time":"2025-09-10T01:34:45+00:00","article_modified_time":"2025-09-10T01:36:21+00:00","og_image":[{"width":4160,"height":2773,"url":"https:\/\/www.manaus.am.gov.br\/semcom\/wp-content\/uploads\/sites\/5\/2025\/09\/WhatsApp-Image-2025-09-09-at-20.55.29-1.jpeg","type":"image\/jpeg"}],"author":"bvalente","twitter_card":"summary_large_image","twitter_misc":{"Written by":"bvalente","Est. reading time":"1 minuto"},"schema":{"@context":"https:\/\/schema.org","@graph":[{"@type":"WebPage","@id":"https:\/\/www.manaus.am.gov.br\/semcom\/plano-municipal-de-saneamento-basico\/","url":"https:\/\/www.manaus.am.gov.br\/semcom\/plano-municipal-de-saneamento-basico\/","name":"Prefeito David Almeida destaca avan\u00e7o da constru\u00e7\u00e3o do Plano Municipal de Saneamento B\u00e1sico","isPartOf":{"@id":"https:\/\/www.manaus.am.gov.br\/semcom\/#website"},"primaryImageOfPage":{"@id":"https:\/\/www.manaus.am.gov.br\/semcom\/plano-municipal-de-saneamento-basico\/#primaryimage"},"image":{"@id":"https:\/\/www.manaus.am.gov.br\/semcom\/plano-municipal-de-saneamento-basico\/#primaryimage"},"thumbnailUrl":"https:\/\/www.manaus.am.gov.br\/semcom\/wp-content\/uploads\/sites\/5\/2025\/09\/WhatsApp-Image-2025-09-09-at-20.55.29-1.jpeg","datePublished":"2025-09-10T01:34:45+00:00","dateModified":"2025-09-10T01:36:21+00:00","author":{"@id":"https:\/\/www.manaus.am.gov.br\/semcom\/#\/schema\/person\/466a0e03ae4b6062809046bd560ac955"},"description":"Manaus deu mais um passo importante na constru\u00e7\u00e3o do Plano Municipal de Saneamento B\u00e1sico (PMSB). Nesta ter\u00e7a-feira, 9\/9, o prefeito David Almeida participou de uma reuni\u00e3o no Centro de Coopera\u00e7\u00e3o da Cidade (CCC) com a equipe de consultores contratados, por meio da Funda\u00e7\u00e3o de Empreendimentos Cient\u00edficos e Tecnol\u00f3gicos (Finatec), para tratar sobre o avan\u00e7o e pr\u00f3ximos passos referentes \u00e0 revis\u00e3o e atualiza\u00e7\u00e3o do Plano Municipal.","inLanguage":"pt-BR","potentialAction":[{"@type":"ReadAction","target":["https:\/\/www.manaus.am.gov.br\/semcom\/plano-municipal-de-saneamento-basico\/"]}]},{"@type":"ImageObject","inLanguage":"pt-BR","@id":"https:\/\/www.manaus.am.gov.br\/semcom\/plano-municipal-de-saneamento-basico\/#primaryimage","url":"https:\/\/www.manaus.am.gov.br\/semcom\/wp-content\/uploads\/sites\/5\/2025\/09\/WhatsApp-Image-2025-09-09-at-20.55.29-1.jpeg","contentUrl":"https:\/\/www.manaus.am.gov.br\/semcom\/wp-content\/uploads\/sites\/5\/2025\/09\/WhatsApp-Image-2025-09-09-at-20.55.29-1.jpeg","width":4160,"height":2773},{"@type":"WebSite","@id":"https:\/\/www.manaus.am.gov.br\/semcom\/#website","url":"https:\/\/www.manaus.am.gov.br\/semcom\/","name":"SEMCOM","description":"Secretaria Municipal de Comunica\u00e7\u00e3o","potentialAction":[{"@type":"SearchAction","target":{"@type":"EntryPoint","urlTemplate":"https:\/\/www.manaus.am.gov.br\/semcom\/?s={search_term_string}"},"query-input":"required name=search_term_string"}],"inLanguage":"pt-BR"},{"@type":"Person","@id":"https:\/\/www.manaus.am.gov.br\/semcom\/#\/schema\/person\/466a0e03ae4b6062809046bd560ac955","name":"bvalente","image":{"@type":"ImageObject","inLanguage":"pt-BR","@id":"https:\/\/www.manaus.am.gov.br\/semcom\/#\/schema\/person\/image\/","url":"https:\/\/secure.gravatar.com\/avatar\/3e69bc2b014bdad41adfec3a39de07d2?s=96&d=mm&r=g","contentUrl":"https:\/\/secure.gravatar.com\/avatar\/3e69bc2b014bdad41adfec3a39de07d2?s=96&d=mm&r=g","caption":"bvalente"}}]}},"_links":{"self":[{"href":"https:\/\/www.manaus.am.gov.br\/semcom\/wp-json\/wp\/v2\/posts\/245373"}],"collection":[{"href":"https:\/\/www.manaus.am.gov.br\/semcom\/wp-json\/wp\/v2\/posts"}],"about":[{"href":"https:\/\/www.manaus.am.gov.br\/semcom\/wp-json\/wp\/v2\/types\/post"}],"author":[{"embeddable":true,"href":"https:\/\/www.manaus.am.gov.br\/semcom\/wp-json\/wp\/v2\/users\/68"}],"replies":[{"embeddable":true,"href":"https:\/\/www.manaus.am.gov.br\/semcom\/wp-json\/wp\/v2\/comments?post=245373"}],"version-history":[{"count":1,"href":"https:\/\/www.manaus.am.gov.br\/semcom\/wp-json\/wp\/v2\/posts\/245373\/revisions"}],"predecessor-version":[{"id":245375,"href":"https:\/\/www.manaus.am.gov.br\/semcom\/wp-json\/wp\/v2\/posts\/245373\/revisions\/245375"}],"wp:featuredmedia":[{"embeddable":true,"href":"https:\/\/www.manaus.am.gov.br\/semcom\/wp-json\/wp\/v2\/media\/245374"}],"wp:attachment":[{"href":"https:\/\/www.manaus.am.gov.br\/semcom\/wp-json\/wp\/v2\/media?parent=245373"}],"wp:term":[{"taxonomy":"category","embeddable":true,"href":"https:\/\/www.manaus.am.gov.br\/semcom\/wp-json\/wp\/v2\/categories?post=245373"},{"taxonomy":"post_tag","embeddable":true,"href":"https:\/\/www.manaus.am.gov.br\/semcom\/wp-json\/wp\/v2\/tags?post=245373"}],"curies":[{"name":"wp","href":"https:\/\/api.w.org\/{rel}","templated":true}]}}