{"id":245368,"date":"2025-09-09T20:23:45","date_gmt":"2025-09-10T00:23:45","guid":{"rendered":"https:\/\/www.manaus.am.gov.br\/semcom\/agenda-presidente-lula-manaus\/"},"modified":"2025-09-09T21:24:23","modified_gmt":"2025-09-10T00:24:23","slug":"agenda-presidente-lula-manaus","status":"publish","type":"post","link":"https:\/\/www.manaus.am.gov.br\/semcom\/agenda-presidente-lula-manaus\/","title":{"rendered":"Prefeito David Almeida acompanha presidente Lula em agenda hist\u00f3rica em Manaus"},"content":{"rendered":"\n<p>O prefeito de Manaus, David Almeida, acompanhou, nesta ter\u00e7a-feira, 9\/9, a agenda do presidente da Rep\u00fablica, Luiz In\u00e1cio Lula da Silva, que esteve na capital para inaugurar o Centro de Coopera\u00e7\u00e3o Policial Internacional da Amaz\u00f4nia (CCPI Amaz\u00f4nia) e entregar o cabo subfluvial da Infovia 04 dentro do programa \u201cNorte Conectado\u201d.<\/p>\n\n\n\n<p>\u201cCom a inaugura\u00e7\u00e3o do Centro de Coopera\u00e7\u00e3o Policial Internacional da Amaz\u00f4nia e a entrega da Infovia 04, Manaus d\u00e1 um passo hist\u00f3rico. De um lado, refor\u00e7amos a seguran\u00e7a p\u00fablica com mais intelig\u00eancia e integra\u00e7\u00e3o no combate aos crimes que afetam nossa regi\u00e3o. De outro, ampliamos a conectividade, levando internet de qualidade que vai transformar a educa\u00e7\u00e3o, a sa\u00fade e os servi\u00e7os p\u00fablicos. S\u00e3o iniciativas que colocam nossa cidade em posi\u00e7\u00e3o estrat\u00e9gica, promovendo desenvolvimento, inclus\u00e3o e qualidade de vida para a popula\u00e7\u00e3o\u201d, afirmou o prefeito David Almeida.<\/p>\n\n\n\n<p>O CCPI Amaz\u00f4nia, localizado na zona Centro-Oeste, recebeu R$ 36,7 milh\u00f5es do Fundo Amaz\u00f4nia e vai reunir os nove pa\u00edses amaz\u00f4nicos e os nove estados da Amaz\u00f4nia Legal no enfrentamento de crimes ambientais, tr\u00e1fico de drogas, armas e pessoas. A iniciativa integra o Plano Amaz\u00f4nia: Seguran\u00e7a e Soberania (AMAS), que soma R$ 318,5 milh\u00f5es em investimentos em equipamentos e tecnologia para refor\u00e7ar a atua\u00e7\u00e3o integrada das for\u00e7as de seguran\u00e7a.<\/p>\n\n\n\n<figure class=\"wp-block-image size-full\"><img loading=\"lazy\" decoding=\"async\" width=\"800\" height=\"533\" src=\"https:\/\/www.manaus.am.gov.br\/semcom\/wp-content\/uploads\/sites\/5\/2025\/09\/54775482307_2f95fe7bef_c.jpg\" alt=\"\" class=\"wp-image-245371\" srcset=\"https:\/\/www.manaus.am.gov.br\/semcom\/wp-content\/uploads\/sites\/5\/2025\/09\/54775482307_2f95fe7bef_c.jpg 800w, https:\/\/www.manaus.am.gov.br\/semcom\/wp-content\/uploads\/sites\/5\/2025\/09\/54775482307_2f95fe7bef_c-300x200.jpg 300w, https:\/\/www.manaus.am.gov.br\/semcom\/wp-content\/uploads\/sites\/5\/2025\/09\/54775482307_2f95fe7bef_c-768x512.jpg 768w\" sizes=\"(max-width: 800px) 100vw, 800px\" \/><\/figure>\n\n\n\n<p>Na parte da tarde, no Comando da Flotilha do Amazonas (ComFlotAM), na Vila Buriti, na zona Sul, o prefeito acompanhou o lan\u00e7amento da interliga\u00e7\u00e3o das infovias do Programa Norte Conectado. Na ocasi\u00e3o, foi entregue o cabo da Infovia 04, que conecta Boa Vista (RR) ao Amazonas, ampliando a rede de fibra \u00f3ptica subfluvial que deve chegar a 12 mil quil\u00f4metros na Amaz\u00f4nia.<\/p>\n\n\n\n<p>A agenda oficial tamb\u00e9m contou com a participa\u00e7\u00e3o do presidente da Col\u00f4mbia, Gustavo Petro; e da vice-presidenta do Equador, Mar\u00eda Jos\u00e9 Pinto; al\u00e9m do ministro da Justi\u00e7a, Ricardo Lewandowski; da ministra do Meio Ambiente, Marina Silva; do ministro das Rela\u00e7\u00f5es Exteriores, Mauro Vieira; do presidente do Banco Nacional de Desenvolvimento Econ\u00f4mico e Social (BNDES), Aloizio Mercadante; do diretor-geral da Pol\u00edcia Federal, Andrei Rodrigues, do senador da Rep\u00fablica, Omar Aziz; do vice-governador Tadeu de Souza; do presidente da C\u00e2mara Municipal de Manaus (CMM), David Reis; e do secret\u00e1rio-chefe da Casa Militar de Manaus, William Dias, entre outras autoridades.<\/p>\n\n\n\n<p>A agenda do presidente Lula em Manaus foi encerrada \u00e0s 18h, na Universidade Federal do Amazonas (Ufam), de onde o prefeito David Almeida seguiu para compromissos oficiais.<\/p>\n\n\n\n<p>\u2014 \u2014 \u2014<br><strong>Texto &#8211; <\/strong>Emanuelle Baires\/Semcom-Prefeito<\/p>\n\n\n\n<p><strong>Fotos &#8211; <\/strong>Dhyeizo Lemos\/Semcom-Prefeito<br><strong>Dispon\u00edveis em &#8211; <\/strong><a href=\"https:\/\/flic.kr\/s\/aHBqjCtyhK\">https:\/\/flic.kr\/s\/aHBqjCtyhK<\/a>&nbsp;<\/p>\n","protected":false},"excerpt":{"rendered":"","protected":false},"author":68,"featured_media":245369,"comment_status":"closed","ping_status":"closed","sticky":false,"template":"","format":"standard","meta":{"footnotes":""},"categories":[16790],"tags":[35,16791,77],"acf":[],"yoast_head":"<!-- This site is optimized with the Yoast SEO plugin v23.0 - https:\/\/yoast.com\/wordpress\/plugins\/seo\/ -->\n<title>Prefeito David Almeida acompanha presidente Lula em agenda hist\u00f3rica em Manaus<\/title>\n<meta name=\"description\" content=\"O prefeito de Manaus, David Almeida, acompanhou, nesta ter\u00e7a-feira, 9\/9, a agenda do presidente da Rep\u00fablica, Luiz In\u00e1cio Lula da Silva, que esteve na capital para inaugurar o Centro de Coopera\u00e7\u00e3o Policial Internacional da Amaz\u00f4nia (CCPI Amaz\u00f4nia) e entregar o cabo subfluvial da Infovia 04 dentro do programa \u201cNorte Conectado\u201d.\" \/>\n<meta name=\"robots\" content=\"index, follow, max-snippet:-1, max-image-preview:large, max-video-preview:-1\" \/>\n<link rel=\"canonical\" href=\"https:\/\/www.manaus.am.gov.br\/semcom\/agenda-presidente-lula-manaus\/\" \/>\n<meta property=\"og:locale\" content=\"pt_BR\" \/>\n<meta property=\"og:type\" content=\"article\" \/>\n<meta property=\"og:title\" content=\"Prefeito David Almeida acompanha presidente Lula em agenda hist\u00f3rica em Manaus\" \/>\n<meta property=\"og:description\" content=\"O prefeito de Manaus, David Almeida, acompanhou, nesta ter\u00e7a-feira, 9\/9, a agenda do presidente da Rep\u00fablica, Luiz In\u00e1cio Lula da Silva, que esteve na capital para inaugurar o Centro de Coopera\u00e7\u00e3o Policial Internacional da Amaz\u00f4nia (CCPI Amaz\u00f4nia) e entregar o cabo subfluvial da Infovia 04 dentro do programa \u201cNorte Conectado\u201d.\" \/>\n<meta property=\"og:url\" content=\"https:\/\/www.manaus.am.gov.br\/semcom\/agenda-presidente-lula-manaus\/\" \/>\n<meta property=\"og:site_name\" content=\"SEMCOM\" \/>\n<meta property=\"article:published_time\" content=\"2025-09-10T00:23:45+00:00\" \/>\n<meta property=\"article:modified_time\" content=\"2025-09-10T00:24:23+00:00\" \/>\n<meta property=\"og:image\" content=\"https:\/\/www.manaus.am.gov.br\/semcom\/wp-content\/uploads\/sites\/5\/2025\/09\/54776581220_93e975ca6c_c.jpg\" \/>\n\t<meta property=\"og:image:width\" content=\"800\" \/>\n\t<meta property=\"og:image:height\" content=\"527\" \/>\n\t<meta property=\"og:image:type\" content=\"image\/jpeg\" \/>\n<meta name=\"author\" content=\"bvalente\" \/>\n<meta name=\"twitter:card\" content=\"summary_large_image\" \/>\n<meta name=\"twitter:label1\" content=\"Written by\" \/>\n\t<meta name=\"twitter:data1\" content=\"bvalente\" \/>\n\t<meta name=\"twitter:label2\" content=\"Est. reading time\" \/>\n\t<meta name=\"twitter:data2\" content=\"3 minutos\" \/>\n<script type=\"application\/ld+json\" class=\"yoast-schema-graph\">{\"@context\":\"https:\/\/schema.org\",\"@graph\":[{\"@type\":\"WebPage\",\"@id\":\"https:\/\/www.manaus.am.gov.br\/semcom\/agenda-presidente-lula-manaus\/\",\"url\":\"https:\/\/www.manaus.am.gov.br\/semcom\/agenda-presidente-lula-manaus\/\",\"name\":\"Prefeito David Almeida acompanha presidente Lula em agenda hist\u00f3rica em Manaus\",\"isPartOf\":{\"@id\":\"https:\/\/www.manaus.am.gov.br\/semcom\/#website\"},\"primaryImageOfPage\":{\"@id\":\"https:\/\/www.manaus.am.gov.br\/semcom\/agenda-presidente-lula-manaus\/#primaryimage\"},\"image\":{\"@id\":\"https:\/\/www.manaus.am.gov.br\/semcom\/agenda-presidente-lula-manaus\/#primaryimage\"},\"thumbnailUrl\":\"https:\/\/www.manaus.am.gov.br\/semcom\/wp-content\/uploads\/sites\/5\/2025\/09\/54776581220_93e975ca6c_c.jpg\",\"datePublished\":\"2025-09-10T00:23:45+00:00\",\"dateModified\":\"2025-09-10T00:24:23+00:00\",\"author\":{\"@id\":\"https:\/\/www.manaus.am.gov.br\/semcom\/#\/schema\/person\/466a0e03ae4b6062809046bd560ac955\"},\"description\":\"O prefeito de Manaus, David Almeida, acompanhou, nesta ter\u00e7a-feira, 9\/9, a agenda do presidente da Rep\u00fablica, Luiz In\u00e1cio Lula da Silva, que esteve na capital para inaugurar o Centro de Coopera\u00e7\u00e3o Policial Internacional da Amaz\u00f4nia (CCPI Amaz\u00f4nia) e entregar o cabo subfluvial da Infovia 04 dentro do programa \u201cNorte Conectado\u201d.\",\"inLanguage\":\"pt-BR\",\"potentialAction\":[{\"@type\":\"ReadAction\",\"target\":[\"https:\/\/www.manaus.am.gov.br\/semcom\/agenda-presidente-lula-manaus\/\"]}]},{\"@type\":\"ImageObject\",\"inLanguage\":\"pt-BR\",\"@id\":\"https:\/\/www.manaus.am.gov.br\/semcom\/agenda-presidente-lula-manaus\/#primaryimage\",\"url\":\"https:\/\/www.manaus.am.gov.br\/semcom\/wp-content\/uploads\/sites\/5\/2025\/09\/54776581220_93e975ca6c_c.jpg\",\"contentUrl\":\"https:\/\/www.manaus.am.gov.br\/semcom\/wp-content\/uploads\/sites\/5\/2025\/09\/54776581220_93e975ca6c_c.jpg\",\"width\":800,\"height\":527},{\"@type\":\"WebSite\",\"@id\":\"https:\/\/www.manaus.am.gov.br\/semcom\/#website\",\"url\":\"https:\/\/www.manaus.am.gov.br\/semcom\/\",\"name\":\"SEMCOM\",\"description\":\"Secretaria Municipal de Comunica\u00e7\u00e3o\",\"potentialAction\":[{\"@type\":\"SearchAction\",\"target\":{\"@type\":\"EntryPoint\",\"urlTemplate\":\"https:\/\/www.manaus.am.gov.br\/semcom\/?s={search_term_string}\"},\"query-input\":\"required name=search_term_string\"}],\"inLanguage\":\"pt-BR\"},{\"@type\":\"Person\",\"@id\":\"https:\/\/www.manaus.am.gov.br\/semcom\/#\/schema\/person\/466a0e03ae4b6062809046bd560ac955\",\"name\":\"bvalente\",\"image\":{\"@type\":\"ImageObject\",\"inLanguage\":\"pt-BR\",\"@id\":\"https:\/\/www.manaus.am.gov.br\/semcom\/#\/schema\/person\/image\/\",\"url\":\"https:\/\/secure.gravatar.com\/avatar\/3e69bc2b014bdad41adfec3a39de07d2?s=96&d=mm&r=g\",\"contentUrl\":\"https:\/\/secure.gravatar.com\/avatar\/3e69bc2b014bdad41adfec3a39de07d2?s=96&d=mm&r=g\",\"caption\":\"bvalente\"}}]}<\/script>\n<!-- \/ Yoast SEO plugin. -->","yoast_head_json":{"title":"Prefeito David Almeida acompanha presidente Lula em agenda hist\u00f3rica em Manaus","description":"O prefeito de Manaus, David Almeida, acompanhou, nesta ter\u00e7a-feira, 9\/9, a agenda do presidente da Rep\u00fablica, Luiz In\u00e1cio Lula da Silva, que esteve na capital para inaugurar o Centro de Coopera\u00e7\u00e3o Policial Internacional da Amaz\u00f4nia (CCPI Amaz\u00f4nia) e entregar o cabo subfluvial da Infovia 04 dentro do programa \u201cNorte Conectado\u201d.","robots":{"index":"index","follow":"follow","max-snippet":"max-snippet:-1","max-image-preview":"max-image-preview:large","max-video-preview":"max-video-preview:-1"},"canonical":"https:\/\/www.manaus.am.gov.br\/semcom\/agenda-presidente-lula-manaus\/","og_locale":"pt_BR","og_type":"article","og_title":"Prefeito David Almeida acompanha presidente Lula em agenda hist\u00f3rica em Manaus","og_description":"O prefeito de Manaus, David Almeida, acompanhou, nesta ter\u00e7a-feira, 9\/9, a agenda do presidente da Rep\u00fablica, Luiz In\u00e1cio Lula da Silva, que esteve na capital para inaugurar o Centro de Coopera\u00e7\u00e3o Policial Internacional da Amaz\u00f4nia (CCPI Amaz\u00f4nia) e entregar o cabo subfluvial da Infovia 04 dentro do programa \u201cNorte Conectado\u201d.","og_url":"https:\/\/www.manaus.am.gov.br\/semcom\/agenda-presidente-lula-manaus\/","og_site_name":"SEMCOM","article_published_time":"2025-09-10T00:23:45+00:00","article_modified_time":"2025-09-10T00:24:23+00:00","og_image":[{"width":800,"height":527,"url":"https:\/\/www.manaus.am.gov.br\/semcom\/wp-content\/uploads\/sites\/5\/2025\/09\/54776581220_93e975ca6c_c.jpg","type":"image\/jpeg"}],"author":"bvalente","twitter_card":"summary_large_image","twitter_misc":{"Written by":"bvalente","Est. reading time":"3 minutos"},"schema":{"@context":"https:\/\/schema.org","@graph":[{"@type":"WebPage","@id":"https:\/\/www.manaus.am.gov.br\/semcom\/agenda-presidente-lula-manaus\/","url":"https:\/\/www.manaus.am.gov.br\/semcom\/agenda-presidente-lula-manaus\/","name":"Prefeito David Almeida acompanha presidente Lula em agenda hist\u00f3rica em Manaus","isPartOf":{"@id":"https:\/\/www.manaus.am.gov.br\/semcom\/#website"},"primaryImageOfPage":{"@id":"https:\/\/www.manaus.am.gov.br\/semcom\/agenda-presidente-lula-manaus\/#primaryimage"},"image":{"@id":"https:\/\/www.manaus.am.gov.br\/semcom\/agenda-presidente-lula-manaus\/#primaryimage"},"thumbnailUrl":"https:\/\/www.manaus.am.gov.br\/semcom\/wp-content\/uploads\/sites\/5\/2025\/09\/54776581220_93e975ca6c_c.jpg","datePublished":"2025-09-10T00:23:45+00:00","dateModified":"2025-09-10T00:24:23+00:00","author":{"@id":"https:\/\/www.manaus.am.gov.br\/semcom\/#\/schema\/person\/466a0e03ae4b6062809046bd560ac955"},"description":"O prefeito de Manaus, David Almeida, acompanhou, nesta ter\u00e7a-feira, 9\/9, a agenda do presidente da Rep\u00fablica, Luiz In\u00e1cio Lula da Silva, que esteve na capital para inaugurar o Centro de Coopera\u00e7\u00e3o Policial Internacional da Amaz\u00f4nia (CCPI Amaz\u00f4nia) e entregar o cabo subfluvial da Infovia 04 dentro do programa \u201cNorte Conectado\u201d.","inLanguage":"pt-BR","potentialAction":[{"@type":"ReadAction","target":["https:\/\/www.manaus.am.gov.br\/semcom\/agenda-presidente-lula-manaus\/"]}]},{"@type":"ImageObject","inLanguage":"pt-BR","@id":"https:\/\/www.manaus.am.gov.br\/semcom\/agenda-presidente-lula-manaus\/#primaryimage","url":"https:\/\/www.manaus.am.gov.br\/semcom\/wp-content\/uploads\/sites\/5\/2025\/09\/54776581220_93e975ca6c_c.jpg","contentUrl":"https:\/\/www.manaus.am.gov.br\/semcom\/wp-content\/uploads\/sites\/5\/2025\/09\/54776581220_93e975ca6c_c.jpg","width":800,"height":527},{"@type":"WebSite","@id":"https:\/\/www.manaus.am.gov.br\/semcom\/#website","url":"https:\/\/www.manaus.am.gov.br\/semcom\/","name":"SEMCOM","description":"Secretaria Municipal de Comunica\u00e7\u00e3o","potentialAction":[{"@type":"SearchAction","target":{"@type":"EntryPoint","urlTemplate":"https:\/\/www.manaus.am.gov.br\/semcom\/?s={search_term_string}"},"query-input":"required name=search_term_string"}],"inLanguage":"pt-BR"},{"@type":"Person","@id":"https:\/\/www.manaus.am.gov.br\/semcom\/#\/schema\/person\/466a0e03ae4b6062809046bd560ac955","name":"bvalente","image":{"@type":"ImageObject","inLanguage":"pt-BR","@id":"https:\/\/www.manaus.am.gov.br\/semcom\/#\/schema\/person\/image\/","url":"https:\/\/secure.gravatar.com\/avatar\/3e69bc2b014bdad41adfec3a39de07d2?s=96&d=mm&r=g","contentUrl":"https:\/\/secure.gravatar.com\/avatar\/3e69bc2b014bdad41adfec3a39de07d2?s=96&d=mm&r=g","caption":"bvalente"}}]}},"_links":{"self":[{"href":"https:\/\/www.manaus.am.gov.br\/semcom\/wp-json\/wp\/v2\/posts\/245368"}],"collection":[{"href":"https:\/\/www.manaus.am.gov.br\/semcom\/wp-json\/wp\/v2\/posts"}],"about":[{"href":"https:\/\/www.manaus.am.gov.br\/semcom\/wp-json\/wp\/v2\/types\/post"}],"author":[{"embeddable":true,"href":"https:\/\/www.manaus.am.gov.br\/semcom\/wp-json\/wp\/v2\/users\/68"}],"replies":[{"embeddable":true,"href":"https:\/\/www.manaus.am.gov.br\/semcom\/wp-json\/wp\/v2\/comments?post=245368"}],"version-history":[{"count":2,"href":"https:\/\/www.manaus.am.gov.br\/semcom\/wp-json\/wp\/v2\/posts\/245368\/revisions"}],"predecessor-version":[{"id":245372,"href":"https:\/\/www.manaus.am.gov.br\/semcom\/wp-json\/wp\/v2\/posts\/245368\/revisions\/245372"}],"wp:featuredmedia":[{"embeddable":true,"href":"https:\/\/www.manaus.am.gov.br\/semcom\/wp-json\/wp\/v2\/media\/245369"}],"wp:attachment":[{"href":"https:\/\/www.manaus.am.gov.br\/semcom\/wp-json\/wp\/v2\/media?parent=245368"}],"wp:term":[{"taxonomy":"category","embeddable":true,"href":"https:\/\/www.manaus.am.gov.br\/semcom\/wp-json\/wp\/v2\/categories?post=245368"},{"taxonomy":"post_tag","embeddable":true,"href":"https:\/\/www.manaus.am.gov.br\/semcom\/wp-json\/wp\/v2\/tags?post=245368"}],"curies":[{"name":"wp","href":"https:\/\/api.w.org\/{rel}","templated":true}]}}