{"id":245285,"date":"2025-09-09T12:43:24","date_gmt":"2025-09-09T16:43:24","guid":{"rendered":"https:\/\/www.manaus.am.gov.br\/semcom\/ageman-multa-aguas-de-manaus\/"},"modified":"2025-09-09T12:43:24","modified_gmt":"2025-09-09T16:43:24","slug":"ageman-multa-aguas-de-manaus","status":"publish","type":"post","link":"https:\/\/www.manaus.am.gov.br\/semcom\/ageman-multa-aguas-de-manaus\/","title":{"rendered":"Ageman multa \u00c1guas de Manaus em R$ 637,2 mil por desabastecimento frequente no Viver Melhor 1 e 2"},"content":{"rendered":"\n<p>A Ag\u00eancia Reguladora dos Servi\u00e7os P\u00fablicos Delegados do Munic\u00edpio de Manaus (Ageman) multou a empresa \u00c1guas de Manaus em R$ 637,2 mil pela ocorr\u00eancia frequente de desabastecimento de \u00e1gua no residencial Viver Melhor 1 e 2, no bairro Lago Azul, na zona Norte da cidade.<br><br>Os problemas de falta d&#8217;\u00e1gua na localidade vem sendo acompanhados pela Ageman desde mar\u00e7o, quando a empresa foi notificada a apresentar medidas com o objetivo de regularizar o abastecimento para as mais de 1.700 fam\u00edlias que moram no residencial.<\/p>\n\n\n\n<p>Nas vistorias realizadas pela equipe t\u00e9cnica da Diretoria de Concess\u00f5es, Obras e Saneamento da Ageman foram identificadas diversas n\u00e3o conformidades graves como desabastecimento frequente e prolongado, al\u00e9m de baixa press\u00e3o generalizada nas redes de distribui\u00e7\u00e3o, comprometendo a qualidade e a regularidade do servi\u00e7o aos usu\u00e1rios.<\/p>\n\n\n\n<p>Ap\u00f3s a notifica\u00e7\u00e3o do \u00f3rg\u00e3o regulador, a concession\u00e1ria chegou a realizar diversas interven\u00e7\u00f5es, entre elas a instala\u00e7\u00e3o de dois reservat\u00f3rios provis\u00f3rios, fez a limpeza e testes de vaz\u00e3o no po\u00e7o que atende ao residencial, e implantou obras de extens\u00e3o de rede. No entanto, as provid\u00eancias adotadas n\u00e3o foram capazes de solucionar o problema de forma definitiva e a localidade tem recebido diariamente refor\u00e7os com o aux\u00edlio de carro-pipa.<\/p>\n\n\n\n<p>Diante da continuidade dos problemas de desabastecimento, a gravidade das falhas, a dura\u00e7\u00e3o prolongada do problema e a extens\u00e3o coletiva do dano causado aos usu\u00e1rios, a Ageman emitiu o auto de infra\u00e7\u00e3o que resultou na aplica\u00e7\u00e3o da multa.<\/p>\n\n\n\n<p>O diretor-presidente da Ageman, Elson Andrade, explica que mais do que multar, \u00e9 necess\u00e1rio que a empresa resolva o problema. \u201cN\u00f3s queremos que os usu\u00e1rios sejam atendidos todos os dias de forma ininterrupta. A gente quer que a empresa preste um servi\u00e7o de qualidade aos moradores. \u00c1gua \u00e9 um servi\u00e7o essencial\u201d, destacou.<\/p>\n\n\n\n<p>Elson disse ainda que a concession\u00e1ria j\u00e1 iniciou a obra de um novo po\u00e7o para atender a popula\u00e7\u00e3o do residencial e que a pedido da Ageman, a empresa est\u00e1 estudando a possibilidade de construir um novo reservat\u00f3rio, a fim de atender a demanda, visto que nas proximidades do residencial existem \u00e1reas de invas\u00e3o que se utilizam do sistema de abastecimento, comprometendo a qualidade do servi\u00e7o oferecido aos moradores do Viver Melhor 1 e 2.<\/p>\n\n\n\n<p>A concession\u00e1ria tem 30 dias para pagar a multa ou 15 dias para apresentar recurso administrativo. A Ageman segue acompanhando a situa\u00e7\u00e3o junto aos moradores e \u00e0 concession\u00e1ria.<\/p>\n\n\n\n<p>A ag\u00eancia disponibiliza seus canais de divulga\u00e7\u00e3o para que os usu\u00e1rios reportem problemas relacionados a m\u00e1 qualidade dos servi\u00e7os essenciais regulados. As reclama\u00e7\u00f5es podem ser registradas na Ouvidoria da Ageman pelo WhatsApp 98842-2919 e 98410-3247, pelo e-mail\u00a0<a href=\"mailto:ouvidoria.ageman2@gmail.com\" target=\"_blank\" rel=\"noreferrer noopener\">ouvidoria.ageman2@gmail.com<\/a>\u00a0e ainda pelo 0800 092 3511.<\/p>\n\n\n\n<figure class=\"wp-block-image size-large\"><img loading=\"lazy\" decoding=\"async\" width=\"1024\" height=\"768\" src=\"https:\/\/www.manaus.am.gov.br\/semcom\/wp-content\/uploads\/sites\/5\/2025\/09\/Residencial-Viver-Melhor-4-1024x768.jpeg\" alt=\"\" class=\"wp-image-245287\" srcset=\"https:\/\/www.manaus.am.gov.br\/semcom\/wp-content\/uploads\/sites\/5\/2025\/09\/Residencial-Viver-Melhor-4-1024x768.jpeg 1024w, https:\/\/www.manaus.am.gov.br\/semcom\/wp-content\/uploads\/sites\/5\/2025\/09\/Residencial-Viver-Melhor-4-300x225.jpeg 300w, https:\/\/www.manaus.am.gov.br\/semcom\/wp-content\/uploads\/sites\/5\/2025\/09\/Residencial-Viver-Melhor-4-768x576.jpeg 768w, https:\/\/www.manaus.am.gov.br\/semcom\/wp-content\/uploads\/sites\/5\/2025\/09\/Residencial-Viver-Melhor-4-1536x1152.jpeg 1536w, https:\/\/www.manaus.am.gov.br\/semcom\/wp-content\/uploads\/sites\/5\/2025\/09\/Residencial-Viver-Melhor-4-2048x1536.jpeg 2048w\" sizes=\"(max-width: 1024px) 100vw, 1024px\" \/><\/figure>\n\n\n\n<p>&#8212; &#8212; &#8212;<\/p>\n\n\n\n<p><strong>Texto &#8211;<\/strong>\u00a0Tereza Te\u00f3filo\/Ageman<\/p>\n\n\n\n<p><strong>Fotos \u2013 <\/strong>Divulga\u00e7\u00e3o\/Ageman<\/p>\n","protected":false},"excerpt":{"rendered":"","protected":false},"author":39,"featured_media":245286,"comment_status":"closed","ping_status":"closed","sticky":false,"template":"","format":"standard","meta":{"footnotes":""},"categories":[5701,44],"tags":[215,16770,16771,77,16772],"acf":[],"yoast_head":"<!-- This site is optimized with the Yoast SEO plugin v23.0 - https:\/\/yoast.com\/wordpress\/plugins\/seo\/ -->\n<title>Ageman multa \u00c1guas de Manaus por desabastecimento no Viver Melhor 1 e 2<\/title>\n<meta name=\"description\" content=\"Ageman multa \u00c1guas de Manaus em R$ 637,2 mil por desabastecimento frequente no residencial Viver Melhor 1 e 2.\" \/>\n<meta name=\"robots\" content=\"index, follow, max-snippet:-1, max-image-preview:large, max-video-preview:-1\" \/>\n<link rel=\"canonical\" href=\"https:\/\/www.manaus.am.gov.br\/semcom\/ageman-multa-aguas-de-manaus\/\" \/>\n<meta property=\"og:locale\" content=\"pt_BR\" \/>\n<meta property=\"og:type\" content=\"article\" \/>\n<meta property=\"og:title\" content=\"Ageman multa \u00c1guas de Manaus por desabastecimento no Viver Melhor 1 e 2\" \/>\n<meta property=\"og:description\" content=\"Ageman multa \u00c1guas de Manaus em R$ 637,2 mil por desabastecimento frequente no residencial Viver Melhor 1 e 2.\" \/>\n<meta property=\"og:url\" content=\"https:\/\/www.manaus.am.gov.br\/semcom\/ageman-multa-aguas-de-manaus\/\" \/>\n<meta property=\"og:site_name\" content=\"SEMCOM\" \/>\n<meta property=\"article:published_time\" content=\"2025-09-09T16:43:24+00:00\" \/>\n<meta property=\"og:image\" content=\"https:\/\/www.manaus.am.gov.br\/semcom\/wp-content\/uploads\/sites\/5\/2025\/09\/Residencial-Viver-Melhor-3-1024x768.jpeg\" \/>\n\t<meta property=\"og:image:width\" content=\"1024\" \/>\n\t<meta property=\"og:image:height\" content=\"768\" \/>\n\t<meta property=\"og:image:type\" content=\"image\/jpeg\" \/>\n<meta name=\"author\" content=\"Bruna Greco\" \/>\n<meta name=\"twitter:card\" content=\"summary_large_image\" \/>\n<meta name=\"twitter:label1\" content=\"Written by\" \/>\n\t<meta name=\"twitter:data1\" content=\"Bruna Greco\" \/>\n\t<meta name=\"twitter:label2\" content=\"Est. reading time\" \/>\n\t<meta name=\"twitter:data2\" content=\"3 minutos\" \/>\n<script type=\"application\/ld+json\" class=\"yoast-schema-graph\">{\"@context\":\"https:\/\/schema.org\",\"@graph\":[{\"@type\":\"WebPage\",\"@id\":\"https:\/\/www.manaus.am.gov.br\/semcom\/ageman-multa-aguas-de-manaus\/\",\"url\":\"https:\/\/www.manaus.am.gov.br\/semcom\/ageman-multa-aguas-de-manaus\/\",\"name\":\"Ageman multa \u00c1guas de Manaus por desabastecimento no Viver Melhor 1 e 2\",\"isPartOf\":{\"@id\":\"https:\/\/www.manaus.am.gov.br\/semcom\/#website\"},\"primaryImageOfPage\":{\"@id\":\"https:\/\/www.manaus.am.gov.br\/semcom\/ageman-multa-aguas-de-manaus\/#primaryimage\"},\"image\":{\"@id\":\"https:\/\/www.manaus.am.gov.br\/semcom\/ageman-multa-aguas-de-manaus\/#primaryimage\"},\"thumbnailUrl\":\"https:\/\/www.manaus.am.gov.br\/semcom\/wp-content\/uploads\/sites\/5\/2025\/09\/Residencial-Viver-Melhor-3.jpeg\",\"datePublished\":\"2025-09-09T16:43:24+00:00\",\"dateModified\":\"2025-09-09T16:43:24+00:00\",\"author\":{\"@id\":\"https:\/\/www.manaus.am.gov.br\/semcom\/#\/schema\/person\/05d223aea2bf115f9883a6ff3683d81b\"},\"description\":\"Ageman multa \u00c1guas de Manaus em R$ 637,2 mil por desabastecimento frequente no residencial Viver Melhor 1 e 2.\",\"inLanguage\":\"pt-BR\",\"potentialAction\":[{\"@type\":\"ReadAction\",\"target\":[\"https:\/\/www.manaus.am.gov.br\/semcom\/ageman-multa-aguas-de-manaus\/\"]}]},{\"@type\":\"ImageObject\",\"inLanguage\":\"pt-BR\",\"@id\":\"https:\/\/www.manaus.am.gov.br\/semcom\/ageman-multa-aguas-de-manaus\/#primaryimage\",\"url\":\"https:\/\/www.manaus.am.gov.br\/semcom\/wp-content\/uploads\/sites\/5\/2025\/09\/Residencial-Viver-Melhor-3.jpeg\",\"contentUrl\":\"https:\/\/www.manaus.am.gov.br\/semcom\/wp-content\/uploads\/sites\/5\/2025\/09\/Residencial-Viver-Melhor-3.jpeg\",\"width\":4032,\"height\":3024,\"caption\":\"#paratodosverem - Fiscal da Ageman acompanhando a atua\u00e7\u00e3o da \u00c1guas de Manaus devido ao desabastecimento de \u00e1gua no residencial Viver Melhor\"},{\"@type\":\"WebSite\",\"@id\":\"https:\/\/www.manaus.am.gov.br\/semcom\/#website\",\"url\":\"https:\/\/www.manaus.am.gov.br\/semcom\/\",\"name\":\"SEMCOM\",\"description\":\"Secretaria Municipal de Comunica\u00e7\u00e3o\",\"potentialAction\":[{\"@type\":\"SearchAction\",\"target\":{\"@type\":\"EntryPoint\",\"urlTemplate\":\"https:\/\/www.manaus.am.gov.br\/semcom\/?s={search_term_string}\"},\"query-input\":\"required name=search_term_string\"}],\"inLanguage\":\"pt-BR\"},{\"@type\":\"Person\",\"@id\":\"https:\/\/www.manaus.am.gov.br\/semcom\/#\/schema\/person\/05d223aea2bf115f9883a6ff3683d81b\",\"name\":\"Bruna Greco\",\"image\":{\"@type\":\"ImageObject\",\"inLanguage\":\"pt-BR\",\"@id\":\"https:\/\/www.manaus.am.gov.br\/semcom\/#\/schema\/person\/image\/\",\"url\":\"https:\/\/secure.gravatar.com\/avatar\/9c877d1a6adc2a055330e5c09a8653ce?s=96&d=mm&r=g\",\"contentUrl\":\"https:\/\/secure.gravatar.com\/avatar\/9c877d1a6adc2a055330e5c09a8653ce?s=96&d=mm&r=g\",\"caption\":\"Bruna Greco\"}}]}<\/script>\n<!-- \/ Yoast SEO plugin. -->","yoast_head_json":{"title":"Ageman multa \u00c1guas de Manaus por desabastecimento no Viver Melhor 1 e 2","description":"Ageman multa \u00c1guas de Manaus em R$ 637,2 mil por desabastecimento frequente no residencial Viver Melhor 1 e 2.","robots":{"index":"index","follow":"follow","max-snippet":"max-snippet:-1","max-image-preview":"max-image-preview:large","max-video-preview":"max-video-preview:-1"},"canonical":"https:\/\/www.manaus.am.gov.br\/semcom\/ageman-multa-aguas-de-manaus\/","og_locale":"pt_BR","og_type":"article","og_title":"Ageman multa \u00c1guas de Manaus por desabastecimento no Viver Melhor 1 e 2","og_description":"Ageman multa \u00c1guas de Manaus em R$ 637,2 mil por desabastecimento frequente no residencial Viver Melhor 1 e 2.","og_url":"https:\/\/www.manaus.am.gov.br\/semcom\/ageman-multa-aguas-de-manaus\/","og_site_name":"SEMCOM","article_published_time":"2025-09-09T16:43:24+00:00","og_image":[{"width":1024,"height":768,"url":"https:\/\/www.manaus.am.gov.br\/semcom\/wp-content\/uploads\/sites\/5\/2025\/09\/Residencial-Viver-Melhor-3-1024x768.jpeg","type":"image\/jpeg"}],"author":"Bruna Greco","twitter_card":"summary_large_image","twitter_misc":{"Written by":"Bruna Greco","Est. reading time":"3 minutos"},"schema":{"@context":"https:\/\/schema.org","@graph":[{"@type":"WebPage","@id":"https:\/\/www.manaus.am.gov.br\/semcom\/ageman-multa-aguas-de-manaus\/","url":"https:\/\/www.manaus.am.gov.br\/semcom\/ageman-multa-aguas-de-manaus\/","name":"Ageman multa \u00c1guas de Manaus por desabastecimento no Viver Melhor 1 e 2","isPartOf":{"@id":"https:\/\/www.manaus.am.gov.br\/semcom\/#website"},"primaryImageOfPage":{"@id":"https:\/\/www.manaus.am.gov.br\/semcom\/ageman-multa-aguas-de-manaus\/#primaryimage"},"image":{"@id":"https:\/\/www.manaus.am.gov.br\/semcom\/ageman-multa-aguas-de-manaus\/#primaryimage"},"thumbnailUrl":"https:\/\/www.manaus.am.gov.br\/semcom\/wp-content\/uploads\/sites\/5\/2025\/09\/Residencial-Viver-Melhor-3.jpeg","datePublished":"2025-09-09T16:43:24+00:00","dateModified":"2025-09-09T16:43:24+00:00","author":{"@id":"https:\/\/www.manaus.am.gov.br\/semcom\/#\/schema\/person\/05d223aea2bf115f9883a6ff3683d81b"},"description":"Ageman multa \u00c1guas de Manaus em R$ 637,2 mil por desabastecimento frequente no residencial Viver Melhor 1 e 2.","inLanguage":"pt-BR","potentialAction":[{"@type":"ReadAction","target":["https:\/\/www.manaus.am.gov.br\/semcom\/ageman-multa-aguas-de-manaus\/"]}]},{"@type":"ImageObject","inLanguage":"pt-BR","@id":"https:\/\/www.manaus.am.gov.br\/semcom\/ageman-multa-aguas-de-manaus\/#primaryimage","url":"https:\/\/www.manaus.am.gov.br\/semcom\/wp-content\/uploads\/sites\/5\/2025\/09\/Residencial-Viver-Melhor-3.jpeg","contentUrl":"https:\/\/www.manaus.am.gov.br\/semcom\/wp-content\/uploads\/sites\/5\/2025\/09\/Residencial-Viver-Melhor-3.jpeg","width":4032,"height":3024,"caption":"#paratodosverem - Fiscal da Ageman acompanhando a atua\u00e7\u00e3o da \u00c1guas de Manaus devido ao desabastecimento de \u00e1gua no residencial Viver Melhor"},{"@type":"WebSite","@id":"https:\/\/www.manaus.am.gov.br\/semcom\/#website","url":"https:\/\/www.manaus.am.gov.br\/semcom\/","name":"SEMCOM","description":"Secretaria Municipal de Comunica\u00e7\u00e3o","potentialAction":[{"@type":"SearchAction","target":{"@type":"EntryPoint","urlTemplate":"https:\/\/www.manaus.am.gov.br\/semcom\/?s={search_term_string}"},"query-input":"required name=search_term_string"}],"inLanguage":"pt-BR"},{"@type":"Person","@id":"https:\/\/www.manaus.am.gov.br\/semcom\/#\/schema\/person\/05d223aea2bf115f9883a6ff3683d81b","name":"Bruna Greco","image":{"@type":"ImageObject","inLanguage":"pt-BR","@id":"https:\/\/www.manaus.am.gov.br\/semcom\/#\/schema\/person\/image\/","url":"https:\/\/secure.gravatar.com\/avatar\/9c877d1a6adc2a055330e5c09a8653ce?s=96&d=mm&r=g","contentUrl":"https:\/\/secure.gravatar.com\/avatar\/9c877d1a6adc2a055330e5c09a8653ce?s=96&d=mm&r=g","caption":"Bruna Greco"}}]}},"_links":{"self":[{"href":"https:\/\/www.manaus.am.gov.br\/semcom\/wp-json\/wp\/v2\/posts\/245285"}],"collection":[{"href":"https:\/\/www.manaus.am.gov.br\/semcom\/wp-json\/wp\/v2\/posts"}],"about":[{"href":"https:\/\/www.manaus.am.gov.br\/semcom\/wp-json\/wp\/v2\/types\/post"}],"author":[{"embeddable":true,"href":"https:\/\/www.manaus.am.gov.br\/semcom\/wp-json\/wp\/v2\/users\/39"}],"replies":[{"embeddable":true,"href":"https:\/\/www.manaus.am.gov.br\/semcom\/wp-json\/wp\/v2\/comments?post=245285"}],"version-history":[{"count":1,"href":"https:\/\/www.manaus.am.gov.br\/semcom\/wp-json\/wp\/v2\/posts\/245285\/revisions"}],"predecessor-version":[{"id":245288,"href":"https:\/\/www.manaus.am.gov.br\/semcom\/wp-json\/wp\/v2\/posts\/245285\/revisions\/245288"}],"wp:featuredmedia":[{"embeddable":true,"href":"https:\/\/www.manaus.am.gov.br\/semcom\/wp-json\/wp\/v2\/media\/245286"}],"wp:attachment":[{"href":"https:\/\/www.manaus.am.gov.br\/semcom\/wp-json\/wp\/v2\/media?parent=245285"}],"wp:term":[{"taxonomy":"category","embeddable":true,"href":"https:\/\/www.manaus.am.gov.br\/semcom\/wp-json\/wp\/v2\/categories?post=245285"},{"taxonomy":"post_tag","embeddable":true,"href":"https:\/\/www.manaus.am.gov.br\/semcom\/wp-json\/wp\/v2\/tags?post=245285"}],"curies":[{"name":"wp","href":"https:\/\/api.w.org\/{rel}","templated":true}]}}