{"id":245243,"date":"2025-09-08T13:59:42","date_gmt":"2025-09-08T16:59:42","guid":{"rendered":"https:\/\/www.manaus.am.gov.br\/semcom\/prefeitura-ageman-planosaneamento\/"},"modified":"2025-09-08T13:59:44","modified_gmt":"2025-09-08T16:59:44","slug":"prefeitura-ageman-planosaneamento","status":"publish","type":"post","link":"https:\/\/www.manaus.am.gov.br\/semcom\/prefeitura-ageman-planosaneamento\/","title":{"rendered":"Manaus avan\u00e7a na revis\u00e3o e atualiza\u00e7\u00e3o do Plano Municipal de Saneamento B\u00e1sico"},"content":{"rendered":"\n<p>A capital amazonense deu mais um passo para consolidar sua pol\u00edtica de saneamento b\u00e1sico. Nesta segunda-feira, 8\/9, representantes da Controladoria-Geral do Munic\u00edpio (CGM), Secretaria Municipal de Meio Ambiente, Sustentabilidade e Mudan\u00e7a do Clima (Semmasclima), Ag\u00eancia Reguladora dos Servi\u00e7os P\u00fablicos Delegados do Munic\u00edpio de Manaus (Ageman), Conselho Municipal de Gest\u00e3o Estrat\u00e9gica da Prefeitura de Manaus (CMGE), \u00c1guas de Manaus e consultores da Funda\u00e7\u00e3o de Empreendimentos Cient\u00edficos e Tecnol\u00f3gicos (Finatec) contratados pela Prefeitura de Manaus, participaram de uma reuni\u00e3o de alinhamento para discutir avan\u00e7os e pr\u00f3ximos passos referentes \u00e0 revis\u00e3o e atualiza\u00e7\u00e3o do Plano Municipal de Saneamento B\u00e1sico (PMSB). O encontro ocorreu na zona Centro-Sul da capital.<\/p>\n\n\n\n<p>Os trabalhos do PMSB encontram-se na fase de progn\u00f3stico, momento destinado \u00e0 defini\u00e7\u00e3o de cen\u00e1rios, metas e alternativas para melhorar os servi\u00e7os de saneamento b\u00e1sico. O plano abrange os eixos de abastecimento de \u00e1gua pot\u00e1vel, esgotamento sanit\u00e1rio, manejo de \u00e1guas pluviais e drenagem urbana, limpeza p\u00fablica e manejo de res\u00edduos s\u00f3lidos, incluindo ainda aspectos de mobiliza\u00e7\u00e3o social e socioambientais.<\/p>\n\n\n\n<p>Durante esta semana, os consultores da Finatec realizar\u00e3o visitas t\u00e9cnicas a unidades operacionais da concession\u00e1ria, como Esta\u00e7\u00f5es de Tratamento de \u00c1gua e Esgoto, comunidades atendidas, \u00e1reas do Prosamim, o aterro de res\u00edduos s\u00f3lidos, o Centro de Tratamento e Transforma\u00e7\u00e3o de Res\u00edduos (CTTR) e galp\u00f5es de triagem, al\u00e9m de reuni\u00f5es com catadores. As visitas t\u00eam o objetivo de conhecer de perto a operacionaliza\u00e7\u00e3o dos sistemas ligados ao saneamento da cidade.<\/p>\n\n\n\n<p>Walter Pl\u00e1cido, coordenador-geral do plano pela Finatec, destacou a relev\u00e2ncia do planejamento como ferramenta de gest\u00e3o. \u201cO plano de saneamento \u00e9 uma ferramenta de gest\u00e3o. Sem planejamento, n\u00e3o chegamos a lugar nenhum. Queremos que ele seja um instrumento de trabalho para Manaus e que possa inspirar outros munic\u00edpios. No final, o que buscamos n\u00e3o \u00e9 apenas um documento, mas \u00e1gua de qualidade nas casas, esgoto tratado, limpeza urbana eficiente e destina\u00e7\u00e3o correta dos res\u00edduos\u201d, afirmou.<\/p>\n\n\n\n<p>O diretor-presidente da \u00c1guas de Manaus, Pedro Augusto Freitas, refor\u00e7ou os avan\u00e7os conquistados desde 2018 e a necessidade de olhar para toda a cidade. \u201cO saneamento b\u00e1sico \u00e9 um direito fundamental e deve ser acess\u00edvel para toda a popula\u00e7\u00e3o. Desde que chegamos aqui, em 2018, conseguimos universalizar o abastecimento de \u00e1gua e, agora, seguimos com a expans\u00e3o do esgotamento sanit\u00e1rio. Para que isso ocorra, a empresa se adapta \u00e0 cidade, e n\u00e3o o contr\u00e1rio. Exemplo disso \u00e9 nosso trabalho que levou, pela primeira vez, \u00e1gua tratada e coleta de esgoto a uma regi\u00e3o de palafitas. \u00c9 com esse olhar que o saneamento b\u00e1sico precisa avan\u00e7ar\u201d, destacou.<\/p>\n\n\n\n<p>O secret\u00e1rio municipal de Meio Ambiente, Sustentabilidade e Mudan\u00e7a do Clima, Fran\u00e7ois Vieira da Silva Matos, ressaltou a integra\u00e7\u00e3o do PMSB com outras pol\u00edticas p\u00fablicas.<\/p>\n\n\n\n<p>\u201cEsse plano \u00e9 essencial pela aplica\u00e7\u00e3o pr\u00e1tica e pelo impacto positivo que trar\u00e1 na qualidade de vida dos moradores de Manaus. Ele dialoga com os planos de mudan\u00e7as clim\u00e1ticas e com o plano de redu\u00e7\u00e3o de riscos desenvolvido pela Universidade Federal do Amazonas (Ufam), compondo um conjunto de pol\u00edticas p\u00fablicas integradas\u201d, afirmou.<\/p>\n\n\n\n<p>Ao final, o diretor-presidente da Ageman, Elson Andrade, refor\u00e7ou o compromisso da ag\u00eancia com a efetividade do plano. \u201cN\u00f3s queremos um plano para ser realmente aplicado, para sair do papel e se transformar em a\u00e7\u00f5es concretas. Essa sempre foi a nossa preocupa\u00e7\u00e3o, e temos a convic\u00e7\u00e3o de que, juntos, conseguiremos implementar medidas que tragam benef\u00edcios reais para a popula\u00e7\u00e3o\u201d, disse ele.<\/p>\n\n\n\n<p>Pr\u00f3ximos passos<\/p>\n\n\n\n<p>Segundo o cronograma, a apresenta\u00e7\u00e3o do diagn\u00f3stico est\u00e1 prevista para outubro, em formato virtual. Em novembro, ser\u00e1 apresentada a etapa de progn\u00f3stico, tamb\u00e9m de forma virtual. J\u00e1 em dezembro, haver\u00e1 a audi\u00eancia p\u00fablica presencial, em local ainda a ser definido. A entrega final do PMSB est\u00e1 prevista para o primeiro semestre de 2026.<\/p>\n\n\n\n<p>&#8212; &#8212; &#8212;<\/p>\n\n\n\n<p><strong>Texto <\/strong>&#8211; Tereza Te\u00f3filo\/Ageman<\/p>\n\n\n\n<p><strong>Fotos <\/strong>\u2013 Divulga\u00e7\u00e3o<\/p>\n","protected":false},"excerpt":{"rendered":"","protected":false},"author":23,"featured_media":245244,"comment_status":"closed","ping_status":"closed","sticky":false,"template":"","format":"standard","meta":{"footnotes":""},"categories":[1657],"tags":[215,14620,77],"acf":[],"yoast_head":"<!-- This site is optimized with the Yoast SEO plugin v23.0 - https:\/\/yoast.com\/wordpress\/plugins\/seo\/ -->\n<title>Manaus avan\u00e7a na revis\u00e3o e atualiza\u00e7\u00e3o do Plano Municipal de Saneamento B\u00e1sico<\/title>\n<meta name=\"description\" content=\"A capital amazonense deu mais um passo para consolidar sua pol\u00edtica de saneamento b\u00e1sico.\" \/>\n<meta name=\"robots\" content=\"index, follow, max-snippet:-1, max-image-preview:large, max-video-preview:-1\" \/>\n<link rel=\"canonical\" href=\"https:\/\/www.manaus.am.gov.br\/semcom\/prefeitura-ageman-planosaneamento\/\" \/>\n<meta property=\"og:locale\" content=\"pt_BR\" \/>\n<meta property=\"og:type\" content=\"article\" \/>\n<meta property=\"og:title\" content=\"Manaus avan\u00e7a na revis\u00e3o e atualiza\u00e7\u00e3o do Plano Municipal de Saneamento B\u00e1sico\" \/>\n<meta property=\"og:description\" content=\"A capital amazonense deu mais um passo para consolidar sua pol\u00edtica de saneamento b\u00e1sico.\" \/>\n<meta property=\"og:url\" content=\"https:\/\/www.manaus.am.gov.br\/semcom\/prefeitura-ageman-planosaneamento\/\" \/>\n<meta property=\"og:site_name\" content=\"SEMCOM\" \/>\n<meta property=\"article:published_time\" content=\"2025-09-08T16:59:42+00:00\" \/>\n<meta property=\"article:modified_time\" content=\"2025-09-08T16:59:44+00:00\" \/>\n<meta property=\"og:image\" content=\"https:\/\/www.manaus.am.gov.br\/semcom\/wp-content\/uploads\/sites\/5\/2025\/09\/20250908_094511-1024x577.jpg\" \/>\n\t<meta property=\"og:image:width\" content=\"1024\" \/>\n\t<meta property=\"og:image:height\" content=\"577\" \/>\n\t<meta property=\"og:image:type\" content=\"image\/jpeg\" \/>\n<meta name=\"author\" content=\"Adriana Costa\" \/>\n<meta name=\"twitter:card\" content=\"summary_large_image\" \/>\n<meta name=\"twitter:label1\" content=\"Written by\" \/>\n\t<meta name=\"twitter:data1\" content=\"Adriana Costa\" \/>\n\t<meta name=\"twitter:label2\" content=\"Est. reading time\" \/>\n\t<meta name=\"twitter:data2\" content=\"4 minutos\" \/>\n<script type=\"application\/ld+json\" class=\"yoast-schema-graph\">{\"@context\":\"https:\/\/schema.org\",\"@graph\":[{\"@type\":\"WebPage\",\"@id\":\"https:\/\/www.manaus.am.gov.br\/semcom\/prefeitura-ageman-planosaneamento\/\",\"url\":\"https:\/\/www.manaus.am.gov.br\/semcom\/prefeitura-ageman-planosaneamento\/\",\"name\":\"Manaus avan\u00e7a na revis\u00e3o e atualiza\u00e7\u00e3o do Plano Municipal de Saneamento B\u00e1sico\",\"isPartOf\":{\"@id\":\"https:\/\/www.manaus.am.gov.br\/semcom\/#website\"},\"primaryImageOfPage\":{\"@id\":\"https:\/\/www.manaus.am.gov.br\/semcom\/prefeitura-ageman-planosaneamento\/#primaryimage\"},\"image\":{\"@id\":\"https:\/\/www.manaus.am.gov.br\/semcom\/prefeitura-ageman-planosaneamento\/#primaryimage\"},\"thumbnailUrl\":\"https:\/\/www.manaus.am.gov.br\/semcom\/wp-content\/uploads\/sites\/5\/2025\/09\/20250908_094511.jpg\",\"datePublished\":\"2025-09-08T16:59:42+00:00\",\"dateModified\":\"2025-09-08T16:59:44+00:00\",\"author\":{\"@id\":\"https:\/\/www.manaus.am.gov.br\/semcom\/#\/schema\/person\/4e49f4e267757a06ca072ec61b2b9968\"},\"description\":\"A capital amazonense deu mais um passo para consolidar sua pol\u00edtica de saneamento b\u00e1sico.\",\"inLanguage\":\"pt-BR\",\"potentialAction\":[{\"@type\":\"ReadAction\",\"target\":[\"https:\/\/www.manaus.am.gov.br\/semcom\/prefeitura-ageman-planosaneamento\/\"]}]},{\"@type\":\"ImageObject\",\"inLanguage\":\"pt-BR\",\"@id\":\"https:\/\/www.manaus.am.gov.br\/semcom\/prefeitura-ageman-planosaneamento\/#primaryimage\",\"url\":\"https:\/\/www.manaus.am.gov.br\/semcom\/wp-content\/uploads\/sites\/5\/2025\/09\/20250908_094511.jpg\",\"contentUrl\":\"https:\/\/www.manaus.am.gov.br\/semcom\/wp-content\/uploads\/sites\/5\/2025\/09\/20250908_094511.jpg\",\"width\":4000,\"height\":2252},{\"@type\":\"WebSite\",\"@id\":\"https:\/\/www.manaus.am.gov.br\/semcom\/#website\",\"url\":\"https:\/\/www.manaus.am.gov.br\/semcom\/\",\"name\":\"SEMCOM\",\"description\":\"Secretaria Municipal de Comunica\u00e7\u00e3o\",\"potentialAction\":[{\"@type\":\"SearchAction\",\"target\":{\"@type\":\"EntryPoint\",\"urlTemplate\":\"https:\/\/www.manaus.am.gov.br\/semcom\/?s={search_term_string}\"},\"query-input\":\"required name=search_term_string\"}],\"inLanguage\":\"pt-BR\"},{\"@type\":\"Person\",\"@id\":\"https:\/\/www.manaus.am.gov.br\/semcom\/#\/schema\/person\/4e49f4e267757a06ca072ec61b2b9968\",\"name\":\"Adriana Costa\",\"image\":{\"@type\":\"ImageObject\",\"inLanguage\":\"pt-BR\",\"@id\":\"https:\/\/www.manaus.am.gov.br\/semcom\/#\/schema\/person\/image\/\",\"url\":\"https:\/\/secure.gravatar.com\/avatar\/576258617ef7194f718179e766d57bd4?s=96&d=mm&r=g\",\"contentUrl\":\"https:\/\/secure.gravatar.com\/avatar\/576258617ef7194f718179e766d57bd4?s=96&d=mm&r=g\",\"caption\":\"Adriana Costa\"}}]}<\/script>\n<!-- \/ Yoast SEO plugin. -->","yoast_head_json":{"title":"Manaus avan\u00e7a na revis\u00e3o e atualiza\u00e7\u00e3o do Plano Municipal de Saneamento B\u00e1sico","description":"A capital amazonense deu mais um passo para consolidar sua pol\u00edtica de saneamento b\u00e1sico.","robots":{"index":"index","follow":"follow","max-snippet":"max-snippet:-1","max-image-preview":"max-image-preview:large","max-video-preview":"max-video-preview:-1"},"canonical":"https:\/\/www.manaus.am.gov.br\/semcom\/prefeitura-ageman-planosaneamento\/","og_locale":"pt_BR","og_type":"article","og_title":"Manaus avan\u00e7a na revis\u00e3o e atualiza\u00e7\u00e3o do Plano Municipal de Saneamento B\u00e1sico","og_description":"A capital amazonense deu mais um passo para consolidar sua pol\u00edtica de saneamento b\u00e1sico.","og_url":"https:\/\/www.manaus.am.gov.br\/semcom\/prefeitura-ageman-planosaneamento\/","og_site_name":"SEMCOM","article_published_time":"2025-09-08T16:59:42+00:00","article_modified_time":"2025-09-08T16:59:44+00:00","og_image":[{"width":1024,"height":577,"url":"https:\/\/www.manaus.am.gov.br\/semcom\/wp-content\/uploads\/sites\/5\/2025\/09\/20250908_094511-1024x577.jpg","type":"image\/jpeg"}],"author":"Adriana Costa","twitter_card":"summary_large_image","twitter_misc":{"Written by":"Adriana Costa","Est. reading time":"4 minutos"},"schema":{"@context":"https:\/\/schema.org","@graph":[{"@type":"WebPage","@id":"https:\/\/www.manaus.am.gov.br\/semcom\/prefeitura-ageman-planosaneamento\/","url":"https:\/\/www.manaus.am.gov.br\/semcom\/prefeitura-ageman-planosaneamento\/","name":"Manaus avan\u00e7a na revis\u00e3o e atualiza\u00e7\u00e3o do Plano Municipal de Saneamento B\u00e1sico","isPartOf":{"@id":"https:\/\/www.manaus.am.gov.br\/semcom\/#website"},"primaryImageOfPage":{"@id":"https:\/\/www.manaus.am.gov.br\/semcom\/prefeitura-ageman-planosaneamento\/#primaryimage"},"image":{"@id":"https:\/\/www.manaus.am.gov.br\/semcom\/prefeitura-ageman-planosaneamento\/#primaryimage"},"thumbnailUrl":"https:\/\/www.manaus.am.gov.br\/semcom\/wp-content\/uploads\/sites\/5\/2025\/09\/20250908_094511.jpg","datePublished":"2025-09-08T16:59:42+00:00","dateModified":"2025-09-08T16:59:44+00:00","author":{"@id":"https:\/\/www.manaus.am.gov.br\/semcom\/#\/schema\/person\/4e49f4e267757a06ca072ec61b2b9968"},"description":"A capital amazonense deu mais um passo para consolidar sua pol\u00edtica de saneamento b\u00e1sico.","inLanguage":"pt-BR","potentialAction":[{"@type":"ReadAction","target":["https:\/\/www.manaus.am.gov.br\/semcom\/prefeitura-ageman-planosaneamento\/"]}]},{"@type":"ImageObject","inLanguage":"pt-BR","@id":"https:\/\/www.manaus.am.gov.br\/semcom\/prefeitura-ageman-planosaneamento\/#primaryimage","url":"https:\/\/www.manaus.am.gov.br\/semcom\/wp-content\/uploads\/sites\/5\/2025\/09\/20250908_094511.jpg","contentUrl":"https:\/\/www.manaus.am.gov.br\/semcom\/wp-content\/uploads\/sites\/5\/2025\/09\/20250908_094511.jpg","width":4000,"height":2252},{"@type":"WebSite","@id":"https:\/\/www.manaus.am.gov.br\/semcom\/#website","url":"https:\/\/www.manaus.am.gov.br\/semcom\/","name":"SEMCOM","description":"Secretaria Municipal de Comunica\u00e7\u00e3o","potentialAction":[{"@type":"SearchAction","target":{"@type":"EntryPoint","urlTemplate":"https:\/\/www.manaus.am.gov.br\/semcom\/?s={search_term_string}"},"query-input":"required name=search_term_string"}],"inLanguage":"pt-BR"},{"@type":"Person","@id":"https:\/\/www.manaus.am.gov.br\/semcom\/#\/schema\/person\/4e49f4e267757a06ca072ec61b2b9968","name":"Adriana Costa","image":{"@type":"ImageObject","inLanguage":"pt-BR","@id":"https:\/\/www.manaus.am.gov.br\/semcom\/#\/schema\/person\/image\/","url":"https:\/\/secure.gravatar.com\/avatar\/576258617ef7194f718179e766d57bd4?s=96&d=mm&r=g","contentUrl":"https:\/\/secure.gravatar.com\/avatar\/576258617ef7194f718179e766d57bd4?s=96&d=mm&r=g","caption":"Adriana Costa"}}]}},"_links":{"self":[{"href":"https:\/\/www.manaus.am.gov.br\/semcom\/wp-json\/wp\/v2\/posts\/245243"}],"collection":[{"href":"https:\/\/www.manaus.am.gov.br\/semcom\/wp-json\/wp\/v2\/posts"}],"about":[{"href":"https:\/\/www.manaus.am.gov.br\/semcom\/wp-json\/wp\/v2\/types\/post"}],"author":[{"embeddable":true,"href":"https:\/\/www.manaus.am.gov.br\/semcom\/wp-json\/wp\/v2\/users\/23"}],"replies":[{"embeddable":true,"href":"https:\/\/www.manaus.am.gov.br\/semcom\/wp-json\/wp\/v2\/comments?post=245243"}],"version-history":[{"count":0,"href":"https:\/\/www.manaus.am.gov.br\/semcom\/wp-json\/wp\/v2\/posts\/245243\/revisions"}],"wp:featuredmedia":[{"embeddable":true,"href":"https:\/\/www.manaus.am.gov.br\/semcom\/wp-json\/wp\/v2\/media\/245244"}],"wp:attachment":[{"href":"https:\/\/www.manaus.am.gov.br\/semcom\/wp-json\/wp\/v2\/media?parent=245243"}],"wp:term":[{"taxonomy":"category","embeddable":true,"href":"https:\/\/www.manaus.am.gov.br\/semcom\/wp-json\/wp\/v2\/categories?post=245243"},{"taxonomy":"post_tag","embeddable":true,"href":"https:\/\/www.manaus.am.gov.br\/semcom\/wp-json\/wp\/v2\/tags?post=245243"}],"curies":[{"name":"wp","href":"https:\/\/api.w.org\/{rel}","templated":true}]}}