{"id":245192,"date":"2025-09-07T22:23:34","date_gmt":"2025-09-08T02:23:34","guid":{"rendered":"https:\/\/www.manaus.am.gov.br\/semcom\/pericles-soumanaus-2025\/"},"modified":"2025-09-07T22:23:34","modified_gmt":"2025-09-08T02:23:34","slug":"pericles-soumanaus-2025","status":"publish","type":"post","link":"https:\/\/www.manaus.am.gov.br\/semcom\/pericles-soumanaus-2025\/","title":{"rendered":"P\u00e9ricles encanta p\u00fablico no \u00faltimo dia do \u2018#SouManaus Passo a Pa\u00e7o 2025\u2019"},"content":{"rendered":"\n<p>O cantor P\u00e9ricles emocionou o p\u00fablico no \u00faltimo dia do \u201c#SouManaus Passo a Pa\u00e7o 2025\u201d, realizado pela Prefeitura de Manaus, neste domingo, 7\/9. O pagodeiro levou romantismo e sucessos que marcaram gera\u00e7\u00f5es no palco Malcher, no centro hist\u00f3rico da cidade, em uma noite que ficar\u00e1 na mem\u00f3ria de f\u00e3s e admiradores.<\/p>\n\n\n\n<p>Com carisma e voz marcante, P\u00e9ricles apresentou um repert\u00f3rio que fez a plateia cantar junto do in\u00edcio ao fim. Entre os destaques estiveram m\u00fasicas como \u201cAt\u00e9 Que Durou\u201d, \u201cLinguagem dos Olhos\u201d, \u201cDepois da Briga\u201d e \u201cSe Eu Largar o Freio\u201d, que embalaram os f\u00e3s e refor\u00e7aram a conex\u00e3o entre o artista e o p\u00fablico.<\/p>\n\n\n\n<p>\u201cGosto de Manaus demais e \u00e9 uma alegria estar aqui participando desse grande festival\u201d, declarou P\u00e9ricles, arrancando ainda mais aplausos da multid\u00e3o.<\/p>\n\n\n\n<p>O prefeito David Almeida acompanhou a apresenta\u00e7\u00e3o e ressaltou a diversidade de estilos musicais do festival, que j\u00e1 se consolidou como o maior evento gratuito de artes integradas do Brasil. \u201cN\u00f3s temos aqui um festival que mostra a for\u00e7a da nossa cultura e vem sendo realizado com sucesso retumbante, quebrando recordes de p\u00fablico a cada noite\u201d, afirmou.<\/p>\n\n\n\n<p>Entre os espectadores, estava o borracheiro Rafael Campos, que n\u00e3o escondeu a emo\u00e7\u00e3o de ver o cantor de perto. Admirador de longa data, ele contou que acompanha o artista desde a \u00e9poca do grupo Exaltasamba. \u201cVim desde a cachoeira do Urubu\u00ed para assistir. Foi top de linha, uma experi\u00eancia inesquec\u00edvel\u201d, disse.<\/p>\n\n\n\n<p>Com a apresenta\u00e7\u00e3o de P\u00e9ricles, o \u201c#SouManaus Passo a Pa\u00e7o 2025\u201d refor\u00e7a sua proposta de unir diferentes ritmos e atrair p\u00fablicos variados, celebrando a m\u00fasica brasileira no cora\u00e7\u00e3o da Amaz\u00f4nia.<\/p>\n\n\n\n<figure class=\"wp-block-image size-large\"><img loading=\"lazy\" decoding=\"async\" width=\"1024\" height=\"683\" src=\"https:\/\/www.manaus.am.gov.br\/semcom\/wp-content\/uploads\/sites\/5\/2025\/09\/WhatsApp-Image-2025-09-07-at-19.25.32-1024x683.jpeg\" alt=\"P\u00e9ricles\" class=\"wp-image-245193\" srcset=\"https:\/\/www.manaus.am.gov.br\/semcom\/wp-content\/uploads\/sites\/5\/2025\/09\/WhatsApp-Image-2025-09-07-at-19.25.32-1024x683.jpeg 1024w, https:\/\/www.manaus.am.gov.br\/semcom\/wp-content\/uploads\/sites\/5\/2025\/09\/WhatsApp-Image-2025-09-07-at-19.25.32-300x200.jpeg 300w, https:\/\/www.manaus.am.gov.br\/semcom\/wp-content\/uploads\/sites\/5\/2025\/09\/WhatsApp-Image-2025-09-07-at-19.25.32-768x512.jpeg 768w, https:\/\/www.manaus.am.gov.br\/semcom\/wp-content\/uploads\/sites\/5\/2025\/09\/WhatsApp-Image-2025-09-07-at-19.25.32-1536x1024.jpeg 1536w, https:\/\/www.manaus.am.gov.br\/semcom\/wp-content\/uploads\/sites\/5\/2025\/09\/WhatsApp-Image-2025-09-07-at-19.25.32-2048x1366.jpeg 2048w\" sizes=\"(max-width: 1024px) 100vw, 1024px\" \/><\/figure>\n\n\n\n<p>&#8212; &#8212; &#8212;<\/p>\n\n\n\n<p><strong>Texto<\/strong> \u2013 Deborah Azevedo\/Semcom<\/p>\n\n\n\n<p><strong>Fotos<\/strong> &#8211; Eduardo Anderson\/Semcom<\/p>\n","protected":false},"excerpt":{"rendered":"","protected":false},"author":39,"featured_media":245194,"comment_status":"closed","ping_status":"closed","sticky":false,"template":"","format":"standard","meta":{"footnotes":""},"categories":[4867],"tags":[15305,8012,307,12290,15802,77],"acf":[],"yoast_head":"<!-- This site is optimized with the Yoast SEO plugin v23.0 - https:\/\/yoast.com\/wordpress\/plugins\/seo\/ -->\n<title>P\u00e9ricles encanta p\u00fablico no \u00faltimo dia do \u2018#SouManaus 2025\u2019<\/title>\n<meta name=\"description\" content=\"Cantor P\u00e9ricles encanta p\u00fablico no \u00faltimo dia do \u2018#SouManaus Passo a Pa\u00e7o 2025\u2019, neste domingo, 7\/9, no palco Malcher.\" \/>\n<meta name=\"robots\" content=\"index, follow, max-snippet:-1, max-image-preview:large, max-video-preview:-1\" \/>\n<link rel=\"canonical\" href=\"https:\/\/www.manaus.am.gov.br\/semcom\/pericles-soumanaus-2025\/\" \/>\n<meta property=\"og:locale\" content=\"pt_BR\" \/>\n<meta property=\"og:type\" content=\"article\" \/>\n<meta property=\"og:title\" content=\"P\u00e9ricles encanta p\u00fablico no \u00faltimo dia do \u2018#SouManaus 2025\u2019\" \/>\n<meta property=\"og:description\" content=\"Cantor P\u00e9ricles encanta p\u00fablico no \u00faltimo dia do \u2018#SouManaus Passo a Pa\u00e7o 2025\u2019, neste domingo, 7\/9, no palco Malcher.\" \/>\n<meta property=\"og:url\" content=\"https:\/\/www.manaus.am.gov.br\/semcom\/pericles-soumanaus-2025\/\" \/>\n<meta property=\"og:site_name\" content=\"SEMCOM\" \/>\n<meta property=\"article:published_time\" content=\"2025-09-08T02:23:34+00:00\" \/>\n<meta property=\"og:image\" content=\"https:\/\/www.manaus.am.gov.br\/semcom\/wp-content\/uploads\/sites\/5\/2025\/09\/WhatsApp-Image-2025-09-07-at-19.25.22.jpeg\" \/>\n\t<meta property=\"og:image:width\" content=\"4160\" \/>\n\t<meta property=\"og:image:height\" content=\"2774\" \/>\n\t<meta property=\"og:image:type\" content=\"image\/jpeg\" \/>\n<meta name=\"author\" content=\"Bruna Greco\" \/>\n<meta name=\"twitter:card\" content=\"summary_large_image\" \/>\n<meta name=\"twitter:label1\" content=\"Written by\" \/>\n\t<meta name=\"twitter:data1\" content=\"Bruna Greco\" \/>\n\t<meta name=\"twitter:label2\" content=\"Est. reading time\" \/>\n\t<meta name=\"twitter:data2\" content=\"2 minutos\" \/>\n<script type=\"application\/ld+json\" class=\"yoast-schema-graph\">{\"@context\":\"https:\/\/schema.org\",\"@graph\":[{\"@type\":\"WebPage\",\"@id\":\"https:\/\/www.manaus.am.gov.br\/semcom\/pericles-soumanaus-2025\/\",\"url\":\"https:\/\/www.manaus.am.gov.br\/semcom\/pericles-soumanaus-2025\/\",\"name\":\"P\u00e9ricles encanta p\u00fablico no \u00faltimo dia do \u2018#SouManaus 2025\u2019\",\"isPartOf\":{\"@id\":\"https:\/\/www.manaus.am.gov.br\/semcom\/#website\"},\"primaryImageOfPage\":{\"@id\":\"https:\/\/www.manaus.am.gov.br\/semcom\/pericles-soumanaus-2025\/#primaryimage\"},\"image\":{\"@id\":\"https:\/\/www.manaus.am.gov.br\/semcom\/pericles-soumanaus-2025\/#primaryimage\"},\"thumbnailUrl\":\"https:\/\/www.manaus.am.gov.br\/semcom\/wp-content\/uploads\/sites\/5\/2025\/09\/WhatsApp-Image-2025-09-07-at-19.25.22.jpeg\",\"datePublished\":\"2025-09-08T02:23:34+00:00\",\"dateModified\":\"2025-09-08T02:23:34+00:00\",\"author\":{\"@id\":\"https:\/\/www.manaus.am.gov.br\/semcom\/#\/schema\/person\/05d223aea2bf115f9883a6ff3683d81b\"},\"description\":\"Cantor P\u00e9ricles encanta p\u00fablico no \u00faltimo dia do \u2018#SouManaus Passo a Pa\u00e7o 2025\u2019, neste domingo, 7\/9, no palco Malcher.\",\"inLanguage\":\"pt-BR\",\"potentialAction\":[{\"@type\":\"ReadAction\",\"target\":[\"https:\/\/www.manaus.am.gov.br\/semcom\/pericles-soumanaus-2025\/\"]}]},{\"@type\":\"ImageObject\",\"inLanguage\":\"pt-BR\",\"@id\":\"https:\/\/www.manaus.am.gov.br\/semcom\/pericles-soumanaus-2025\/#primaryimage\",\"url\":\"https:\/\/www.manaus.am.gov.br\/semcom\/wp-content\/uploads\/sites\/5\/2025\/09\/WhatsApp-Image-2025-09-07-at-19.25.22.jpeg\",\"contentUrl\":\"https:\/\/www.manaus.am.gov.br\/semcom\/wp-content\/uploads\/sites\/5\/2025\/09\/WhatsApp-Image-2025-09-07-at-19.25.22.jpeg\",\"width\":4160,\"height\":2774,\"caption\":\"#paratodosverem - Cantor P\u00e9ricles durante show no palco Malcher, no \u00faltimo dia do \\\"#SouManaus Passo a Pa\u00e7o 2025\\\"\"},{\"@type\":\"WebSite\",\"@id\":\"https:\/\/www.manaus.am.gov.br\/semcom\/#website\",\"url\":\"https:\/\/www.manaus.am.gov.br\/semcom\/\",\"name\":\"SEMCOM\",\"description\":\"Secretaria Municipal de Comunica\u00e7\u00e3o\",\"potentialAction\":[{\"@type\":\"SearchAction\",\"target\":{\"@type\":\"EntryPoint\",\"urlTemplate\":\"https:\/\/www.manaus.am.gov.br\/semcom\/?s={search_term_string}\"},\"query-input\":\"required name=search_term_string\"}],\"inLanguage\":\"pt-BR\"},{\"@type\":\"Person\",\"@id\":\"https:\/\/www.manaus.am.gov.br\/semcom\/#\/schema\/person\/05d223aea2bf115f9883a6ff3683d81b\",\"name\":\"Bruna Greco\",\"image\":{\"@type\":\"ImageObject\",\"inLanguage\":\"pt-BR\",\"@id\":\"https:\/\/www.manaus.am.gov.br\/semcom\/#\/schema\/person\/image\/\",\"url\":\"https:\/\/secure.gravatar.com\/avatar\/9c877d1a6adc2a055330e5c09a8653ce?s=96&d=mm&r=g\",\"contentUrl\":\"https:\/\/secure.gravatar.com\/avatar\/9c877d1a6adc2a055330e5c09a8653ce?s=96&d=mm&r=g\",\"caption\":\"Bruna Greco\"}}]}<\/script>\n<!-- \/ Yoast SEO plugin. -->","yoast_head_json":{"title":"P\u00e9ricles encanta p\u00fablico no \u00faltimo dia do \u2018#SouManaus 2025\u2019","description":"Cantor P\u00e9ricles encanta p\u00fablico no \u00faltimo dia do \u2018#SouManaus Passo a Pa\u00e7o 2025\u2019, neste domingo, 7\/9, no palco Malcher.","robots":{"index":"index","follow":"follow","max-snippet":"max-snippet:-1","max-image-preview":"max-image-preview:large","max-video-preview":"max-video-preview:-1"},"canonical":"https:\/\/www.manaus.am.gov.br\/semcom\/pericles-soumanaus-2025\/","og_locale":"pt_BR","og_type":"article","og_title":"P\u00e9ricles encanta p\u00fablico no \u00faltimo dia do \u2018#SouManaus 2025\u2019","og_description":"Cantor P\u00e9ricles encanta p\u00fablico no \u00faltimo dia do \u2018#SouManaus Passo a Pa\u00e7o 2025\u2019, neste domingo, 7\/9, no palco Malcher.","og_url":"https:\/\/www.manaus.am.gov.br\/semcom\/pericles-soumanaus-2025\/","og_site_name":"SEMCOM","article_published_time":"2025-09-08T02:23:34+00:00","og_image":[{"width":4160,"height":2774,"url":"https:\/\/www.manaus.am.gov.br\/semcom\/wp-content\/uploads\/sites\/5\/2025\/09\/WhatsApp-Image-2025-09-07-at-19.25.22.jpeg","type":"image\/jpeg"}],"author":"Bruna Greco","twitter_card":"summary_large_image","twitter_misc":{"Written by":"Bruna Greco","Est. reading time":"2 minutos"},"schema":{"@context":"https:\/\/schema.org","@graph":[{"@type":"WebPage","@id":"https:\/\/www.manaus.am.gov.br\/semcom\/pericles-soumanaus-2025\/","url":"https:\/\/www.manaus.am.gov.br\/semcom\/pericles-soumanaus-2025\/","name":"P\u00e9ricles encanta p\u00fablico no \u00faltimo dia do \u2018#SouManaus 2025\u2019","isPartOf":{"@id":"https:\/\/www.manaus.am.gov.br\/semcom\/#website"},"primaryImageOfPage":{"@id":"https:\/\/www.manaus.am.gov.br\/semcom\/pericles-soumanaus-2025\/#primaryimage"},"image":{"@id":"https:\/\/www.manaus.am.gov.br\/semcom\/pericles-soumanaus-2025\/#primaryimage"},"thumbnailUrl":"https:\/\/www.manaus.am.gov.br\/semcom\/wp-content\/uploads\/sites\/5\/2025\/09\/WhatsApp-Image-2025-09-07-at-19.25.22.jpeg","datePublished":"2025-09-08T02:23:34+00:00","dateModified":"2025-09-08T02:23:34+00:00","author":{"@id":"https:\/\/www.manaus.am.gov.br\/semcom\/#\/schema\/person\/05d223aea2bf115f9883a6ff3683d81b"},"description":"Cantor P\u00e9ricles encanta p\u00fablico no \u00faltimo dia do \u2018#SouManaus Passo a Pa\u00e7o 2025\u2019, neste domingo, 7\/9, no palco Malcher.","inLanguage":"pt-BR","potentialAction":[{"@type":"ReadAction","target":["https:\/\/www.manaus.am.gov.br\/semcom\/pericles-soumanaus-2025\/"]}]},{"@type":"ImageObject","inLanguage":"pt-BR","@id":"https:\/\/www.manaus.am.gov.br\/semcom\/pericles-soumanaus-2025\/#primaryimage","url":"https:\/\/www.manaus.am.gov.br\/semcom\/wp-content\/uploads\/sites\/5\/2025\/09\/WhatsApp-Image-2025-09-07-at-19.25.22.jpeg","contentUrl":"https:\/\/www.manaus.am.gov.br\/semcom\/wp-content\/uploads\/sites\/5\/2025\/09\/WhatsApp-Image-2025-09-07-at-19.25.22.jpeg","width":4160,"height":2774,"caption":"#paratodosverem - Cantor P\u00e9ricles durante show no palco Malcher, no \u00faltimo dia do \"#SouManaus Passo a Pa\u00e7o 2025\""},{"@type":"WebSite","@id":"https:\/\/www.manaus.am.gov.br\/semcom\/#website","url":"https:\/\/www.manaus.am.gov.br\/semcom\/","name":"SEMCOM","description":"Secretaria Municipal de Comunica\u00e7\u00e3o","potentialAction":[{"@type":"SearchAction","target":{"@type":"EntryPoint","urlTemplate":"https:\/\/www.manaus.am.gov.br\/semcom\/?s={search_term_string}"},"query-input":"required name=search_term_string"}],"inLanguage":"pt-BR"},{"@type":"Person","@id":"https:\/\/www.manaus.am.gov.br\/semcom\/#\/schema\/person\/05d223aea2bf115f9883a6ff3683d81b","name":"Bruna Greco","image":{"@type":"ImageObject","inLanguage":"pt-BR","@id":"https:\/\/www.manaus.am.gov.br\/semcom\/#\/schema\/person\/image\/","url":"https:\/\/secure.gravatar.com\/avatar\/9c877d1a6adc2a055330e5c09a8653ce?s=96&d=mm&r=g","contentUrl":"https:\/\/secure.gravatar.com\/avatar\/9c877d1a6adc2a055330e5c09a8653ce?s=96&d=mm&r=g","caption":"Bruna Greco"}}]}},"_links":{"self":[{"href":"https:\/\/www.manaus.am.gov.br\/semcom\/wp-json\/wp\/v2\/posts\/245192"}],"collection":[{"href":"https:\/\/www.manaus.am.gov.br\/semcom\/wp-json\/wp\/v2\/posts"}],"about":[{"href":"https:\/\/www.manaus.am.gov.br\/semcom\/wp-json\/wp\/v2\/types\/post"}],"author":[{"embeddable":true,"href":"https:\/\/www.manaus.am.gov.br\/semcom\/wp-json\/wp\/v2\/users\/39"}],"replies":[{"embeddable":true,"href":"https:\/\/www.manaus.am.gov.br\/semcom\/wp-json\/wp\/v2\/comments?post=245192"}],"version-history":[{"count":1,"href":"https:\/\/www.manaus.am.gov.br\/semcom\/wp-json\/wp\/v2\/posts\/245192\/revisions"}],"predecessor-version":[{"id":245195,"href":"https:\/\/www.manaus.am.gov.br\/semcom\/wp-json\/wp\/v2\/posts\/245192\/revisions\/245195"}],"wp:featuredmedia":[{"embeddable":true,"href":"https:\/\/www.manaus.am.gov.br\/semcom\/wp-json\/wp\/v2\/media\/245194"}],"wp:attachment":[{"href":"https:\/\/www.manaus.am.gov.br\/semcom\/wp-json\/wp\/v2\/media?parent=245192"}],"wp:term":[{"taxonomy":"category","embeddable":true,"href":"https:\/\/www.manaus.am.gov.br\/semcom\/wp-json\/wp\/v2\/categories?post=245192"},{"taxonomy":"post_tag","embeddable":true,"href":"https:\/\/www.manaus.am.gov.br\/semcom\/wp-json\/wp\/v2\/tags?post=245192"}],"curies":[{"name":"wp","href":"https:\/\/api.w.org\/{rel}","templated":true}]}}