{"id":245182,"date":"2025-09-07T21:33:11","date_gmt":"2025-09-08T01:33:11","guid":{"rendered":"https:\/\/www.manaus.am.gov.br\/semcom\/artesanato-gastronomia-soumanaus-2025\/"},"modified":"2025-09-07T22:34:41","modified_gmt":"2025-09-08T01:34:41","slug":"artesanato-gastronomia-soumanaus-2025","status":"publish","type":"post","link":"https:\/\/www.manaus.am.gov.br\/semcom\/artesanato-gastronomia-soumanaus-2025\/","title":{"rendered":"Terceiro dia de arte, sabor e tradi\u00e7\u00e3o conquistam p\u00fablico no \u2018#SouManaus 2025\u2019"},"content":{"rendered":"\n<p>O espa\u00e7o de gastronomia e artesanato no \u201c#SouManaus Passo a Pa\u00e7o 2025\u201d se transforma em um ponto de encontro imperd\u00edvel para o p\u00fablico que aproveita o terceiro e \u00faltimo dia do maior festival gratuito de artes integradas do Brasil neste domingo, 7\/9. \u00c9 onde os sabores regionais ganham destaque com a valoriza\u00e7\u00e3o da culin\u00e1ria local e tamb\u00e9m do talento dos artes\u00e3os que brilham em cada pe\u00e7a exposta, celebrando a cultura amaz\u00f4nica.<\/p>\n\n\n\n<p>A coordenadora do Festival de Gastronomia e Artesanato, Luciana Batista, de 51 anos, enfatiza a import\u00e2ncia do espa\u00e7o durante o evento.<\/p>\n\n\n\n<p>\u201cEstamos neste espa\u00e7o maravilhoso, na pra\u00e7a Dom Pedro 2\u00ba, com nossas barracas, com nosso festival, com nossa gastronomia local. Aqui n\u00f3s temos food truck, carrinho ambulante, temos sorvete na chapa, temos um pouco de tudo, ent\u00e3o, quem vem para o \u2018#SouManaus\u2019 vai poder se deliciar com tudo isso. Temos nossa \u00e1rea de artesanato, onde temos 20 empreendedores com o melhor artesanato e economia criativa que voc\u00eas podem usufruir\u201d, relata a coordenadora.<\/p>\n\n\n\n<p>Dentre os empreendedores integrantes do festival gastron\u00f4mico do evento, o p\u00fablico do estande \u201cDel\u00edcias da Iai\u00e1\u201d se destaca com uma culin\u00e1ria refinada e rica em ra\u00edzes locais.<\/p>\n\n\n\n<p>\u201cEstamos aqui no festival gastron\u00f4mico, est\u00e1 sendo muito prazeroso participar desse evento que \u00e9 t\u00e3o grandioso, porque n\u00e3o \u00e9 s\u00f3 show, n\u00e3o s\u00e3o s\u00f3 atra\u00e7\u00f5es musicais, \u00e9 cultura, \u00e9 gastronomia. Aqui no \u2018Del\u00edcias da Iai\u00e1\u2019, nosso cargo chefe \u00e9 o pirarucu de casaca, al\u00e9m do salpic\u00e3o de frango, arroz paraense, vatap\u00e1 de camar\u00e3o. Ent\u00e3o, as pessoas v\u00eam, prestigiam, e n\u00f3s fazemos tudo com muito carinho e dedica\u00e7\u00e3o. Quero agradecer \u00e0 oportunidade que a Prefeitura de Manaus est\u00e1 dando aos empreendedores, \u00e9 muito gratificante. Agrade\u00e7o \u00e0 prefeitura, ao prefeito David Almeida e ao vice-prefeito Renato Junior\u201d, comentou a empreendedora Maria Paula Montenegro, 28 anos.<\/p>\n\n\n\n<p>O p\u00fablico do festival gastron\u00f4mico ficou imensamente satisfeito com a iniciativa da Prefeitura de Manaus de trazer, por meio das barracas de comida, uma parte da cultura local, como citou a estudante de biologia Julia Vaz, de 18 anos, que chegou cedo para garantir seu pirarucu de casaca.<\/p>\n\n\n\n<p>\u201cA comida est\u00e1 maravilhosa, o festival est\u00e1 muito bem organizado e est\u00e1 tudo incr\u00edvel. Os pratos s\u00e3o bem servidos e comemos com bastante vontade, \u00e9 uma culin\u00e1ria bem regional, ent\u00e3o d\u00e1 aquele gosto bem amazonense. Muito obrigada, prefeitura, por estar proporcionando esse evento incr\u00edvel\u201d, agradeceu a jovem.<\/p>\n\n\n\n<p>Com esse festival a Prefeitura de Manaus valoriza e d\u00e1 visibilidade ao trabalho dos empreendedores locais, que com dedica\u00e7\u00e3o e talento apresentam no festival uma verdadeira vitrine da cultura amaz\u00f4nica. Cada prato t\u00edpico e cada pe\u00e7a de artesanato carrega hist\u00f3rias e tradi\u00e7\u00f5es que movimentam a economia local neste grandioso festival.<\/p>\n\n\n\n<figure class=\"wp-block-image size-full\"><img loading=\"lazy\" decoding=\"async\" width=\"1600\" height=\"900\" src=\"https:\/\/www.manaus.am.gov.br\/semcom\/wp-content\/uploads\/sites\/5\/2025\/09\/Espacos-de-artesanato-e-gastronomia-1.jpeg\" alt=\"\" class=\"wp-image-245185\" srcset=\"https:\/\/www.manaus.am.gov.br\/semcom\/wp-content\/uploads\/sites\/5\/2025\/09\/Espacos-de-artesanato-e-gastronomia-1.jpeg 1600w, https:\/\/www.manaus.am.gov.br\/semcom\/wp-content\/uploads\/sites\/5\/2025\/09\/Espacos-de-artesanato-e-gastronomia-1-300x169.jpeg 300w, https:\/\/www.manaus.am.gov.br\/semcom\/wp-content\/uploads\/sites\/5\/2025\/09\/Espacos-de-artesanato-e-gastronomia-1-1024x576.jpeg 1024w, https:\/\/www.manaus.am.gov.br\/semcom\/wp-content\/uploads\/sites\/5\/2025\/09\/Espacos-de-artesanato-e-gastronomia-1-768x432.jpeg 768w, https:\/\/www.manaus.am.gov.br\/semcom\/wp-content\/uploads\/sites\/5\/2025\/09\/Espacos-de-artesanato-e-gastronomia-1-1536x864.jpeg 1536w\" sizes=\"(max-width: 1600px) 100vw, 1600px\" \/><\/figure>\n\n\n\n<p>&#8212; &#8212; &#8212;<\/p>\n\n\n\n<p><strong>Texto &#8211;<\/strong> Rayana Coutinho e Maria Amed\/Semcom<\/p>\n\n\n\n<p><strong>Fotos &#8211;<\/strong> Alessandro Ara\u00fajo\/Semcom<\/p>\n\n\n\n<p> <\/p>\n","protected":false},"excerpt":{"rendered":"","protected":false},"author":39,"featured_media":245183,"comment_status":"closed","ping_status":"closed","sticky":false,"template":"","format":"standard","meta":{"footnotes":""},"categories":[4867],"tags":[15305,9487,307,77,16736,16737],"acf":[],"yoast_head":"<!-- This site is optimized with the Yoast SEO plugin v23.0 - https:\/\/yoast.com\/wordpress\/plugins\/seo\/ -->\n<title>Terceiro dia de arte, sabor e tradi\u00e7\u00e3o conquistam p\u00fablico no \u2018#SouManaus 2025\u2019<\/title>\n<meta name=\"description\" content=\"Terceiro dia de arte, sabor e tradi\u00e7\u00e3o conquistam p\u00fablico no \u2018#SouManaus Passo a Pa\u00e7o 2025\u2019 no centro hist\u00f3rico da cidade.\" \/>\n<meta name=\"robots\" content=\"index, follow, max-snippet:-1, max-image-preview:large, max-video-preview:-1\" \/>\n<link rel=\"canonical\" href=\"https:\/\/www.manaus.am.gov.br\/semcom\/artesanato-gastronomia-soumanaus-2025\/\" \/>\n<meta property=\"og:locale\" content=\"pt_BR\" \/>\n<meta property=\"og:type\" content=\"article\" \/>\n<meta property=\"og:title\" content=\"Terceiro dia de arte, sabor e tradi\u00e7\u00e3o conquistam p\u00fablico no \u2018#SouManaus 2025\u2019\" \/>\n<meta property=\"og:description\" content=\"Terceiro dia de arte, sabor e tradi\u00e7\u00e3o conquistam p\u00fablico no \u2018#SouManaus Passo a Pa\u00e7o 2025\u2019 no centro hist\u00f3rico da cidade.\" \/>\n<meta property=\"og:url\" content=\"https:\/\/www.manaus.am.gov.br\/semcom\/artesanato-gastronomia-soumanaus-2025\/\" \/>\n<meta property=\"og:site_name\" content=\"SEMCOM\" \/>\n<meta property=\"article:published_time\" content=\"2025-09-08T01:33:11+00:00\" \/>\n<meta property=\"article:modified_time\" content=\"2025-09-08T01:34:41+00:00\" \/>\n<meta property=\"og:image\" content=\"https:\/\/www.manaus.am.gov.br\/semcom\/wp-content\/uploads\/sites\/5\/2025\/09\/Espacos-de-artesanato-e-gastronomia-4.jpeg\" \/>\n\t<meta property=\"og:image:width\" content=\"876\" \/>\n\t<meta property=\"og:image:height\" content=\"489\" \/>\n\t<meta property=\"og:image:type\" content=\"image\/jpeg\" \/>\n<meta name=\"author\" content=\"Bruna Greco\" \/>\n<meta name=\"twitter:card\" content=\"summary_large_image\" \/>\n<meta name=\"twitter:label1\" content=\"Written by\" \/>\n\t<meta name=\"twitter:data1\" content=\"Bruna Greco\" \/>\n\t<meta name=\"twitter:label2\" content=\"Est. reading time\" \/>\n\t<meta name=\"twitter:data2\" content=\"3 minutos\" \/>\n<script type=\"application\/ld+json\" class=\"yoast-schema-graph\">{\"@context\":\"https:\/\/schema.org\",\"@graph\":[{\"@type\":\"WebPage\",\"@id\":\"https:\/\/www.manaus.am.gov.br\/semcom\/artesanato-gastronomia-soumanaus-2025\/\",\"url\":\"https:\/\/www.manaus.am.gov.br\/semcom\/artesanato-gastronomia-soumanaus-2025\/\",\"name\":\"Terceiro dia de arte, sabor e tradi\u00e7\u00e3o conquistam p\u00fablico no \u2018#SouManaus 2025\u2019\",\"isPartOf\":{\"@id\":\"https:\/\/www.manaus.am.gov.br\/semcom\/#website\"},\"primaryImageOfPage\":{\"@id\":\"https:\/\/www.manaus.am.gov.br\/semcom\/artesanato-gastronomia-soumanaus-2025\/#primaryimage\"},\"image\":{\"@id\":\"https:\/\/www.manaus.am.gov.br\/semcom\/artesanato-gastronomia-soumanaus-2025\/#primaryimage\"},\"thumbnailUrl\":\"https:\/\/www.manaus.am.gov.br\/semcom\/wp-content\/uploads\/sites\/5\/2025\/09\/Espacos-de-artesanato-e-gastronomia-4.jpeg\",\"datePublished\":\"2025-09-08T01:33:11+00:00\",\"dateModified\":\"2025-09-08T01:34:41+00:00\",\"author\":{\"@id\":\"https:\/\/www.manaus.am.gov.br\/semcom\/#\/schema\/person\/05d223aea2bf115f9883a6ff3683d81b\"},\"description\":\"Terceiro dia de arte, sabor e tradi\u00e7\u00e3o conquistam p\u00fablico no \u2018#SouManaus Passo a Pa\u00e7o 2025\u2019 no centro hist\u00f3rico da cidade.\",\"inLanguage\":\"pt-BR\",\"potentialAction\":[{\"@type\":\"ReadAction\",\"target\":[\"https:\/\/www.manaus.am.gov.br\/semcom\/artesanato-gastronomia-soumanaus-2025\/\"]}]},{\"@type\":\"ImageObject\",\"inLanguage\":\"pt-BR\",\"@id\":\"https:\/\/www.manaus.am.gov.br\/semcom\/artesanato-gastronomia-soumanaus-2025\/#primaryimage\",\"url\":\"https:\/\/www.manaus.am.gov.br\/semcom\/wp-content\/uploads\/sites\/5\/2025\/09\/Espacos-de-artesanato-e-gastronomia-4.jpeg\",\"contentUrl\":\"https:\/\/www.manaus.am.gov.br\/semcom\/wp-content\/uploads\/sites\/5\/2025\/09\/Espacos-de-artesanato-e-gastronomia-4.jpeg\",\"width\":876,\"height\":489,\"caption\":\"#paratodosverem - Empreendedora apresentando culin\u00e1ria local durante feira gastron\u00f4mica no \\\"#SouManaus Passo a Pa\u00e7o 2025\\\"\"},{\"@type\":\"WebSite\",\"@id\":\"https:\/\/www.manaus.am.gov.br\/semcom\/#website\",\"url\":\"https:\/\/www.manaus.am.gov.br\/semcom\/\",\"name\":\"SEMCOM\",\"description\":\"Secretaria Municipal de Comunica\u00e7\u00e3o\",\"potentialAction\":[{\"@type\":\"SearchAction\",\"target\":{\"@type\":\"EntryPoint\",\"urlTemplate\":\"https:\/\/www.manaus.am.gov.br\/semcom\/?s={search_term_string}\"},\"query-input\":\"required name=search_term_string\"}],\"inLanguage\":\"pt-BR\"},{\"@type\":\"Person\",\"@id\":\"https:\/\/www.manaus.am.gov.br\/semcom\/#\/schema\/person\/05d223aea2bf115f9883a6ff3683d81b\",\"name\":\"Bruna Greco\",\"image\":{\"@type\":\"ImageObject\",\"inLanguage\":\"pt-BR\",\"@id\":\"https:\/\/www.manaus.am.gov.br\/semcom\/#\/schema\/person\/image\/\",\"url\":\"https:\/\/secure.gravatar.com\/avatar\/9c877d1a6adc2a055330e5c09a8653ce?s=96&d=mm&r=g\",\"contentUrl\":\"https:\/\/secure.gravatar.com\/avatar\/9c877d1a6adc2a055330e5c09a8653ce?s=96&d=mm&r=g\",\"caption\":\"Bruna Greco\"}}]}<\/script>\n<!-- \/ Yoast SEO plugin. -->","yoast_head_json":{"title":"Terceiro dia de arte, sabor e tradi\u00e7\u00e3o conquistam p\u00fablico no \u2018#SouManaus 2025\u2019","description":"Terceiro dia de arte, sabor e tradi\u00e7\u00e3o conquistam p\u00fablico no \u2018#SouManaus Passo a Pa\u00e7o 2025\u2019 no centro hist\u00f3rico da cidade.","robots":{"index":"index","follow":"follow","max-snippet":"max-snippet:-1","max-image-preview":"max-image-preview:large","max-video-preview":"max-video-preview:-1"},"canonical":"https:\/\/www.manaus.am.gov.br\/semcom\/artesanato-gastronomia-soumanaus-2025\/","og_locale":"pt_BR","og_type":"article","og_title":"Terceiro dia de arte, sabor e tradi\u00e7\u00e3o conquistam p\u00fablico no \u2018#SouManaus 2025\u2019","og_description":"Terceiro dia de arte, sabor e tradi\u00e7\u00e3o conquistam p\u00fablico no \u2018#SouManaus Passo a Pa\u00e7o 2025\u2019 no centro hist\u00f3rico da cidade.","og_url":"https:\/\/www.manaus.am.gov.br\/semcom\/artesanato-gastronomia-soumanaus-2025\/","og_site_name":"SEMCOM","article_published_time":"2025-09-08T01:33:11+00:00","article_modified_time":"2025-09-08T01:34:41+00:00","og_image":[{"width":876,"height":489,"url":"https:\/\/www.manaus.am.gov.br\/semcom\/wp-content\/uploads\/sites\/5\/2025\/09\/Espacos-de-artesanato-e-gastronomia-4.jpeg","type":"image\/jpeg"}],"author":"Bruna Greco","twitter_card":"summary_large_image","twitter_misc":{"Written by":"Bruna Greco","Est. reading time":"3 minutos"},"schema":{"@context":"https:\/\/schema.org","@graph":[{"@type":"WebPage","@id":"https:\/\/www.manaus.am.gov.br\/semcom\/artesanato-gastronomia-soumanaus-2025\/","url":"https:\/\/www.manaus.am.gov.br\/semcom\/artesanato-gastronomia-soumanaus-2025\/","name":"Terceiro dia de arte, sabor e tradi\u00e7\u00e3o conquistam p\u00fablico no \u2018#SouManaus 2025\u2019","isPartOf":{"@id":"https:\/\/www.manaus.am.gov.br\/semcom\/#website"},"primaryImageOfPage":{"@id":"https:\/\/www.manaus.am.gov.br\/semcom\/artesanato-gastronomia-soumanaus-2025\/#primaryimage"},"image":{"@id":"https:\/\/www.manaus.am.gov.br\/semcom\/artesanato-gastronomia-soumanaus-2025\/#primaryimage"},"thumbnailUrl":"https:\/\/www.manaus.am.gov.br\/semcom\/wp-content\/uploads\/sites\/5\/2025\/09\/Espacos-de-artesanato-e-gastronomia-4.jpeg","datePublished":"2025-09-08T01:33:11+00:00","dateModified":"2025-09-08T01:34:41+00:00","author":{"@id":"https:\/\/www.manaus.am.gov.br\/semcom\/#\/schema\/person\/05d223aea2bf115f9883a6ff3683d81b"},"description":"Terceiro dia de arte, sabor e tradi\u00e7\u00e3o conquistam p\u00fablico no \u2018#SouManaus Passo a Pa\u00e7o 2025\u2019 no centro hist\u00f3rico da cidade.","inLanguage":"pt-BR","potentialAction":[{"@type":"ReadAction","target":["https:\/\/www.manaus.am.gov.br\/semcom\/artesanato-gastronomia-soumanaus-2025\/"]}]},{"@type":"ImageObject","inLanguage":"pt-BR","@id":"https:\/\/www.manaus.am.gov.br\/semcom\/artesanato-gastronomia-soumanaus-2025\/#primaryimage","url":"https:\/\/www.manaus.am.gov.br\/semcom\/wp-content\/uploads\/sites\/5\/2025\/09\/Espacos-de-artesanato-e-gastronomia-4.jpeg","contentUrl":"https:\/\/www.manaus.am.gov.br\/semcom\/wp-content\/uploads\/sites\/5\/2025\/09\/Espacos-de-artesanato-e-gastronomia-4.jpeg","width":876,"height":489,"caption":"#paratodosverem - Empreendedora apresentando culin\u00e1ria local durante feira gastron\u00f4mica no \"#SouManaus Passo a Pa\u00e7o 2025\""},{"@type":"WebSite","@id":"https:\/\/www.manaus.am.gov.br\/semcom\/#website","url":"https:\/\/www.manaus.am.gov.br\/semcom\/","name":"SEMCOM","description":"Secretaria Municipal de Comunica\u00e7\u00e3o","potentialAction":[{"@type":"SearchAction","target":{"@type":"EntryPoint","urlTemplate":"https:\/\/www.manaus.am.gov.br\/semcom\/?s={search_term_string}"},"query-input":"required name=search_term_string"}],"inLanguage":"pt-BR"},{"@type":"Person","@id":"https:\/\/www.manaus.am.gov.br\/semcom\/#\/schema\/person\/05d223aea2bf115f9883a6ff3683d81b","name":"Bruna Greco","image":{"@type":"ImageObject","inLanguage":"pt-BR","@id":"https:\/\/www.manaus.am.gov.br\/semcom\/#\/schema\/person\/image\/","url":"https:\/\/secure.gravatar.com\/avatar\/9c877d1a6adc2a055330e5c09a8653ce?s=96&d=mm&r=g","contentUrl":"https:\/\/secure.gravatar.com\/avatar\/9c877d1a6adc2a055330e5c09a8653ce?s=96&d=mm&r=g","caption":"Bruna Greco"}}]}},"_links":{"self":[{"href":"https:\/\/www.manaus.am.gov.br\/semcom\/wp-json\/wp\/v2\/posts\/245182"}],"collection":[{"href":"https:\/\/www.manaus.am.gov.br\/semcom\/wp-json\/wp\/v2\/posts"}],"about":[{"href":"https:\/\/www.manaus.am.gov.br\/semcom\/wp-json\/wp\/v2\/types\/post"}],"author":[{"embeddable":true,"href":"https:\/\/www.manaus.am.gov.br\/semcom\/wp-json\/wp\/v2\/users\/39"}],"replies":[{"embeddable":true,"href":"https:\/\/www.manaus.am.gov.br\/semcom\/wp-json\/wp\/v2\/comments?post=245182"}],"version-history":[{"count":2,"href":"https:\/\/www.manaus.am.gov.br\/semcom\/wp-json\/wp\/v2\/posts\/245182\/revisions"}],"predecessor-version":[{"id":245187,"href":"https:\/\/www.manaus.am.gov.br\/semcom\/wp-json\/wp\/v2\/posts\/245182\/revisions\/245187"}],"wp:featuredmedia":[{"embeddable":true,"href":"https:\/\/www.manaus.am.gov.br\/semcom\/wp-json\/wp\/v2\/media\/245183"}],"wp:attachment":[{"href":"https:\/\/www.manaus.am.gov.br\/semcom\/wp-json\/wp\/v2\/media?parent=245182"}],"wp:term":[{"taxonomy":"category","embeddable":true,"href":"https:\/\/www.manaus.am.gov.br\/semcom\/wp-json\/wp\/v2\/categories?post=245182"},{"taxonomy":"post_tag","embeddable":true,"href":"https:\/\/www.manaus.am.gov.br\/semcom\/wp-json\/wp\/v2\/tags?post=245182"}],"curies":[{"name":"wp","href":"https:\/\/api.w.org\/{rel}","templated":true}]}}