{"id":245157,"date":"2025-09-07T19:38:08","date_gmt":"2025-09-07T23:38:08","guid":{"rendered":"https:\/\/www.manaus.am.gov.br\/semcom\/espaco-cultura-urbana-soumanaus-2025\/"},"modified":"2025-09-07T20:43:21","modified_gmt":"2025-09-07T23:43:21","slug":"espaco-cultura-urbana-soumanaus-2025","status":"publish","type":"post","link":"https:\/\/www.manaus.am.gov.br\/semcom\/espaco-cultura-urbana-soumanaus-2025\/","title":{"rendered":"Espa\u00e7o Cultura Urbana encerra \u00faltima noite do \u2018#SouManaus 2025\u2019 reunindo diferentes express\u00f5es art\u00edsticas e culturais"},"content":{"rendered":"\n<p>Um dos pontos mais vibrantes do \u201c#SouManaus Passo a Pa\u00e7o 2025\u201d, o espa\u00e7o Cultura Urbana, instalado no centro hist\u00f3rico, encerra a terceira e \u00faltima noite de festival, neste domingo, 7\/9, com uma programa\u00e7\u00e3o especial que re\u00fane diferentes express\u00f5es art\u00edsticas e culturais. Al\u00e9m das atra\u00e7\u00f5es no palco, o local conta com pista de skate, slackline, est\u00fadios de tatuagem e estandes de empreendedorismo, criando um ambiente voltado para a juventude, a diversidade e a conviv\u00eancia.<\/p>\n\n\n\n<p>A agenda come\u00e7ou \u00e0s 16h30 com uma roda de Capoeira comandada pela mestra Mainha, seguida da abertura com a DJ Ariana. Logo depois, a batalha de Slam trouxe os competidores ao palco em uma disputa de rimas e poesia.<\/p>\n\n\n\n<p>Ainda nesta noite, o p\u00fablico acompanha as apresenta\u00e7\u00f5es da banda Jam e dos grupos de dan\u00e7a Cia Brega Mix, Cia Swing Power e Pega Vis\u00e3o. A tradicional batalha Ballroom tamb\u00e9m promete movimentar o espa\u00e7o com performances de express\u00e3o e criatividade. O encerramento da programa\u00e7\u00e3o fica por conta da cantora B\u00e1rbara Wind Rock.<\/p>\n\n\n\n<p>A vocalista Bia Silva, da banda Jam, comemora a participa\u00e7\u00e3o in\u00e9dita. \u201c\u00c9 a nossa estreia no \u2018#SouManaus\u2019 e estamos muito felizes em poder apresentar nosso trabalho aqui. O p\u00fablico tem uma energia incr\u00edvel e \u00e9 uma grande oportunidade para a nossa banda\u201d, afirmou.<\/p>\n\n\n\n<p>O Espa\u00e7o Cultura Urbana conclui sua participa\u00e7\u00e3o no festival \u201c#SouManaus Passo a Pa\u00e7o\u201d, organizado pela Prefeitura de Manaus, por meio da Funda\u00e7\u00e3o Municipal de Cultura, Turismo e Eventos (Manauscult), reafirmando sua proposta de valorizar talentos locais e dar visibilidade a diferentes manifesta\u00e7\u00f5es da cultura urbana.<\/p>\n\n\n\n<figure class=\"wp-block-image size-large\"><img loading=\"lazy\" decoding=\"async\" width=\"1024\" height=\"768\" src=\"https:\/\/www.manaus.am.gov.br\/semcom\/wp-content\/uploads\/sites\/5\/2025\/09\/Cultura-Urbana-3-1024x768.jpeg\" alt=\"\" class=\"wp-image-245159\" srcset=\"https:\/\/www.manaus.am.gov.br\/semcom\/wp-content\/uploads\/sites\/5\/2025\/09\/Cultura-Urbana-3-1024x768.jpeg 1024w, https:\/\/www.manaus.am.gov.br\/semcom\/wp-content\/uploads\/sites\/5\/2025\/09\/Cultura-Urbana-3-300x225.jpeg 300w, https:\/\/www.manaus.am.gov.br\/semcom\/wp-content\/uploads\/sites\/5\/2025\/09\/Cultura-Urbana-3-768x576.jpeg 768w, https:\/\/www.manaus.am.gov.br\/semcom\/wp-content\/uploads\/sites\/5\/2025\/09\/Cultura-Urbana-3-1536x1152.jpeg 1536w, https:\/\/www.manaus.am.gov.br\/semcom\/wp-content\/uploads\/sites\/5\/2025\/09\/Cultura-Urbana-3.jpeg 1600w\" sizes=\"(max-width: 1024px) 100vw, 1024px\" \/><\/figure>\n\n\n\n<p>&#8212; &#8212; &#8212;<\/p>\n\n\n\n<p><strong>Texto e fotos<\/strong> &#8211; Jordana Rodrigues\/Semcom<\/p>\n","protected":false},"excerpt":{"rendered":"","protected":false},"author":39,"featured_media":245158,"comment_status":"closed","ping_status":"closed","sticky":false,"template":"","format":"standard","meta":{"footnotes":""},"categories":[4361],"tags":[16726,16727,307,16714,77],"acf":[],"yoast_head":"<!-- This site is optimized with the Yoast SEO plugin v23.0 - https:\/\/yoast.com\/wordpress\/plugins\/seo\/ -->\n<title>Espa\u00e7o Cultura Urbana encerra \u00faltima noite do \u2018#SouManaus 2025\u2019<\/title>\n<meta name=\"description\" content=\"Espa\u00e7o Cultura Urbana encerra \u00faltima noite do \u2018#SouManaus 2025\u2019 reunindo diferentes express\u00f5es art\u00edsticas e culturais.\" \/>\n<meta name=\"robots\" content=\"index, follow, max-snippet:-1, max-image-preview:large, max-video-preview:-1\" \/>\n<link rel=\"canonical\" href=\"https:\/\/www.manaus.am.gov.br\/semcom\/espaco-cultura-urbana-soumanaus-2025\/\" \/>\n<meta property=\"og:locale\" content=\"pt_BR\" \/>\n<meta property=\"og:type\" content=\"article\" \/>\n<meta property=\"og:title\" content=\"Espa\u00e7o Cultura Urbana encerra \u00faltima noite do \u2018#SouManaus 2025\u2019\" \/>\n<meta property=\"og:description\" content=\"Espa\u00e7o Cultura Urbana encerra \u00faltima noite do \u2018#SouManaus 2025\u2019 reunindo diferentes express\u00f5es art\u00edsticas e culturais.\" \/>\n<meta property=\"og:url\" content=\"https:\/\/www.manaus.am.gov.br\/semcom\/espaco-cultura-urbana-soumanaus-2025\/\" \/>\n<meta property=\"og:site_name\" content=\"SEMCOM\" \/>\n<meta property=\"article:published_time\" content=\"2025-09-07T23:38:08+00:00\" \/>\n<meta property=\"article:modified_time\" content=\"2025-09-07T23:43:21+00:00\" \/>\n<meta property=\"og:image\" content=\"https:\/\/www.manaus.am.gov.br\/semcom\/wp-content\/uploads\/sites\/5\/2025\/09\/Cultura-Urbana-1.jpeg\" \/>\n\t<meta property=\"og:image:width\" content=\"1600\" \/>\n\t<meta property=\"og:image:height\" content=\"1200\" \/>\n\t<meta property=\"og:image:type\" content=\"image\/jpeg\" \/>\n<meta name=\"author\" content=\"Bruna Greco\" \/>\n<meta name=\"twitter:card\" content=\"summary_large_image\" \/>\n<meta name=\"twitter:label1\" content=\"Written by\" \/>\n\t<meta name=\"twitter:data1\" content=\"Bruna Greco\" \/>\n\t<meta name=\"twitter:label2\" content=\"Est. reading time\" \/>\n\t<meta name=\"twitter:data2\" content=\"2 minutos\" \/>\n<script type=\"application\/ld+json\" class=\"yoast-schema-graph\">{\"@context\":\"https:\/\/schema.org\",\"@graph\":[{\"@type\":\"WebPage\",\"@id\":\"https:\/\/www.manaus.am.gov.br\/semcom\/espaco-cultura-urbana-soumanaus-2025\/\",\"url\":\"https:\/\/www.manaus.am.gov.br\/semcom\/espaco-cultura-urbana-soumanaus-2025\/\",\"name\":\"Espa\u00e7o Cultura Urbana encerra \u00faltima noite do \u2018#SouManaus 2025\u2019\",\"isPartOf\":{\"@id\":\"https:\/\/www.manaus.am.gov.br\/semcom\/#website\"},\"primaryImageOfPage\":{\"@id\":\"https:\/\/www.manaus.am.gov.br\/semcom\/espaco-cultura-urbana-soumanaus-2025\/#primaryimage\"},\"image\":{\"@id\":\"https:\/\/www.manaus.am.gov.br\/semcom\/espaco-cultura-urbana-soumanaus-2025\/#primaryimage\"},\"thumbnailUrl\":\"https:\/\/www.manaus.am.gov.br\/semcom\/wp-content\/uploads\/sites\/5\/2025\/09\/Cultura-Urbana-1.jpeg\",\"datePublished\":\"2025-09-07T23:38:08+00:00\",\"dateModified\":\"2025-09-07T23:43:21+00:00\",\"author\":{\"@id\":\"https:\/\/www.manaus.am.gov.br\/semcom\/#\/schema\/person\/05d223aea2bf115f9883a6ff3683d81b\"},\"description\":\"Espa\u00e7o Cultura Urbana encerra \u00faltima noite do \u2018#SouManaus 2025\u2019 reunindo diferentes express\u00f5es art\u00edsticas e culturais.\",\"inLanguage\":\"pt-BR\",\"potentialAction\":[{\"@type\":\"ReadAction\",\"target\":[\"https:\/\/www.manaus.am.gov.br\/semcom\/espaco-cultura-urbana-soumanaus-2025\/\"]}]},{\"@type\":\"ImageObject\",\"inLanguage\":\"pt-BR\",\"@id\":\"https:\/\/www.manaus.am.gov.br\/semcom\/espaco-cultura-urbana-soumanaus-2025\/#primaryimage\",\"url\":\"https:\/\/www.manaus.am.gov.br\/semcom\/wp-content\/uploads\/sites\/5\/2025\/09\/Cultura-Urbana-1.jpeg\",\"contentUrl\":\"https:\/\/www.manaus.am.gov.br\/semcom\/wp-content\/uploads\/sites\/5\/2025\/09\/Cultura-Urbana-1.jpeg\",\"width\":1600,\"height\":1200,\"caption\":\"#paratodosverem - Visitante do espa\u00e7o Cultura Urbana fazendo slack line durante programa\u00e7\u00e3o do \\\"#SouManaus Passo a Pa\u00e7o 2025\\\"\"},{\"@type\":\"WebSite\",\"@id\":\"https:\/\/www.manaus.am.gov.br\/semcom\/#website\",\"url\":\"https:\/\/www.manaus.am.gov.br\/semcom\/\",\"name\":\"SEMCOM\",\"description\":\"Secretaria Municipal de Comunica\u00e7\u00e3o\",\"potentialAction\":[{\"@type\":\"SearchAction\",\"target\":{\"@type\":\"EntryPoint\",\"urlTemplate\":\"https:\/\/www.manaus.am.gov.br\/semcom\/?s={search_term_string}\"},\"query-input\":\"required name=search_term_string\"}],\"inLanguage\":\"pt-BR\"},{\"@type\":\"Person\",\"@id\":\"https:\/\/www.manaus.am.gov.br\/semcom\/#\/schema\/person\/05d223aea2bf115f9883a6ff3683d81b\",\"name\":\"Bruna Greco\",\"image\":{\"@type\":\"ImageObject\",\"inLanguage\":\"pt-BR\",\"@id\":\"https:\/\/www.manaus.am.gov.br\/semcom\/#\/schema\/person\/image\/\",\"url\":\"https:\/\/secure.gravatar.com\/avatar\/9c877d1a6adc2a055330e5c09a8653ce?s=96&d=mm&r=g\",\"contentUrl\":\"https:\/\/secure.gravatar.com\/avatar\/9c877d1a6adc2a055330e5c09a8653ce?s=96&d=mm&r=g\",\"caption\":\"Bruna Greco\"}}]}<\/script>\n<!-- \/ Yoast SEO plugin. -->","yoast_head_json":{"title":"Espa\u00e7o Cultura Urbana encerra \u00faltima noite do \u2018#SouManaus 2025\u2019","description":"Espa\u00e7o Cultura Urbana encerra \u00faltima noite do \u2018#SouManaus 2025\u2019 reunindo diferentes express\u00f5es art\u00edsticas e culturais.","robots":{"index":"index","follow":"follow","max-snippet":"max-snippet:-1","max-image-preview":"max-image-preview:large","max-video-preview":"max-video-preview:-1"},"canonical":"https:\/\/www.manaus.am.gov.br\/semcom\/espaco-cultura-urbana-soumanaus-2025\/","og_locale":"pt_BR","og_type":"article","og_title":"Espa\u00e7o Cultura Urbana encerra \u00faltima noite do \u2018#SouManaus 2025\u2019","og_description":"Espa\u00e7o Cultura Urbana encerra \u00faltima noite do \u2018#SouManaus 2025\u2019 reunindo diferentes express\u00f5es art\u00edsticas e culturais.","og_url":"https:\/\/www.manaus.am.gov.br\/semcom\/espaco-cultura-urbana-soumanaus-2025\/","og_site_name":"SEMCOM","article_published_time":"2025-09-07T23:38:08+00:00","article_modified_time":"2025-09-07T23:43:21+00:00","og_image":[{"width":1600,"height":1200,"url":"https:\/\/www.manaus.am.gov.br\/semcom\/wp-content\/uploads\/sites\/5\/2025\/09\/Cultura-Urbana-1.jpeg","type":"image\/jpeg"}],"author":"Bruna Greco","twitter_card":"summary_large_image","twitter_misc":{"Written by":"Bruna Greco","Est. reading time":"2 minutos"},"schema":{"@context":"https:\/\/schema.org","@graph":[{"@type":"WebPage","@id":"https:\/\/www.manaus.am.gov.br\/semcom\/espaco-cultura-urbana-soumanaus-2025\/","url":"https:\/\/www.manaus.am.gov.br\/semcom\/espaco-cultura-urbana-soumanaus-2025\/","name":"Espa\u00e7o Cultura Urbana encerra \u00faltima noite do \u2018#SouManaus 2025\u2019","isPartOf":{"@id":"https:\/\/www.manaus.am.gov.br\/semcom\/#website"},"primaryImageOfPage":{"@id":"https:\/\/www.manaus.am.gov.br\/semcom\/espaco-cultura-urbana-soumanaus-2025\/#primaryimage"},"image":{"@id":"https:\/\/www.manaus.am.gov.br\/semcom\/espaco-cultura-urbana-soumanaus-2025\/#primaryimage"},"thumbnailUrl":"https:\/\/www.manaus.am.gov.br\/semcom\/wp-content\/uploads\/sites\/5\/2025\/09\/Cultura-Urbana-1.jpeg","datePublished":"2025-09-07T23:38:08+00:00","dateModified":"2025-09-07T23:43:21+00:00","author":{"@id":"https:\/\/www.manaus.am.gov.br\/semcom\/#\/schema\/person\/05d223aea2bf115f9883a6ff3683d81b"},"description":"Espa\u00e7o Cultura Urbana encerra \u00faltima noite do \u2018#SouManaus 2025\u2019 reunindo diferentes express\u00f5es art\u00edsticas e culturais.","inLanguage":"pt-BR","potentialAction":[{"@type":"ReadAction","target":["https:\/\/www.manaus.am.gov.br\/semcom\/espaco-cultura-urbana-soumanaus-2025\/"]}]},{"@type":"ImageObject","inLanguage":"pt-BR","@id":"https:\/\/www.manaus.am.gov.br\/semcom\/espaco-cultura-urbana-soumanaus-2025\/#primaryimage","url":"https:\/\/www.manaus.am.gov.br\/semcom\/wp-content\/uploads\/sites\/5\/2025\/09\/Cultura-Urbana-1.jpeg","contentUrl":"https:\/\/www.manaus.am.gov.br\/semcom\/wp-content\/uploads\/sites\/5\/2025\/09\/Cultura-Urbana-1.jpeg","width":1600,"height":1200,"caption":"#paratodosverem - Visitante do espa\u00e7o Cultura Urbana fazendo slack line durante programa\u00e7\u00e3o do \"#SouManaus Passo a Pa\u00e7o 2025\""},{"@type":"WebSite","@id":"https:\/\/www.manaus.am.gov.br\/semcom\/#website","url":"https:\/\/www.manaus.am.gov.br\/semcom\/","name":"SEMCOM","description":"Secretaria Municipal de Comunica\u00e7\u00e3o","potentialAction":[{"@type":"SearchAction","target":{"@type":"EntryPoint","urlTemplate":"https:\/\/www.manaus.am.gov.br\/semcom\/?s={search_term_string}"},"query-input":"required name=search_term_string"}],"inLanguage":"pt-BR"},{"@type":"Person","@id":"https:\/\/www.manaus.am.gov.br\/semcom\/#\/schema\/person\/05d223aea2bf115f9883a6ff3683d81b","name":"Bruna Greco","image":{"@type":"ImageObject","inLanguage":"pt-BR","@id":"https:\/\/www.manaus.am.gov.br\/semcom\/#\/schema\/person\/image\/","url":"https:\/\/secure.gravatar.com\/avatar\/9c877d1a6adc2a055330e5c09a8653ce?s=96&d=mm&r=g","contentUrl":"https:\/\/secure.gravatar.com\/avatar\/9c877d1a6adc2a055330e5c09a8653ce?s=96&d=mm&r=g","caption":"Bruna Greco"}}]}},"_links":{"self":[{"href":"https:\/\/www.manaus.am.gov.br\/semcom\/wp-json\/wp\/v2\/posts\/245157"}],"collection":[{"href":"https:\/\/www.manaus.am.gov.br\/semcom\/wp-json\/wp\/v2\/posts"}],"about":[{"href":"https:\/\/www.manaus.am.gov.br\/semcom\/wp-json\/wp\/v2\/types\/post"}],"author":[{"embeddable":true,"href":"https:\/\/www.manaus.am.gov.br\/semcom\/wp-json\/wp\/v2\/users\/39"}],"replies":[{"embeddable":true,"href":"https:\/\/www.manaus.am.gov.br\/semcom\/wp-json\/wp\/v2\/comments?post=245157"}],"version-history":[{"count":5,"href":"https:\/\/www.manaus.am.gov.br\/semcom\/wp-json\/wp\/v2\/posts\/245157\/revisions"}],"predecessor-version":[{"id":245164,"href":"https:\/\/www.manaus.am.gov.br\/semcom\/wp-json\/wp\/v2\/posts\/245157\/revisions\/245164"}],"wp:featuredmedia":[{"embeddable":true,"href":"https:\/\/www.manaus.am.gov.br\/semcom\/wp-json\/wp\/v2\/media\/245158"}],"wp:attachment":[{"href":"https:\/\/www.manaus.am.gov.br\/semcom\/wp-json\/wp\/v2\/media?parent=245157"}],"wp:term":[{"taxonomy":"category","embeddable":true,"href":"https:\/\/www.manaus.am.gov.br\/semcom\/wp-json\/wp\/v2\/categories?post=245157"},{"taxonomy":"post_tag","embeddable":true,"href":"https:\/\/www.manaus.am.gov.br\/semcom\/wp-json\/wp\/v2\/tags?post=245157"}],"curies":[{"name":"wp","href":"https:\/\/api.w.org\/{rel}","templated":true}]}}