{"id":245143,"date":"2025-09-07T18:57:27","date_gmt":"2025-09-07T22:57:27","guid":{"rendered":"https:\/\/www.manaus.am.gov.br\/semcom\/colegiado-reunioes-ultimo-dia-soumanaus-2025\/"},"modified":"2025-09-08T01:04:14","modified_gmt":"2025-09-08T04:04:14","slug":"colegiado-reunioes-ultimo-dia-soumanaus-2025","status":"publish","type":"post","link":"https:\/\/www.manaus.am.gov.br\/semcom\/colegiado-reunioes-ultimo-dia-soumanaus-2025\/","title":{"rendered":"Colegiado municipal integrado inicia reuni\u00f5es do \u00faltimo dia do \u2018#SouManaus 2025\u2019 com balan\u00e7o positivo nos tr\u00eas dias de festival"},"content":{"rendered":"\n<p>A Prefeitura de Manaus, por meio do Centro de Coopera\u00e7\u00e3o da Cidade (CCC), realizou, neste domingo, 7\/9, a primeira reuni\u00e3o do colegiado municipal integrado referente ao terceiro e \u00faltimo dia do \u201c#SouManaus Passo a Pa\u00e7o 2025\u201d. O encontro, que aconteceu no mirante L\u00facia Almeida, reuniu secretarias municipais, \u00f3rg\u00e3os estaduais, federais e do Judici\u00e1rio, dando sequ\u00eancia ao trabalho conjunto que vem garantindo o sucesso do festival.<\/p>\n\n\n\n<p>O colegiado refor\u00e7ou que as reuni\u00f5es s\u00e3o realizadas continuamente, sempre que h\u00e1 uma ocorr\u00eancia, para definir estrat\u00e9gias e assegurar respostas r\u00e1pidas. A metodologia integrada tem sido fundamental para manter a ordem e o bom funcionamento do evento.<\/p>\n\n\n\n<p>De acordo com o superintendente do Centro de Coopera\u00e7\u00e3o da Cidade (CCC), Sandro Diz, a integra\u00e7\u00e3o \u00e9 a chave da opera\u00e7\u00e3o. \u201cTr\u00eas dias de festival, milhares de pessoas circulando, e seguimos com seguran\u00e7a, mobilidade e servi\u00e7os funcionando de forma exemplar. A uni\u00e3o de mais de 60 institui\u00e7\u00f5es tem sido determinante para que a festa seja lembrada pela alegria e pela organiza\u00e7\u00e3o&#8221;, ressalta.<\/p>\n\n\n\n<p>As reuni\u00f5es contam com um car\u00e1ter estrat\u00e9gico e s\u00e3o realizadas v\u00e1rias vezes ao longo do festival. \u201cAs reuni\u00f5es do colegiado acontecem sempre que h\u00e1 uma ocorr\u00eancia, justamente para que possamos avaliar em tempo real e definir as melhores estrat\u00e9gias. Esse acompanhamento cont\u00ednuo \u00e9 fundamental para o sucesso da opera\u00e7\u00e3o\u201d, explica Sandro Diz.<\/p>\n\n\n\n<p>O balan\u00e7o do colegiado destacou que, mesmo com um grande fluxo de p\u00fablico circulando pelo Centro Hist\u00f3rico de Manaus, o evento registrou pouqu\u00edssimas ocorr\u00eancias, todas rapidamente atendidas pelas equipes de plant\u00e3o. A alegria do p\u00fablico e a organiza\u00e7\u00e3o das opera\u00e7\u00f5es marcam a edi\u00e7\u00e3o deste ano, refor\u00e7ando a efici\u00eancia do modelo de gest\u00e3o integrada.<\/p>\n\n\n\n<p>Para o superintendente do CCC, o resultado comprova a for\u00e7a da atua\u00e7\u00e3o conjunta. \u201cO n\u00famero de ocorr\u00eancias at\u00e9 agora \u00e9 baix\u00edssimo, considerando o grande p\u00fablico presente. Isso mostra que o planejamento tem funcionado e que as equipes est\u00e3o preparadas para atender prontamente qualquer situa\u00e7\u00e3o\u201d, afirmou Sandro Diz.<\/p>\n\n\n\n<p>Com a abertura das reuni\u00f5es deste domingo, a Prefeitura de Manaus e as institui\u00e7\u00f5es envolvidas refor\u00e7am o compromisso de garantir seguran\u00e7a, lazer e cultura no \u00faltimo dia do \u201c#SouManaus Passo a Pa\u00e7o 2025\u201d.<\/p>\n\n\n\n<figure class=\"wp-block-image size-large\"><img loading=\"lazy\" decoding=\"async\" width=\"1024\" height=\"683\" src=\"https:\/\/www.manaus.am.gov.br\/semcom\/wp-content\/uploads\/sites\/5\/2025\/09\/736A0963-1024x683.jpg\" alt=\"\" class=\"wp-image-245145\" srcset=\"https:\/\/www.manaus.am.gov.br\/semcom\/wp-content\/uploads\/sites\/5\/2025\/09\/736A0963-1024x683.jpg 1024w, https:\/\/www.manaus.am.gov.br\/semcom\/wp-content\/uploads\/sites\/5\/2025\/09\/736A0963-300x200.jpg 300w, https:\/\/www.manaus.am.gov.br\/semcom\/wp-content\/uploads\/sites\/5\/2025\/09\/736A0963-768x512.jpg 768w, https:\/\/www.manaus.am.gov.br\/semcom\/wp-content\/uploads\/sites\/5\/2025\/09\/736A0963-1536x1024.jpg 1536w, https:\/\/www.manaus.am.gov.br\/semcom\/wp-content\/uploads\/sites\/5\/2025\/09\/736A0963-2048x1365.jpg 2048w\" sizes=\"(max-width: 1024px) 100vw, 1024px\" \/><\/figure>\n\n\n\n<p>&#8212; &#8212; &#8212;<\/p>\n\n\n\n<p><strong>Texto <\/strong>&#8211; Valesca Martins\/Semcom <\/p>\n\n\n\n<p><strong>Fotos <\/strong>&#8211; M\u00e1rcio Melo\/Semcom<\/p>\n","protected":false},"excerpt":{"rendered":"","protected":false},"author":39,"featured_media":245144,"comment_status":"closed","ping_status":"closed","sticky":false,"template":"","format":"standard","meta":{"footnotes":""},"categories":[391],"tags":[15305,146,16725,77,4912],"acf":[],"yoast_head":"<!-- This site is optimized with the Yoast SEO plugin v23.0 - https:\/\/yoast.com\/wordpress\/plugins\/seo\/ -->\n<title>Colegiado municipal inicia reuni\u00f5es do \u00faltimo dia do \u2018#SouManaus&#039;<\/title>\n<meta name=\"description\" content=\"Colegiado municipal integrado inicia reuni\u00f5es do \u00faltimo dia do \u2018#SouManaus 2025\u2019 com balan\u00e7o positivo nos tr\u00eas dias de festival.\" \/>\n<meta name=\"robots\" content=\"index, follow, max-snippet:-1, max-image-preview:large, max-video-preview:-1\" \/>\n<link rel=\"canonical\" href=\"https:\/\/www.manaus.am.gov.br\/semcom\/colegiado-reunioes-ultimo-dia-soumanaus-2025\/\" \/>\n<meta property=\"og:locale\" content=\"pt_BR\" \/>\n<meta property=\"og:type\" content=\"article\" \/>\n<meta property=\"og:title\" content=\"Colegiado municipal inicia reuni\u00f5es do \u00faltimo dia do \u2018#SouManaus&#039;\" \/>\n<meta property=\"og:description\" content=\"Colegiado municipal integrado inicia reuni\u00f5es do \u00faltimo dia do \u2018#SouManaus 2025\u2019 com balan\u00e7o positivo nos tr\u00eas dias de festival.\" \/>\n<meta property=\"og:url\" content=\"https:\/\/www.manaus.am.gov.br\/semcom\/colegiado-reunioes-ultimo-dia-soumanaus-2025\/\" \/>\n<meta property=\"og:site_name\" content=\"SEMCOM\" \/>\n<meta property=\"article:published_time\" content=\"2025-09-07T22:57:27+00:00\" \/>\n<meta property=\"article:modified_time\" content=\"2025-09-08T04:04:14+00:00\" \/>\n<meta property=\"og:image\" content=\"https:\/\/www.manaus.am.gov.br\/semcom\/wp-content\/uploads\/sites\/5\/2025\/09\/736A0972-1024x683.jpg\" \/>\n\t<meta property=\"og:image:width\" content=\"1024\" \/>\n\t<meta property=\"og:image:height\" content=\"683\" \/>\n\t<meta property=\"og:image:type\" content=\"image\/jpeg\" \/>\n<meta name=\"author\" content=\"Bruna Greco\" \/>\n<meta name=\"twitter:card\" content=\"summary_large_image\" \/>\n<meta name=\"twitter:label1\" content=\"Written by\" \/>\n\t<meta name=\"twitter:data1\" content=\"Bruna Greco\" \/>\n\t<meta name=\"twitter:label2\" content=\"Est. reading time\" \/>\n\t<meta name=\"twitter:data2\" content=\"3 minutos\" \/>\n<script type=\"application\/ld+json\" class=\"yoast-schema-graph\">{\"@context\":\"https:\/\/schema.org\",\"@graph\":[{\"@type\":\"WebPage\",\"@id\":\"https:\/\/www.manaus.am.gov.br\/semcom\/colegiado-reunioes-ultimo-dia-soumanaus-2025\/\",\"url\":\"https:\/\/www.manaus.am.gov.br\/semcom\/colegiado-reunioes-ultimo-dia-soumanaus-2025\/\",\"name\":\"Colegiado municipal inicia reuni\u00f5es do \u00faltimo dia do \u2018#SouManaus'\",\"isPartOf\":{\"@id\":\"https:\/\/www.manaus.am.gov.br\/semcom\/#website\"},\"primaryImageOfPage\":{\"@id\":\"https:\/\/www.manaus.am.gov.br\/semcom\/colegiado-reunioes-ultimo-dia-soumanaus-2025\/#primaryimage\"},\"image\":{\"@id\":\"https:\/\/www.manaus.am.gov.br\/semcom\/colegiado-reunioes-ultimo-dia-soumanaus-2025\/#primaryimage\"},\"thumbnailUrl\":\"https:\/\/www.manaus.am.gov.br\/semcom\/wp-content\/uploads\/sites\/5\/2025\/09\/736A0972.jpg\",\"datePublished\":\"2025-09-07T22:57:27+00:00\",\"dateModified\":\"2025-09-08T04:04:14+00:00\",\"author\":{\"@id\":\"https:\/\/www.manaus.am.gov.br\/semcom\/#\/schema\/person\/05d223aea2bf115f9883a6ff3683d81b\"},\"description\":\"Colegiado municipal integrado inicia reuni\u00f5es do \u00faltimo dia do \u2018#SouManaus 2025\u2019 com balan\u00e7o positivo nos tr\u00eas dias de festival.\",\"inLanguage\":\"pt-BR\",\"potentialAction\":[{\"@type\":\"ReadAction\",\"target\":[\"https:\/\/www.manaus.am.gov.br\/semcom\/colegiado-reunioes-ultimo-dia-soumanaus-2025\/\"]}]},{\"@type\":\"ImageObject\",\"inLanguage\":\"pt-BR\",\"@id\":\"https:\/\/www.manaus.am.gov.br\/semcom\/colegiado-reunioes-ultimo-dia-soumanaus-2025\/#primaryimage\",\"url\":\"https:\/\/www.manaus.am.gov.br\/semcom\/wp-content\/uploads\/sites\/5\/2025\/09\/736A0972.jpg\",\"contentUrl\":\"https:\/\/www.manaus.am.gov.br\/semcom\/wp-content\/uploads\/sites\/5\/2025\/09\/736A0972.jpg\",\"width\":6720,\"height\":4480,\"caption\":\"#paratodosverem - Integrantes do colegiado municipal da Prefeitura de Manaus durante primeira reuni\u00e3o do \u00faltimo dia do \\\"#SouManaus Passo a Pa\u00e7o 2025\\\"\"},{\"@type\":\"WebSite\",\"@id\":\"https:\/\/www.manaus.am.gov.br\/semcom\/#website\",\"url\":\"https:\/\/www.manaus.am.gov.br\/semcom\/\",\"name\":\"SEMCOM\",\"description\":\"Secretaria Municipal de Comunica\u00e7\u00e3o\",\"potentialAction\":[{\"@type\":\"SearchAction\",\"target\":{\"@type\":\"EntryPoint\",\"urlTemplate\":\"https:\/\/www.manaus.am.gov.br\/semcom\/?s={search_term_string}\"},\"query-input\":\"required name=search_term_string\"}],\"inLanguage\":\"pt-BR\"},{\"@type\":\"Person\",\"@id\":\"https:\/\/www.manaus.am.gov.br\/semcom\/#\/schema\/person\/05d223aea2bf115f9883a6ff3683d81b\",\"name\":\"Bruna Greco\",\"image\":{\"@type\":\"ImageObject\",\"inLanguage\":\"pt-BR\",\"@id\":\"https:\/\/www.manaus.am.gov.br\/semcom\/#\/schema\/person\/image\/\",\"url\":\"https:\/\/secure.gravatar.com\/avatar\/9c877d1a6adc2a055330e5c09a8653ce?s=96&d=mm&r=g\",\"contentUrl\":\"https:\/\/secure.gravatar.com\/avatar\/9c877d1a6adc2a055330e5c09a8653ce?s=96&d=mm&r=g\",\"caption\":\"Bruna Greco\"}}]}<\/script>\n<!-- \/ Yoast SEO plugin. -->","yoast_head_json":{"title":"Colegiado municipal inicia reuni\u00f5es do \u00faltimo dia do \u2018#SouManaus'","description":"Colegiado municipal integrado inicia reuni\u00f5es do \u00faltimo dia do \u2018#SouManaus 2025\u2019 com balan\u00e7o positivo nos tr\u00eas dias de festival.","robots":{"index":"index","follow":"follow","max-snippet":"max-snippet:-1","max-image-preview":"max-image-preview:large","max-video-preview":"max-video-preview:-1"},"canonical":"https:\/\/www.manaus.am.gov.br\/semcom\/colegiado-reunioes-ultimo-dia-soumanaus-2025\/","og_locale":"pt_BR","og_type":"article","og_title":"Colegiado municipal inicia reuni\u00f5es do \u00faltimo dia do \u2018#SouManaus'","og_description":"Colegiado municipal integrado inicia reuni\u00f5es do \u00faltimo dia do \u2018#SouManaus 2025\u2019 com balan\u00e7o positivo nos tr\u00eas dias de festival.","og_url":"https:\/\/www.manaus.am.gov.br\/semcom\/colegiado-reunioes-ultimo-dia-soumanaus-2025\/","og_site_name":"SEMCOM","article_published_time":"2025-09-07T22:57:27+00:00","article_modified_time":"2025-09-08T04:04:14+00:00","og_image":[{"width":1024,"height":683,"url":"https:\/\/www.manaus.am.gov.br\/semcom\/wp-content\/uploads\/sites\/5\/2025\/09\/736A0972-1024x683.jpg","type":"image\/jpeg"}],"author":"Bruna Greco","twitter_card":"summary_large_image","twitter_misc":{"Written by":"Bruna Greco","Est. reading time":"3 minutos"},"schema":{"@context":"https:\/\/schema.org","@graph":[{"@type":"WebPage","@id":"https:\/\/www.manaus.am.gov.br\/semcom\/colegiado-reunioes-ultimo-dia-soumanaus-2025\/","url":"https:\/\/www.manaus.am.gov.br\/semcom\/colegiado-reunioes-ultimo-dia-soumanaus-2025\/","name":"Colegiado municipal inicia reuni\u00f5es do \u00faltimo dia do \u2018#SouManaus'","isPartOf":{"@id":"https:\/\/www.manaus.am.gov.br\/semcom\/#website"},"primaryImageOfPage":{"@id":"https:\/\/www.manaus.am.gov.br\/semcom\/colegiado-reunioes-ultimo-dia-soumanaus-2025\/#primaryimage"},"image":{"@id":"https:\/\/www.manaus.am.gov.br\/semcom\/colegiado-reunioes-ultimo-dia-soumanaus-2025\/#primaryimage"},"thumbnailUrl":"https:\/\/www.manaus.am.gov.br\/semcom\/wp-content\/uploads\/sites\/5\/2025\/09\/736A0972.jpg","datePublished":"2025-09-07T22:57:27+00:00","dateModified":"2025-09-08T04:04:14+00:00","author":{"@id":"https:\/\/www.manaus.am.gov.br\/semcom\/#\/schema\/person\/05d223aea2bf115f9883a6ff3683d81b"},"description":"Colegiado municipal integrado inicia reuni\u00f5es do \u00faltimo dia do \u2018#SouManaus 2025\u2019 com balan\u00e7o positivo nos tr\u00eas dias de festival.","inLanguage":"pt-BR","potentialAction":[{"@type":"ReadAction","target":["https:\/\/www.manaus.am.gov.br\/semcom\/colegiado-reunioes-ultimo-dia-soumanaus-2025\/"]}]},{"@type":"ImageObject","inLanguage":"pt-BR","@id":"https:\/\/www.manaus.am.gov.br\/semcom\/colegiado-reunioes-ultimo-dia-soumanaus-2025\/#primaryimage","url":"https:\/\/www.manaus.am.gov.br\/semcom\/wp-content\/uploads\/sites\/5\/2025\/09\/736A0972.jpg","contentUrl":"https:\/\/www.manaus.am.gov.br\/semcom\/wp-content\/uploads\/sites\/5\/2025\/09\/736A0972.jpg","width":6720,"height":4480,"caption":"#paratodosverem - Integrantes do colegiado municipal da Prefeitura de Manaus durante primeira reuni\u00e3o do \u00faltimo dia do \"#SouManaus Passo a Pa\u00e7o 2025\""},{"@type":"WebSite","@id":"https:\/\/www.manaus.am.gov.br\/semcom\/#website","url":"https:\/\/www.manaus.am.gov.br\/semcom\/","name":"SEMCOM","description":"Secretaria Municipal de Comunica\u00e7\u00e3o","potentialAction":[{"@type":"SearchAction","target":{"@type":"EntryPoint","urlTemplate":"https:\/\/www.manaus.am.gov.br\/semcom\/?s={search_term_string}"},"query-input":"required name=search_term_string"}],"inLanguage":"pt-BR"},{"@type":"Person","@id":"https:\/\/www.manaus.am.gov.br\/semcom\/#\/schema\/person\/05d223aea2bf115f9883a6ff3683d81b","name":"Bruna Greco","image":{"@type":"ImageObject","inLanguage":"pt-BR","@id":"https:\/\/www.manaus.am.gov.br\/semcom\/#\/schema\/person\/image\/","url":"https:\/\/secure.gravatar.com\/avatar\/9c877d1a6adc2a055330e5c09a8653ce?s=96&d=mm&r=g","contentUrl":"https:\/\/secure.gravatar.com\/avatar\/9c877d1a6adc2a055330e5c09a8653ce?s=96&d=mm&r=g","caption":"Bruna Greco"}}]}},"_links":{"self":[{"href":"https:\/\/www.manaus.am.gov.br\/semcom\/wp-json\/wp\/v2\/posts\/245143"}],"collection":[{"href":"https:\/\/www.manaus.am.gov.br\/semcom\/wp-json\/wp\/v2\/posts"}],"about":[{"href":"https:\/\/www.manaus.am.gov.br\/semcom\/wp-json\/wp\/v2\/types\/post"}],"author":[{"embeddable":true,"href":"https:\/\/www.manaus.am.gov.br\/semcom\/wp-json\/wp\/v2\/users\/39"}],"replies":[{"embeddable":true,"href":"https:\/\/www.manaus.am.gov.br\/semcom\/wp-json\/wp\/v2\/comments?post=245143"}],"version-history":[{"count":5,"href":"https:\/\/www.manaus.am.gov.br\/semcom\/wp-json\/wp\/v2\/posts\/245143\/revisions"}],"predecessor-version":[{"id":245211,"href":"https:\/\/www.manaus.am.gov.br\/semcom\/wp-json\/wp\/v2\/posts\/245143\/revisions\/245211"}],"wp:featuredmedia":[{"embeddable":true,"href":"https:\/\/www.manaus.am.gov.br\/semcom\/wp-json\/wp\/v2\/media\/245144"}],"wp:attachment":[{"href":"https:\/\/www.manaus.am.gov.br\/semcom\/wp-json\/wp\/v2\/media?parent=245143"}],"wp:term":[{"taxonomy":"category","embeddable":true,"href":"https:\/\/www.manaus.am.gov.br\/semcom\/wp-json\/wp\/v2\/categories?post=245143"},{"taxonomy":"post_tag","embeddable":true,"href":"https:\/\/www.manaus.am.gov.br\/semcom\/wp-json\/wp\/v2\/tags?post=245143"}],"curies":[{"name":"wp","href":"https:\/\/api.w.org\/{rel}","templated":true}]}}