{"id":245134,"date":"2025-09-07T16:07:49","date_gmt":"2025-09-07T19:07:49","guid":{"rendered":"https:\/\/www.manaus.am.gov.br\/semcom\/prefeito-programacao-palcomalcher\/"},"modified":"2025-09-07T16:07:51","modified_gmt":"2025-09-07T19:07:51","slug":"prefeito-programacao-palcomalcher","status":"publish","type":"post","link":"https:\/\/www.manaus.am.gov.br\/semcom\/prefeito-programacao-palcomalcher\/","title":{"rendered":"Prefeito David Almeida anuncia antecipa\u00e7\u00e3o da programa\u00e7\u00e3o do palco Malcher no #Sou Manaus"},"content":{"rendered":"\n<p>O prefeito de Manaus, David Almeida, anunciou, em suas redes sociais, neste domingo, 7\/9, a antecipa\u00e7\u00e3o da programa\u00e7\u00e3o do palco Malcher, durante a \u00faltima e terceira noite do \u201c#SouManaus Passo a Pa\u00e7o 2025\u201d. A medida busca garantir que o p\u00fablico aproveite as atra\u00e7\u00f5es do festival e, ao mesmo tempo, tenha mais conforto para iniciar a semana de trabalho.<\/p>\n\n\n\n<p>A primeira apresenta\u00e7\u00e3o do dia ser\u00e1 \u00e0s 18h, com o cantor P\u00e9ricles. Na sequ\u00eancia, o palco recebe grandes nomes da m\u00fasica nacional, incluindo Gusttavo Lima, Xand Avi\u00e3o e Ludmilla, al\u00e9m da participa\u00e7\u00e3o de DJs Marcelo Creatina e DJ Noelle, nos intervalos.<\/p>\n\n\n\n<p>A programa\u00e7\u00e3o atualizada do palco Malcher ficou assim \u00e0s 18h, com P\u00e9ricles; 19h com apresenta\u00e7\u00e3o dos DJs Marcelo Cretina e Noele; 19h15, Gusttavo Lima; 20h35, Marcelo Cretina e Noele; 20h50, Xand Avi\u00e3o; 22h20, DJs Marcelo Cretina e Noele; 22h40, Ludmilla; 0h, DJs Marcelo Cretina e Noele; e, encerrando a noite, 0h20, Ases do Pagode.<\/p>\n\n\n\n<p>\u201cEstamos antecipando a programa\u00e7\u00e3o de hoje para que todos possam curtir o domingo com m\u00fasica de qualidade e, ao mesmo tempo, descansar para a nova semana de trabalho que come\u00e7a amanh\u00e3\u201d, destacou o prefeito de Manaus, David Almeida.<\/p>\n\n\n\n<p>O palco Alf\u00e2ndega mant\u00e9m a grade original: 17h30, Overload; 18h25, Critical Age; 19h20, Paralamas do Sucesso; 20h55, Paula Toller; 22h30, MC Livinho e 23h45, Dubdogz.<\/p>\n\n\n\n<p>O \u201c#SouManaus 2025 segue movimentando o centro hist\u00f3rico da cidade com grandes shows e se consolida como o maior festival de artes integradas gratuitas do Brasil.<\/p>\n\n\n\n<hr class=\"wp-block-separator has-alpha-channel-opacity\" \/>\n\n\n\n<p>Texto &#8211; Emanuelle Baires\/Semcom-Prefeito<\/p>\n","protected":false},"excerpt":{"rendered":"","protected":false},"author":23,"featured_media":245135,"comment_status":"closed","ping_status":"closed","sticky":false,"template":"","format":"standard","meta":{"footnotes":""},"categories":[4867],"tags":[16722,77,1001],"acf":[],"yoast_head":"<!-- This site is optimized with the Yoast SEO plugin v23.0 - https:\/\/yoast.com\/wordpress\/plugins\/seo\/ -->\n<title>Prefeito David Almeida anuncia antecipa\u00e7\u00e3o da programa\u00e7\u00e3o do palco Malcher no #Sou Manaus<\/title>\n<meta name=\"description\" content=\"O prefeito de Manaus, David Almeida, anunciou, em suas redes sociais, neste domingo, 7\/9, a antecipa\u00e7\u00e3o da programa\u00e7\u00e3o do palco Malcher, durante a \u00faltima e terceira noite do \u201c#SouManaus Passo a Pa\u00e7o 2025\u201d. A medida busca garantir que o p\u00fablico aproveite as atra\u00e7\u00f5es do festival e, ao mesmo tempo, tenha mais conforto para iniciar a semana de trabalho.\" \/>\n<meta name=\"robots\" content=\"index, follow, max-snippet:-1, max-image-preview:large, max-video-preview:-1\" \/>\n<link rel=\"canonical\" href=\"https:\/\/www.manaus.am.gov.br\/semcom\/prefeito-programacao-palcomalcher\/\" \/>\n<meta property=\"og:locale\" content=\"pt_BR\" \/>\n<meta property=\"og:type\" content=\"article\" \/>\n<meta property=\"og:title\" content=\"Prefeito David Almeida anuncia antecipa\u00e7\u00e3o da programa\u00e7\u00e3o do palco Malcher no #Sou Manaus\" \/>\n<meta property=\"og:description\" content=\"O prefeito de Manaus, David Almeida, anunciou, em suas redes sociais, neste domingo, 7\/9, a antecipa\u00e7\u00e3o da programa\u00e7\u00e3o do palco Malcher, durante a \u00faltima e terceira noite do \u201c#SouManaus Passo a Pa\u00e7o 2025\u201d. A medida busca garantir que o p\u00fablico aproveite as atra\u00e7\u00f5es do festival e, ao mesmo tempo, tenha mais conforto para iniciar a semana de trabalho.\" \/>\n<meta property=\"og:url\" content=\"https:\/\/www.manaus.am.gov.br\/semcom\/prefeito-programacao-palcomalcher\/\" \/>\n<meta property=\"og:site_name\" content=\"SEMCOM\" \/>\n<meta property=\"article:published_time\" content=\"2025-09-07T19:07:49+00:00\" \/>\n<meta property=\"article:modified_time\" content=\"2025-09-07T19:07:51+00:00\" \/>\n<meta property=\"og:image\" content=\"https:\/\/www.manaus.am.gov.br\/semcom\/wp-content\/uploads\/sites\/5\/2025\/09\/WhatsApp-Image-2025-09-07-at-14.54.28.jpeg\" \/>\n\t<meta property=\"og:image:width\" content=\"1600\" \/>\n\t<meta property=\"og:image:height\" content=\"1066\" \/>\n\t<meta property=\"og:image:type\" content=\"image\/jpeg\" \/>\n<meta name=\"author\" content=\"Adriana Costa\" \/>\n<meta name=\"twitter:card\" content=\"summary_large_image\" \/>\n<meta name=\"twitter:label1\" content=\"Written by\" \/>\n\t<meta name=\"twitter:data1\" content=\"Adriana Costa\" \/>\n\t<meta name=\"twitter:label2\" content=\"Est. reading time\" \/>\n\t<meta name=\"twitter:data2\" content=\"2 minutos\" \/>\n<script type=\"application\/ld+json\" class=\"yoast-schema-graph\">{\"@context\":\"https:\/\/schema.org\",\"@graph\":[{\"@type\":\"WebPage\",\"@id\":\"https:\/\/www.manaus.am.gov.br\/semcom\/prefeito-programacao-palcomalcher\/\",\"url\":\"https:\/\/www.manaus.am.gov.br\/semcom\/prefeito-programacao-palcomalcher\/\",\"name\":\"Prefeito David Almeida anuncia antecipa\u00e7\u00e3o da programa\u00e7\u00e3o do palco Malcher no #Sou Manaus\",\"isPartOf\":{\"@id\":\"https:\/\/www.manaus.am.gov.br\/semcom\/#website\"},\"primaryImageOfPage\":{\"@id\":\"https:\/\/www.manaus.am.gov.br\/semcom\/prefeito-programacao-palcomalcher\/#primaryimage\"},\"image\":{\"@id\":\"https:\/\/www.manaus.am.gov.br\/semcom\/prefeito-programacao-palcomalcher\/#primaryimage\"},\"thumbnailUrl\":\"https:\/\/www.manaus.am.gov.br\/semcom\/wp-content\/uploads\/sites\/5\/2025\/09\/WhatsApp-Image-2025-09-07-at-14.54.28.jpeg\",\"datePublished\":\"2025-09-07T19:07:49+00:00\",\"dateModified\":\"2025-09-07T19:07:51+00:00\",\"author\":{\"@id\":\"https:\/\/www.manaus.am.gov.br\/semcom\/#\/schema\/person\/4e49f4e267757a06ca072ec61b2b9968\"},\"description\":\"O prefeito de Manaus, David Almeida, anunciou, em suas redes sociais, neste domingo, 7\/9, a antecipa\u00e7\u00e3o da programa\u00e7\u00e3o do palco Malcher, durante a \u00faltima e terceira noite do \u201c#SouManaus Passo a Pa\u00e7o 2025\u201d. A medida busca garantir que o p\u00fablico aproveite as atra\u00e7\u00f5es do festival e, ao mesmo tempo, tenha mais conforto para iniciar a semana de trabalho.\",\"inLanguage\":\"pt-BR\",\"potentialAction\":[{\"@type\":\"ReadAction\",\"target\":[\"https:\/\/www.manaus.am.gov.br\/semcom\/prefeito-programacao-palcomalcher\/\"]}]},{\"@type\":\"ImageObject\",\"inLanguage\":\"pt-BR\",\"@id\":\"https:\/\/www.manaus.am.gov.br\/semcom\/prefeito-programacao-palcomalcher\/#primaryimage\",\"url\":\"https:\/\/www.manaus.am.gov.br\/semcom\/wp-content\/uploads\/sites\/5\/2025\/09\/WhatsApp-Image-2025-09-07-at-14.54.28.jpeg\",\"contentUrl\":\"https:\/\/www.manaus.am.gov.br\/semcom\/wp-content\/uploads\/sites\/5\/2025\/09\/WhatsApp-Image-2025-09-07-at-14.54.28.jpeg\",\"width\":1600,\"height\":1066},{\"@type\":\"WebSite\",\"@id\":\"https:\/\/www.manaus.am.gov.br\/semcom\/#website\",\"url\":\"https:\/\/www.manaus.am.gov.br\/semcom\/\",\"name\":\"SEMCOM\",\"description\":\"Secretaria Municipal de Comunica\u00e7\u00e3o\",\"potentialAction\":[{\"@type\":\"SearchAction\",\"target\":{\"@type\":\"EntryPoint\",\"urlTemplate\":\"https:\/\/www.manaus.am.gov.br\/semcom\/?s={search_term_string}\"},\"query-input\":\"required name=search_term_string\"}],\"inLanguage\":\"pt-BR\"},{\"@type\":\"Person\",\"@id\":\"https:\/\/www.manaus.am.gov.br\/semcom\/#\/schema\/person\/4e49f4e267757a06ca072ec61b2b9968\",\"name\":\"Adriana Costa\",\"image\":{\"@type\":\"ImageObject\",\"inLanguage\":\"pt-BR\",\"@id\":\"https:\/\/www.manaus.am.gov.br\/semcom\/#\/schema\/person\/image\/\",\"url\":\"https:\/\/secure.gravatar.com\/avatar\/576258617ef7194f718179e766d57bd4?s=96&d=mm&r=g\",\"contentUrl\":\"https:\/\/secure.gravatar.com\/avatar\/576258617ef7194f718179e766d57bd4?s=96&d=mm&r=g\",\"caption\":\"Adriana Costa\"}}]}<\/script>\n<!-- \/ Yoast SEO plugin. -->","yoast_head_json":{"title":"Prefeito David Almeida anuncia antecipa\u00e7\u00e3o da programa\u00e7\u00e3o do palco Malcher no #Sou Manaus","description":"O prefeito de Manaus, David Almeida, anunciou, em suas redes sociais, neste domingo, 7\/9, a antecipa\u00e7\u00e3o da programa\u00e7\u00e3o do palco Malcher, durante a \u00faltima e terceira noite do \u201c#SouManaus Passo a Pa\u00e7o 2025\u201d. A medida busca garantir que o p\u00fablico aproveite as atra\u00e7\u00f5es do festival e, ao mesmo tempo, tenha mais conforto para iniciar a semana de trabalho.","robots":{"index":"index","follow":"follow","max-snippet":"max-snippet:-1","max-image-preview":"max-image-preview:large","max-video-preview":"max-video-preview:-1"},"canonical":"https:\/\/www.manaus.am.gov.br\/semcom\/prefeito-programacao-palcomalcher\/","og_locale":"pt_BR","og_type":"article","og_title":"Prefeito David Almeida anuncia antecipa\u00e7\u00e3o da programa\u00e7\u00e3o do palco Malcher no #Sou Manaus","og_description":"O prefeito de Manaus, David Almeida, anunciou, em suas redes sociais, neste domingo, 7\/9, a antecipa\u00e7\u00e3o da programa\u00e7\u00e3o do palco Malcher, durante a \u00faltima e terceira noite do \u201c#SouManaus Passo a Pa\u00e7o 2025\u201d. A medida busca garantir que o p\u00fablico aproveite as atra\u00e7\u00f5es do festival e, ao mesmo tempo, tenha mais conforto para iniciar a semana de trabalho.","og_url":"https:\/\/www.manaus.am.gov.br\/semcom\/prefeito-programacao-palcomalcher\/","og_site_name":"SEMCOM","article_published_time":"2025-09-07T19:07:49+00:00","article_modified_time":"2025-09-07T19:07:51+00:00","og_image":[{"width":1600,"height":1066,"url":"https:\/\/www.manaus.am.gov.br\/semcom\/wp-content\/uploads\/sites\/5\/2025\/09\/WhatsApp-Image-2025-09-07-at-14.54.28.jpeg","type":"image\/jpeg"}],"author":"Adriana Costa","twitter_card":"summary_large_image","twitter_misc":{"Written by":"Adriana Costa","Est. reading time":"2 minutos"},"schema":{"@context":"https:\/\/schema.org","@graph":[{"@type":"WebPage","@id":"https:\/\/www.manaus.am.gov.br\/semcom\/prefeito-programacao-palcomalcher\/","url":"https:\/\/www.manaus.am.gov.br\/semcom\/prefeito-programacao-palcomalcher\/","name":"Prefeito David Almeida anuncia antecipa\u00e7\u00e3o da programa\u00e7\u00e3o do palco Malcher no #Sou Manaus","isPartOf":{"@id":"https:\/\/www.manaus.am.gov.br\/semcom\/#website"},"primaryImageOfPage":{"@id":"https:\/\/www.manaus.am.gov.br\/semcom\/prefeito-programacao-palcomalcher\/#primaryimage"},"image":{"@id":"https:\/\/www.manaus.am.gov.br\/semcom\/prefeito-programacao-palcomalcher\/#primaryimage"},"thumbnailUrl":"https:\/\/www.manaus.am.gov.br\/semcom\/wp-content\/uploads\/sites\/5\/2025\/09\/WhatsApp-Image-2025-09-07-at-14.54.28.jpeg","datePublished":"2025-09-07T19:07:49+00:00","dateModified":"2025-09-07T19:07:51+00:00","author":{"@id":"https:\/\/www.manaus.am.gov.br\/semcom\/#\/schema\/person\/4e49f4e267757a06ca072ec61b2b9968"},"description":"O prefeito de Manaus, David Almeida, anunciou, em suas redes sociais, neste domingo, 7\/9, a antecipa\u00e7\u00e3o da programa\u00e7\u00e3o do palco Malcher, durante a \u00faltima e terceira noite do \u201c#SouManaus Passo a Pa\u00e7o 2025\u201d. A medida busca garantir que o p\u00fablico aproveite as atra\u00e7\u00f5es do festival e, ao mesmo tempo, tenha mais conforto para iniciar a semana de trabalho.","inLanguage":"pt-BR","potentialAction":[{"@type":"ReadAction","target":["https:\/\/www.manaus.am.gov.br\/semcom\/prefeito-programacao-palcomalcher\/"]}]},{"@type":"ImageObject","inLanguage":"pt-BR","@id":"https:\/\/www.manaus.am.gov.br\/semcom\/prefeito-programacao-palcomalcher\/#primaryimage","url":"https:\/\/www.manaus.am.gov.br\/semcom\/wp-content\/uploads\/sites\/5\/2025\/09\/WhatsApp-Image-2025-09-07-at-14.54.28.jpeg","contentUrl":"https:\/\/www.manaus.am.gov.br\/semcom\/wp-content\/uploads\/sites\/5\/2025\/09\/WhatsApp-Image-2025-09-07-at-14.54.28.jpeg","width":1600,"height":1066},{"@type":"WebSite","@id":"https:\/\/www.manaus.am.gov.br\/semcom\/#website","url":"https:\/\/www.manaus.am.gov.br\/semcom\/","name":"SEMCOM","description":"Secretaria Municipal de Comunica\u00e7\u00e3o","potentialAction":[{"@type":"SearchAction","target":{"@type":"EntryPoint","urlTemplate":"https:\/\/www.manaus.am.gov.br\/semcom\/?s={search_term_string}"},"query-input":"required name=search_term_string"}],"inLanguage":"pt-BR"},{"@type":"Person","@id":"https:\/\/www.manaus.am.gov.br\/semcom\/#\/schema\/person\/4e49f4e267757a06ca072ec61b2b9968","name":"Adriana Costa","image":{"@type":"ImageObject","inLanguage":"pt-BR","@id":"https:\/\/www.manaus.am.gov.br\/semcom\/#\/schema\/person\/image\/","url":"https:\/\/secure.gravatar.com\/avatar\/576258617ef7194f718179e766d57bd4?s=96&d=mm&r=g","contentUrl":"https:\/\/secure.gravatar.com\/avatar\/576258617ef7194f718179e766d57bd4?s=96&d=mm&r=g","caption":"Adriana Costa"}}]}},"_links":{"self":[{"href":"https:\/\/www.manaus.am.gov.br\/semcom\/wp-json\/wp\/v2\/posts\/245134"}],"collection":[{"href":"https:\/\/www.manaus.am.gov.br\/semcom\/wp-json\/wp\/v2\/posts"}],"about":[{"href":"https:\/\/www.manaus.am.gov.br\/semcom\/wp-json\/wp\/v2\/types\/post"}],"author":[{"embeddable":true,"href":"https:\/\/www.manaus.am.gov.br\/semcom\/wp-json\/wp\/v2\/users\/23"}],"replies":[{"embeddable":true,"href":"https:\/\/www.manaus.am.gov.br\/semcom\/wp-json\/wp\/v2\/comments?post=245134"}],"version-history":[{"count":0,"href":"https:\/\/www.manaus.am.gov.br\/semcom\/wp-json\/wp\/v2\/posts\/245134\/revisions"}],"wp:featuredmedia":[{"embeddable":true,"href":"https:\/\/www.manaus.am.gov.br\/semcom\/wp-json\/wp\/v2\/media\/245135"}],"wp:attachment":[{"href":"https:\/\/www.manaus.am.gov.br\/semcom\/wp-json\/wp\/v2\/media?parent=245134"}],"wp:term":[{"taxonomy":"category","embeddable":true,"href":"https:\/\/www.manaus.am.gov.br\/semcom\/wp-json\/wp\/v2\/categories?post=245134"},{"taxonomy":"post_tag","embeddable":true,"href":"https:\/\/www.manaus.am.gov.br\/semcom\/wp-json\/wp\/v2\/tags?post=245134"}],"curies":[{"name":"wp","href":"https:\/\/api.w.org\/{rel}","templated":true}]}}