{"id":245108,"date":"2025-09-06T22:02:37","date_gmt":"2025-09-07T01:02:37","guid":{"rendered":"https:\/\/www.manaus.am.gov.br\/semcom\/soumanaus-passo-a-paco-2025-artistas-locais\/"},"modified":"2025-09-06T22:02:39","modified_gmt":"2025-09-07T01:02:39","slug":"soumanaus-passo-a-paco-2025-artistas-locais","status":"publish","type":"post","link":"https:\/\/www.manaus.am.gov.br\/semcom\/soumanaus-passo-a-paco-2025-artistas-locais\/","title":{"rendered":"Artistas locais brilham no palco Mangueir\u00e3o e fazem hist\u00f3ria na segunda noite do \u2018#SouManaus Passo a Pa\u00e7o 2025\u2019"},"content":{"rendered":"\n<p>O palco Mangueir\u00e3o foi tomado pela energia do p\u00fablico neste s\u00e1bado, 6\/9, durante a segunda noite do \u201c#SouManaus Passo a Pa\u00e7o 2025\u201d, o maior festival gratuito de artes integradas do Brasil, realizado pela Prefeitura de Manaus, por meio da Funda\u00e7\u00e3o Municipal de Cultura, Turismo e Eventos (ManausCult). A maratona de shows celebrou a for\u00e7a da cultura amazonense, colocando os artistas locais no centro das aten\u00e7\u00f5es e reafirmando Manaus como palco de grandes encontros culturais.<\/p>\n\n\n\n<p>A noite come\u00e7ou em ritmo de festa com o Cortejo Bumb\u00e1 Meu Bloco, que arrastou a multid\u00e3o pelas ruas at\u00e9 o palco. Em seguida, o Beirad\u00e3o de Lico Magalh\u00e3es fez o p\u00fablico dan\u00e7ar ao som de cl\u00e1ssicos regionais. Mas o grande destaque foi a apresenta\u00e7\u00e3o da Banda Essence, que emocionou os f\u00e3s com um repert\u00f3rio de 27 anos de estrada e hist\u00f3ria na m\u00fasica amazonense. O vocalista Wallison Lira conduziu o show com carisma, levando o p\u00fablico a cantar junto em um coro que tomou conta do Mangueir\u00e3o.<\/p>\n\n\n\n<p>\u201cCada vez que subimos neste palco \u00e9 uma nova emo\u00e7\u00e3o. S\u00e3o 27 anos de muita m\u00fasica e dedica\u00e7\u00e3o, e estar no #SouManaus \u00e9 sentir que todo esse trabalho tem valor. \u00c9 uma alegria imensa dividir nossa ess\u00eancia com esse p\u00fablico t\u00e3o caloroso\u201d, disse Wallison.<\/p>\n\n\n\n<p>Para a produtora do palco Mangueir\u00e3o, Claudia Seixas, o festival representa muito mais que um espa\u00e7o de shows. \u201cO palco Mangueir\u00e3o \u00e9 uma verdadeira vitrine para os artistas locais. Essa valoriza\u00e7\u00e3o fortalece a cultura da nossa cidade e d\u00e1 oportunidade para que nomes da m\u00fasica amazonense mostrem seu talento em grande estilo\u201d, destacou Cl\u00e1udia.<\/p>\n\n\n\n<p>O p\u00fablico tamb\u00e9m foi protagonista da noite. A pensionista Cely de Lima, de 62 anos, n\u00e3o parou de dan\u00e7ar um s\u00f3 minuto. \u201cVim com tr\u00eas amigas e estou amando cada segundo. Esse palco \u00e9 maravilhoso, \u00e9 imposs\u00edvel ficar parada. J\u00e1 quero vir todos os anos\u201d, contou empolgada.<\/p>\n\n\n\n<p>A diversidade sonora seguiu com apresenta\u00e7\u00f5es de Jhenifer Borher, The Stone Ramos, The Legions, Tomi Xote e Zona Tribal, que encerrou a noite com uma performance eletrizante.<\/p>\n\n\n\n<p>O \u201c#SouManaus Passo a Pa\u00e7o 2025\u201d segue at\u00e9 domingo, 7\/9, reunindo m\u00fasica, dan\u00e7a, teatro e gastronomia em uma verdadeira celebra\u00e7\u00e3o da diversidade e da criatividade amaz\u00f4nica.<\/p>\n\n\n\n<p>\u2014 \u2014 \u2014<br><strong>Texto &#8211; <\/strong>Valesca Martins\/ Semcom\u00a0<br><strong>Fotos &#8211; <\/strong>M\u00e1rcio Melo\/ Semcom<\/p>\n","protected":false},"excerpt":{"rendered":"","protected":false},"author":68,"featured_media":245109,"comment_status":"closed","ping_status":"closed","sticky":false,"template":"","format":"standard","meta":{"footnotes":""},"categories":[647],"tags":[16713,77],"acf":[],"yoast_head":"<!-- This site is optimized with the Yoast SEO plugin v23.0 - https:\/\/yoast.com\/wordpress\/plugins\/seo\/ -->\n<title>Artistas locais brilham no palco Mangueir\u00e3o e fazem hist\u00f3ria na segunda noite do \u2018#SouManaus Passo a Pa\u00e7o 2025\u2019<\/title>\n<meta name=\"description\" content=\"O palco Mangueir\u00e3o foi tomado pela energia do p\u00fablico neste s\u00e1bado, 6\/9, durante a segunda noite do \u201c#SouManaus Passo a Pa\u00e7o 2025\u201d, o maior festival gratuito de artes integradas do Brasil, realizado pela Prefeitura de Manaus, por meio da Funda\u00e7\u00e3o Municipal de Cultura, Turismo e Eventos (ManausCult). A maratona de shows celebrou a for\u00e7a da cultura amazonense, colocando os artistas locais no centro das aten\u00e7\u00f5es e reafirmando Manaus como palco de grandes encontros culturais.\" \/>\n<meta name=\"robots\" content=\"index, follow, max-snippet:-1, max-image-preview:large, max-video-preview:-1\" \/>\n<link rel=\"canonical\" href=\"https:\/\/www.manaus.am.gov.br\/semcom\/soumanaus-passo-a-paco-2025-artistas-locais\/\" \/>\n<meta property=\"og:locale\" content=\"pt_BR\" \/>\n<meta property=\"og:type\" content=\"article\" \/>\n<meta property=\"og:title\" content=\"Artistas locais brilham no palco Mangueir\u00e3o e fazem hist\u00f3ria na segunda noite do \u2018#SouManaus Passo a Pa\u00e7o 2025\u2019\" \/>\n<meta property=\"og:description\" content=\"O palco Mangueir\u00e3o foi tomado pela energia do p\u00fablico neste s\u00e1bado, 6\/9, durante a segunda noite do \u201c#SouManaus Passo a Pa\u00e7o 2025\u201d, o maior festival gratuito de artes integradas do Brasil, realizado pela Prefeitura de Manaus, por meio da Funda\u00e7\u00e3o Municipal de Cultura, Turismo e Eventos (ManausCult). A maratona de shows celebrou a for\u00e7a da cultura amazonense, colocando os artistas locais no centro das aten\u00e7\u00f5es e reafirmando Manaus como palco de grandes encontros culturais.\" \/>\n<meta property=\"og:url\" content=\"https:\/\/www.manaus.am.gov.br\/semcom\/soumanaus-passo-a-paco-2025-artistas-locais\/\" \/>\n<meta property=\"og:site_name\" content=\"SEMCOM\" \/>\n<meta property=\"article:published_time\" content=\"2025-09-07T01:02:37+00:00\" \/>\n<meta property=\"article:modified_time\" content=\"2025-09-07T01:02:39+00:00\" \/>\n<meta property=\"og:image\" content=\"https:\/\/www.manaus.am.gov.br\/semcom\/wp-content\/uploads\/sites\/5\/2025\/09\/736A0674-1-1024x683.jpg\" \/>\n\t<meta property=\"og:image:width\" content=\"1024\" \/>\n\t<meta property=\"og:image:height\" content=\"683\" \/>\n\t<meta property=\"og:image:type\" content=\"image\/jpeg\" \/>\n<meta name=\"author\" content=\"bvalente\" \/>\n<meta name=\"twitter:card\" content=\"summary_large_image\" \/>\n<meta name=\"twitter:label1\" content=\"Written by\" \/>\n\t<meta name=\"twitter:data1\" content=\"bvalente\" \/>\n\t<meta name=\"twitter:label2\" content=\"Est. reading time\" \/>\n\t<meta name=\"twitter:data2\" content=\"3 minutos\" \/>\n<script type=\"application\/ld+json\" class=\"yoast-schema-graph\">{\"@context\":\"https:\/\/schema.org\",\"@graph\":[{\"@type\":\"WebPage\",\"@id\":\"https:\/\/www.manaus.am.gov.br\/semcom\/soumanaus-passo-a-paco-2025-artistas-locais\/\",\"url\":\"https:\/\/www.manaus.am.gov.br\/semcom\/soumanaus-passo-a-paco-2025-artistas-locais\/\",\"name\":\"Artistas locais brilham no palco Mangueir\u00e3o e fazem hist\u00f3ria na segunda noite do \u2018#SouManaus Passo a Pa\u00e7o 2025\u2019\",\"isPartOf\":{\"@id\":\"https:\/\/www.manaus.am.gov.br\/semcom\/#website\"},\"primaryImageOfPage\":{\"@id\":\"https:\/\/www.manaus.am.gov.br\/semcom\/soumanaus-passo-a-paco-2025-artistas-locais\/#primaryimage\"},\"image\":{\"@id\":\"https:\/\/www.manaus.am.gov.br\/semcom\/soumanaus-passo-a-paco-2025-artistas-locais\/#primaryimage\"},\"thumbnailUrl\":\"https:\/\/www.manaus.am.gov.br\/semcom\/wp-content\/uploads\/sites\/5\/2025\/09\/736A0674-1.jpg\",\"datePublished\":\"2025-09-07T01:02:37+00:00\",\"dateModified\":\"2025-09-07T01:02:39+00:00\",\"author\":{\"@id\":\"https:\/\/www.manaus.am.gov.br\/semcom\/#\/schema\/person\/466a0e03ae4b6062809046bd560ac955\"},\"description\":\"O palco Mangueir\u00e3o foi tomado pela energia do p\u00fablico neste s\u00e1bado, 6\/9, durante a segunda noite do \u201c#SouManaus Passo a Pa\u00e7o 2025\u201d, o maior festival gratuito de artes integradas do Brasil, realizado pela Prefeitura de Manaus, por meio da Funda\u00e7\u00e3o Municipal de Cultura, Turismo e Eventos (ManausCult). A maratona de shows celebrou a for\u00e7a da cultura amazonense, colocando os artistas locais no centro das aten\u00e7\u00f5es e reafirmando Manaus como palco de grandes encontros culturais.\",\"inLanguage\":\"pt-BR\",\"potentialAction\":[{\"@type\":\"ReadAction\",\"target\":[\"https:\/\/www.manaus.am.gov.br\/semcom\/soumanaus-passo-a-paco-2025-artistas-locais\/\"]}]},{\"@type\":\"ImageObject\",\"inLanguage\":\"pt-BR\",\"@id\":\"https:\/\/www.manaus.am.gov.br\/semcom\/soumanaus-passo-a-paco-2025-artistas-locais\/#primaryimage\",\"url\":\"https:\/\/www.manaus.am.gov.br\/semcom\/wp-content\/uploads\/sites\/5\/2025\/09\/736A0674-1.jpg\",\"contentUrl\":\"https:\/\/www.manaus.am.gov.br\/semcom\/wp-content\/uploads\/sites\/5\/2025\/09\/736A0674-1.jpg\",\"width\":6720,\"height\":4480},{\"@type\":\"WebSite\",\"@id\":\"https:\/\/www.manaus.am.gov.br\/semcom\/#website\",\"url\":\"https:\/\/www.manaus.am.gov.br\/semcom\/\",\"name\":\"SEMCOM\",\"description\":\"Secretaria Municipal de Comunica\u00e7\u00e3o\",\"potentialAction\":[{\"@type\":\"SearchAction\",\"target\":{\"@type\":\"EntryPoint\",\"urlTemplate\":\"https:\/\/www.manaus.am.gov.br\/semcom\/?s={search_term_string}\"},\"query-input\":\"required name=search_term_string\"}],\"inLanguage\":\"pt-BR\"},{\"@type\":\"Person\",\"@id\":\"https:\/\/www.manaus.am.gov.br\/semcom\/#\/schema\/person\/466a0e03ae4b6062809046bd560ac955\",\"name\":\"bvalente\",\"image\":{\"@type\":\"ImageObject\",\"inLanguage\":\"pt-BR\",\"@id\":\"https:\/\/www.manaus.am.gov.br\/semcom\/#\/schema\/person\/image\/\",\"url\":\"https:\/\/secure.gravatar.com\/avatar\/3e69bc2b014bdad41adfec3a39de07d2?s=96&d=mm&r=g\",\"contentUrl\":\"https:\/\/secure.gravatar.com\/avatar\/3e69bc2b014bdad41adfec3a39de07d2?s=96&d=mm&r=g\",\"caption\":\"bvalente\"}}]}<\/script>\n<!-- \/ Yoast SEO plugin. -->","yoast_head_json":{"title":"Artistas locais brilham no palco Mangueir\u00e3o e fazem hist\u00f3ria na segunda noite do \u2018#SouManaus Passo a Pa\u00e7o 2025\u2019","description":"O palco Mangueir\u00e3o foi tomado pela energia do p\u00fablico neste s\u00e1bado, 6\/9, durante a segunda noite do \u201c#SouManaus Passo a Pa\u00e7o 2025\u201d, o maior festival gratuito de artes integradas do Brasil, realizado pela Prefeitura de Manaus, por meio da Funda\u00e7\u00e3o Municipal de Cultura, Turismo e Eventos (ManausCult). A maratona de shows celebrou a for\u00e7a da cultura amazonense, colocando os artistas locais no centro das aten\u00e7\u00f5es e reafirmando Manaus como palco de grandes encontros culturais.","robots":{"index":"index","follow":"follow","max-snippet":"max-snippet:-1","max-image-preview":"max-image-preview:large","max-video-preview":"max-video-preview:-1"},"canonical":"https:\/\/www.manaus.am.gov.br\/semcom\/soumanaus-passo-a-paco-2025-artistas-locais\/","og_locale":"pt_BR","og_type":"article","og_title":"Artistas locais brilham no palco Mangueir\u00e3o e fazem hist\u00f3ria na segunda noite do \u2018#SouManaus Passo a Pa\u00e7o 2025\u2019","og_description":"O palco Mangueir\u00e3o foi tomado pela energia do p\u00fablico neste s\u00e1bado, 6\/9, durante a segunda noite do \u201c#SouManaus Passo a Pa\u00e7o 2025\u201d, o maior festival gratuito de artes integradas do Brasil, realizado pela Prefeitura de Manaus, por meio da Funda\u00e7\u00e3o Municipal de Cultura, Turismo e Eventos (ManausCult). A maratona de shows celebrou a for\u00e7a da cultura amazonense, colocando os artistas locais no centro das aten\u00e7\u00f5es e reafirmando Manaus como palco de grandes encontros culturais.","og_url":"https:\/\/www.manaus.am.gov.br\/semcom\/soumanaus-passo-a-paco-2025-artistas-locais\/","og_site_name":"SEMCOM","article_published_time":"2025-09-07T01:02:37+00:00","article_modified_time":"2025-09-07T01:02:39+00:00","og_image":[{"width":1024,"height":683,"url":"https:\/\/www.manaus.am.gov.br\/semcom\/wp-content\/uploads\/sites\/5\/2025\/09\/736A0674-1-1024x683.jpg","type":"image\/jpeg"}],"author":"bvalente","twitter_card":"summary_large_image","twitter_misc":{"Written by":"bvalente","Est. reading time":"3 minutos"},"schema":{"@context":"https:\/\/schema.org","@graph":[{"@type":"WebPage","@id":"https:\/\/www.manaus.am.gov.br\/semcom\/soumanaus-passo-a-paco-2025-artistas-locais\/","url":"https:\/\/www.manaus.am.gov.br\/semcom\/soumanaus-passo-a-paco-2025-artistas-locais\/","name":"Artistas locais brilham no palco Mangueir\u00e3o e fazem hist\u00f3ria na segunda noite do \u2018#SouManaus Passo a Pa\u00e7o 2025\u2019","isPartOf":{"@id":"https:\/\/www.manaus.am.gov.br\/semcom\/#website"},"primaryImageOfPage":{"@id":"https:\/\/www.manaus.am.gov.br\/semcom\/soumanaus-passo-a-paco-2025-artistas-locais\/#primaryimage"},"image":{"@id":"https:\/\/www.manaus.am.gov.br\/semcom\/soumanaus-passo-a-paco-2025-artistas-locais\/#primaryimage"},"thumbnailUrl":"https:\/\/www.manaus.am.gov.br\/semcom\/wp-content\/uploads\/sites\/5\/2025\/09\/736A0674-1.jpg","datePublished":"2025-09-07T01:02:37+00:00","dateModified":"2025-09-07T01:02:39+00:00","author":{"@id":"https:\/\/www.manaus.am.gov.br\/semcom\/#\/schema\/person\/466a0e03ae4b6062809046bd560ac955"},"description":"O palco Mangueir\u00e3o foi tomado pela energia do p\u00fablico neste s\u00e1bado, 6\/9, durante a segunda noite do \u201c#SouManaus Passo a Pa\u00e7o 2025\u201d, o maior festival gratuito de artes integradas do Brasil, realizado pela Prefeitura de Manaus, por meio da Funda\u00e7\u00e3o Municipal de Cultura, Turismo e Eventos (ManausCult). A maratona de shows celebrou a for\u00e7a da cultura amazonense, colocando os artistas locais no centro das aten\u00e7\u00f5es e reafirmando Manaus como palco de grandes encontros culturais.","inLanguage":"pt-BR","potentialAction":[{"@type":"ReadAction","target":["https:\/\/www.manaus.am.gov.br\/semcom\/soumanaus-passo-a-paco-2025-artistas-locais\/"]}]},{"@type":"ImageObject","inLanguage":"pt-BR","@id":"https:\/\/www.manaus.am.gov.br\/semcom\/soumanaus-passo-a-paco-2025-artistas-locais\/#primaryimage","url":"https:\/\/www.manaus.am.gov.br\/semcom\/wp-content\/uploads\/sites\/5\/2025\/09\/736A0674-1.jpg","contentUrl":"https:\/\/www.manaus.am.gov.br\/semcom\/wp-content\/uploads\/sites\/5\/2025\/09\/736A0674-1.jpg","width":6720,"height":4480},{"@type":"WebSite","@id":"https:\/\/www.manaus.am.gov.br\/semcom\/#website","url":"https:\/\/www.manaus.am.gov.br\/semcom\/","name":"SEMCOM","description":"Secretaria Municipal de Comunica\u00e7\u00e3o","potentialAction":[{"@type":"SearchAction","target":{"@type":"EntryPoint","urlTemplate":"https:\/\/www.manaus.am.gov.br\/semcom\/?s={search_term_string}"},"query-input":"required name=search_term_string"}],"inLanguage":"pt-BR"},{"@type":"Person","@id":"https:\/\/www.manaus.am.gov.br\/semcom\/#\/schema\/person\/466a0e03ae4b6062809046bd560ac955","name":"bvalente","image":{"@type":"ImageObject","inLanguage":"pt-BR","@id":"https:\/\/www.manaus.am.gov.br\/semcom\/#\/schema\/person\/image\/","url":"https:\/\/secure.gravatar.com\/avatar\/3e69bc2b014bdad41adfec3a39de07d2?s=96&d=mm&r=g","contentUrl":"https:\/\/secure.gravatar.com\/avatar\/3e69bc2b014bdad41adfec3a39de07d2?s=96&d=mm&r=g","caption":"bvalente"}}]}},"_links":{"self":[{"href":"https:\/\/www.manaus.am.gov.br\/semcom\/wp-json\/wp\/v2\/posts\/245108"}],"collection":[{"href":"https:\/\/www.manaus.am.gov.br\/semcom\/wp-json\/wp\/v2\/posts"}],"about":[{"href":"https:\/\/www.manaus.am.gov.br\/semcom\/wp-json\/wp\/v2\/types\/post"}],"author":[{"embeddable":true,"href":"https:\/\/www.manaus.am.gov.br\/semcom\/wp-json\/wp\/v2\/users\/68"}],"replies":[{"embeddable":true,"href":"https:\/\/www.manaus.am.gov.br\/semcom\/wp-json\/wp\/v2\/comments?post=245108"}],"version-history":[{"count":0,"href":"https:\/\/www.manaus.am.gov.br\/semcom\/wp-json\/wp\/v2\/posts\/245108\/revisions"}],"wp:featuredmedia":[{"embeddable":true,"href":"https:\/\/www.manaus.am.gov.br\/semcom\/wp-json\/wp\/v2\/media\/245109"}],"wp:attachment":[{"href":"https:\/\/www.manaus.am.gov.br\/semcom\/wp-json\/wp\/v2\/media?parent=245108"}],"wp:term":[{"taxonomy":"category","embeddable":true,"href":"https:\/\/www.manaus.am.gov.br\/semcom\/wp-json\/wp\/v2\/categories?post=245108"},{"taxonomy":"post_tag","embeddable":true,"href":"https:\/\/www.manaus.am.gov.br\/semcom\/wp-json\/wp\/v2\/tags?post=245108"}],"curies":[{"name":"wp","href":"https:\/\/api.w.org\/{rel}","templated":true}]}}