{"id":245080,"date":"2025-09-06T13:39:55","date_gmt":"2025-09-06T17:39:55","guid":{"rendered":"https:\/\/www.manaus.am.gov.br\/semcom\/centro-historico-soumanaus-2025\/"},"modified":"2025-09-06T13:39:55","modified_gmt":"2025-09-06T17:39:55","slug":"centro-historico-soumanaus-2025","status":"publish","type":"post","link":"https:\/\/www.manaus.am.gov.br\/semcom\/centro-historico-soumanaus-2025\/","title":{"rendered":"Centro hist\u00f3rico se transforma em palco de arte e cultura amaz\u00f4nica no \u2018#SouManaus 2025\u2019"},"content":{"rendered":"\n<p>Com o tema \u201cA Festa do Povo Floresta\u201d, a Prefeitura de Manaus, por meio da Funda\u00e7\u00e3o Municipal de Cultura, Turismo e Evento (Manauscult), celebra os 10 anos do \u201c#SouManaus Passo a Pa\u00e7o\u201d respirando cultura, arte e criatividade. A expectativa \u00e9 que mais de 180 mil pessoas circulem pelos espa\u00e7os instagram\u00e1veis do evento, que neste ano transformou o centro hist\u00f3rico em um grande cen\u00e1rio de valoriza\u00e7\u00e3o da identidade amaz\u00f4nica, com uma decora\u00e7\u00e3o que celebra a natureza, os povos origin\u00e1rios e a biodiversidade da regi\u00e3o.<\/p>\n\n\n\n<p>Logo na entrada, o p\u00fablico \u00e9 recebido com instala\u00e7\u00f5es criativas com imagens de folhas, boa ilumina\u00e7\u00e3o, espa\u00e7os instagram\u00e1veis e estruturas com informa\u00e7\u00f5es sobre as atra\u00e7\u00f5es do \u201c#SouManaus 2025\u201d. Durante todo o percurso, os visitantes ir\u00e3o encontrar pain\u00e9is para fotos, murais interativos e cen\u00e1rios decorativos que ajudam o p\u00fablico a se conectar com a hist\u00f3ria visual da floresta.<\/p>\n\n\n\n<p>Participando do primeiro dia de programa\u00e7\u00e3o, a dom\u00e9stica Rosalina C\u00e2ndida, de 61 anos, disse que os espa\u00e7os para fotos no evento est\u00e3o muito bem planejados, com boa ilumina\u00e7\u00e3o e informa\u00e7\u00f5es claras sobre as atra\u00e7\u00f5es do \u201c#SouManaus\u201d.<\/p>\n\n\n\n<p>\u201cEu acabei de chegar, mas j\u00e1 estou encantada com a decora\u00e7\u00e3o logo na entrada. Aqui posso tirar minhas fotos, registrar esses momentos felizes com minha amiga e guardar tudo com carinho para lembrar depois. Estou muito animada com o que ainda vou viver no #SouManaus 2025\u201d, afirmou Rosalina.<\/p>\n\n\n\n<p>Quem tamb\u00e9m aproveitou o evento foi a analista de registro Noelly Andrade, de 29 anos, que comentou que adorou o espa\u00e7o para tirar fotos ao lado do namorado.<\/p>\n\n\n\n<p>\u201cVim com meu namorado aproveitar o \u2018#SouManaus\u2019, que est\u00e1 com uma estrutura linda e cheia de espa\u00e7os perfeitos para fotos. Escolhemos um cantinho mais tranquilo para curtir e registrar o momento. \u00c9 a minha segunda vez no evento e, este ano, queremos aproveitar todos os dias\u201d, contou Noelly.<\/p>\n\n\n\n<figure class=\"wp-block-image size-full\"><img loading=\"lazy\" decoding=\"async\" width=\"1024\" height=\"683\" src=\"https:\/\/www.manaus.am.gov.br\/semcom\/wp-content\/uploads\/sites\/5\/2025\/09\/54768079228_c345f04993_b.jpg\" alt=\"\" class=\"wp-image-245082\" srcset=\"https:\/\/www.manaus.am.gov.br\/semcom\/wp-content\/uploads\/sites\/5\/2025\/09\/54768079228_c345f04993_b.jpg 1024w, https:\/\/www.manaus.am.gov.br\/semcom\/wp-content\/uploads\/sites\/5\/2025\/09\/54768079228_c345f04993_b-300x200.jpg 300w, https:\/\/www.manaus.am.gov.br\/semcom\/wp-content\/uploads\/sites\/5\/2025\/09\/54768079228_c345f04993_b-768x512.jpg 768w\" sizes=\"(max-width: 1024px) 100vw, 1024px\" \/><\/figure>\n\n\n\n<p>&#8212; &#8212; &#8212;<\/p>\n\n\n\n<p><strong>Texto &#8211;<\/strong> Thalia Rodrigues\/Semcom<\/p>\n\n\n\n<p><strong>Fotos \u2013 <\/strong>Divulga\u00e7\u00e3o\/Semcom<\/p>\n","protected":false},"excerpt":{"rendered":"","protected":false},"author":39,"featured_media":245081,"comment_status":"closed","ping_status":"closed","sticky":false,"template":"","format":"standard","meta":{"footnotes":""},"categories":[4867],"tags":[15305,14622,16700,307,16701,77],"acf":[],"yoast_head":"<!-- This site is optimized with the Yoast SEO plugin v23.0 - https:\/\/yoast.com\/wordpress\/plugins\/seo\/ -->\n<title>Centro hist\u00f3rico se transforma em palco de arte e cultura no \u2018#SouManaus 2025\u2019<\/title>\n<meta name=\"description\" content=\"Centro hist\u00f3rico da cidade se transforma em palco de arte e cultura amaz\u00f4nica no \u2018#SouManaus Passo a Pa\u00e7o 2025\u2019.\" \/>\n<meta name=\"robots\" content=\"index, follow, max-snippet:-1, max-image-preview:large, max-video-preview:-1\" \/>\n<link rel=\"canonical\" href=\"https:\/\/www.manaus.am.gov.br\/semcom\/centro-historico-soumanaus-2025\/\" \/>\n<meta property=\"og:locale\" content=\"pt_BR\" \/>\n<meta property=\"og:type\" content=\"article\" \/>\n<meta property=\"og:title\" content=\"Centro hist\u00f3rico se transforma em palco de arte e cultura no \u2018#SouManaus 2025\u2019\" \/>\n<meta property=\"og:description\" content=\"Centro hist\u00f3rico da cidade se transforma em palco de arte e cultura amaz\u00f4nica no \u2018#SouManaus Passo a Pa\u00e7o 2025\u2019.\" \/>\n<meta property=\"og:url\" content=\"https:\/\/www.manaus.am.gov.br\/semcom\/centro-historico-soumanaus-2025\/\" \/>\n<meta property=\"og:site_name\" content=\"SEMCOM\" \/>\n<meta property=\"article:published_time\" content=\"2025-09-06T17:39:55+00:00\" \/>\n<meta property=\"og:image\" content=\"https:\/\/www.manaus.am.gov.br\/semcom\/wp-content\/uploads\/sites\/5\/2025\/09\/54767978414_9507d43571_k.jpg\" \/>\n\t<meta property=\"og:image:width\" content=\"2048\" \/>\n\t<meta property=\"og:image:height\" content=\"1365\" \/>\n\t<meta property=\"og:image:type\" content=\"image\/jpeg\" \/>\n<meta name=\"author\" content=\"Bruna Greco\" \/>\n<meta name=\"twitter:card\" content=\"summary_large_image\" \/>\n<meta name=\"twitter:label1\" content=\"Written by\" \/>\n\t<meta name=\"twitter:data1\" content=\"Bruna Greco\" \/>\n\t<meta name=\"twitter:label2\" content=\"Est. reading time\" \/>\n\t<meta name=\"twitter:data2\" content=\"3 minutos\" \/>\n<script type=\"application\/ld+json\" class=\"yoast-schema-graph\">{\"@context\":\"https:\/\/schema.org\",\"@graph\":[{\"@type\":\"WebPage\",\"@id\":\"https:\/\/www.manaus.am.gov.br\/semcom\/centro-historico-soumanaus-2025\/\",\"url\":\"https:\/\/www.manaus.am.gov.br\/semcom\/centro-historico-soumanaus-2025\/\",\"name\":\"Centro hist\u00f3rico se transforma em palco de arte e cultura no \u2018#SouManaus 2025\u2019\",\"isPartOf\":{\"@id\":\"https:\/\/www.manaus.am.gov.br\/semcom\/#website\"},\"primaryImageOfPage\":{\"@id\":\"https:\/\/www.manaus.am.gov.br\/semcom\/centro-historico-soumanaus-2025\/#primaryimage\"},\"image\":{\"@id\":\"https:\/\/www.manaus.am.gov.br\/semcom\/centro-historico-soumanaus-2025\/#primaryimage\"},\"thumbnailUrl\":\"https:\/\/www.manaus.am.gov.br\/semcom\/wp-content\/uploads\/sites\/5\/2025\/09\/54767978414_9507d43571_k.jpg\",\"datePublished\":\"2025-09-06T17:39:55+00:00\",\"dateModified\":\"2025-09-06T17:39:55+00:00\",\"author\":{\"@id\":\"https:\/\/www.manaus.am.gov.br\/semcom\/#\/schema\/person\/05d223aea2bf115f9883a6ff3683d81b\"},\"description\":\"Centro hist\u00f3rico da cidade se transforma em palco de arte e cultura amaz\u00f4nica no \u2018#SouManaus Passo a Pa\u00e7o 2025\u2019.\",\"inLanguage\":\"pt-BR\",\"potentialAction\":[{\"@type\":\"ReadAction\",\"target\":[\"https:\/\/www.manaus.am.gov.br\/semcom\/centro-historico-soumanaus-2025\/\"]}]},{\"@type\":\"ImageObject\",\"inLanguage\":\"pt-BR\",\"@id\":\"https:\/\/www.manaus.am.gov.br\/semcom\/centro-historico-soumanaus-2025\/#primaryimage\",\"url\":\"https:\/\/www.manaus.am.gov.br\/semcom\/wp-content\/uploads\/sites\/5\/2025\/09\/54767978414_9507d43571_k.jpg\",\"contentUrl\":\"https:\/\/www.manaus.am.gov.br\/semcom\/wp-content\/uploads\/sites\/5\/2025\/09\/54767978414_9507d43571_k.jpg\",\"width\":2048,\"height\":1365,\"caption\":\"#paratodosverem - Visitantes do \\\"#SouManaus Passo a Pa\u00e7o 2025\\\" registrando momento em espa\u00e7o instagram\u00e1vel do evento\"},{\"@type\":\"WebSite\",\"@id\":\"https:\/\/www.manaus.am.gov.br\/semcom\/#website\",\"url\":\"https:\/\/www.manaus.am.gov.br\/semcom\/\",\"name\":\"SEMCOM\",\"description\":\"Secretaria Municipal de Comunica\u00e7\u00e3o\",\"potentialAction\":[{\"@type\":\"SearchAction\",\"target\":{\"@type\":\"EntryPoint\",\"urlTemplate\":\"https:\/\/www.manaus.am.gov.br\/semcom\/?s={search_term_string}\"},\"query-input\":\"required name=search_term_string\"}],\"inLanguage\":\"pt-BR\"},{\"@type\":\"Person\",\"@id\":\"https:\/\/www.manaus.am.gov.br\/semcom\/#\/schema\/person\/05d223aea2bf115f9883a6ff3683d81b\",\"name\":\"Bruna Greco\",\"image\":{\"@type\":\"ImageObject\",\"inLanguage\":\"pt-BR\",\"@id\":\"https:\/\/www.manaus.am.gov.br\/semcom\/#\/schema\/person\/image\/\",\"url\":\"https:\/\/secure.gravatar.com\/avatar\/9c877d1a6adc2a055330e5c09a8653ce?s=96&d=mm&r=g\",\"contentUrl\":\"https:\/\/secure.gravatar.com\/avatar\/9c877d1a6adc2a055330e5c09a8653ce?s=96&d=mm&r=g\",\"caption\":\"Bruna Greco\"}}]}<\/script>\n<!-- \/ Yoast SEO plugin. -->","yoast_head_json":{"title":"Centro hist\u00f3rico se transforma em palco de arte e cultura no \u2018#SouManaus 2025\u2019","description":"Centro hist\u00f3rico da cidade se transforma em palco de arte e cultura amaz\u00f4nica no \u2018#SouManaus Passo a Pa\u00e7o 2025\u2019.","robots":{"index":"index","follow":"follow","max-snippet":"max-snippet:-1","max-image-preview":"max-image-preview:large","max-video-preview":"max-video-preview:-1"},"canonical":"https:\/\/www.manaus.am.gov.br\/semcom\/centro-historico-soumanaus-2025\/","og_locale":"pt_BR","og_type":"article","og_title":"Centro hist\u00f3rico se transforma em palco de arte e cultura no \u2018#SouManaus 2025\u2019","og_description":"Centro hist\u00f3rico da cidade se transforma em palco de arte e cultura amaz\u00f4nica no \u2018#SouManaus Passo a Pa\u00e7o 2025\u2019.","og_url":"https:\/\/www.manaus.am.gov.br\/semcom\/centro-historico-soumanaus-2025\/","og_site_name":"SEMCOM","article_published_time":"2025-09-06T17:39:55+00:00","og_image":[{"width":2048,"height":1365,"url":"https:\/\/www.manaus.am.gov.br\/semcom\/wp-content\/uploads\/sites\/5\/2025\/09\/54767978414_9507d43571_k.jpg","type":"image\/jpeg"}],"author":"Bruna Greco","twitter_card":"summary_large_image","twitter_misc":{"Written by":"Bruna Greco","Est. reading time":"3 minutos"},"schema":{"@context":"https:\/\/schema.org","@graph":[{"@type":"WebPage","@id":"https:\/\/www.manaus.am.gov.br\/semcom\/centro-historico-soumanaus-2025\/","url":"https:\/\/www.manaus.am.gov.br\/semcom\/centro-historico-soumanaus-2025\/","name":"Centro hist\u00f3rico se transforma em palco de arte e cultura no \u2018#SouManaus 2025\u2019","isPartOf":{"@id":"https:\/\/www.manaus.am.gov.br\/semcom\/#website"},"primaryImageOfPage":{"@id":"https:\/\/www.manaus.am.gov.br\/semcom\/centro-historico-soumanaus-2025\/#primaryimage"},"image":{"@id":"https:\/\/www.manaus.am.gov.br\/semcom\/centro-historico-soumanaus-2025\/#primaryimage"},"thumbnailUrl":"https:\/\/www.manaus.am.gov.br\/semcom\/wp-content\/uploads\/sites\/5\/2025\/09\/54767978414_9507d43571_k.jpg","datePublished":"2025-09-06T17:39:55+00:00","dateModified":"2025-09-06T17:39:55+00:00","author":{"@id":"https:\/\/www.manaus.am.gov.br\/semcom\/#\/schema\/person\/05d223aea2bf115f9883a6ff3683d81b"},"description":"Centro hist\u00f3rico da cidade se transforma em palco de arte e cultura amaz\u00f4nica no \u2018#SouManaus Passo a Pa\u00e7o 2025\u2019.","inLanguage":"pt-BR","potentialAction":[{"@type":"ReadAction","target":["https:\/\/www.manaus.am.gov.br\/semcom\/centro-historico-soumanaus-2025\/"]}]},{"@type":"ImageObject","inLanguage":"pt-BR","@id":"https:\/\/www.manaus.am.gov.br\/semcom\/centro-historico-soumanaus-2025\/#primaryimage","url":"https:\/\/www.manaus.am.gov.br\/semcom\/wp-content\/uploads\/sites\/5\/2025\/09\/54767978414_9507d43571_k.jpg","contentUrl":"https:\/\/www.manaus.am.gov.br\/semcom\/wp-content\/uploads\/sites\/5\/2025\/09\/54767978414_9507d43571_k.jpg","width":2048,"height":1365,"caption":"#paratodosverem - Visitantes do \"#SouManaus Passo a Pa\u00e7o 2025\" registrando momento em espa\u00e7o instagram\u00e1vel do evento"},{"@type":"WebSite","@id":"https:\/\/www.manaus.am.gov.br\/semcom\/#website","url":"https:\/\/www.manaus.am.gov.br\/semcom\/","name":"SEMCOM","description":"Secretaria Municipal de Comunica\u00e7\u00e3o","potentialAction":[{"@type":"SearchAction","target":{"@type":"EntryPoint","urlTemplate":"https:\/\/www.manaus.am.gov.br\/semcom\/?s={search_term_string}"},"query-input":"required name=search_term_string"}],"inLanguage":"pt-BR"},{"@type":"Person","@id":"https:\/\/www.manaus.am.gov.br\/semcom\/#\/schema\/person\/05d223aea2bf115f9883a6ff3683d81b","name":"Bruna Greco","image":{"@type":"ImageObject","inLanguage":"pt-BR","@id":"https:\/\/www.manaus.am.gov.br\/semcom\/#\/schema\/person\/image\/","url":"https:\/\/secure.gravatar.com\/avatar\/9c877d1a6adc2a055330e5c09a8653ce?s=96&d=mm&r=g","contentUrl":"https:\/\/secure.gravatar.com\/avatar\/9c877d1a6adc2a055330e5c09a8653ce?s=96&d=mm&r=g","caption":"Bruna Greco"}}]}},"_links":{"self":[{"href":"https:\/\/www.manaus.am.gov.br\/semcom\/wp-json\/wp\/v2\/posts\/245080"}],"collection":[{"href":"https:\/\/www.manaus.am.gov.br\/semcom\/wp-json\/wp\/v2\/posts"}],"about":[{"href":"https:\/\/www.manaus.am.gov.br\/semcom\/wp-json\/wp\/v2\/types\/post"}],"author":[{"embeddable":true,"href":"https:\/\/www.manaus.am.gov.br\/semcom\/wp-json\/wp\/v2\/users\/39"}],"replies":[{"embeddable":true,"href":"https:\/\/www.manaus.am.gov.br\/semcom\/wp-json\/wp\/v2\/comments?post=245080"}],"version-history":[{"count":1,"href":"https:\/\/www.manaus.am.gov.br\/semcom\/wp-json\/wp\/v2\/posts\/245080\/revisions"}],"predecessor-version":[{"id":245083,"href":"https:\/\/www.manaus.am.gov.br\/semcom\/wp-json\/wp\/v2\/posts\/245080\/revisions\/245083"}],"wp:featuredmedia":[{"embeddable":true,"href":"https:\/\/www.manaus.am.gov.br\/semcom\/wp-json\/wp\/v2\/media\/245081"}],"wp:attachment":[{"href":"https:\/\/www.manaus.am.gov.br\/semcom\/wp-json\/wp\/v2\/media?parent=245080"}],"wp:term":[{"taxonomy":"category","embeddable":true,"href":"https:\/\/www.manaus.am.gov.br\/semcom\/wp-json\/wp\/v2\/categories?post=245080"},{"taxonomy":"post_tag","embeddable":true,"href":"https:\/\/www.manaus.am.gov.br\/semcom\/wp-json\/wp\/v2\/tags?post=245080"}],"curies":[{"name":"wp","href":"https:\/\/api.w.org\/{rel}","templated":true}]}}