{"id":245037,"date":"2025-09-05T22:41:57","date_gmt":"2025-09-06T01:41:57","guid":{"rendered":"https:\/\/www.manaus.am.gov.br\/semcom\/prefeitura-soumanaus-passinho\/"},"modified":"2025-09-05T22:41:58","modified_gmt":"2025-09-06T01:41:58","slug":"prefeitura-soumanaus-passinho","status":"publish","type":"post","link":"https:\/\/www.manaus.am.gov.br\/semcom\/prefeitura-soumanaus-passinho\/","title":{"rendered":"\u2018Passinho Kids\u2019 anima crian\u00e7ada no \u2018#SouManaus Passo a Pa\u00e7o 2025\u2019 com\u00a0 a apresenta\u00e7\u00e3o especial da dupla Maria Clara e JP"},"content":{"rendered":"\n<p>A Prefeitura de Manaus, por meio da Funda\u00e7\u00e3o Municipal de Cultura, Turismo e Eventos (ManausCult), preparou uma programa\u00e7\u00e3o especial para o p\u00fablico infantil durante o \u201c#SouManaus Passo a Pa\u00e7o 2025\u201d. O \u201cPassinho Kids\u201d aconteceu, nesta sexta-feira, 5\/9, das 17h \u00e0s 21h, na rua Tamandar\u00e9, ao lado do mercado de Origem da Amaz\u00f4nia (complexo&nbsp;Booth Line), no centro hist\u00f3rico, com apresenta\u00e7\u00f5es art\u00edsticas, teatro musical, dan\u00e7as, atra\u00e7\u00f5es nacionais e diversas atividades recreativas voltadas para as crian\u00e7as.<\/p>\n\n\n\n<p>O diretor-presidente da ManausCult, Jender Lobato, destacou a import\u00e2ncia de abrir espa\u00e7o para os pequenos dentro da programa\u00e7\u00e3o do festival.<\/p>\n\n\n\n<p>\u201cO \u2018Passinho Kids\u2019 \u00e9 um momento em que a crian\u00e7a \u00e9 protagonista. Mais do que um espa\u00e7o de lazer, \u00e9 uma forma de valorizar o talento, a criatividade e a sensibilidade art\u00edstica desde cedo. Esse contato com a cultura \u00e9 fundamental para a forma\u00e7\u00e3o das novas gera\u00e7\u00f5es e aproxima ainda mais as fam\u00edlias do festival\u201d, afirmou.<\/p>\n\n\n\n<p>A atra\u00e7\u00e3o mais esperada foi a dupla Maria Clara e JP, fen\u00f4meno entre o p\u00fablico infantil no Brasil.<\/p>\n\n\n\n<p>Ant\u00f4nio Moreira trouxe o filho Nicolas, de 6 anos, para assistir de pertinho a atra\u00e7\u00e3o nacional Maria Clara e JP. \u201cS\u00f3 temos a agradecer ao nosso prefeito David Almeida por este festival incr\u00edvel e pela oportunidade de trazer meu filho, que \u00e9 superf\u00e3 da Maria Clara e JP.<\/p>\n\n\n\n<p>Inclus\u00e3o<\/p>\n\n\n\n<p>O espa\u00e7o tamb\u00e9m teve uma \u00e1rea especial para as crian\u00e7as PcDs que puderam acompanhar de perto toda a programa\u00e7\u00e3o do \u201cPassinho\u201d.<\/p>\n\n\n\n<p>O funcion\u00e1rio p\u00fablico Adenilson Silva levou a filha Melissa, de 5 anos, que possui o Transtorno do Espectro Autista (TEA), para conferir as apresenta\u00e7\u00f5es do \u201cPassinho Kids\u201d. \u201cA gente agradece, primeiramente, a Deus e, em segundo, ao prefeito David Almeida que trouxe esta programa\u00e7\u00e3o especial.&nbsp; \u00c9 uma oportunidade \u00fanica ver nossas crian\u00e7as aproveitando tudo isso\u201d, ressaltou.<\/p>\n\n\n\n<p>A abertura dos port\u00f5es come\u00e7ou \u00e0s 15h e toda uma estrutura foi preparada para receber o p\u00fablico infantil. Durante toda a programa\u00e7\u00e3o, as crian\u00e7as poder\u00e3o se divertir com atividades recreativas, como pintura e esculturas de bal\u00f5es, ateli\u00ea com brincadeiras l\u00fadicas, jogos, oficinas criativas e festival de brincadeiras, apresenta\u00e7\u00f5es com fantoches e oficina de papel.<\/p>\n\n\n\n<p>A cantora Alexa comandou o in\u00edcio das apresenta\u00e7\u00f5es. \u201cEu me sinto muito honrada. \u00c9 uma alegria enorme, \u00e9 o meu quarto ano consecutivo e sempre me emociono ao trazer alegria e divers\u00e3o para a crian\u00e7ada. S\u00f3 tenho a agradecer ao prefeito David Almeida e a equipe da ManausCult\u201d, destacou a cantora infantil Alexa.<\/p>\n\n\n\n<p>&#8212; &#8212; &#8212;<\/p>\n\n\n\n<p><strong>Texto <\/strong>-Deborah Azevedo\/Semcom<\/p>\n\n\n\n<p><strong>Fotos <\/strong>&#8211; Eduardo Anderson\/Semcom<\/p>\n","protected":false},"excerpt":{"rendered":"","protected":false},"author":23,"featured_media":245038,"comment_status":"closed","ping_status":"closed","sticky":false,"template":"","format":"standard","meta":{"footnotes":""},"categories":[4867],"tags":[16687,16688,77,7553],"acf":[],"yoast_head":"<!-- This site is optimized with the Yoast SEO plugin v23.0 - https:\/\/yoast.com\/wordpress\/plugins\/seo\/ -->\n<title>\u2018Passinho Kids\u2019 anima crian\u00e7ada no \u2018#SouManaus Passo a Pa\u00e7o 2025\u2019 com a apresenta\u00e7\u00e3o especial da dupla Maria Clara e JP<\/title>\n<meta name=\"description\" content=\"A Prefeitura de Manaus, por meio da Funda\u00e7\u00e3o Municipal de Cultura, Turismo e Eventos (ManausCult), preparou uma programa\u00e7\u00e3o especial para o p\u00fablico infantil durante o \u201c#SouManaus Passo a Pa\u00e7o 2025\u201d.\" \/>\n<meta name=\"robots\" content=\"index, follow, max-snippet:-1, max-image-preview:large, max-video-preview:-1\" \/>\n<link rel=\"canonical\" href=\"https:\/\/www.manaus.am.gov.br\/semcom\/prefeitura-soumanaus-passinho\/\" \/>\n<meta property=\"og:locale\" content=\"pt_BR\" \/>\n<meta property=\"og:type\" content=\"article\" \/>\n<meta property=\"og:title\" content=\"\u2018Passinho Kids\u2019 anima crian\u00e7ada no \u2018#SouManaus Passo a Pa\u00e7o 2025\u2019 com a apresenta\u00e7\u00e3o especial da dupla Maria Clara e JP\" \/>\n<meta property=\"og:description\" content=\"A Prefeitura de Manaus, por meio da Funda\u00e7\u00e3o Municipal de Cultura, Turismo e Eventos (ManausCult), preparou uma programa\u00e7\u00e3o especial para o p\u00fablico infantil durante o \u201c#SouManaus Passo a Pa\u00e7o 2025\u201d.\" \/>\n<meta property=\"og:url\" content=\"https:\/\/www.manaus.am.gov.br\/semcom\/prefeitura-soumanaus-passinho\/\" \/>\n<meta property=\"og:site_name\" content=\"SEMCOM\" \/>\n<meta property=\"article:published_time\" content=\"2025-09-06T01:41:57+00:00\" \/>\n<meta property=\"article:modified_time\" content=\"2025-09-06T01:41:58+00:00\" \/>\n<meta property=\"og:image\" content=\"https:\/\/www.manaus.am.gov.br\/semcom\/wp-content\/uploads\/sites\/5\/2025\/09\/WhatsApp-Image-2025-09-05-at-20.27.09.jpeg\" \/>\n\t<meta property=\"og:image:width\" content=\"4160\" \/>\n\t<meta property=\"og:image:height\" content=\"2774\" \/>\n\t<meta property=\"og:image:type\" content=\"image\/jpeg\" \/>\n<meta name=\"author\" content=\"Adriana Costa\" \/>\n<meta name=\"twitter:card\" content=\"summary_large_image\" \/>\n<meta name=\"twitter:label1\" content=\"Written by\" \/>\n\t<meta name=\"twitter:data1\" content=\"Adriana Costa\" \/>\n\t<meta name=\"twitter:label2\" content=\"Est. reading time\" \/>\n\t<meta name=\"twitter:data2\" content=\"3 minutos\" \/>\n<script type=\"application\/ld+json\" class=\"yoast-schema-graph\">{\"@context\":\"https:\/\/schema.org\",\"@graph\":[{\"@type\":\"WebPage\",\"@id\":\"https:\/\/www.manaus.am.gov.br\/semcom\/prefeitura-soumanaus-passinho\/\",\"url\":\"https:\/\/www.manaus.am.gov.br\/semcom\/prefeitura-soumanaus-passinho\/\",\"name\":\"\u2018Passinho Kids\u2019 anima crian\u00e7ada no \u2018#SouManaus Passo a Pa\u00e7o 2025\u2019 com a apresenta\u00e7\u00e3o especial da dupla Maria Clara e JP\",\"isPartOf\":{\"@id\":\"https:\/\/www.manaus.am.gov.br\/semcom\/#website\"},\"primaryImageOfPage\":{\"@id\":\"https:\/\/www.manaus.am.gov.br\/semcom\/prefeitura-soumanaus-passinho\/#primaryimage\"},\"image\":{\"@id\":\"https:\/\/www.manaus.am.gov.br\/semcom\/prefeitura-soumanaus-passinho\/#primaryimage\"},\"thumbnailUrl\":\"https:\/\/www.manaus.am.gov.br\/semcom\/wp-content\/uploads\/sites\/5\/2025\/09\/WhatsApp-Image-2025-09-05-at-20.27.09.jpeg\",\"datePublished\":\"2025-09-06T01:41:57+00:00\",\"dateModified\":\"2025-09-06T01:41:58+00:00\",\"author\":{\"@id\":\"https:\/\/www.manaus.am.gov.br\/semcom\/#\/schema\/person\/4e49f4e267757a06ca072ec61b2b9968\"},\"description\":\"A Prefeitura de Manaus, por meio da Funda\u00e7\u00e3o Municipal de Cultura, Turismo e Eventos (ManausCult), preparou uma programa\u00e7\u00e3o especial para o p\u00fablico infantil durante o \u201c#SouManaus Passo a Pa\u00e7o 2025\u201d.\",\"inLanguage\":\"pt-BR\",\"potentialAction\":[{\"@type\":\"ReadAction\",\"target\":[\"https:\/\/www.manaus.am.gov.br\/semcom\/prefeitura-soumanaus-passinho\/\"]}]},{\"@type\":\"ImageObject\",\"inLanguage\":\"pt-BR\",\"@id\":\"https:\/\/www.manaus.am.gov.br\/semcom\/prefeitura-soumanaus-passinho\/#primaryimage\",\"url\":\"https:\/\/www.manaus.am.gov.br\/semcom\/wp-content\/uploads\/sites\/5\/2025\/09\/WhatsApp-Image-2025-09-05-at-20.27.09.jpeg\",\"contentUrl\":\"https:\/\/www.manaus.am.gov.br\/semcom\/wp-content\/uploads\/sites\/5\/2025\/09\/WhatsApp-Image-2025-09-05-at-20.27.09.jpeg\",\"width\":4160,\"height\":2774},{\"@type\":\"WebSite\",\"@id\":\"https:\/\/www.manaus.am.gov.br\/semcom\/#website\",\"url\":\"https:\/\/www.manaus.am.gov.br\/semcom\/\",\"name\":\"SEMCOM\",\"description\":\"Secretaria Municipal de Comunica\u00e7\u00e3o\",\"potentialAction\":[{\"@type\":\"SearchAction\",\"target\":{\"@type\":\"EntryPoint\",\"urlTemplate\":\"https:\/\/www.manaus.am.gov.br\/semcom\/?s={search_term_string}\"},\"query-input\":\"required name=search_term_string\"}],\"inLanguage\":\"pt-BR\"},{\"@type\":\"Person\",\"@id\":\"https:\/\/www.manaus.am.gov.br\/semcom\/#\/schema\/person\/4e49f4e267757a06ca072ec61b2b9968\",\"name\":\"Adriana Costa\",\"image\":{\"@type\":\"ImageObject\",\"inLanguage\":\"pt-BR\",\"@id\":\"https:\/\/www.manaus.am.gov.br\/semcom\/#\/schema\/person\/image\/\",\"url\":\"https:\/\/secure.gravatar.com\/avatar\/576258617ef7194f718179e766d57bd4?s=96&d=mm&r=g\",\"contentUrl\":\"https:\/\/secure.gravatar.com\/avatar\/576258617ef7194f718179e766d57bd4?s=96&d=mm&r=g\",\"caption\":\"Adriana Costa\"}}]}<\/script>\n<!-- \/ Yoast SEO plugin. -->","yoast_head_json":{"title":"\u2018Passinho Kids\u2019 anima crian\u00e7ada no \u2018#SouManaus Passo a Pa\u00e7o 2025\u2019 com a apresenta\u00e7\u00e3o especial da dupla Maria Clara e JP","description":"A Prefeitura de Manaus, por meio da Funda\u00e7\u00e3o Municipal de Cultura, Turismo e Eventos (ManausCult), preparou uma programa\u00e7\u00e3o especial para o p\u00fablico infantil durante o \u201c#SouManaus Passo a Pa\u00e7o 2025\u201d.","robots":{"index":"index","follow":"follow","max-snippet":"max-snippet:-1","max-image-preview":"max-image-preview:large","max-video-preview":"max-video-preview:-1"},"canonical":"https:\/\/www.manaus.am.gov.br\/semcom\/prefeitura-soumanaus-passinho\/","og_locale":"pt_BR","og_type":"article","og_title":"\u2018Passinho Kids\u2019 anima crian\u00e7ada no \u2018#SouManaus Passo a Pa\u00e7o 2025\u2019 com a apresenta\u00e7\u00e3o especial da dupla Maria Clara e JP","og_description":"A Prefeitura de Manaus, por meio da Funda\u00e7\u00e3o Municipal de Cultura, Turismo e Eventos (ManausCult), preparou uma programa\u00e7\u00e3o especial para o p\u00fablico infantil durante o \u201c#SouManaus Passo a Pa\u00e7o 2025\u201d.","og_url":"https:\/\/www.manaus.am.gov.br\/semcom\/prefeitura-soumanaus-passinho\/","og_site_name":"SEMCOM","article_published_time":"2025-09-06T01:41:57+00:00","article_modified_time":"2025-09-06T01:41:58+00:00","og_image":[{"width":4160,"height":2774,"url":"https:\/\/www.manaus.am.gov.br\/semcom\/wp-content\/uploads\/sites\/5\/2025\/09\/WhatsApp-Image-2025-09-05-at-20.27.09.jpeg","type":"image\/jpeg"}],"author":"Adriana Costa","twitter_card":"summary_large_image","twitter_misc":{"Written by":"Adriana Costa","Est. reading time":"3 minutos"},"schema":{"@context":"https:\/\/schema.org","@graph":[{"@type":"WebPage","@id":"https:\/\/www.manaus.am.gov.br\/semcom\/prefeitura-soumanaus-passinho\/","url":"https:\/\/www.manaus.am.gov.br\/semcom\/prefeitura-soumanaus-passinho\/","name":"\u2018Passinho Kids\u2019 anima crian\u00e7ada no \u2018#SouManaus Passo a Pa\u00e7o 2025\u2019 com a apresenta\u00e7\u00e3o especial da dupla Maria Clara e JP","isPartOf":{"@id":"https:\/\/www.manaus.am.gov.br\/semcom\/#website"},"primaryImageOfPage":{"@id":"https:\/\/www.manaus.am.gov.br\/semcom\/prefeitura-soumanaus-passinho\/#primaryimage"},"image":{"@id":"https:\/\/www.manaus.am.gov.br\/semcom\/prefeitura-soumanaus-passinho\/#primaryimage"},"thumbnailUrl":"https:\/\/www.manaus.am.gov.br\/semcom\/wp-content\/uploads\/sites\/5\/2025\/09\/WhatsApp-Image-2025-09-05-at-20.27.09.jpeg","datePublished":"2025-09-06T01:41:57+00:00","dateModified":"2025-09-06T01:41:58+00:00","author":{"@id":"https:\/\/www.manaus.am.gov.br\/semcom\/#\/schema\/person\/4e49f4e267757a06ca072ec61b2b9968"},"description":"A Prefeitura de Manaus, por meio da Funda\u00e7\u00e3o Municipal de Cultura, Turismo e Eventos (ManausCult), preparou uma programa\u00e7\u00e3o especial para o p\u00fablico infantil durante o \u201c#SouManaus Passo a Pa\u00e7o 2025\u201d.","inLanguage":"pt-BR","potentialAction":[{"@type":"ReadAction","target":["https:\/\/www.manaus.am.gov.br\/semcom\/prefeitura-soumanaus-passinho\/"]}]},{"@type":"ImageObject","inLanguage":"pt-BR","@id":"https:\/\/www.manaus.am.gov.br\/semcom\/prefeitura-soumanaus-passinho\/#primaryimage","url":"https:\/\/www.manaus.am.gov.br\/semcom\/wp-content\/uploads\/sites\/5\/2025\/09\/WhatsApp-Image-2025-09-05-at-20.27.09.jpeg","contentUrl":"https:\/\/www.manaus.am.gov.br\/semcom\/wp-content\/uploads\/sites\/5\/2025\/09\/WhatsApp-Image-2025-09-05-at-20.27.09.jpeg","width":4160,"height":2774},{"@type":"WebSite","@id":"https:\/\/www.manaus.am.gov.br\/semcom\/#website","url":"https:\/\/www.manaus.am.gov.br\/semcom\/","name":"SEMCOM","description":"Secretaria Municipal de Comunica\u00e7\u00e3o","potentialAction":[{"@type":"SearchAction","target":{"@type":"EntryPoint","urlTemplate":"https:\/\/www.manaus.am.gov.br\/semcom\/?s={search_term_string}"},"query-input":"required name=search_term_string"}],"inLanguage":"pt-BR"},{"@type":"Person","@id":"https:\/\/www.manaus.am.gov.br\/semcom\/#\/schema\/person\/4e49f4e267757a06ca072ec61b2b9968","name":"Adriana Costa","image":{"@type":"ImageObject","inLanguage":"pt-BR","@id":"https:\/\/www.manaus.am.gov.br\/semcom\/#\/schema\/person\/image\/","url":"https:\/\/secure.gravatar.com\/avatar\/576258617ef7194f718179e766d57bd4?s=96&d=mm&r=g","contentUrl":"https:\/\/secure.gravatar.com\/avatar\/576258617ef7194f718179e766d57bd4?s=96&d=mm&r=g","caption":"Adriana Costa"}}]}},"_links":{"self":[{"href":"https:\/\/www.manaus.am.gov.br\/semcom\/wp-json\/wp\/v2\/posts\/245037"}],"collection":[{"href":"https:\/\/www.manaus.am.gov.br\/semcom\/wp-json\/wp\/v2\/posts"}],"about":[{"href":"https:\/\/www.manaus.am.gov.br\/semcom\/wp-json\/wp\/v2\/types\/post"}],"author":[{"embeddable":true,"href":"https:\/\/www.manaus.am.gov.br\/semcom\/wp-json\/wp\/v2\/users\/23"}],"replies":[{"embeddable":true,"href":"https:\/\/www.manaus.am.gov.br\/semcom\/wp-json\/wp\/v2\/comments?post=245037"}],"version-history":[{"count":0,"href":"https:\/\/www.manaus.am.gov.br\/semcom\/wp-json\/wp\/v2\/posts\/245037\/revisions"}],"wp:featuredmedia":[{"embeddable":true,"href":"https:\/\/www.manaus.am.gov.br\/semcom\/wp-json\/wp\/v2\/media\/245038"}],"wp:attachment":[{"href":"https:\/\/www.manaus.am.gov.br\/semcom\/wp-json\/wp\/v2\/media?parent=245037"}],"wp:term":[{"taxonomy":"category","embeddable":true,"href":"https:\/\/www.manaus.am.gov.br\/semcom\/wp-json\/wp\/v2\/categories?post=245037"},{"taxonomy":"post_tag","embeddable":true,"href":"https:\/\/www.manaus.am.gov.br\/semcom\/wp-json\/wp\/v2\/tags?post=245037"}],"curies":[{"name":"wp","href":"https:\/\/api.w.org\/{rel}","templated":true}]}}