{"id":245031,"date":"2025-09-05T21:16:12","date_gmt":"2025-09-06T00:16:12","guid":{"rendered":"https:\/\/www.manaus.am.gov.br\/semcom\/prefeitura-soumanaus-gastronomia\/"},"modified":"2025-09-05T21:16:14","modified_gmt":"2025-09-06T00:16:14","slug":"prefeitura-soumanaus-gastronomia","status":"publish","type":"post","link":"https:\/\/www.manaus.am.gov.br\/semcom\/prefeitura-soumanaus-gastronomia\/","title":{"rendered":"Do tacac\u00e1 ao sushi, \u2018#SouManaus\u2019 oferece sabores para todos os gostos"},"content":{"rendered":"\n<p>Do tacac\u00e1 ao sushi, passando por um hamb\u00farguer bem servido, o espa\u00e7o gastron\u00f4mico do \u201c#SouManaus Passo a Pa\u00e7o 2025\u201d \u00e9 um convite para quem quer experimentar diferentes sabores, reunindo barracas e&nbsp;<em>food trucks<\/em>&nbsp;para todos os paladares.<\/p>\n\n\n\n<p>Quem visita o local encontra uma sele\u00e7\u00e3o diversa: comida regional preparada na hora, pratos da culin\u00e1ria japonesa e lanches generosos. H\u00e1 desde receitas tradicionais que valorizam ingredientes amaz\u00f4nicos at\u00e9 op\u00e7\u00f5es internacionais, provando que a gastronomia do festival \u00e9 t\u00e3o plural quanto o p\u00fablico que o frequenta.<\/p>\n\n\n\n<p>A proposta \u00e9 que cada visitante possa fazer um verdadeiro passeio gastron\u00f4mico, escolhendo conforme o momento e o apetite.<\/p>\n\n\n\n<p>Uma das pessoas que atendem no espa\u00e7o gastron\u00f4mico \u00e9 Rozenira Pedrosa, 53 anos, chefe e dona da barraca Del\u00edcias da Iai\u00e1. \u201cEstamos em uma \u00e1rea tur\u00edstica, onde, al\u00e9m dos visitantes locais, h\u00e1 muitas pessoas de outros Estados. Por isso, oferecemos pratos regionais, doces e, entre as iguarias, o arroz paraense. Este espa\u00e7o tem sido uma oportunidade maravilhosa, pois vemos a prefeitura oferecendo oportunidade aos pequenos empreendedores\u201d, afirmou.<\/p>\n\n\n\n<p>O espa\u00e7o gastron\u00f4mico \u00e9 tamb\u00e9m um ponto de encontro e conviv\u00eancia, onde amigos e fam\u00edlias se re\u00fanem para compartilhar momentos antes ou depois das apresenta\u00e7\u00f5es culturais. \u00c9 a combina\u00e7\u00e3o perfeita entre m\u00fasica, arte e boa comida que ajuda a transformar o \u201c#SouManaus Passo a Pa\u00e7o\u201d em um dos eventos mais aguardados do ano.<\/p>\n\n\n\n<p>&#8212; &#8212; &#8212;<\/p>\n\n\n\n<p><strong>Texto<\/strong> &#8211; Alisson Castro\/Semcom<\/p>\n\n\n\n<p><strong>Fotos<\/strong> &#8211; Julio Batista\/Semcom<\/p>\n","protected":false},"excerpt":{"rendered":"","protected":false},"author":23,"featured_media":245032,"comment_status":"closed","ping_status":"closed","sticky":false,"template":"","format":"standard","meta":{"footnotes":""},"categories":[13223],"tags":[7355,3548,77,7553],"acf":[],"yoast_head":"<!-- This site is optimized with the Yoast SEO plugin v23.0 - https:\/\/yoast.com\/wordpress\/plugins\/seo\/ -->\n<title>Do tacac\u00e1 ao sushi, \u2018#SouManaus\u2019 oferece sabores para todos os gostos<\/title>\n<meta name=\"description\" content=\"Do tacac\u00e1 ao sushi, passando por um hamb\u00farguer bem servido, o espa\u00e7o gastron\u00f4mico do \u201c#SouManaus Passo a Pa\u00e7o 2025\u201d \u00e9 um convite para quem quer experimentar diferentes sabores, reunindo barracas e food trucks para todos os paladares.\" \/>\n<meta name=\"robots\" content=\"index, follow, max-snippet:-1, max-image-preview:large, max-video-preview:-1\" \/>\n<link rel=\"canonical\" href=\"https:\/\/www.manaus.am.gov.br\/semcom\/prefeitura-soumanaus-gastronomia\/\" \/>\n<meta property=\"og:locale\" content=\"pt_BR\" \/>\n<meta property=\"og:type\" content=\"article\" \/>\n<meta property=\"og:title\" content=\"Do tacac\u00e1 ao sushi, \u2018#SouManaus\u2019 oferece sabores para todos os gostos\" \/>\n<meta property=\"og:description\" content=\"Do tacac\u00e1 ao sushi, passando por um hamb\u00farguer bem servido, o espa\u00e7o gastron\u00f4mico do \u201c#SouManaus Passo a Pa\u00e7o 2025\u201d \u00e9 um convite para quem quer experimentar diferentes sabores, reunindo barracas e food trucks para todos os paladares.\" \/>\n<meta property=\"og:url\" content=\"https:\/\/www.manaus.am.gov.br\/semcom\/prefeitura-soumanaus-gastronomia\/\" \/>\n<meta property=\"og:site_name\" content=\"SEMCOM\" \/>\n<meta property=\"article:published_time\" content=\"2025-09-06T00:16:12+00:00\" \/>\n<meta property=\"article:modified_time\" content=\"2025-09-06T00:16:14+00:00\" \/>\n<meta property=\"og:image\" content=\"https:\/\/www.manaus.am.gov.br\/semcom\/wp-content\/uploads\/sites\/5\/2025\/09\/54766806737_2c05db15e3_c.jpg\" \/>\n\t<meta property=\"og:image:width\" content=\"799\" \/>\n\t<meta property=\"og:image:height\" content=\"533\" \/>\n\t<meta property=\"og:image:type\" content=\"image\/jpeg\" \/>\n<meta name=\"author\" content=\"Adriana Costa\" \/>\n<meta name=\"twitter:card\" content=\"summary_large_image\" \/>\n<meta name=\"twitter:label1\" content=\"Written by\" \/>\n\t<meta name=\"twitter:data1\" content=\"Adriana Costa\" \/>\n\t<meta name=\"twitter:label2\" content=\"Est. reading time\" \/>\n\t<meta name=\"twitter:data2\" content=\"2 minutos\" \/>\n<script type=\"application\/ld+json\" class=\"yoast-schema-graph\">{\"@context\":\"https:\/\/schema.org\",\"@graph\":[{\"@type\":\"WebPage\",\"@id\":\"https:\/\/www.manaus.am.gov.br\/semcom\/prefeitura-soumanaus-gastronomia\/\",\"url\":\"https:\/\/www.manaus.am.gov.br\/semcom\/prefeitura-soumanaus-gastronomia\/\",\"name\":\"Do tacac\u00e1 ao sushi, \u2018#SouManaus\u2019 oferece sabores para todos os gostos\",\"isPartOf\":{\"@id\":\"https:\/\/www.manaus.am.gov.br\/semcom\/#website\"},\"primaryImageOfPage\":{\"@id\":\"https:\/\/www.manaus.am.gov.br\/semcom\/prefeitura-soumanaus-gastronomia\/#primaryimage\"},\"image\":{\"@id\":\"https:\/\/www.manaus.am.gov.br\/semcom\/prefeitura-soumanaus-gastronomia\/#primaryimage\"},\"thumbnailUrl\":\"https:\/\/www.manaus.am.gov.br\/semcom\/wp-content\/uploads\/sites\/5\/2025\/09\/54766806737_2c05db15e3_c.jpg\",\"datePublished\":\"2025-09-06T00:16:12+00:00\",\"dateModified\":\"2025-09-06T00:16:14+00:00\",\"author\":{\"@id\":\"https:\/\/www.manaus.am.gov.br\/semcom\/#\/schema\/person\/4e49f4e267757a06ca072ec61b2b9968\"},\"description\":\"Do tacac\u00e1 ao sushi, passando por um hamb\u00farguer bem servido, o espa\u00e7o gastron\u00f4mico do \u201c#SouManaus Passo a Pa\u00e7o 2025\u201d \u00e9 um convite para quem quer experimentar diferentes sabores, reunindo barracas e food trucks para todos os paladares.\",\"inLanguage\":\"pt-BR\",\"potentialAction\":[{\"@type\":\"ReadAction\",\"target\":[\"https:\/\/www.manaus.am.gov.br\/semcom\/prefeitura-soumanaus-gastronomia\/\"]}]},{\"@type\":\"ImageObject\",\"inLanguage\":\"pt-BR\",\"@id\":\"https:\/\/www.manaus.am.gov.br\/semcom\/prefeitura-soumanaus-gastronomia\/#primaryimage\",\"url\":\"https:\/\/www.manaus.am.gov.br\/semcom\/wp-content\/uploads\/sites\/5\/2025\/09\/54766806737_2c05db15e3_c.jpg\",\"contentUrl\":\"https:\/\/www.manaus.am.gov.br\/semcom\/wp-content\/uploads\/sites\/5\/2025\/09\/54766806737_2c05db15e3_c.jpg\",\"width\":799,\"height\":533},{\"@type\":\"WebSite\",\"@id\":\"https:\/\/www.manaus.am.gov.br\/semcom\/#website\",\"url\":\"https:\/\/www.manaus.am.gov.br\/semcom\/\",\"name\":\"SEMCOM\",\"description\":\"Secretaria Municipal de Comunica\u00e7\u00e3o\",\"potentialAction\":[{\"@type\":\"SearchAction\",\"target\":{\"@type\":\"EntryPoint\",\"urlTemplate\":\"https:\/\/www.manaus.am.gov.br\/semcom\/?s={search_term_string}\"},\"query-input\":\"required name=search_term_string\"}],\"inLanguage\":\"pt-BR\"},{\"@type\":\"Person\",\"@id\":\"https:\/\/www.manaus.am.gov.br\/semcom\/#\/schema\/person\/4e49f4e267757a06ca072ec61b2b9968\",\"name\":\"Adriana Costa\",\"image\":{\"@type\":\"ImageObject\",\"inLanguage\":\"pt-BR\",\"@id\":\"https:\/\/www.manaus.am.gov.br\/semcom\/#\/schema\/person\/image\/\",\"url\":\"https:\/\/secure.gravatar.com\/avatar\/576258617ef7194f718179e766d57bd4?s=96&d=mm&r=g\",\"contentUrl\":\"https:\/\/secure.gravatar.com\/avatar\/576258617ef7194f718179e766d57bd4?s=96&d=mm&r=g\",\"caption\":\"Adriana Costa\"}}]}<\/script>\n<!-- \/ Yoast SEO plugin. -->","yoast_head_json":{"title":"Do tacac\u00e1 ao sushi, \u2018#SouManaus\u2019 oferece sabores para todos os gostos","description":"Do tacac\u00e1 ao sushi, passando por um hamb\u00farguer bem servido, o espa\u00e7o gastron\u00f4mico do \u201c#SouManaus Passo a Pa\u00e7o 2025\u201d \u00e9 um convite para quem quer experimentar diferentes sabores, reunindo barracas e food trucks para todos os paladares.","robots":{"index":"index","follow":"follow","max-snippet":"max-snippet:-1","max-image-preview":"max-image-preview:large","max-video-preview":"max-video-preview:-1"},"canonical":"https:\/\/www.manaus.am.gov.br\/semcom\/prefeitura-soumanaus-gastronomia\/","og_locale":"pt_BR","og_type":"article","og_title":"Do tacac\u00e1 ao sushi, \u2018#SouManaus\u2019 oferece sabores para todos os gostos","og_description":"Do tacac\u00e1 ao sushi, passando por um hamb\u00farguer bem servido, o espa\u00e7o gastron\u00f4mico do \u201c#SouManaus Passo a Pa\u00e7o 2025\u201d \u00e9 um convite para quem quer experimentar diferentes sabores, reunindo barracas e food trucks para todos os paladares.","og_url":"https:\/\/www.manaus.am.gov.br\/semcom\/prefeitura-soumanaus-gastronomia\/","og_site_name":"SEMCOM","article_published_time":"2025-09-06T00:16:12+00:00","article_modified_time":"2025-09-06T00:16:14+00:00","og_image":[{"width":799,"height":533,"url":"https:\/\/www.manaus.am.gov.br\/semcom\/wp-content\/uploads\/sites\/5\/2025\/09\/54766806737_2c05db15e3_c.jpg","type":"image\/jpeg"}],"author":"Adriana Costa","twitter_card":"summary_large_image","twitter_misc":{"Written by":"Adriana Costa","Est. reading time":"2 minutos"},"schema":{"@context":"https:\/\/schema.org","@graph":[{"@type":"WebPage","@id":"https:\/\/www.manaus.am.gov.br\/semcom\/prefeitura-soumanaus-gastronomia\/","url":"https:\/\/www.manaus.am.gov.br\/semcom\/prefeitura-soumanaus-gastronomia\/","name":"Do tacac\u00e1 ao sushi, \u2018#SouManaus\u2019 oferece sabores para todos os gostos","isPartOf":{"@id":"https:\/\/www.manaus.am.gov.br\/semcom\/#website"},"primaryImageOfPage":{"@id":"https:\/\/www.manaus.am.gov.br\/semcom\/prefeitura-soumanaus-gastronomia\/#primaryimage"},"image":{"@id":"https:\/\/www.manaus.am.gov.br\/semcom\/prefeitura-soumanaus-gastronomia\/#primaryimage"},"thumbnailUrl":"https:\/\/www.manaus.am.gov.br\/semcom\/wp-content\/uploads\/sites\/5\/2025\/09\/54766806737_2c05db15e3_c.jpg","datePublished":"2025-09-06T00:16:12+00:00","dateModified":"2025-09-06T00:16:14+00:00","author":{"@id":"https:\/\/www.manaus.am.gov.br\/semcom\/#\/schema\/person\/4e49f4e267757a06ca072ec61b2b9968"},"description":"Do tacac\u00e1 ao sushi, passando por um hamb\u00farguer bem servido, o espa\u00e7o gastron\u00f4mico do \u201c#SouManaus Passo a Pa\u00e7o 2025\u201d \u00e9 um convite para quem quer experimentar diferentes sabores, reunindo barracas e food trucks para todos os paladares.","inLanguage":"pt-BR","potentialAction":[{"@type":"ReadAction","target":["https:\/\/www.manaus.am.gov.br\/semcom\/prefeitura-soumanaus-gastronomia\/"]}]},{"@type":"ImageObject","inLanguage":"pt-BR","@id":"https:\/\/www.manaus.am.gov.br\/semcom\/prefeitura-soumanaus-gastronomia\/#primaryimage","url":"https:\/\/www.manaus.am.gov.br\/semcom\/wp-content\/uploads\/sites\/5\/2025\/09\/54766806737_2c05db15e3_c.jpg","contentUrl":"https:\/\/www.manaus.am.gov.br\/semcom\/wp-content\/uploads\/sites\/5\/2025\/09\/54766806737_2c05db15e3_c.jpg","width":799,"height":533},{"@type":"WebSite","@id":"https:\/\/www.manaus.am.gov.br\/semcom\/#website","url":"https:\/\/www.manaus.am.gov.br\/semcom\/","name":"SEMCOM","description":"Secretaria Municipal de Comunica\u00e7\u00e3o","potentialAction":[{"@type":"SearchAction","target":{"@type":"EntryPoint","urlTemplate":"https:\/\/www.manaus.am.gov.br\/semcom\/?s={search_term_string}"},"query-input":"required name=search_term_string"}],"inLanguage":"pt-BR"},{"@type":"Person","@id":"https:\/\/www.manaus.am.gov.br\/semcom\/#\/schema\/person\/4e49f4e267757a06ca072ec61b2b9968","name":"Adriana Costa","image":{"@type":"ImageObject","inLanguage":"pt-BR","@id":"https:\/\/www.manaus.am.gov.br\/semcom\/#\/schema\/person\/image\/","url":"https:\/\/secure.gravatar.com\/avatar\/576258617ef7194f718179e766d57bd4?s=96&d=mm&r=g","contentUrl":"https:\/\/secure.gravatar.com\/avatar\/576258617ef7194f718179e766d57bd4?s=96&d=mm&r=g","caption":"Adriana Costa"}}]}},"_links":{"self":[{"href":"https:\/\/www.manaus.am.gov.br\/semcom\/wp-json\/wp\/v2\/posts\/245031"}],"collection":[{"href":"https:\/\/www.manaus.am.gov.br\/semcom\/wp-json\/wp\/v2\/posts"}],"about":[{"href":"https:\/\/www.manaus.am.gov.br\/semcom\/wp-json\/wp\/v2\/types\/post"}],"author":[{"embeddable":true,"href":"https:\/\/www.manaus.am.gov.br\/semcom\/wp-json\/wp\/v2\/users\/23"}],"replies":[{"embeddable":true,"href":"https:\/\/www.manaus.am.gov.br\/semcom\/wp-json\/wp\/v2\/comments?post=245031"}],"version-history":[{"count":0,"href":"https:\/\/www.manaus.am.gov.br\/semcom\/wp-json\/wp\/v2\/posts\/245031\/revisions"}],"wp:featuredmedia":[{"embeddable":true,"href":"https:\/\/www.manaus.am.gov.br\/semcom\/wp-json\/wp\/v2\/media\/245032"}],"wp:attachment":[{"href":"https:\/\/www.manaus.am.gov.br\/semcom\/wp-json\/wp\/v2\/media?parent=245031"}],"wp:term":[{"taxonomy":"category","embeddable":true,"href":"https:\/\/www.manaus.am.gov.br\/semcom\/wp-json\/wp\/v2\/categories?post=245031"},{"taxonomy":"post_tag","embeddable":true,"href":"https:\/\/www.manaus.am.gov.br\/semcom\/wp-json\/wp\/v2\/tags?post=245031"}],"curies":[{"name":"wp","href":"https:\/\/api.w.org\/{rel}","templated":true}]}}