{"id":245021,"date":"2025-09-05T15:27:00","date_gmt":"2025-09-05T18:27:00","guid":{"rendered":"https:\/\/www.manaus.am.gov.br\/semcom\/projeto-de-lei-da-reforma-da-previdencia-municipal\/"},"modified":"2025-09-05T15:27:02","modified_gmt":"2025-09-05T18:27:02","slug":"projeto-de-lei-da-reforma-da-previdencia-municipal","status":"publish","type":"post","link":"https:\/\/www.manaus.am.gov.br\/semcom\/projeto-de-lei-da-reforma-da-previdencia-municipal\/","title":{"rendered":"Prefeitura de Manaus encaminha projeto de Lei da \u2018Reforma da Previd\u00eancia Municipal\u2019 para aprecia\u00e7\u00e3o na CMM"},"content":{"rendered":"\n<p>O projeto de lei complementar que estrutura o Regime Pr\u00f3prio de Previd\u00eancia Social (RPPS) do munic\u00edpio de Manaus foi encaminhado pela Manaus Previd\u00eancia \u00e0 C\u00e2mara Municipal de Manaus (CMM), no dia 27\/8, para aprecia\u00e7\u00e3o e vota\u00e7\u00e3o. O objetivo da proposta \u00e9 garantir o equil\u00edbrio financeiro e atuarial do sistema, em conformidade com a Emenda Constitucional n\u00ba 103\/2019, assegurando a capacidade de pagamento das aposentadorias e pens\u00f5es para as atuais e futuras gera\u00e7\u00f5es de servidores.<\/p>\n\n\n\n<p>A iniciativa segue as normas gerais estabelecidas pelo Minist\u00e9rio da Previd\u00eancia Social (MPS) e alinha o munic\u00edpio \u00e0 legisla\u00e7\u00e3o nacional, que orienta estados e munic\u00edpios a adequarem suas regras previdenci\u00e1rias. A medida considera o aumento da expectativa de vida da popula\u00e7\u00e3o e a necessidade de preservar a sustentabilidade das contas p\u00fablicas a longo prazo.<\/p>\n\n\n\n<p>Entendendo a import\u00e2ncia de uma transi\u00e7\u00e3o justa, o projeto estabelece regras espec\u00edficas para atuais servidores, oferecendo alternativas como o sistema de pontua\u00e7\u00e3o e o ped\u00e1gio de 100%. Servidores que entraram at\u00e9 2003, por exemplo, mant\u00eam a possibilidade de aposentadoria com proventos integrais e paridade, desde que observados os crit\u00e9rios de transi\u00e7\u00e3o.<\/p>\n\n\n\n<p>A proposta n\u00e3o altera as al\u00edquotas de contribui\u00e7\u00e3o dos aposentados, pensionistas e servidores ativos. Caso a reforma n\u00e3o seja aprovada, o sistema previdenci\u00e1rio municipal poder\u00e1 enfrentar desequil\u00edbrio financeiro nos pr\u00f3ximos anos, comprometendo a capacidade de pagamento de benef\u00edcios e gerando riscos para a seguran\u00e7a financeira dos servidores e seus dependentes.<\/p>\n\n\n\n<p>\u201cRefor\u00e7amos que o projeto \u00e9 fundamental para manter a sa\u00fade financeira e previdenci\u00e1ria do munic\u00edpio, garantindo que os direitos previdenci\u00e1rios sejam honrados, inclusive para as pr\u00f3ximas gera\u00e7\u00f5es de servidores. Durante a elabora\u00e7\u00e3o da proposta, houve um esfor\u00e7o para construir um texto que fosse al\u00e9m do m\u00ednimo exigido pela legisla\u00e7\u00e3o federal, melhorando pontos sens\u00edveis da Emenda Constitucional 103. Um exemplo \u00e9 a regra da pens\u00e3o por morte, que em nossa proposta parte de uma cota familiar de 70%, mais vantajosa que a regra geral\u201d, afirma a diretora-presidente em exerc\u00edcio da Manaus Previd\u00eancia, Ana Silvia Domingues.<\/p>\n\n\n\n<p>Principais Pontos da Proposta<\/p>\n\n\n\n<p>Idade M\u00ednima &#8211; A regra geral passa a ser 62 anos para mulheres e 65 para homens. Professores mant\u00eam a possibilidade de redu\u00e7\u00e3o de cinco anos na idade e no tempo de contribui\u00e7\u00e3o.<\/p>\n\n\n\n<p>C\u00e1lculo do Benef\u00edcio &#8211; A aposentadoria volunt\u00e1ria iniciar\u00e1 em 70% da m\u00e9dia de 100% das contribui\u00e7\u00f5es, com acr\u00e9scimo de 2% por ano que exceder 25 anos de contribui\u00e7\u00e3o.<\/p>\n\n\n\n<p>Regras de Transi\u00e7\u00e3o &#8211; Para servidores atuais, h\u00e1 regras de transi\u00e7\u00e3o como o sistema de pontua\u00e7\u00e3o (soma de idade e tempo de contribui\u00e7\u00e3o) e o ped\u00e1gio de 100% sobre o tempo que faltava para se aposentar.<\/p>\n\n\n\n<p>Direitos Adquiridos &#8211; Direitos de quem j\u00e1 cumpriu os requisitos para se aposentar est\u00e3o integralmente preservados. O munic\u00edpio cria regras de transi\u00e7\u00e3o para que servidores ingressantes at\u00e9 31\/12\/2003 mantenham a possibilidade de integralidade e paridade (muito embora esse direito tenha sido extinto em 2003).<\/p>\n\n\n\n<p>Abono de Perman\u00eancia &#8211; O benef\u00edcio foi mantido sem altera\u00e7\u00f5es, embora a EC 103\/2019 permitisse sua extin\u00e7\u00e3o. O servidor que continua trabalhando ap\u00f3s cumprir os requisitos recebe um abono no valor de sua contribui\u00e7\u00e3o.<\/p>\n\n\n\n<p>Pens\u00e3o por Morte &#8211; A proposta municipal \u00e9 mais vantajosa que a regra federal, partindo de uma cota familiar de 70% (em vez de 50%), acrescida de 10% por dependente, at\u00e9 o limite de 100%. Casos de dependentes inv\u00e1lidos ou com defici\u00eancia t\u00eam regras espec\u00edficas para recebimento de 100% do benef\u00edcio at\u00e9 o teto do Regime Geral de Previd\u00eancia Social (RGPS).<\/p>\n\n\n\n<p>Contribui\u00e7\u00f5es &#8211; N\u00e3o haver\u00e1 mudan\u00e7as nas al\u00edquotas: 14% para ativos e 14% para aposentados e pensionistas que recebem benef\u00edcios acima do teto do RGPS (ou o dobro do teto para portadores de doen\u00e7a incapacitante), sobre o que exceder esse limite.<\/p>\n\n\n\n<p>Aposentadorias Especiais &#8211; S\u00e3o previstas agora as modalidades de aposentadoria para Pessoas com Defici\u00eancia (PcDs) e para servidores expostos a agentes nocivos \u00e0 sa\u00fade, com requisitos espec\u00edficos, adaptados \u00e0s particularidades de cada situa\u00e7\u00e3o.<\/p>\n\n\n\n<p><strong>&#8212; &#8212; &#8212;<\/strong><br><strong>Texto \u2013 <\/strong>Renata Felix\/Manaus Previd\u00eancia<br><strong>Fotos \u2013 <\/strong>Arquivo\/Semcom e Manaus Previd\u00eancia<\/p>\n","protected":false},"excerpt":{"rendered":"","protected":false},"author":68,"featured_media":245022,"comment_status":"closed","ping_status":"closed","sticky":false,"template":"","format":"standard","meta":{"footnotes":""},"categories":[9117],"tags":[77,16682],"acf":[],"yoast_head":"<!-- This site is optimized with the Yoast SEO plugin v23.0 - https:\/\/yoast.com\/wordpress\/plugins\/seo\/ -->\n<title>Prefeitura de Manaus encaminha projeto de Lei da \u2018Reforma da Previd\u00eancia Municipal\u2019 para aprecia\u00e7\u00e3o na CMM<\/title>\n<meta name=\"description\" content=\"O projeto de lei complementar que estrutura o Regime Pr\u00f3prio de Previd\u00eancia Social (RPPS) do munic\u00edpio de Manaus foi encaminhado pela Manaus Previd\u00eancia \u00e0 C\u00e2mara Municipal de Manaus (CMM), no dia 27\/8, para aprecia\u00e7\u00e3o e vota\u00e7\u00e3o. O objetivo da proposta \u00e9 garantir o equil\u00edbrio financeiro e atuarial do sistema, em conformidade com a Emenda Constitucional n\u00ba 103\/2019, assegurando a capacidade de pagamento das aposentadorias e pens\u00f5es para as atuais e futuras gera\u00e7\u00f5es de servidores.\" \/>\n<meta name=\"robots\" content=\"index, follow, max-snippet:-1, max-image-preview:large, max-video-preview:-1\" \/>\n<link rel=\"canonical\" href=\"https:\/\/www.manaus.am.gov.br\/semcom\/projeto-de-lei-da-reforma-da-previdencia-municipal\/\" \/>\n<meta property=\"og:locale\" content=\"pt_BR\" \/>\n<meta property=\"og:type\" content=\"article\" \/>\n<meta property=\"og:title\" content=\"Prefeitura de Manaus encaminha projeto de Lei da \u2018Reforma da Previd\u00eancia Municipal\u2019 para aprecia\u00e7\u00e3o na CMM\" \/>\n<meta property=\"og:description\" content=\"O projeto de lei complementar que estrutura o Regime Pr\u00f3prio de Previd\u00eancia Social (RPPS) do munic\u00edpio de Manaus foi encaminhado pela Manaus Previd\u00eancia \u00e0 C\u00e2mara Municipal de Manaus (CMM), no dia 27\/8, para aprecia\u00e7\u00e3o e vota\u00e7\u00e3o. O objetivo da proposta \u00e9 garantir o equil\u00edbrio financeiro e atuarial do sistema, em conformidade com a Emenda Constitucional n\u00ba 103\/2019, assegurando a capacidade de pagamento das aposentadorias e pens\u00f5es para as atuais e futuras gera\u00e7\u00f5es de servidores.\" \/>\n<meta property=\"og:url\" content=\"https:\/\/www.manaus.am.gov.br\/semcom\/projeto-de-lei-da-reforma-da-previdencia-municipal\/\" \/>\n<meta property=\"og:site_name\" content=\"SEMCOM\" \/>\n<meta property=\"article:published_time\" content=\"2025-09-05T18:27:00+00:00\" \/>\n<meta property=\"article:modified_time\" content=\"2025-09-05T18:27:02+00:00\" \/>\n<meta property=\"og:image\" content=\"https:\/\/www.manaus.am.gov.br\/semcom\/wp-content\/uploads\/sites\/5\/2025\/09\/WhatsApp-Image-2025-09-04-at-20.05.32.jpeg\" \/>\n\t<meta property=\"og:image:width\" content=\"1536\" \/>\n\t<meta property=\"og:image:height\" content=\"862\" \/>\n\t<meta property=\"og:image:type\" content=\"image\/jpeg\" \/>\n<meta name=\"author\" content=\"bvalente\" \/>\n<meta name=\"twitter:card\" content=\"summary_large_image\" \/>\n<meta name=\"twitter:label1\" content=\"Written by\" \/>\n\t<meta name=\"twitter:data1\" content=\"bvalente\" \/>\n\t<meta name=\"twitter:label2\" content=\"Est. reading time\" \/>\n\t<meta name=\"twitter:data2\" content=\"4 minutos\" \/>\n<script type=\"application\/ld+json\" class=\"yoast-schema-graph\">{\"@context\":\"https:\/\/schema.org\",\"@graph\":[{\"@type\":\"WebPage\",\"@id\":\"https:\/\/www.manaus.am.gov.br\/semcom\/projeto-de-lei-da-reforma-da-previdencia-municipal\/\",\"url\":\"https:\/\/www.manaus.am.gov.br\/semcom\/projeto-de-lei-da-reforma-da-previdencia-municipal\/\",\"name\":\"Prefeitura de Manaus encaminha projeto de Lei da \u2018Reforma da Previd\u00eancia Municipal\u2019 para aprecia\u00e7\u00e3o na CMM\",\"isPartOf\":{\"@id\":\"https:\/\/www.manaus.am.gov.br\/semcom\/#website\"},\"primaryImageOfPage\":{\"@id\":\"https:\/\/www.manaus.am.gov.br\/semcom\/projeto-de-lei-da-reforma-da-previdencia-municipal\/#primaryimage\"},\"image\":{\"@id\":\"https:\/\/www.manaus.am.gov.br\/semcom\/projeto-de-lei-da-reforma-da-previdencia-municipal\/#primaryimage\"},\"thumbnailUrl\":\"https:\/\/www.manaus.am.gov.br\/semcom\/wp-content\/uploads\/sites\/5\/2025\/09\/WhatsApp-Image-2025-09-04-at-20.05.32.jpeg\",\"datePublished\":\"2025-09-05T18:27:00+00:00\",\"dateModified\":\"2025-09-05T18:27:02+00:00\",\"author\":{\"@id\":\"https:\/\/www.manaus.am.gov.br\/semcom\/#\/schema\/person\/466a0e03ae4b6062809046bd560ac955\"},\"description\":\"O projeto de lei complementar que estrutura o Regime Pr\u00f3prio de Previd\u00eancia Social (RPPS) do munic\u00edpio de Manaus foi encaminhado pela Manaus Previd\u00eancia \u00e0 C\u00e2mara Municipal de Manaus (CMM), no dia 27\/8, para aprecia\u00e7\u00e3o e vota\u00e7\u00e3o. O objetivo da proposta \u00e9 garantir o equil\u00edbrio financeiro e atuarial do sistema, em conformidade com a Emenda Constitucional n\u00ba 103\/2019, assegurando a capacidade de pagamento das aposentadorias e pens\u00f5es para as atuais e futuras gera\u00e7\u00f5es de servidores.\",\"inLanguage\":\"pt-BR\",\"potentialAction\":[{\"@type\":\"ReadAction\",\"target\":[\"https:\/\/www.manaus.am.gov.br\/semcom\/projeto-de-lei-da-reforma-da-previdencia-municipal\/\"]}]},{\"@type\":\"ImageObject\",\"inLanguage\":\"pt-BR\",\"@id\":\"https:\/\/www.manaus.am.gov.br\/semcom\/projeto-de-lei-da-reforma-da-previdencia-municipal\/#primaryimage\",\"url\":\"https:\/\/www.manaus.am.gov.br\/semcom\/wp-content\/uploads\/sites\/5\/2025\/09\/WhatsApp-Image-2025-09-04-at-20.05.32.jpeg\",\"contentUrl\":\"https:\/\/www.manaus.am.gov.br\/semcom\/wp-content\/uploads\/sites\/5\/2025\/09\/WhatsApp-Image-2025-09-04-at-20.05.32.jpeg\",\"width\":1536,\"height\":862},{\"@type\":\"WebSite\",\"@id\":\"https:\/\/www.manaus.am.gov.br\/semcom\/#website\",\"url\":\"https:\/\/www.manaus.am.gov.br\/semcom\/\",\"name\":\"SEMCOM\",\"description\":\"Secretaria Municipal de Comunica\u00e7\u00e3o\",\"potentialAction\":[{\"@type\":\"SearchAction\",\"target\":{\"@type\":\"EntryPoint\",\"urlTemplate\":\"https:\/\/www.manaus.am.gov.br\/semcom\/?s={search_term_string}\"},\"query-input\":\"required name=search_term_string\"}],\"inLanguage\":\"pt-BR\"},{\"@type\":\"Person\",\"@id\":\"https:\/\/www.manaus.am.gov.br\/semcom\/#\/schema\/person\/466a0e03ae4b6062809046bd560ac955\",\"name\":\"bvalente\",\"image\":{\"@type\":\"ImageObject\",\"inLanguage\":\"pt-BR\",\"@id\":\"https:\/\/www.manaus.am.gov.br\/semcom\/#\/schema\/person\/image\/\",\"url\":\"https:\/\/secure.gravatar.com\/avatar\/3e69bc2b014bdad41adfec3a39de07d2?s=96&d=mm&r=g\",\"contentUrl\":\"https:\/\/secure.gravatar.com\/avatar\/3e69bc2b014bdad41adfec3a39de07d2?s=96&d=mm&r=g\",\"caption\":\"bvalente\"}}]}<\/script>\n<!-- \/ Yoast SEO plugin. -->","yoast_head_json":{"title":"Prefeitura de Manaus encaminha projeto de Lei da \u2018Reforma da Previd\u00eancia Municipal\u2019 para aprecia\u00e7\u00e3o na CMM","description":"O projeto de lei complementar que estrutura o Regime Pr\u00f3prio de Previd\u00eancia Social (RPPS) do munic\u00edpio de Manaus foi encaminhado pela Manaus Previd\u00eancia \u00e0 C\u00e2mara Municipal de Manaus (CMM), no dia 27\/8, para aprecia\u00e7\u00e3o e vota\u00e7\u00e3o. O objetivo da proposta \u00e9 garantir o equil\u00edbrio financeiro e atuarial do sistema, em conformidade com a Emenda Constitucional n\u00ba 103\/2019, assegurando a capacidade de pagamento das aposentadorias e pens\u00f5es para as atuais e futuras gera\u00e7\u00f5es de servidores.","robots":{"index":"index","follow":"follow","max-snippet":"max-snippet:-1","max-image-preview":"max-image-preview:large","max-video-preview":"max-video-preview:-1"},"canonical":"https:\/\/www.manaus.am.gov.br\/semcom\/projeto-de-lei-da-reforma-da-previdencia-municipal\/","og_locale":"pt_BR","og_type":"article","og_title":"Prefeitura de Manaus encaminha projeto de Lei da \u2018Reforma da Previd\u00eancia Municipal\u2019 para aprecia\u00e7\u00e3o na CMM","og_description":"O projeto de lei complementar que estrutura o Regime Pr\u00f3prio de Previd\u00eancia Social (RPPS) do munic\u00edpio de Manaus foi encaminhado pela Manaus Previd\u00eancia \u00e0 C\u00e2mara Municipal de Manaus (CMM), no dia 27\/8, para aprecia\u00e7\u00e3o e vota\u00e7\u00e3o. O objetivo da proposta \u00e9 garantir o equil\u00edbrio financeiro e atuarial do sistema, em conformidade com a Emenda Constitucional n\u00ba 103\/2019, assegurando a capacidade de pagamento das aposentadorias e pens\u00f5es para as atuais e futuras gera\u00e7\u00f5es de servidores.","og_url":"https:\/\/www.manaus.am.gov.br\/semcom\/projeto-de-lei-da-reforma-da-previdencia-municipal\/","og_site_name":"SEMCOM","article_published_time":"2025-09-05T18:27:00+00:00","article_modified_time":"2025-09-05T18:27:02+00:00","og_image":[{"width":1536,"height":862,"url":"https:\/\/www.manaus.am.gov.br\/semcom\/wp-content\/uploads\/sites\/5\/2025\/09\/WhatsApp-Image-2025-09-04-at-20.05.32.jpeg","type":"image\/jpeg"}],"author":"bvalente","twitter_card":"summary_large_image","twitter_misc":{"Written by":"bvalente","Est. reading time":"4 minutos"},"schema":{"@context":"https:\/\/schema.org","@graph":[{"@type":"WebPage","@id":"https:\/\/www.manaus.am.gov.br\/semcom\/projeto-de-lei-da-reforma-da-previdencia-municipal\/","url":"https:\/\/www.manaus.am.gov.br\/semcom\/projeto-de-lei-da-reforma-da-previdencia-municipal\/","name":"Prefeitura de Manaus encaminha projeto de Lei da \u2018Reforma da Previd\u00eancia Municipal\u2019 para aprecia\u00e7\u00e3o na CMM","isPartOf":{"@id":"https:\/\/www.manaus.am.gov.br\/semcom\/#website"},"primaryImageOfPage":{"@id":"https:\/\/www.manaus.am.gov.br\/semcom\/projeto-de-lei-da-reforma-da-previdencia-municipal\/#primaryimage"},"image":{"@id":"https:\/\/www.manaus.am.gov.br\/semcom\/projeto-de-lei-da-reforma-da-previdencia-municipal\/#primaryimage"},"thumbnailUrl":"https:\/\/www.manaus.am.gov.br\/semcom\/wp-content\/uploads\/sites\/5\/2025\/09\/WhatsApp-Image-2025-09-04-at-20.05.32.jpeg","datePublished":"2025-09-05T18:27:00+00:00","dateModified":"2025-09-05T18:27:02+00:00","author":{"@id":"https:\/\/www.manaus.am.gov.br\/semcom\/#\/schema\/person\/466a0e03ae4b6062809046bd560ac955"},"description":"O projeto de lei complementar que estrutura o Regime Pr\u00f3prio de Previd\u00eancia Social (RPPS) do munic\u00edpio de Manaus foi encaminhado pela Manaus Previd\u00eancia \u00e0 C\u00e2mara Municipal de Manaus (CMM), no dia 27\/8, para aprecia\u00e7\u00e3o e vota\u00e7\u00e3o. O objetivo da proposta \u00e9 garantir o equil\u00edbrio financeiro e atuarial do sistema, em conformidade com a Emenda Constitucional n\u00ba 103\/2019, assegurando a capacidade de pagamento das aposentadorias e pens\u00f5es para as atuais e futuras gera\u00e7\u00f5es de servidores.","inLanguage":"pt-BR","potentialAction":[{"@type":"ReadAction","target":["https:\/\/www.manaus.am.gov.br\/semcom\/projeto-de-lei-da-reforma-da-previdencia-municipal\/"]}]},{"@type":"ImageObject","inLanguage":"pt-BR","@id":"https:\/\/www.manaus.am.gov.br\/semcom\/projeto-de-lei-da-reforma-da-previdencia-municipal\/#primaryimage","url":"https:\/\/www.manaus.am.gov.br\/semcom\/wp-content\/uploads\/sites\/5\/2025\/09\/WhatsApp-Image-2025-09-04-at-20.05.32.jpeg","contentUrl":"https:\/\/www.manaus.am.gov.br\/semcom\/wp-content\/uploads\/sites\/5\/2025\/09\/WhatsApp-Image-2025-09-04-at-20.05.32.jpeg","width":1536,"height":862},{"@type":"WebSite","@id":"https:\/\/www.manaus.am.gov.br\/semcom\/#website","url":"https:\/\/www.manaus.am.gov.br\/semcom\/","name":"SEMCOM","description":"Secretaria Municipal de Comunica\u00e7\u00e3o","potentialAction":[{"@type":"SearchAction","target":{"@type":"EntryPoint","urlTemplate":"https:\/\/www.manaus.am.gov.br\/semcom\/?s={search_term_string}"},"query-input":"required name=search_term_string"}],"inLanguage":"pt-BR"},{"@type":"Person","@id":"https:\/\/www.manaus.am.gov.br\/semcom\/#\/schema\/person\/466a0e03ae4b6062809046bd560ac955","name":"bvalente","image":{"@type":"ImageObject","inLanguage":"pt-BR","@id":"https:\/\/www.manaus.am.gov.br\/semcom\/#\/schema\/person\/image\/","url":"https:\/\/secure.gravatar.com\/avatar\/3e69bc2b014bdad41adfec3a39de07d2?s=96&d=mm&r=g","contentUrl":"https:\/\/secure.gravatar.com\/avatar\/3e69bc2b014bdad41adfec3a39de07d2?s=96&d=mm&r=g","caption":"bvalente"}}]}},"_links":{"self":[{"href":"https:\/\/www.manaus.am.gov.br\/semcom\/wp-json\/wp\/v2\/posts\/245021"}],"collection":[{"href":"https:\/\/www.manaus.am.gov.br\/semcom\/wp-json\/wp\/v2\/posts"}],"about":[{"href":"https:\/\/www.manaus.am.gov.br\/semcom\/wp-json\/wp\/v2\/types\/post"}],"author":[{"embeddable":true,"href":"https:\/\/www.manaus.am.gov.br\/semcom\/wp-json\/wp\/v2\/users\/68"}],"replies":[{"embeddable":true,"href":"https:\/\/www.manaus.am.gov.br\/semcom\/wp-json\/wp\/v2\/comments?post=245021"}],"version-history":[{"count":0,"href":"https:\/\/www.manaus.am.gov.br\/semcom\/wp-json\/wp\/v2\/posts\/245021\/revisions"}],"wp:featuredmedia":[{"embeddable":true,"href":"https:\/\/www.manaus.am.gov.br\/semcom\/wp-json\/wp\/v2\/media\/245022"}],"wp:attachment":[{"href":"https:\/\/www.manaus.am.gov.br\/semcom\/wp-json\/wp\/v2\/media?parent=245021"}],"wp:term":[{"taxonomy":"category","embeddable":true,"href":"https:\/\/www.manaus.am.gov.br\/semcom\/wp-json\/wp\/v2\/categories?post=245021"},{"taxonomy":"post_tag","embeddable":true,"href":"https:\/\/www.manaus.am.gov.br\/semcom\/wp-json\/wp\/v2\/tags?post=245021"}],"curies":[{"name":"wp","href":"https:\/\/api.w.org\/{rel}","templated":true}]}}