{"id":245003,"date":"2025-09-04T18:36:30","date_gmt":"2025-09-04T21:36:30","guid":{"rendered":"https:\/\/www.manaus.am.gov.br\/semcom\/programa-manaus-agro\/"},"modified":"2025-09-04T18:44:06","modified_gmt":"2025-09-04T21:44:06","slug":"programa-manaus-agro","status":"publish","type":"post","link":"https:\/\/www.manaus.am.gov.br\/semcom\/programa-manaus-agro\/","title":{"rendered":"Prefeito David Almeida entrega equipamentos agr\u00edcolas e anuncia novos editais para associa\u00e7\u00f5es rurais em Manaus"},"content":{"rendered":"\n<p>O prefeito de Manaus, David Almeida, conduziu, na manh\u00e3 desta quinta-feira, 4\/9, a solenidade de entrega de equipamentos agr\u00edcolas para associa\u00e7\u00f5es rurais da capital, realizada na alameda Alphaville, parque Amazonino Mendes, bairro Novo Aleixo. A iniciativa integra o programa \u201cManaus + Agro\u201d e refor\u00e7a as a\u00e7\u00f5es da gest\u00e3o voltadas ao fortalecimento da agricultura familiar.<\/p>\n\n\n\n<p>O evento contou com a presen\u00e7a do vice-prefeito Renato J\u00fanior, do senador Omar Aziz, autor da emenda parlamentar que possibilitou os investimentos, do secret\u00e1rio municipal de Agricultura, Abastecimento, Centro e Com\u00e9rcio Informal (Semacc), Wanderson Costa, e da superintendente do Minist\u00e9rio da Agricultura e Pecu\u00e1ria no Amazonas, Dion\u00edsia Campos Lima.<\/p>\n\n\n\n<p>Nesta etapa, foram contempladas dez associa\u00e7\u00f5es com itens, como ro\u00e7adeiras, triciclos e motores rabetas, equipamentos que ir\u00e3o auxiliar no transporte, mecaniza\u00e7\u00e3o e escoamento da produ\u00e7\u00e3o rural.<\/p>\n\n\n\n<p>Segundo o prefeito David Almeida, a entrega representa um marco para quem vive da agricultura na capital. \u201cQuando entregamos um triciclo ou um tratorito, estamos tirando um saco de farinha da costa de um pai ou de uma m\u00e3e que antes sofria para escoar sua produ\u00e7\u00e3o. Isso \u00e9 dignidade, \u00e9 reconhecimento. O programa \u2018Manaus + Agro\u2019 tem come\u00e7o, meio e fim, com investimentos que chegam a R$ 17 milh\u00f5es s\u00f3 este ano para a compra direta da produ\u00e7\u00e3o rural, fortalecendo a agricultura familiar e garantindo alimento na mesa das nossas crian\u00e7as\u201d, afirmou.<\/p>\n\n\n\n<p>Al\u00e9m da entrega de equipamentos, a Prefeitura de Manaus lan\u00e7ou os Chamamentos P\u00fablicos n\u00ba 002\/2025, n\u00ba 003\/2025 e n\u00ba 004\/2025 \u2013 Semacc, destinados \u00e0 sele\u00e7\u00e3o de Organiza\u00e7\u00f5es da Sociedade Civil (OSCs) sem fins lucrativos que atuam no setor. Os editais contemplam tr\u00eas eixos: comunidades ribeirinhas, n\u00facleos de mulheres com foco em pequena agroindustrializa\u00e7\u00e3o e comunidades rurais em geral.<\/p>\n\n\n\n<p>As entidades selecionadas assinar\u00e3o termo de coopera\u00e7\u00e3o para cess\u00e3o de kits de equipamentos agr\u00edcolas, com prazo inicial de 24 meses, prorrog\u00e1veis por igual per\u00edodo.<\/p>\n\n\n\n<p>O secret\u00e1rio Wanderson Costa destacou o trabalho conjunto para tornar a entrega realidade. \u201cChegar at\u00e9 aqui foi um percurso \u00e1rduo, que envolveu burocracia, licita\u00e7\u00e3o e parte administrativa. Mas provamos que, quando h\u00e1 uma administra\u00e7\u00e3o eficiente, conseguimos executar tudo aquilo que \u00e9 posto em nossas m\u00e3os. Este \u00e9 um marco hist\u00f3rico para os agricultores de Manaus\u201d, declarou.<\/p>\n\n\n\n<p>O senador Omar Aziz ressaltou a import\u00e2ncia da parceria e do apoio direto ao produtor. \u201cO que mais me deixa feliz \u00e9 que a prefeitura compra essa produ\u00e7\u00e3o para a merenda escolar. Ou seja, o produtor tem a garantia de que algu\u00e9m vai comprar dele, sem depender do atravessador. Isso d\u00e1 seguran\u00e7a, renda e dignidade para nossas comunidades rurais\u201d, destacou.<\/p>\n\n\n\n<p>J\u00e1 o presidente da Associa\u00e7\u00e3o dos Agricultores da Comunidade Santo Isidoro, Henrique Fonseca, refor\u00e7ou o impacto da a\u00e7\u00e3o. \u201cAntes, n\u00f3s n\u00e3o sab\u00edamos nem como acessar esses cr\u00e9ditos. Hoje, temos esse incentivo e isso reacende a esperan\u00e7a dentro da zona rural. Esta gest\u00e3o tem feito a diferen\u00e7a, e n\u00f3s acreditamos que a realidade do campo est\u00e1 mudando\u201d, afirmou.<\/p>\n\n\n\n<p>Com a\u00e7\u00f5es que se estendem da educa\u00e7\u00e3o e sa\u00fade ao fomento agr\u00edcola e cultural, a gest\u00e3o David Almeida reafirma o compromisso de promover uma cidade inclusiva e sustent\u00e1vel, em parceria com lideran\u00e7as locais e representantes em Bras\u00edlia.<\/p>\n\n\n\n<p><strong>Associa\u00e7\u00f5es contempladas nesta fase:&nbsp;<\/strong><\/p>\n\n\n\n<p>\u2022 Associa\u00e7\u00e3o de Produtores e Agricultores Rurais Bons Amigos<\/p>\n\n\n\n<p>\u2022 Associa\u00e7\u00e3o dos Produtores Rurais Santo Isidoro<\/p>\n\n\n\n<p>\u2022 Associa\u00e7\u00e3o dos Agricultores, Agricultoras, Produtoras e Familiares da Comunidade S\u00e3o Pedro<\/p>\n\n\n\n<p>\u2022 Associa\u00e7\u00e3o Comunit\u00e1ria Agr\u00edcola S\u00e3o Francisco do Caramuri<\/p>\n\n\n\n<p>\u2022 Associa\u00e7\u00e3o dos Agricultores da Comunidade S\u00e3o Sebasti\u00e3o do Cuieiras<\/p>\n\n\n\n<p>\u2022 Associa\u00e7\u00e3o Comunit\u00e1ria Novo Horizonte<\/p>\n\n\n\n<p>\u2022 Associa\u00e7\u00e3o dos Assentados, Moradores e Trabalhadores na Agricultura Familiar do Ramal S\u00e3o Jos\u00e9 \u2013 P.A. Tarum\u00e3-Mirim<\/p>\n\n\n\n<p>\u2022 Associa\u00e7\u00e3o dos Moradores da Comunidade Nossa Senhora do Livramento<\/p>\n\n\n\n<p>\u2022 Instituto de Pesquisa e Divulga\u00e7\u00e3o Agroecol\u00f3gicas Tera Kuno<\/p>\n\n\n\n<p>\u2022 Associa\u00e7\u00e3o de Agricultores Familiares da Comunidade<br><\/p>\n\n\n\n<p>&#8212; &#8212; &#8212;\u00a0<br><strong>Texto &#8211; <\/strong>Emanuelle Baires\/Semcom-Prefeito e Polyana Brelaz\/Semacc<br><strong>Fotos &#8211;<\/strong> Dhyeizo Lemos\/Semcom-Prefeito e Jo\u00e3o Viana\/Semcom<br><strong>Dispon\u00edveis em &#8211;<\/strong> <a href=\"https:\/\/flic.kr\/s\/aHBqjCsXFP\">https:\/\/flic.kr\/s\/aHBqjCsXFP<\/a>\u00a0<\/p>\n","protected":false},"excerpt":{"rendered":"","protected":false},"author":68,"featured_media":245007,"comment_status":"closed","ping_status":"closed","sticky":false,"template":"","format":"standard","meta":{"footnotes":""},"categories":[561],"tags":[16676,77],"acf":[],"yoast_head":"<!-- This site is optimized with the Yoast SEO plugin v23.0 - https:\/\/yoast.com\/wordpress\/plugins\/seo\/ -->\n<title>Prefeito David Almeida entrega equipamentos agr\u00edcolas e anuncia novos editais para associa\u00e7\u00f5es rurais em Manaus<\/title>\n<meta name=\"description\" content=\"O prefeito de Manaus, David Almeida, conduziu, na manh\u00e3 desta quinta-feira, 4\/9, a solenidade de entrega de equipamentos agr\u00edcolas para associa\u00e7\u00f5es rurais da capital, realizada na alameda Alphaville, parque Amazonino Mendes, bairro Novo Aleixo. A iniciativa integra o programa \u201cManaus + Agro\u201d e refor\u00e7a as a\u00e7\u00f5es da gest\u00e3o voltadas ao fortalecimento da agricultura familiar.\" \/>\n<meta name=\"robots\" content=\"index, follow, max-snippet:-1, max-image-preview:large, max-video-preview:-1\" \/>\n<link rel=\"canonical\" href=\"https:\/\/www.manaus.am.gov.br\/semcom\/programa-manaus-agro\/\" \/>\n<meta property=\"og:locale\" content=\"pt_BR\" \/>\n<meta property=\"og:type\" content=\"article\" \/>\n<meta property=\"og:title\" content=\"Prefeito David Almeida entrega equipamentos agr\u00edcolas e anuncia novos editais para associa\u00e7\u00f5es rurais em Manaus\" \/>\n<meta property=\"og:description\" content=\"O prefeito de Manaus, David Almeida, conduziu, na manh\u00e3 desta quinta-feira, 4\/9, a solenidade de entrega de equipamentos agr\u00edcolas para associa\u00e7\u00f5es rurais da capital, realizada na alameda Alphaville, parque Amazonino Mendes, bairro Novo Aleixo. A iniciativa integra o programa \u201cManaus + Agro\u201d e refor\u00e7a as a\u00e7\u00f5es da gest\u00e3o voltadas ao fortalecimento da agricultura familiar.\" \/>\n<meta property=\"og:url\" content=\"https:\/\/www.manaus.am.gov.br\/semcom\/programa-manaus-agro\/\" \/>\n<meta property=\"og:site_name\" content=\"SEMCOM\" \/>\n<meta property=\"article:published_time\" content=\"2025-09-04T21:36:30+00:00\" \/>\n<meta property=\"article:modified_time\" content=\"2025-09-04T21:44:06+00:00\" \/>\n<meta property=\"og:image\" content=\"https:\/\/www.manaus.am.gov.br\/semcom\/wp-content\/uploads\/sites\/5\/2025\/09\/WhatsApp-Image-2025-09-04-at-17.31.52-1.jpeg\" \/>\n\t<meta property=\"og:image:width\" content=\"799\" \/>\n\t<meta property=\"og:image:height\" content=\"540\" \/>\n\t<meta property=\"og:image:type\" content=\"image\/jpeg\" \/>\n<meta name=\"author\" content=\"bvalente\" \/>\n<meta name=\"twitter:card\" content=\"summary_large_image\" \/>\n<meta name=\"twitter:label1\" content=\"Written by\" \/>\n\t<meta name=\"twitter:data1\" content=\"bvalente\" \/>\n\t<meta name=\"twitter:label2\" content=\"Est. reading time\" \/>\n\t<meta name=\"twitter:data2\" content=\"4 minutos\" \/>\n<script type=\"application\/ld+json\" class=\"yoast-schema-graph\">{\"@context\":\"https:\/\/schema.org\",\"@graph\":[{\"@type\":\"WebPage\",\"@id\":\"https:\/\/www.manaus.am.gov.br\/semcom\/programa-manaus-agro\/\",\"url\":\"https:\/\/www.manaus.am.gov.br\/semcom\/programa-manaus-agro\/\",\"name\":\"Prefeito David Almeida entrega equipamentos agr\u00edcolas e anuncia novos editais para associa\u00e7\u00f5es rurais em Manaus\",\"isPartOf\":{\"@id\":\"https:\/\/www.manaus.am.gov.br\/semcom\/#website\"},\"primaryImageOfPage\":{\"@id\":\"https:\/\/www.manaus.am.gov.br\/semcom\/programa-manaus-agro\/#primaryimage\"},\"image\":{\"@id\":\"https:\/\/www.manaus.am.gov.br\/semcom\/programa-manaus-agro\/#primaryimage\"},\"thumbnailUrl\":\"https:\/\/www.manaus.am.gov.br\/semcom\/wp-content\/uploads\/sites\/5\/2025\/09\/WhatsApp-Image-2025-09-04-at-17.31.52-1.jpeg\",\"datePublished\":\"2025-09-04T21:36:30+00:00\",\"dateModified\":\"2025-09-04T21:44:06+00:00\",\"author\":{\"@id\":\"https:\/\/www.manaus.am.gov.br\/semcom\/#\/schema\/person\/466a0e03ae4b6062809046bd560ac955\"},\"description\":\"O prefeito de Manaus, David Almeida, conduziu, na manh\u00e3 desta quinta-feira, 4\/9, a solenidade de entrega de equipamentos agr\u00edcolas para associa\u00e7\u00f5es rurais da capital, realizada na alameda Alphaville, parque Amazonino Mendes, bairro Novo Aleixo. A iniciativa integra o programa \u201cManaus + Agro\u201d e refor\u00e7a as a\u00e7\u00f5es da gest\u00e3o voltadas ao fortalecimento da agricultura familiar.\",\"inLanguage\":\"pt-BR\",\"potentialAction\":[{\"@type\":\"ReadAction\",\"target\":[\"https:\/\/www.manaus.am.gov.br\/semcom\/programa-manaus-agro\/\"]}]},{\"@type\":\"ImageObject\",\"inLanguage\":\"pt-BR\",\"@id\":\"https:\/\/www.manaus.am.gov.br\/semcom\/programa-manaus-agro\/#primaryimage\",\"url\":\"https:\/\/www.manaus.am.gov.br\/semcom\/wp-content\/uploads\/sites\/5\/2025\/09\/WhatsApp-Image-2025-09-04-at-17.31.52-1.jpeg\",\"contentUrl\":\"https:\/\/www.manaus.am.gov.br\/semcom\/wp-content\/uploads\/sites\/5\/2025\/09\/WhatsApp-Image-2025-09-04-at-17.31.52-1.jpeg\",\"width\":799,\"height\":540},{\"@type\":\"WebSite\",\"@id\":\"https:\/\/www.manaus.am.gov.br\/semcom\/#website\",\"url\":\"https:\/\/www.manaus.am.gov.br\/semcom\/\",\"name\":\"SEMCOM\",\"description\":\"Secretaria Municipal de Comunica\u00e7\u00e3o\",\"potentialAction\":[{\"@type\":\"SearchAction\",\"target\":{\"@type\":\"EntryPoint\",\"urlTemplate\":\"https:\/\/www.manaus.am.gov.br\/semcom\/?s={search_term_string}\"},\"query-input\":\"required name=search_term_string\"}],\"inLanguage\":\"pt-BR\"},{\"@type\":\"Person\",\"@id\":\"https:\/\/www.manaus.am.gov.br\/semcom\/#\/schema\/person\/466a0e03ae4b6062809046bd560ac955\",\"name\":\"bvalente\",\"image\":{\"@type\":\"ImageObject\",\"inLanguage\":\"pt-BR\",\"@id\":\"https:\/\/www.manaus.am.gov.br\/semcom\/#\/schema\/person\/image\/\",\"url\":\"https:\/\/secure.gravatar.com\/avatar\/3e69bc2b014bdad41adfec3a39de07d2?s=96&d=mm&r=g\",\"contentUrl\":\"https:\/\/secure.gravatar.com\/avatar\/3e69bc2b014bdad41adfec3a39de07d2?s=96&d=mm&r=g\",\"caption\":\"bvalente\"}}]}<\/script>\n<!-- \/ Yoast SEO plugin. -->","yoast_head_json":{"title":"Prefeito David Almeida entrega equipamentos agr\u00edcolas e anuncia novos editais para associa\u00e7\u00f5es rurais em Manaus","description":"O prefeito de Manaus, David Almeida, conduziu, na manh\u00e3 desta quinta-feira, 4\/9, a solenidade de entrega de equipamentos agr\u00edcolas para associa\u00e7\u00f5es rurais da capital, realizada na alameda Alphaville, parque Amazonino Mendes, bairro Novo Aleixo. A iniciativa integra o programa \u201cManaus + Agro\u201d e refor\u00e7a as a\u00e7\u00f5es da gest\u00e3o voltadas ao fortalecimento da agricultura familiar.","robots":{"index":"index","follow":"follow","max-snippet":"max-snippet:-1","max-image-preview":"max-image-preview:large","max-video-preview":"max-video-preview:-1"},"canonical":"https:\/\/www.manaus.am.gov.br\/semcom\/programa-manaus-agro\/","og_locale":"pt_BR","og_type":"article","og_title":"Prefeito David Almeida entrega equipamentos agr\u00edcolas e anuncia novos editais para associa\u00e7\u00f5es rurais em Manaus","og_description":"O prefeito de Manaus, David Almeida, conduziu, na manh\u00e3 desta quinta-feira, 4\/9, a solenidade de entrega de equipamentos agr\u00edcolas para associa\u00e7\u00f5es rurais da capital, realizada na alameda Alphaville, parque Amazonino Mendes, bairro Novo Aleixo. A iniciativa integra o programa \u201cManaus + Agro\u201d e refor\u00e7a as a\u00e7\u00f5es da gest\u00e3o voltadas ao fortalecimento da agricultura familiar.","og_url":"https:\/\/www.manaus.am.gov.br\/semcom\/programa-manaus-agro\/","og_site_name":"SEMCOM","article_published_time":"2025-09-04T21:36:30+00:00","article_modified_time":"2025-09-04T21:44:06+00:00","og_image":[{"width":799,"height":540,"url":"https:\/\/www.manaus.am.gov.br\/semcom\/wp-content\/uploads\/sites\/5\/2025\/09\/WhatsApp-Image-2025-09-04-at-17.31.52-1.jpeg","type":"image\/jpeg"}],"author":"bvalente","twitter_card":"summary_large_image","twitter_misc":{"Written by":"bvalente","Est. reading time":"4 minutos"},"schema":{"@context":"https:\/\/schema.org","@graph":[{"@type":"WebPage","@id":"https:\/\/www.manaus.am.gov.br\/semcom\/programa-manaus-agro\/","url":"https:\/\/www.manaus.am.gov.br\/semcom\/programa-manaus-agro\/","name":"Prefeito David Almeida entrega equipamentos agr\u00edcolas e anuncia novos editais para associa\u00e7\u00f5es rurais em Manaus","isPartOf":{"@id":"https:\/\/www.manaus.am.gov.br\/semcom\/#website"},"primaryImageOfPage":{"@id":"https:\/\/www.manaus.am.gov.br\/semcom\/programa-manaus-agro\/#primaryimage"},"image":{"@id":"https:\/\/www.manaus.am.gov.br\/semcom\/programa-manaus-agro\/#primaryimage"},"thumbnailUrl":"https:\/\/www.manaus.am.gov.br\/semcom\/wp-content\/uploads\/sites\/5\/2025\/09\/WhatsApp-Image-2025-09-04-at-17.31.52-1.jpeg","datePublished":"2025-09-04T21:36:30+00:00","dateModified":"2025-09-04T21:44:06+00:00","author":{"@id":"https:\/\/www.manaus.am.gov.br\/semcom\/#\/schema\/person\/466a0e03ae4b6062809046bd560ac955"},"description":"O prefeito de Manaus, David Almeida, conduziu, na manh\u00e3 desta quinta-feira, 4\/9, a solenidade de entrega de equipamentos agr\u00edcolas para associa\u00e7\u00f5es rurais da capital, realizada na alameda Alphaville, parque Amazonino Mendes, bairro Novo Aleixo. A iniciativa integra o programa \u201cManaus + Agro\u201d e refor\u00e7a as a\u00e7\u00f5es da gest\u00e3o voltadas ao fortalecimento da agricultura familiar.","inLanguage":"pt-BR","potentialAction":[{"@type":"ReadAction","target":["https:\/\/www.manaus.am.gov.br\/semcom\/programa-manaus-agro\/"]}]},{"@type":"ImageObject","inLanguage":"pt-BR","@id":"https:\/\/www.manaus.am.gov.br\/semcom\/programa-manaus-agro\/#primaryimage","url":"https:\/\/www.manaus.am.gov.br\/semcom\/wp-content\/uploads\/sites\/5\/2025\/09\/WhatsApp-Image-2025-09-04-at-17.31.52-1.jpeg","contentUrl":"https:\/\/www.manaus.am.gov.br\/semcom\/wp-content\/uploads\/sites\/5\/2025\/09\/WhatsApp-Image-2025-09-04-at-17.31.52-1.jpeg","width":799,"height":540},{"@type":"WebSite","@id":"https:\/\/www.manaus.am.gov.br\/semcom\/#website","url":"https:\/\/www.manaus.am.gov.br\/semcom\/","name":"SEMCOM","description":"Secretaria Municipal de Comunica\u00e7\u00e3o","potentialAction":[{"@type":"SearchAction","target":{"@type":"EntryPoint","urlTemplate":"https:\/\/www.manaus.am.gov.br\/semcom\/?s={search_term_string}"},"query-input":"required name=search_term_string"}],"inLanguage":"pt-BR"},{"@type":"Person","@id":"https:\/\/www.manaus.am.gov.br\/semcom\/#\/schema\/person\/466a0e03ae4b6062809046bd560ac955","name":"bvalente","image":{"@type":"ImageObject","inLanguage":"pt-BR","@id":"https:\/\/www.manaus.am.gov.br\/semcom\/#\/schema\/person\/image\/","url":"https:\/\/secure.gravatar.com\/avatar\/3e69bc2b014bdad41adfec3a39de07d2?s=96&d=mm&r=g","contentUrl":"https:\/\/secure.gravatar.com\/avatar\/3e69bc2b014bdad41adfec3a39de07d2?s=96&d=mm&r=g","caption":"bvalente"}}]}},"_links":{"self":[{"href":"https:\/\/www.manaus.am.gov.br\/semcom\/wp-json\/wp\/v2\/posts\/245003"}],"collection":[{"href":"https:\/\/www.manaus.am.gov.br\/semcom\/wp-json\/wp\/v2\/posts"}],"about":[{"href":"https:\/\/www.manaus.am.gov.br\/semcom\/wp-json\/wp\/v2\/types\/post"}],"author":[{"embeddable":true,"href":"https:\/\/www.manaus.am.gov.br\/semcom\/wp-json\/wp\/v2\/users\/68"}],"replies":[{"embeddable":true,"href":"https:\/\/www.manaus.am.gov.br\/semcom\/wp-json\/wp\/v2\/comments?post=245003"}],"version-history":[{"count":1,"href":"https:\/\/www.manaus.am.gov.br\/semcom\/wp-json\/wp\/v2\/posts\/245003\/revisions"}],"predecessor-version":[{"id":245006,"href":"https:\/\/www.manaus.am.gov.br\/semcom\/wp-json\/wp\/v2\/posts\/245003\/revisions\/245006"}],"wp:featuredmedia":[{"embeddable":true,"href":"https:\/\/www.manaus.am.gov.br\/semcom\/wp-json\/wp\/v2\/media\/245007"}],"wp:attachment":[{"href":"https:\/\/www.manaus.am.gov.br\/semcom\/wp-json\/wp\/v2\/media?parent=245003"}],"wp:term":[{"taxonomy":"category","embeddable":true,"href":"https:\/\/www.manaus.am.gov.br\/semcom\/wp-json\/wp\/v2\/categories?post=245003"},{"taxonomy":"post_tag","embeddable":true,"href":"https:\/\/www.manaus.am.gov.br\/semcom\/wp-json\/wp\/v2\/tags?post=245003"}],"curies":[{"name":"wp","href":"https:\/\/api.w.org\/{rel}","templated":true}]}}