{"id":244966,"date":"2025-09-04T11:42:15","date_gmt":"2025-09-04T15:42:15","guid":{"rendered":"https:\/\/www.manaus.am.gov.br\/semcom\/prefeitura-procon-cestabasica-setembro\/"},"modified":"2025-09-04T11:42:15","modified_gmt":"2025-09-04T15:42:15","slug":"prefeitura-procon-cestabasica-setembro","status":"publish","type":"post","link":"https:\/\/www.manaus.am.gov.br\/semcom\/prefeitura-procon-cestabasica-setembro\/","title":{"rendered":"Procon Manaus aponta aumento no valor da cesta b\u00e1sica em supermercados da capital"},"content":{"rendered":"\n<p>A Prefeitura de Manaus, por meio do Procon Manaus, realizou, no dia 2 de setembro, a pesquisa de pre\u00e7os dos produtos que comp\u00f5em a cesta b\u00e1sica. O levantamento tem como objetivo oferecer informa\u00e7\u00f5es que auxiliem os consumidores a economizar na hora das compras.<\/p>\n\n\n\n<p>Segundo a presidente do Procon Manaus, Onilda Abreu, a pesquisa \u00e9 uma ferramenta de orienta\u00e7\u00e3o e refor\u00e7a a transpar\u00eancia do \u00f3rg\u00e3o.&nbsp;\u201cNosso papel \u00e9 garantir que a popula\u00e7\u00e3o tenha acesso a dados que ajudem nas decis\u00f5es de compra. Consultar a tabela antes de ir ao supermercado pode fazer diferen\u00e7a no or\u00e7amento de muitas fam\u00edlias\u201d, destacou.<\/p>\n\n\n\n<p>A pesquisa, conduzida pela Divis\u00e3o de Fiscaliza\u00e7\u00e3o, avaliou 16 produtos (36 itens) em dez supermercados da capital: Nova Era, Barat\u00e3o da Carne, Coema, Veneza, DB, Rodrigues, Assa\u00ed, Carrefour, Atacad\u00e3o e Vit\u00f3ria.<\/p>\n\n\n\n<p>A metodologia adotou como refer\u00eancia a cesta b\u00e1sica definida pelo Departamento Intersindical de Estat\u00edstica e Estudos Socioecon\u00f4micos (Dieese) e pelo Decreto Federal n\u00ba 11.936\/2024, que trata da composi\u00e7\u00e3o da cesta de alimentos no \u00e2mbito da Pol\u00edtica Nacional de Seguran\u00e7a Alimentar e Nutricional.<\/p>\n\n\n\n<p>O valor m\u00e9dio encontrado foi de&nbsp;R$ 271,15, representando aumento de 2,71%, em rela\u00e7\u00e3o a agosto, que sofreu uma redu\u00e7\u00e3o de 9,14%. O menor pre\u00e7o foi registrado no supermercado Barat\u00e3o da Carne (R$ 246,02), enquanto o maior valor foi encontrado no Carrefour (R$ 301,32).<\/p>\n\n\n\n<p>Dentre os destaques da pesquisa, o arroz branco, tipo 1, demonstrou uma varia\u00e7\u00e3o de 66,87%, com pre\u00e7os entre R$ 3,29 e R$ 5,49. J\u00e1 a farinha d\u2019\u00e1gua apresentou uma economia de 53,49%, com valores entre R$ 7,29 (agosto) e R$ 3,39 (setembro).<\/p>\n\n\n\n<p>O Procon Manaus refor\u00e7a ao consumidor que os valores refletem o cen\u00e1rio do dia da coleta e podem variar ao longo do m\u00eas. Por isso, recomenda-se sempre comparar pre\u00e7os antes da compra.<\/p>\n\n\n\n<p>&#8212; &#8212; &#8212;<\/p>\n\n\n\n<p><strong>Texto<\/strong>&nbsp;\u2013 Larissa Coutinho \/&nbsp;Procon&nbsp;Manaus<\/p>\n\n\n\n<p><strong>Fotos<\/strong>\u00a0\u2013 Divulga\u00e7\u00e3o \/\u00a0Procon\u00a0Manaus<\/p>\n\n\n\n<div data-wp-interactive=\"\" class=\"wp-block-file\"><object data-wp-bind--hidden=\"!selectors.core.file.hasPdfPreview\" hidden class=\"wp-block-file__embed\" data=\"https:\/\/www.manaus.am.gov.br\/semcom\/wp-content\/uploads\/sites\/5\/2025\/09\/Pesquisa-Cesta-basica.pdf\" type=\"application\/pdf\" style=\"width:100%;height:600px\" aria-label=\"Incorporado de Pesquisa Cesta b\u00e1sica.\"><\/object><a id=\"wp-block-file--media-eb45c7f6-15c4-479c-bf88-f366b4db2acf\" href=\"https:\/\/www.manaus.am.gov.br\/semcom\/wp-content\/uploads\/sites\/5\/2025\/09\/Pesquisa-Cesta-basica.pdf\">Pesquisa Cesta b\u00e1sica<\/a><a href=\"https:\/\/www.manaus.am.gov.br\/semcom\/wp-content\/uploads\/sites\/5\/2025\/09\/Pesquisa-Cesta-basica.pdf\" class=\"wp-block-file__button wp-element-button\" download aria-describedby=\"wp-block-file--media-eb45c7f6-15c4-479c-bf88-f366b4db2acf\">Baixar<\/a><\/div>\n\n\n","protected":false},"excerpt":{"rendered":"","protected":false},"author":23,"featured_media":244967,"comment_status":"closed","ping_status":"closed","sticky":false,"template":"","format":"standard","meta":{"footnotes":""},"categories":[9823],"tags":[11143,77,4437],"acf":[],"yoast_head":"<!-- This site is optimized with the Yoast SEO plugin v23.0 - https:\/\/yoast.com\/wordpress\/plugins\/seo\/ -->\n<title>Procon Manaus aponta aumento no valor da cesta b\u00e1sica em supermercados da capital<\/title>\n<meta name=\"description\" content=\"A Prefeitura de Manaus, por meio do Procon Manaus, realizou, no dia 2 de setembro, a pesquisa de pre\u00e7os dos produtos que comp\u00f5em a cesta b\u00e1sica. O levantamento tem como objetivo oferecer informa\u00e7\u00f5es que auxiliem os consumidores a economizar na hora das compras.\" \/>\n<meta name=\"robots\" content=\"index, follow, max-snippet:-1, max-image-preview:large, max-video-preview:-1\" \/>\n<link rel=\"canonical\" href=\"https:\/\/www.manaus.am.gov.br\/semcom\/prefeitura-procon-cestabasica-setembro\/\" \/>\n<meta property=\"og:locale\" content=\"pt_BR\" \/>\n<meta property=\"og:type\" content=\"article\" \/>\n<meta property=\"og:title\" content=\"Procon Manaus aponta aumento no valor da cesta b\u00e1sica em supermercados da capital\" \/>\n<meta property=\"og:description\" content=\"A Prefeitura de Manaus, por meio do Procon Manaus, realizou, no dia 2 de setembro, a pesquisa de pre\u00e7os dos produtos que comp\u00f5em a cesta b\u00e1sica. O levantamento tem como objetivo oferecer informa\u00e7\u00f5es que auxiliem os consumidores a economizar na hora das compras.\" \/>\n<meta property=\"og:url\" content=\"https:\/\/www.manaus.am.gov.br\/semcom\/prefeitura-procon-cestabasica-setembro\/\" \/>\n<meta property=\"og:site_name\" content=\"SEMCOM\" \/>\n<meta property=\"article:published_time\" content=\"2025-09-04T15:42:15+00:00\" \/>\n<meta property=\"og:image\" content=\"https:\/\/www.manaus.am.gov.br\/semcom\/wp-content\/uploads\/sites\/5\/2025\/09\/Procon-Manaus-2.jpeg\" \/>\n\t<meta property=\"og:image:width\" content=\"4032\" \/>\n\t<meta property=\"og:image:height\" content=\"3024\" \/>\n\t<meta property=\"og:image:type\" content=\"image\/jpeg\" \/>\n<meta name=\"author\" content=\"Adriana Costa\" \/>\n<meta name=\"twitter:card\" content=\"summary_large_image\" \/>\n<meta name=\"twitter:label1\" content=\"Written by\" \/>\n\t<meta name=\"twitter:data1\" content=\"Adriana Costa\" \/>\n\t<meta name=\"twitter:label2\" content=\"Est. reading time\" \/>\n\t<meta name=\"twitter:data2\" content=\"3 minutos\" \/>\n<script type=\"application\/ld+json\" class=\"yoast-schema-graph\">{\"@context\":\"https:\/\/schema.org\",\"@graph\":[{\"@type\":\"WebPage\",\"@id\":\"https:\/\/www.manaus.am.gov.br\/semcom\/prefeitura-procon-cestabasica-setembro\/\",\"url\":\"https:\/\/www.manaus.am.gov.br\/semcom\/prefeitura-procon-cestabasica-setembro\/\",\"name\":\"Procon Manaus aponta aumento no valor da cesta b\u00e1sica em supermercados da capital\",\"isPartOf\":{\"@id\":\"https:\/\/www.manaus.am.gov.br\/semcom\/#website\"},\"primaryImageOfPage\":{\"@id\":\"https:\/\/www.manaus.am.gov.br\/semcom\/prefeitura-procon-cestabasica-setembro\/#primaryimage\"},\"image\":{\"@id\":\"https:\/\/www.manaus.am.gov.br\/semcom\/prefeitura-procon-cestabasica-setembro\/#primaryimage\"},\"thumbnailUrl\":\"https:\/\/www.manaus.am.gov.br\/semcom\/wp-content\/uploads\/sites\/5\/2025\/09\/Procon-Manaus-2.jpeg\",\"datePublished\":\"2025-09-04T15:42:15+00:00\",\"dateModified\":\"2025-09-04T15:42:15+00:00\",\"author\":{\"@id\":\"https:\/\/www.manaus.am.gov.br\/semcom\/#\/schema\/person\/4e49f4e267757a06ca072ec61b2b9968\"},\"description\":\"A Prefeitura de Manaus, por meio do Procon Manaus, realizou, no dia 2 de setembro, a pesquisa de pre\u00e7os dos produtos que comp\u00f5em a cesta b\u00e1sica. O levantamento tem como objetivo oferecer informa\u00e7\u00f5es que auxiliem os consumidores a economizar na hora das compras.\",\"inLanguage\":\"pt-BR\",\"potentialAction\":[{\"@type\":\"ReadAction\",\"target\":[\"https:\/\/www.manaus.am.gov.br\/semcom\/prefeitura-procon-cestabasica-setembro\/\"]}]},{\"@type\":\"ImageObject\",\"inLanguage\":\"pt-BR\",\"@id\":\"https:\/\/www.manaus.am.gov.br\/semcom\/prefeitura-procon-cestabasica-setembro\/#primaryimage\",\"url\":\"https:\/\/www.manaus.am.gov.br\/semcom\/wp-content\/uploads\/sites\/5\/2025\/09\/Procon-Manaus-2.jpeg\",\"contentUrl\":\"https:\/\/www.manaus.am.gov.br\/semcom\/wp-content\/uploads\/sites\/5\/2025\/09\/Procon-Manaus-2.jpeg\",\"width\":4032,\"height\":3024},{\"@type\":\"WebSite\",\"@id\":\"https:\/\/www.manaus.am.gov.br\/semcom\/#website\",\"url\":\"https:\/\/www.manaus.am.gov.br\/semcom\/\",\"name\":\"SEMCOM\",\"description\":\"Secretaria Municipal de Comunica\u00e7\u00e3o\",\"potentialAction\":[{\"@type\":\"SearchAction\",\"target\":{\"@type\":\"EntryPoint\",\"urlTemplate\":\"https:\/\/www.manaus.am.gov.br\/semcom\/?s={search_term_string}\"},\"query-input\":\"required name=search_term_string\"}],\"inLanguage\":\"pt-BR\"},{\"@type\":\"Person\",\"@id\":\"https:\/\/www.manaus.am.gov.br\/semcom\/#\/schema\/person\/4e49f4e267757a06ca072ec61b2b9968\",\"name\":\"Adriana Costa\",\"image\":{\"@type\":\"ImageObject\",\"inLanguage\":\"pt-BR\",\"@id\":\"https:\/\/www.manaus.am.gov.br\/semcom\/#\/schema\/person\/image\/\",\"url\":\"https:\/\/secure.gravatar.com\/avatar\/576258617ef7194f718179e766d57bd4?s=96&d=mm&r=g\",\"contentUrl\":\"https:\/\/secure.gravatar.com\/avatar\/576258617ef7194f718179e766d57bd4?s=96&d=mm&r=g\",\"caption\":\"Adriana Costa\"}}]}<\/script>\n<!-- \/ Yoast SEO plugin. -->","yoast_head_json":{"title":"Procon Manaus aponta aumento no valor da cesta b\u00e1sica em supermercados da capital","description":"A Prefeitura de Manaus, por meio do Procon Manaus, realizou, no dia 2 de setembro, a pesquisa de pre\u00e7os dos produtos que comp\u00f5em a cesta b\u00e1sica. O levantamento tem como objetivo oferecer informa\u00e7\u00f5es que auxiliem os consumidores a economizar na hora das compras.","robots":{"index":"index","follow":"follow","max-snippet":"max-snippet:-1","max-image-preview":"max-image-preview:large","max-video-preview":"max-video-preview:-1"},"canonical":"https:\/\/www.manaus.am.gov.br\/semcom\/prefeitura-procon-cestabasica-setembro\/","og_locale":"pt_BR","og_type":"article","og_title":"Procon Manaus aponta aumento no valor da cesta b\u00e1sica em supermercados da capital","og_description":"A Prefeitura de Manaus, por meio do Procon Manaus, realizou, no dia 2 de setembro, a pesquisa de pre\u00e7os dos produtos que comp\u00f5em a cesta b\u00e1sica. O levantamento tem como objetivo oferecer informa\u00e7\u00f5es que auxiliem os consumidores a economizar na hora das compras.","og_url":"https:\/\/www.manaus.am.gov.br\/semcom\/prefeitura-procon-cestabasica-setembro\/","og_site_name":"SEMCOM","article_published_time":"2025-09-04T15:42:15+00:00","og_image":[{"width":4032,"height":3024,"url":"https:\/\/www.manaus.am.gov.br\/semcom\/wp-content\/uploads\/sites\/5\/2025\/09\/Procon-Manaus-2.jpeg","type":"image\/jpeg"}],"author":"Adriana Costa","twitter_card":"summary_large_image","twitter_misc":{"Written by":"Adriana Costa","Est. reading time":"3 minutos"},"schema":{"@context":"https:\/\/schema.org","@graph":[{"@type":"WebPage","@id":"https:\/\/www.manaus.am.gov.br\/semcom\/prefeitura-procon-cestabasica-setembro\/","url":"https:\/\/www.manaus.am.gov.br\/semcom\/prefeitura-procon-cestabasica-setembro\/","name":"Procon Manaus aponta aumento no valor da cesta b\u00e1sica em supermercados da capital","isPartOf":{"@id":"https:\/\/www.manaus.am.gov.br\/semcom\/#website"},"primaryImageOfPage":{"@id":"https:\/\/www.manaus.am.gov.br\/semcom\/prefeitura-procon-cestabasica-setembro\/#primaryimage"},"image":{"@id":"https:\/\/www.manaus.am.gov.br\/semcom\/prefeitura-procon-cestabasica-setembro\/#primaryimage"},"thumbnailUrl":"https:\/\/www.manaus.am.gov.br\/semcom\/wp-content\/uploads\/sites\/5\/2025\/09\/Procon-Manaus-2.jpeg","datePublished":"2025-09-04T15:42:15+00:00","dateModified":"2025-09-04T15:42:15+00:00","author":{"@id":"https:\/\/www.manaus.am.gov.br\/semcom\/#\/schema\/person\/4e49f4e267757a06ca072ec61b2b9968"},"description":"A Prefeitura de Manaus, por meio do Procon Manaus, realizou, no dia 2 de setembro, a pesquisa de pre\u00e7os dos produtos que comp\u00f5em a cesta b\u00e1sica. O levantamento tem como objetivo oferecer informa\u00e7\u00f5es que auxiliem os consumidores a economizar na hora das compras.","inLanguage":"pt-BR","potentialAction":[{"@type":"ReadAction","target":["https:\/\/www.manaus.am.gov.br\/semcom\/prefeitura-procon-cestabasica-setembro\/"]}]},{"@type":"ImageObject","inLanguage":"pt-BR","@id":"https:\/\/www.manaus.am.gov.br\/semcom\/prefeitura-procon-cestabasica-setembro\/#primaryimage","url":"https:\/\/www.manaus.am.gov.br\/semcom\/wp-content\/uploads\/sites\/5\/2025\/09\/Procon-Manaus-2.jpeg","contentUrl":"https:\/\/www.manaus.am.gov.br\/semcom\/wp-content\/uploads\/sites\/5\/2025\/09\/Procon-Manaus-2.jpeg","width":4032,"height":3024},{"@type":"WebSite","@id":"https:\/\/www.manaus.am.gov.br\/semcom\/#website","url":"https:\/\/www.manaus.am.gov.br\/semcom\/","name":"SEMCOM","description":"Secretaria Municipal de Comunica\u00e7\u00e3o","potentialAction":[{"@type":"SearchAction","target":{"@type":"EntryPoint","urlTemplate":"https:\/\/www.manaus.am.gov.br\/semcom\/?s={search_term_string}"},"query-input":"required name=search_term_string"}],"inLanguage":"pt-BR"},{"@type":"Person","@id":"https:\/\/www.manaus.am.gov.br\/semcom\/#\/schema\/person\/4e49f4e267757a06ca072ec61b2b9968","name":"Adriana Costa","image":{"@type":"ImageObject","inLanguage":"pt-BR","@id":"https:\/\/www.manaus.am.gov.br\/semcom\/#\/schema\/person\/image\/","url":"https:\/\/secure.gravatar.com\/avatar\/576258617ef7194f718179e766d57bd4?s=96&d=mm&r=g","contentUrl":"https:\/\/secure.gravatar.com\/avatar\/576258617ef7194f718179e766d57bd4?s=96&d=mm&r=g","caption":"Adriana Costa"}}]}},"_links":{"self":[{"href":"https:\/\/www.manaus.am.gov.br\/semcom\/wp-json\/wp\/v2\/posts\/244966"}],"collection":[{"href":"https:\/\/www.manaus.am.gov.br\/semcom\/wp-json\/wp\/v2\/posts"}],"about":[{"href":"https:\/\/www.manaus.am.gov.br\/semcom\/wp-json\/wp\/v2\/types\/post"}],"author":[{"embeddable":true,"href":"https:\/\/www.manaus.am.gov.br\/semcom\/wp-json\/wp\/v2\/users\/23"}],"replies":[{"embeddable":true,"href":"https:\/\/www.manaus.am.gov.br\/semcom\/wp-json\/wp\/v2\/comments?post=244966"}],"version-history":[{"count":1,"href":"https:\/\/www.manaus.am.gov.br\/semcom\/wp-json\/wp\/v2\/posts\/244966\/revisions"}],"predecessor-version":[{"id":244970,"href":"https:\/\/www.manaus.am.gov.br\/semcom\/wp-json\/wp\/v2\/posts\/244966\/revisions\/244970"}],"wp:featuredmedia":[{"embeddable":true,"href":"https:\/\/www.manaus.am.gov.br\/semcom\/wp-json\/wp\/v2\/media\/244967"}],"wp:attachment":[{"href":"https:\/\/www.manaus.am.gov.br\/semcom\/wp-json\/wp\/v2\/media?parent=244966"}],"wp:term":[{"taxonomy":"category","embeddable":true,"href":"https:\/\/www.manaus.am.gov.br\/semcom\/wp-json\/wp\/v2\/categories?post=244966"},{"taxonomy":"post_tag","embeddable":true,"href":"https:\/\/www.manaus.am.gov.br\/semcom\/wp-json\/wp\/v2\/tags?post=244966"}],"curies":[{"name":"wp","href":"https:\/\/api.w.org\/{rel}","templated":true}]}}