{"id":244941,"date":"2025-09-03T23:50:42","date_gmt":"2025-09-04T02:50:42","guid":{"rendered":"https:\/\/www.manaus.am.gov.br\/semcom\/montagem-das-estruturas-do-festival-soumanaus-passo-a-paco-2025\/"},"modified":"2025-09-03T23:50:44","modified_gmt":"2025-09-04T02:50:44","slug":"montagem-das-estruturas-do-festival-soumanaus-passo-a-paco-2025","status":"publish","type":"post","link":"https:\/\/www.manaus.am.gov.br\/semcom\/montagem-das-estruturas-do-festival-soumanaus-passo-a-paco-2025\/","title":{"rendered":"Prefeito David Almeida acompanha montagem das estruturas do festival \u2018#SouManaus Passo a Pa\u00e7o 2025\u2019 no Centro"},"content":{"rendered":"\n<p>O prefeito de Manaus, David Almeida, acompanhou, no in\u00edcio da noite desta quarta-feira, 3\/9, o andamento dos trabalhos de montagem das estruturas do festival \u201c#SouManaus Passo a Pa\u00e7o 2025\u201d, que ter\u00e1 in\u00edcio nos pr\u00f3ximos dias no centro hist\u00f3rico da capital. A visita contou com a equipe t\u00e9cnica da Funda\u00e7\u00e3o Municipal de Cultura, Turismo e Eventos (ManausCult).<\/p>\n\n\n\n<p>Durante a vistoria, o prefeito destacou a grandiosidade da programa\u00e7\u00e3o e a import\u00e2ncia do evento para a revitaliza\u00e7\u00e3o do Centro. \u201cEstamos aqui com a equipe de engenharia da prefeitura, a ManausCult, vendo toda a \u00e1rea do per\u00edmetro onde ser\u00e1 realizado o \u2018#SouManaus\u2019. N\u00f3s temos 63 mil metros de \u00e1rea para que possamos transformar essa estrutura em sonhos, em realiza\u00e7\u00f5es aqui no cora\u00e7\u00e3o da cidade. S\u00e3o sete palcos montados que v\u00e3o receber artistas locais, nacionais e internacionais, e dessa forma a gente cumpre com a lei municipal de reocupar o Centro, proporcionando o que h\u00e1 de melhor em cultura, lazer, entretenimento, culin\u00e1ria, teatro, dan\u00e7a e todas as artes integradas em um s\u00f3 evento\u201d, afirmou Almeida.<\/p>\n\n\n\n<p>O diretor-presidente da ManausCult, Jender Lobato, ressaltou o conceito art\u00edstico que inspira os palcos desta edi\u00e7\u00e3o. \u201cEsse palco retrata a Festa do Povo Floresta. Manaus foi eleita a capital da Amaz\u00f4nia, segundo o Minist\u00e9rio do Turismo, e nada mais justo do que um palco representar nossa floresta, nossa diversidade, o grafismo ind\u00edgena, a escama do pirarucu e a riqueza de nossas plantas, como a samaumeira. Ao mesmo tempo, n\u00e3o esquecemos da tecnologia, porque Manaus \u00e9 tamb\u00e9m polo industrial, onde preserva\u00e7\u00e3o e inova\u00e7\u00e3o caminham lado a lado\u201d, disse.<\/p>\n\n\n\n<p>J\u00e1 a engenheira civil Danielly Angelim, respons\u00e1vel pela execu\u00e7\u00e3o das estruturas, adiantou que os trabalhos est\u00e3o em fase final. \u201cEstamos h\u00e1 mais de tr\u00eas meses cuidando da organiza\u00e7\u00e3o, produ\u00e7\u00e3o e execu\u00e7\u00e3o. Hoje, j\u00e1 temos 90% da montagem conclu\u00edda e acreditamos que at\u00e9 amanh\u00e3 todas as estruturas estejam prontas. Mais de mil pessoas est\u00e3o mobilizadas no per\u00edmetro para entregar esse grande evento\u201d, explicou.<\/p>\n\n\n\n<p>O \u201c#SouManaus Passo a Pa\u00e7o 2025\u201d celebra os 10 anos do evento e promete reunir milhares de pessoas com uma programa\u00e7\u00e3o multicultural que valoriza a identidade amaz\u00f4nica e a ocupa\u00e7\u00e3o do centro hist\u00f3rico.<\/p>\n\n\n\n<p>\u2014 \u2014 \u2014<br><strong>Texto &#8211;<\/strong> Emanuelle Baires\/Semcom-Prefeito<br><strong>Fotos &#8211; <\/strong>Antonio Pereira\/Semcom-Prefeito<\/p>\n","protected":false},"excerpt":{"rendered":"","protected":false},"author":68,"featured_media":244942,"comment_status":"closed","ping_status":"closed","sticky":false,"template":"","format":"standard","meta":{"footnotes":""},"categories":[2013],"tags":[307,16652,77],"acf":[],"yoast_head":"<!-- This site is optimized with the Yoast SEO plugin v23.0 - https:\/\/yoast.com\/wordpress\/plugins\/seo\/ -->\n<title>Prefeito David Almeida acompanha montagem das estruturas do festival \u2018#SouManaus Passo a Pa\u00e7o 2025\u2019 no Centro<\/title>\n<meta name=\"description\" content=\"O prefeito de Manaus, David Almeida, acompanhou, no in\u00edcio da noite desta quarta-feira, 3\/9, o andamento dos trabalhos de montagem das estruturas do festival \u201c#SouManaus Passo a Pa\u00e7o 2025\u201d, que ter\u00e1 in\u00edcio nos pr\u00f3ximos dias no centro hist\u00f3rico da capital. A visita contou com a equipe t\u00e9cnica da Funda\u00e7\u00e3o Municipal de Cultura, Turismo e Eventos (ManausCult).\" \/>\n<meta name=\"robots\" content=\"index, follow, max-snippet:-1, max-image-preview:large, max-video-preview:-1\" \/>\n<link rel=\"canonical\" href=\"https:\/\/www.manaus.am.gov.br\/semcom\/montagem-das-estruturas-do-festival-soumanaus-passo-a-paco-2025\/\" \/>\n<meta property=\"og:locale\" content=\"pt_BR\" \/>\n<meta property=\"og:type\" content=\"article\" \/>\n<meta property=\"og:title\" content=\"Prefeito David Almeida acompanha montagem das estruturas do festival \u2018#SouManaus Passo a Pa\u00e7o 2025\u2019 no Centro\" \/>\n<meta property=\"og:description\" content=\"O prefeito de Manaus, David Almeida, acompanhou, no in\u00edcio da noite desta quarta-feira, 3\/9, o andamento dos trabalhos de montagem das estruturas do festival \u201c#SouManaus Passo a Pa\u00e7o 2025\u201d, que ter\u00e1 in\u00edcio nos pr\u00f3ximos dias no centro hist\u00f3rico da capital. A visita contou com a equipe t\u00e9cnica da Funda\u00e7\u00e3o Municipal de Cultura, Turismo e Eventos (ManausCult).\" \/>\n<meta property=\"og:url\" content=\"https:\/\/www.manaus.am.gov.br\/semcom\/montagem-das-estruturas-do-festival-soumanaus-passo-a-paco-2025\/\" \/>\n<meta property=\"og:site_name\" content=\"SEMCOM\" \/>\n<meta property=\"article:published_time\" content=\"2025-09-04T02:50:42+00:00\" \/>\n<meta property=\"article:modified_time\" content=\"2025-09-04T02:50:44+00:00\" \/>\n<meta property=\"og:image\" content=\"https:\/\/www.manaus.am.gov.br\/semcom\/wp-content\/uploads\/sites\/5\/2025\/09\/WhatsApp-Image-2025-09-03-at-22.20.58-1.jpeg\" \/>\n\t<meta property=\"og:image:width\" content=\"4160\" \/>\n\t<meta property=\"og:image:height\" content=\"2774\" \/>\n\t<meta property=\"og:image:type\" content=\"image\/jpeg\" \/>\n<meta name=\"author\" content=\"bvalente\" \/>\n<meta name=\"twitter:card\" content=\"summary_large_image\" \/>\n<meta name=\"twitter:label1\" content=\"Written by\" \/>\n\t<meta name=\"twitter:data1\" content=\"bvalente\" \/>\n\t<meta name=\"twitter:label2\" content=\"Est. reading time\" \/>\n\t<meta name=\"twitter:data2\" content=\"3 minutos\" \/>\n<script type=\"application\/ld+json\" class=\"yoast-schema-graph\">{\"@context\":\"https:\/\/schema.org\",\"@graph\":[{\"@type\":\"WebPage\",\"@id\":\"https:\/\/www.manaus.am.gov.br\/semcom\/montagem-das-estruturas-do-festival-soumanaus-passo-a-paco-2025\/\",\"url\":\"https:\/\/www.manaus.am.gov.br\/semcom\/montagem-das-estruturas-do-festival-soumanaus-passo-a-paco-2025\/\",\"name\":\"Prefeito David Almeida acompanha montagem das estruturas do festival \u2018#SouManaus Passo a Pa\u00e7o 2025\u2019 no Centro\",\"isPartOf\":{\"@id\":\"https:\/\/www.manaus.am.gov.br\/semcom\/#website\"},\"primaryImageOfPage\":{\"@id\":\"https:\/\/www.manaus.am.gov.br\/semcom\/montagem-das-estruturas-do-festival-soumanaus-passo-a-paco-2025\/#primaryimage\"},\"image\":{\"@id\":\"https:\/\/www.manaus.am.gov.br\/semcom\/montagem-das-estruturas-do-festival-soumanaus-passo-a-paco-2025\/#primaryimage\"},\"thumbnailUrl\":\"https:\/\/www.manaus.am.gov.br\/semcom\/wp-content\/uploads\/sites\/5\/2025\/09\/WhatsApp-Image-2025-09-03-at-22.20.58-1.jpeg\",\"datePublished\":\"2025-09-04T02:50:42+00:00\",\"dateModified\":\"2025-09-04T02:50:44+00:00\",\"author\":{\"@id\":\"https:\/\/www.manaus.am.gov.br\/semcom\/#\/schema\/person\/466a0e03ae4b6062809046bd560ac955\"},\"description\":\"O prefeito de Manaus, David Almeida, acompanhou, no in\u00edcio da noite desta quarta-feira, 3\/9, o andamento dos trabalhos de montagem das estruturas do festival \u201c#SouManaus Passo a Pa\u00e7o 2025\u201d, que ter\u00e1 in\u00edcio nos pr\u00f3ximos dias no centro hist\u00f3rico da capital. A visita contou com a equipe t\u00e9cnica da Funda\u00e7\u00e3o Municipal de Cultura, Turismo e Eventos (ManausCult).\",\"inLanguage\":\"pt-BR\",\"potentialAction\":[{\"@type\":\"ReadAction\",\"target\":[\"https:\/\/www.manaus.am.gov.br\/semcom\/montagem-das-estruturas-do-festival-soumanaus-passo-a-paco-2025\/\"]}]},{\"@type\":\"ImageObject\",\"inLanguage\":\"pt-BR\",\"@id\":\"https:\/\/www.manaus.am.gov.br\/semcom\/montagem-das-estruturas-do-festival-soumanaus-passo-a-paco-2025\/#primaryimage\",\"url\":\"https:\/\/www.manaus.am.gov.br\/semcom\/wp-content\/uploads\/sites\/5\/2025\/09\/WhatsApp-Image-2025-09-03-at-22.20.58-1.jpeg\",\"contentUrl\":\"https:\/\/www.manaus.am.gov.br\/semcom\/wp-content\/uploads\/sites\/5\/2025\/09\/WhatsApp-Image-2025-09-03-at-22.20.58-1.jpeg\",\"width\":4160,\"height\":2774},{\"@type\":\"WebSite\",\"@id\":\"https:\/\/www.manaus.am.gov.br\/semcom\/#website\",\"url\":\"https:\/\/www.manaus.am.gov.br\/semcom\/\",\"name\":\"SEMCOM\",\"description\":\"Secretaria Municipal de Comunica\u00e7\u00e3o\",\"potentialAction\":[{\"@type\":\"SearchAction\",\"target\":{\"@type\":\"EntryPoint\",\"urlTemplate\":\"https:\/\/www.manaus.am.gov.br\/semcom\/?s={search_term_string}\"},\"query-input\":\"required name=search_term_string\"}],\"inLanguage\":\"pt-BR\"},{\"@type\":\"Person\",\"@id\":\"https:\/\/www.manaus.am.gov.br\/semcom\/#\/schema\/person\/466a0e03ae4b6062809046bd560ac955\",\"name\":\"bvalente\",\"image\":{\"@type\":\"ImageObject\",\"inLanguage\":\"pt-BR\",\"@id\":\"https:\/\/www.manaus.am.gov.br\/semcom\/#\/schema\/person\/image\/\",\"url\":\"https:\/\/secure.gravatar.com\/avatar\/3e69bc2b014bdad41adfec3a39de07d2?s=96&d=mm&r=g\",\"contentUrl\":\"https:\/\/secure.gravatar.com\/avatar\/3e69bc2b014bdad41adfec3a39de07d2?s=96&d=mm&r=g\",\"caption\":\"bvalente\"}}]}<\/script>\n<!-- \/ Yoast SEO plugin. -->","yoast_head_json":{"title":"Prefeito David Almeida acompanha montagem das estruturas do festival \u2018#SouManaus Passo a Pa\u00e7o 2025\u2019 no Centro","description":"O prefeito de Manaus, David Almeida, acompanhou, no in\u00edcio da noite desta quarta-feira, 3\/9, o andamento dos trabalhos de montagem das estruturas do festival \u201c#SouManaus Passo a Pa\u00e7o 2025\u201d, que ter\u00e1 in\u00edcio nos pr\u00f3ximos dias no centro hist\u00f3rico da capital. A visita contou com a equipe t\u00e9cnica da Funda\u00e7\u00e3o Municipal de Cultura, Turismo e Eventos (ManausCult).","robots":{"index":"index","follow":"follow","max-snippet":"max-snippet:-1","max-image-preview":"max-image-preview:large","max-video-preview":"max-video-preview:-1"},"canonical":"https:\/\/www.manaus.am.gov.br\/semcom\/montagem-das-estruturas-do-festival-soumanaus-passo-a-paco-2025\/","og_locale":"pt_BR","og_type":"article","og_title":"Prefeito David Almeida acompanha montagem das estruturas do festival \u2018#SouManaus Passo a Pa\u00e7o 2025\u2019 no Centro","og_description":"O prefeito de Manaus, David Almeida, acompanhou, no in\u00edcio da noite desta quarta-feira, 3\/9, o andamento dos trabalhos de montagem das estruturas do festival \u201c#SouManaus Passo a Pa\u00e7o 2025\u201d, que ter\u00e1 in\u00edcio nos pr\u00f3ximos dias no centro hist\u00f3rico da capital. A visita contou com a equipe t\u00e9cnica da Funda\u00e7\u00e3o Municipal de Cultura, Turismo e Eventos (ManausCult).","og_url":"https:\/\/www.manaus.am.gov.br\/semcom\/montagem-das-estruturas-do-festival-soumanaus-passo-a-paco-2025\/","og_site_name":"SEMCOM","article_published_time":"2025-09-04T02:50:42+00:00","article_modified_time":"2025-09-04T02:50:44+00:00","og_image":[{"width":4160,"height":2774,"url":"https:\/\/www.manaus.am.gov.br\/semcom\/wp-content\/uploads\/sites\/5\/2025\/09\/WhatsApp-Image-2025-09-03-at-22.20.58-1.jpeg","type":"image\/jpeg"}],"author":"bvalente","twitter_card":"summary_large_image","twitter_misc":{"Written by":"bvalente","Est. reading time":"3 minutos"},"schema":{"@context":"https:\/\/schema.org","@graph":[{"@type":"WebPage","@id":"https:\/\/www.manaus.am.gov.br\/semcom\/montagem-das-estruturas-do-festival-soumanaus-passo-a-paco-2025\/","url":"https:\/\/www.manaus.am.gov.br\/semcom\/montagem-das-estruturas-do-festival-soumanaus-passo-a-paco-2025\/","name":"Prefeito David Almeida acompanha montagem das estruturas do festival \u2018#SouManaus Passo a Pa\u00e7o 2025\u2019 no Centro","isPartOf":{"@id":"https:\/\/www.manaus.am.gov.br\/semcom\/#website"},"primaryImageOfPage":{"@id":"https:\/\/www.manaus.am.gov.br\/semcom\/montagem-das-estruturas-do-festival-soumanaus-passo-a-paco-2025\/#primaryimage"},"image":{"@id":"https:\/\/www.manaus.am.gov.br\/semcom\/montagem-das-estruturas-do-festival-soumanaus-passo-a-paco-2025\/#primaryimage"},"thumbnailUrl":"https:\/\/www.manaus.am.gov.br\/semcom\/wp-content\/uploads\/sites\/5\/2025\/09\/WhatsApp-Image-2025-09-03-at-22.20.58-1.jpeg","datePublished":"2025-09-04T02:50:42+00:00","dateModified":"2025-09-04T02:50:44+00:00","author":{"@id":"https:\/\/www.manaus.am.gov.br\/semcom\/#\/schema\/person\/466a0e03ae4b6062809046bd560ac955"},"description":"O prefeito de Manaus, David Almeida, acompanhou, no in\u00edcio da noite desta quarta-feira, 3\/9, o andamento dos trabalhos de montagem das estruturas do festival \u201c#SouManaus Passo a Pa\u00e7o 2025\u201d, que ter\u00e1 in\u00edcio nos pr\u00f3ximos dias no centro hist\u00f3rico da capital. A visita contou com a equipe t\u00e9cnica da Funda\u00e7\u00e3o Municipal de Cultura, Turismo e Eventos (ManausCult).","inLanguage":"pt-BR","potentialAction":[{"@type":"ReadAction","target":["https:\/\/www.manaus.am.gov.br\/semcom\/montagem-das-estruturas-do-festival-soumanaus-passo-a-paco-2025\/"]}]},{"@type":"ImageObject","inLanguage":"pt-BR","@id":"https:\/\/www.manaus.am.gov.br\/semcom\/montagem-das-estruturas-do-festival-soumanaus-passo-a-paco-2025\/#primaryimage","url":"https:\/\/www.manaus.am.gov.br\/semcom\/wp-content\/uploads\/sites\/5\/2025\/09\/WhatsApp-Image-2025-09-03-at-22.20.58-1.jpeg","contentUrl":"https:\/\/www.manaus.am.gov.br\/semcom\/wp-content\/uploads\/sites\/5\/2025\/09\/WhatsApp-Image-2025-09-03-at-22.20.58-1.jpeg","width":4160,"height":2774},{"@type":"WebSite","@id":"https:\/\/www.manaus.am.gov.br\/semcom\/#website","url":"https:\/\/www.manaus.am.gov.br\/semcom\/","name":"SEMCOM","description":"Secretaria Municipal de Comunica\u00e7\u00e3o","potentialAction":[{"@type":"SearchAction","target":{"@type":"EntryPoint","urlTemplate":"https:\/\/www.manaus.am.gov.br\/semcom\/?s={search_term_string}"},"query-input":"required name=search_term_string"}],"inLanguage":"pt-BR"},{"@type":"Person","@id":"https:\/\/www.manaus.am.gov.br\/semcom\/#\/schema\/person\/466a0e03ae4b6062809046bd560ac955","name":"bvalente","image":{"@type":"ImageObject","inLanguage":"pt-BR","@id":"https:\/\/www.manaus.am.gov.br\/semcom\/#\/schema\/person\/image\/","url":"https:\/\/secure.gravatar.com\/avatar\/3e69bc2b014bdad41adfec3a39de07d2?s=96&d=mm&r=g","contentUrl":"https:\/\/secure.gravatar.com\/avatar\/3e69bc2b014bdad41adfec3a39de07d2?s=96&d=mm&r=g","caption":"bvalente"}}]}},"_links":{"self":[{"href":"https:\/\/www.manaus.am.gov.br\/semcom\/wp-json\/wp\/v2\/posts\/244941"}],"collection":[{"href":"https:\/\/www.manaus.am.gov.br\/semcom\/wp-json\/wp\/v2\/posts"}],"about":[{"href":"https:\/\/www.manaus.am.gov.br\/semcom\/wp-json\/wp\/v2\/types\/post"}],"author":[{"embeddable":true,"href":"https:\/\/www.manaus.am.gov.br\/semcom\/wp-json\/wp\/v2\/users\/68"}],"replies":[{"embeddable":true,"href":"https:\/\/www.manaus.am.gov.br\/semcom\/wp-json\/wp\/v2\/comments?post=244941"}],"version-history":[{"count":0,"href":"https:\/\/www.manaus.am.gov.br\/semcom\/wp-json\/wp\/v2\/posts\/244941\/revisions"}],"wp:featuredmedia":[{"embeddable":true,"href":"https:\/\/www.manaus.am.gov.br\/semcom\/wp-json\/wp\/v2\/media\/244942"}],"wp:attachment":[{"href":"https:\/\/www.manaus.am.gov.br\/semcom\/wp-json\/wp\/v2\/media?parent=244941"}],"wp:term":[{"taxonomy":"category","embeddable":true,"href":"https:\/\/www.manaus.am.gov.br\/semcom\/wp-json\/wp\/v2\/categories?post=244941"},{"taxonomy":"post_tag","embeddable":true,"href":"https:\/\/www.manaus.am.gov.br\/semcom\/wp-json\/wp\/v2\/tags?post=244941"}],"curies":[{"name":"wp","href":"https:\/\/api.w.org\/{rel}","templated":true}]}}