{"id":244872,"date":"2025-09-02T20:17:59","date_gmt":"2025-09-02T23:17:59","guid":{"rendered":"https:\/\/www.manaus.am.gov.br\/semcom\/certificado-pro-gestao-rpps\/"},"modified":"2025-09-02T20:21:16","modified_gmt":"2025-09-02T23:21:16","slug":"certificado-pro-gestao-rpps","status":"publish","type":"post","link":"https:\/\/www.manaus.am.gov.br\/semcom\/certificado-pro-gestao-rpps\/","title":{"rendered":"Manausprev conquista manuten\u00e7\u00e3o do certificado \u2018Pr\u00f3-Gest\u00e3o RPPS\u2019 no n\u00edvel mais alto"},"content":{"rendered":"\n<p>Ap\u00f3s a Manaus Previd\u00eancia, \u00f3rg\u00e3o da administra\u00e7\u00e3o indireta da Prefeitura de Manaus, passar dois dias, 1\u00ba e 2\/9, em auditoria externa para verifica\u00e7\u00e3o de conformidade no n\u00edvel mais alto (IV) do Programa de Certifica\u00e7\u00e3o Institucional e Moderniza\u00e7\u00e3o da gest\u00e3o dos Regimes Pr\u00f3prios de Previd\u00eancia Social da Uni\u00e3o, dos Estados, do Distrito Federal e Munic\u00edpios, a autarquia conquistou a manuten\u00e7\u00e3o do certificado, pela segunda vez.<\/p>\n\n\n\n<p>Os trabalhos iniciaram com uma reuni\u00e3o de abertura e, em seguida, o auditor-l\u00edder do Instituto Totum, Jos\u00e9 Luiz da Silva, verificou o atendimento as 24 a\u00e7\u00f5es exigidas pelo programa, divididas em tr\u00eas categorias: controles internos, governan\u00e7a corporativa e educa\u00e7\u00e3o previdenci\u00e1ria.<\/p>\n\n\n\n<p>\u201cA conquista da manuten\u00e7\u00e3o do certificado Pr\u00f3-Gest\u00e3o RPPS, n\u00edvel IV, representa um marco importante n\u00e3o s\u00f3 para a Prefeitura de Manaus, mas, principalmente, para a vida dos segurados e benefici\u00e1rios municipais. Esse reconhecimento atesta a excel\u00eancia na governan\u00e7a, na transpar\u00eancia e na gest\u00e3o respons\u00e1vel dos recursos previdenci\u00e1rios, garantindo mais seguran\u00e7a e credibilidade \u00e0 institui\u00e7\u00e3o\u201d, aponta a diretora-presidente da Manausprev em exerc\u00edcio, Ana Silvia Domingues.<\/p>\n\n\n\n<p>A certifica\u00e7\u00e3o significa que os benef\u00edcios est\u00e3o sendo administrados com padr\u00f5es de qualidade nacionais refor\u00e7ando o compromisso da Manaus Previd\u00eancia em cuidar do futuro dos servidores, aposentados e pensionistas.<\/p>\n\n\n\n<p>&#8212; &#8212; &#8212;<br><strong>Texto e fotos<\/strong> \u2013 Renata Felix \/ Manaus Previd\u00eancia<\/p>\n","protected":false},"excerpt":{"rendered":"","protected":false},"author":68,"featured_media":244873,"comment_status":"closed","ping_status":"closed","sticky":false,"template":"","format":"standard","meta":{"footnotes":""},"categories":[925],"tags":[16621,77],"acf":[],"yoast_head":"<!-- This site is optimized with the Yoast SEO plugin v23.0 - https:\/\/yoast.com\/wordpress\/plugins\/seo\/ -->\n<title>Manausprev conquista manuten\u00e7\u00e3o do certificado \u2018Pr\u00f3-Gest\u00e3o RPPS\u2019 no n\u00edvel mais alto<\/title>\n<meta name=\"description\" content=\"Ap\u00f3s a Manaus Previd\u00eancia passar dois dias, 1\u00ba e 2\/9, em auditoria externa para verifica\u00e7\u00e3o de conformidade no n\u00edvel mais alto (IV) do Programa de Certifica\u00e7\u00e3o Institucional e Moderniza\u00e7\u00e3o da gest\u00e3o dos Regimes Pr\u00f3prios de Previd\u00eancia Social da Uni\u00e3o, dos Estados, do Distrito Federal e Munic\u00edpios, a autarquia conquistou a manuten\u00e7\u00e3o do certificado, pela segunda vez.\" \/>\n<meta name=\"robots\" content=\"index, follow, max-snippet:-1, max-image-preview:large, max-video-preview:-1\" \/>\n<link rel=\"canonical\" href=\"https:\/\/www.manaus.am.gov.br\/semcom\/certificado-pro-gestao-rpps\/\" \/>\n<meta property=\"og:locale\" content=\"pt_BR\" \/>\n<meta property=\"og:type\" content=\"article\" \/>\n<meta property=\"og:title\" content=\"Manausprev conquista manuten\u00e7\u00e3o do certificado \u2018Pr\u00f3-Gest\u00e3o RPPS\u2019 no n\u00edvel mais alto\" \/>\n<meta property=\"og:description\" content=\"Ap\u00f3s a Manaus Previd\u00eancia passar dois dias, 1\u00ba e 2\/9, em auditoria externa para verifica\u00e7\u00e3o de conformidade no n\u00edvel mais alto (IV) do Programa de Certifica\u00e7\u00e3o Institucional e Moderniza\u00e7\u00e3o da gest\u00e3o dos Regimes Pr\u00f3prios de Previd\u00eancia Social da Uni\u00e3o, dos Estados, do Distrito Federal e Munic\u00edpios, a autarquia conquistou a manuten\u00e7\u00e3o do certificado, pela segunda vez.\" \/>\n<meta property=\"og:url\" content=\"https:\/\/www.manaus.am.gov.br\/semcom\/certificado-pro-gestao-rpps\/\" \/>\n<meta property=\"og:site_name\" content=\"SEMCOM\" \/>\n<meta property=\"article:published_time\" content=\"2025-09-02T23:17:59+00:00\" \/>\n<meta property=\"article:modified_time\" content=\"2025-09-02T23:21:16+00:00\" \/>\n<meta property=\"og:image\" content=\"https:\/\/www.manaus.am.gov.br\/semcom\/wp-content\/uploads\/sites\/5\/2025\/09\/Auditoria-externa-1.jpeg\" \/>\n\t<meta property=\"og:image:width\" content=\"1600\" \/>\n\t<meta property=\"og:image:height\" content=\"1200\" \/>\n\t<meta property=\"og:image:type\" content=\"image\/jpeg\" \/>\n<meta name=\"author\" content=\"bvalente\" \/>\n<meta name=\"twitter:card\" content=\"summary_large_image\" \/>\n<meta name=\"twitter:label1\" content=\"Written by\" \/>\n\t<meta name=\"twitter:data1\" content=\"bvalente\" \/>\n<script type=\"application\/ld+json\" class=\"yoast-schema-graph\">{\"@context\":\"https:\/\/schema.org\",\"@graph\":[{\"@type\":\"WebPage\",\"@id\":\"https:\/\/www.manaus.am.gov.br\/semcom\/certificado-pro-gestao-rpps\/\",\"url\":\"https:\/\/www.manaus.am.gov.br\/semcom\/certificado-pro-gestao-rpps\/\",\"name\":\"Manausprev conquista manuten\u00e7\u00e3o do certificado \u2018Pr\u00f3-Gest\u00e3o RPPS\u2019 no n\u00edvel mais alto\",\"isPartOf\":{\"@id\":\"https:\/\/www.manaus.am.gov.br\/semcom\/#website\"},\"primaryImageOfPage\":{\"@id\":\"https:\/\/www.manaus.am.gov.br\/semcom\/certificado-pro-gestao-rpps\/#primaryimage\"},\"image\":{\"@id\":\"https:\/\/www.manaus.am.gov.br\/semcom\/certificado-pro-gestao-rpps\/#primaryimage\"},\"thumbnailUrl\":\"https:\/\/www.manaus.am.gov.br\/semcom\/wp-content\/uploads\/sites\/5\/2025\/09\/Auditoria-externa-1.jpeg\",\"datePublished\":\"2025-09-02T23:17:59+00:00\",\"dateModified\":\"2025-09-02T23:21:16+00:00\",\"author\":{\"@id\":\"https:\/\/www.manaus.am.gov.br\/semcom\/#\/schema\/person\/466a0e03ae4b6062809046bd560ac955\"},\"description\":\"Ap\u00f3s a Manaus Previd\u00eancia passar dois dias, 1\u00ba e 2\/9, em auditoria externa para verifica\u00e7\u00e3o de conformidade no n\u00edvel mais alto (IV) do Programa de Certifica\u00e7\u00e3o Institucional e Moderniza\u00e7\u00e3o da gest\u00e3o dos Regimes Pr\u00f3prios de Previd\u00eancia Social da Uni\u00e3o, dos Estados, do Distrito Federal e Munic\u00edpios, a autarquia conquistou a manuten\u00e7\u00e3o do certificado, pela segunda vez.\",\"inLanguage\":\"pt-BR\",\"potentialAction\":[{\"@type\":\"ReadAction\",\"target\":[\"https:\/\/www.manaus.am.gov.br\/semcom\/certificado-pro-gestao-rpps\/\"]}]},{\"@type\":\"ImageObject\",\"inLanguage\":\"pt-BR\",\"@id\":\"https:\/\/www.manaus.am.gov.br\/semcom\/certificado-pro-gestao-rpps\/#primaryimage\",\"url\":\"https:\/\/www.manaus.am.gov.br\/semcom\/wp-content\/uploads\/sites\/5\/2025\/09\/Auditoria-externa-1.jpeg\",\"contentUrl\":\"https:\/\/www.manaus.am.gov.br\/semcom\/wp-content\/uploads\/sites\/5\/2025\/09\/Auditoria-externa-1.jpeg\",\"width\":1600,\"height\":1200},{\"@type\":\"WebSite\",\"@id\":\"https:\/\/www.manaus.am.gov.br\/semcom\/#website\",\"url\":\"https:\/\/www.manaus.am.gov.br\/semcom\/\",\"name\":\"SEMCOM\",\"description\":\"Secretaria Municipal de Comunica\u00e7\u00e3o\",\"potentialAction\":[{\"@type\":\"SearchAction\",\"target\":{\"@type\":\"EntryPoint\",\"urlTemplate\":\"https:\/\/www.manaus.am.gov.br\/semcom\/?s={search_term_string}\"},\"query-input\":\"required name=search_term_string\"}],\"inLanguage\":\"pt-BR\"},{\"@type\":\"Person\",\"@id\":\"https:\/\/www.manaus.am.gov.br\/semcom\/#\/schema\/person\/466a0e03ae4b6062809046bd560ac955\",\"name\":\"bvalente\",\"image\":{\"@type\":\"ImageObject\",\"inLanguage\":\"pt-BR\",\"@id\":\"https:\/\/www.manaus.am.gov.br\/semcom\/#\/schema\/person\/image\/\",\"url\":\"https:\/\/secure.gravatar.com\/avatar\/3e69bc2b014bdad41adfec3a39de07d2?s=96&d=mm&r=g\",\"contentUrl\":\"https:\/\/secure.gravatar.com\/avatar\/3e69bc2b014bdad41adfec3a39de07d2?s=96&d=mm&r=g\",\"caption\":\"bvalente\"}}]}<\/script>\n<!-- \/ Yoast SEO plugin. -->","yoast_head_json":{"title":"Manausprev conquista manuten\u00e7\u00e3o do certificado \u2018Pr\u00f3-Gest\u00e3o RPPS\u2019 no n\u00edvel mais alto","description":"Ap\u00f3s a Manaus Previd\u00eancia passar dois dias, 1\u00ba e 2\/9, em auditoria externa para verifica\u00e7\u00e3o de conformidade no n\u00edvel mais alto (IV) do Programa de Certifica\u00e7\u00e3o Institucional e Moderniza\u00e7\u00e3o da gest\u00e3o dos Regimes Pr\u00f3prios de Previd\u00eancia Social da Uni\u00e3o, dos Estados, do Distrito Federal e Munic\u00edpios, a autarquia conquistou a manuten\u00e7\u00e3o do certificado, pela segunda vez.","robots":{"index":"index","follow":"follow","max-snippet":"max-snippet:-1","max-image-preview":"max-image-preview:large","max-video-preview":"max-video-preview:-1"},"canonical":"https:\/\/www.manaus.am.gov.br\/semcom\/certificado-pro-gestao-rpps\/","og_locale":"pt_BR","og_type":"article","og_title":"Manausprev conquista manuten\u00e7\u00e3o do certificado \u2018Pr\u00f3-Gest\u00e3o RPPS\u2019 no n\u00edvel mais alto","og_description":"Ap\u00f3s a Manaus Previd\u00eancia passar dois dias, 1\u00ba e 2\/9, em auditoria externa para verifica\u00e7\u00e3o de conformidade no n\u00edvel mais alto (IV) do Programa de Certifica\u00e7\u00e3o Institucional e Moderniza\u00e7\u00e3o da gest\u00e3o dos Regimes Pr\u00f3prios de Previd\u00eancia Social da Uni\u00e3o, dos Estados, do Distrito Federal e Munic\u00edpios, a autarquia conquistou a manuten\u00e7\u00e3o do certificado, pela segunda vez.","og_url":"https:\/\/www.manaus.am.gov.br\/semcom\/certificado-pro-gestao-rpps\/","og_site_name":"SEMCOM","article_published_time":"2025-09-02T23:17:59+00:00","article_modified_time":"2025-09-02T23:21:16+00:00","og_image":[{"width":1600,"height":1200,"url":"https:\/\/www.manaus.am.gov.br\/semcom\/wp-content\/uploads\/sites\/5\/2025\/09\/Auditoria-externa-1.jpeg","type":"image\/jpeg"}],"author":"bvalente","twitter_card":"summary_large_image","twitter_misc":{"Written by":"bvalente"},"schema":{"@context":"https:\/\/schema.org","@graph":[{"@type":"WebPage","@id":"https:\/\/www.manaus.am.gov.br\/semcom\/certificado-pro-gestao-rpps\/","url":"https:\/\/www.manaus.am.gov.br\/semcom\/certificado-pro-gestao-rpps\/","name":"Manausprev conquista manuten\u00e7\u00e3o do certificado \u2018Pr\u00f3-Gest\u00e3o RPPS\u2019 no n\u00edvel mais alto","isPartOf":{"@id":"https:\/\/www.manaus.am.gov.br\/semcom\/#website"},"primaryImageOfPage":{"@id":"https:\/\/www.manaus.am.gov.br\/semcom\/certificado-pro-gestao-rpps\/#primaryimage"},"image":{"@id":"https:\/\/www.manaus.am.gov.br\/semcom\/certificado-pro-gestao-rpps\/#primaryimage"},"thumbnailUrl":"https:\/\/www.manaus.am.gov.br\/semcom\/wp-content\/uploads\/sites\/5\/2025\/09\/Auditoria-externa-1.jpeg","datePublished":"2025-09-02T23:17:59+00:00","dateModified":"2025-09-02T23:21:16+00:00","author":{"@id":"https:\/\/www.manaus.am.gov.br\/semcom\/#\/schema\/person\/466a0e03ae4b6062809046bd560ac955"},"description":"Ap\u00f3s a Manaus Previd\u00eancia passar dois dias, 1\u00ba e 2\/9, em auditoria externa para verifica\u00e7\u00e3o de conformidade no n\u00edvel mais alto (IV) do Programa de Certifica\u00e7\u00e3o Institucional e Moderniza\u00e7\u00e3o da gest\u00e3o dos Regimes Pr\u00f3prios de Previd\u00eancia Social da Uni\u00e3o, dos Estados, do Distrito Federal e Munic\u00edpios, a autarquia conquistou a manuten\u00e7\u00e3o do certificado, pela segunda vez.","inLanguage":"pt-BR","potentialAction":[{"@type":"ReadAction","target":["https:\/\/www.manaus.am.gov.br\/semcom\/certificado-pro-gestao-rpps\/"]}]},{"@type":"ImageObject","inLanguage":"pt-BR","@id":"https:\/\/www.manaus.am.gov.br\/semcom\/certificado-pro-gestao-rpps\/#primaryimage","url":"https:\/\/www.manaus.am.gov.br\/semcom\/wp-content\/uploads\/sites\/5\/2025\/09\/Auditoria-externa-1.jpeg","contentUrl":"https:\/\/www.manaus.am.gov.br\/semcom\/wp-content\/uploads\/sites\/5\/2025\/09\/Auditoria-externa-1.jpeg","width":1600,"height":1200},{"@type":"WebSite","@id":"https:\/\/www.manaus.am.gov.br\/semcom\/#website","url":"https:\/\/www.manaus.am.gov.br\/semcom\/","name":"SEMCOM","description":"Secretaria Municipal de Comunica\u00e7\u00e3o","potentialAction":[{"@type":"SearchAction","target":{"@type":"EntryPoint","urlTemplate":"https:\/\/www.manaus.am.gov.br\/semcom\/?s={search_term_string}"},"query-input":"required name=search_term_string"}],"inLanguage":"pt-BR"},{"@type":"Person","@id":"https:\/\/www.manaus.am.gov.br\/semcom\/#\/schema\/person\/466a0e03ae4b6062809046bd560ac955","name":"bvalente","image":{"@type":"ImageObject","inLanguage":"pt-BR","@id":"https:\/\/www.manaus.am.gov.br\/semcom\/#\/schema\/person\/image\/","url":"https:\/\/secure.gravatar.com\/avatar\/3e69bc2b014bdad41adfec3a39de07d2?s=96&d=mm&r=g","contentUrl":"https:\/\/secure.gravatar.com\/avatar\/3e69bc2b014bdad41adfec3a39de07d2?s=96&d=mm&r=g","caption":"bvalente"}}]}},"_links":{"self":[{"href":"https:\/\/www.manaus.am.gov.br\/semcom\/wp-json\/wp\/v2\/posts\/244872"}],"collection":[{"href":"https:\/\/www.manaus.am.gov.br\/semcom\/wp-json\/wp\/v2\/posts"}],"about":[{"href":"https:\/\/www.manaus.am.gov.br\/semcom\/wp-json\/wp\/v2\/types\/post"}],"author":[{"embeddable":true,"href":"https:\/\/www.manaus.am.gov.br\/semcom\/wp-json\/wp\/v2\/users\/68"}],"replies":[{"embeddable":true,"href":"https:\/\/www.manaus.am.gov.br\/semcom\/wp-json\/wp\/v2\/comments?post=244872"}],"version-history":[{"count":1,"href":"https:\/\/www.manaus.am.gov.br\/semcom\/wp-json\/wp\/v2\/posts\/244872\/revisions"}],"predecessor-version":[{"id":244874,"href":"https:\/\/www.manaus.am.gov.br\/semcom\/wp-json\/wp\/v2\/posts\/244872\/revisions\/244874"}],"wp:featuredmedia":[{"embeddable":true,"href":"https:\/\/www.manaus.am.gov.br\/semcom\/wp-json\/wp\/v2\/media\/244873"}],"wp:attachment":[{"href":"https:\/\/www.manaus.am.gov.br\/semcom\/wp-json\/wp\/v2\/media?parent=244872"}],"wp:term":[{"taxonomy":"category","embeddable":true,"href":"https:\/\/www.manaus.am.gov.br\/semcom\/wp-json\/wp\/v2\/categories?post=244872"},{"taxonomy":"post_tag","embeddable":true,"href":"https:\/\/www.manaus.am.gov.br\/semcom\/wp-json\/wp\/v2\/tags?post=244872"}],"curies":[{"name":"wp","href":"https:\/\/api.w.org\/{rel}","templated":true}]}}