{"id":244841,"date":"2025-09-02T12:40:46","date_gmt":"2025-09-02T16:40:46","guid":{"rendered":"https:\/\/www.manaus.am.gov.br\/semcom\/soumanaus-2025-inicia-cinema-oficina-2-9\/"},"modified":"2025-09-02T12:40:46","modified_gmt":"2025-09-02T16:40:46","slug":"soumanaus-2025-inicia-cinema-oficina-2-9","status":"publish","type":"post","link":"https:\/\/www.manaus.am.gov.br\/semcom\/soumanaus-2025-inicia-cinema-oficina-2-9\/","title":{"rendered":"\u2018#SouManaus Passo a Pa\u00e7o 2025\u2019 inicia com mostra de cinema e Oficina de Tingimento Natural nesta ter\u00e7a-feira, 2\/9"},"content":{"rendered":"\n<p>A Prefeitura de Manaus, por meio da&nbsp;Funda\u00e7\u00e3o Municipal de Cultura, Turismo e Eventos (Manauscult), d\u00e1 in\u00edcio, nesta ter\u00e7a-feira, 2\/9, \u00e0 programa\u00e7\u00e3o do \u201c#SouManaus Passo a Pa\u00e7o 2025\u201d, marcada pela diversidade de linguagens art\u00edsticas.<\/p>\n\n\n\n<p>Neste primeiro dia, o p\u00fablico poder\u00e1 vivenciar experi\u00eancias que unem tradi\u00e7\u00e3o, inova\u00e7\u00e3o e representatividade, com a abertura da \u201cMostra Cine #SouManaus\u201d e a \u201cOficina de Tingimento Natural\u201d, atividade do projeto &#8220;Tecelagem na Floresta&#8221;.<\/p>\n\n\n\n<p><br>\u201cO \u2018#SouManaus\u2019 \u00e9 mais do que um festival, \u00e9 um encontro de identidades, linguagens e mem\u00f3rias que transformam a cidade em palco da cultura amaz\u00f4nica. O Cine #SouManaus e o Tecelagem na Floresta traduzem esse esp\u00edrito de pluralidade e pertencimento, reafirmando nosso compromisso com a democratiza\u00e7\u00e3o do acesso \u00e0s artes\u201d, destacou o diretor-presidente da Manauscult, Jender Lobato.<\/p>\n\n\n\n<p><br><strong>Oficina<\/strong><\/p>\n\n\n\n<p><br>A \u201cOficina de Tingimento Natural\u201d, conduzida pelo estilista e figurinista ind\u00edgena Sioduhi, do povo piratapuya (wa\u00edkahna), nascido na comunidade Mariw\u00e1, no m\u00e9dio rio Uaup\u00e9s, no Amazonas, acontece \u00e0s 15h, no audit\u00f3rio de Gastronomia da Faculdade Santa Tereza, no bairro Nossa Senhora das Gra\u00e7as, zona Centro-Sul da cidade.<\/p>\n\n\n\n<p>Diretor do Sioduhi Studio, o artista \u00e9 refer\u00eancia no conceito de futurismo ind\u00edgena amaz\u00f4nico, que alia moda autoral, sustentabilidade e tradi\u00e7\u00e3o. Entre as t\u00e9cnicas aplicadas, est\u00e3o os tingimentos naturais (com a tecnologia ManioColor, baseada na casca da mandioca brava) e o uso de fibras amaz\u00f4nicas (com o tucum).<\/p>\n\n\n\n<p><br>Como parte da programa\u00e7\u00e3o do \u201c#SouManaus 2025\u201d, a atividade integra o projeto Tecelagem na Floresta e refor\u00e7a a ideia de que vestir-se \u00e9 tamb\u00e9m um ato de express\u00e3o cultural e resist\u00eancia, fazendo ecoar a voz da floresta em cada cria\u00e7\u00e3o.<\/p>\n\n\n\n<p><br><strong>Mostra de cinema<\/strong><\/p>\n\n\n\n<p>Outra atra\u00e7\u00e3o que marca o in\u00edcio do festival \u00e9 a \u201cMostra Cine #SouManaus\u201d, que chega \u00e0 sua 10\u00aa edi\u00e7\u00e3o reafirmando o compromisso do evento com a pluralidade cultural e a democratiza\u00e7\u00e3o do acesso \u00e0s artes. Dedicada a coletivos e festivais independentes, a mostra traz ao p\u00fablico narrativas que abordam diversidade, periferia, representatividade negra e povos origin\u00e1rios.<\/p>\n\n\n\n<p><br>As exibi\u00e7\u00f5es acontecem nos dias 2, 3 e 4\/9, sempre \u00e0s 19h, no Centro de Arqueologia de Manaus (CAM), no Centro, zona Sul.<\/p>\n\n\n\n<p><br>Nesta ter\u00e7a-feira, a mostra apresenta o Cine Diversidade (Festival Close) com filmes que abordam experi\u00eancias LGBTQIAPN+, como: &nbsp;Tens Cuidado, de Gabriel Le\u00e3o e Paulla Ba\u00e7al; At\u00e9 que a \u00faltima luz se apague, de Williams Ferry; e Manaus Hot City, de Rafael Ramos.<\/p>\n\n\n\n<p><br>Neste ano, o \u201c#SouManaus\u201d celebra uma d\u00e9cada de exist\u00eancia com o tema \u201cA Festa do Povo Floresta\u201d. O festival se consolidou como o maior festival gratuito de artes integradas do Brasil, transformando a capital amazonense em um grande palco a c\u00e9u aberto, onde a diversidade cultural encontra espa\u00e7o para ecoar e se reinventar.<\/p>\n\n\n\n<figure class=\"wp-block-image size-large\"><img loading=\"lazy\" decoding=\"async\" width=\"1024\" height=\"685\" src=\"https:\/\/www.manaus.am.gov.br\/semcom\/wp-content\/uploads\/sites\/5\/2025\/09\/CAM-2-1-1536x1027-1-1024x685.jpeg\" alt=\"\" class=\"wp-image-244843\" srcset=\"https:\/\/www.manaus.am.gov.br\/semcom\/wp-content\/uploads\/sites\/5\/2025\/09\/CAM-2-1-1536x1027-1-1024x685.jpeg 1024w, https:\/\/www.manaus.am.gov.br\/semcom\/wp-content\/uploads\/sites\/5\/2025\/09\/CAM-2-1-1536x1027-1-300x201.jpeg 300w, https:\/\/www.manaus.am.gov.br\/semcom\/wp-content\/uploads\/sites\/5\/2025\/09\/CAM-2-1-1536x1027-1-768x514.jpeg 768w, https:\/\/www.manaus.am.gov.br\/semcom\/wp-content\/uploads\/sites\/5\/2025\/09\/CAM-2-1-1536x1027-1.jpeg 1536w\" sizes=\"(max-width: 1024px) 100vw, 1024px\" \/><\/figure>\n\n\n\n<p>&#8212; &#8212; &#8212;<\/p>\n\n\n\n<p><strong>Texto<\/strong>\u00a0&#8211; J\u00e9ssica Trajano\/Manauscult<\/p>\n\n\n\n<p><strong>Fotos \u2013 <\/strong>Arquivo\/Semcom<\/p>\n","protected":false},"excerpt":{"rendered":"","protected":false},"author":39,"featured_media":244842,"comment_status":"closed","ping_status":"closed","sticky":false,"template":"","format":"standard","meta":{"footnotes":""},"categories":[4867],"tags":[15305,16593,16608,16609,77,1001],"acf":[],"yoast_head":"<!-- This site is optimized with the Yoast SEO plugin v23.0 - https:\/\/yoast.com\/wordpress\/plugins\/seo\/ -->\n<title>#SouManaus 2025 inicia com mostra de cinema e oficina<\/title>\n<meta name=\"description\" content=\"\u2018#SouManaus Passo a Pa\u00e7o 2025\u2019 inicia com mostra de cinema e Oficina de Tingimento Natural nesta ter\u00e7a-feira, 2\/9.\" \/>\n<meta name=\"robots\" content=\"index, follow, max-snippet:-1, max-image-preview:large, max-video-preview:-1\" \/>\n<link rel=\"canonical\" href=\"https:\/\/www.manaus.am.gov.br\/semcom\/soumanaus-2025-inicia-cinema-oficina-2-9\/\" \/>\n<meta property=\"og:locale\" content=\"pt_BR\" \/>\n<meta property=\"og:type\" content=\"article\" \/>\n<meta property=\"og:title\" content=\"#SouManaus 2025 inicia com mostra de cinema e oficina\" \/>\n<meta property=\"og:description\" content=\"\u2018#SouManaus Passo a Pa\u00e7o 2025\u2019 inicia com mostra de cinema e Oficina de Tingimento Natural nesta ter\u00e7a-feira, 2\/9.\" \/>\n<meta property=\"og:url\" content=\"https:\/\/www.manaus.am.gov.br\/semcom\/soumanaus-2025-inicia-cinema-oficina-2-9\/\" \/>\n<meta property=\"og:site_name\" content=\"SEMCOM\" \/>\n<meta property=\"article:published_time\" content=\"2025-09-02T16:40:46+00:00\" \/>\n<meta property=\"og:image\" content=\"https:\/\/www.manaus.am.gov.br\/semcom\/wp-content\/uploads\/sites\/5\/2025\/09\/54644887114_dda9505505_k.jpg\" \/>\n\t<meta property=\"og:image:width\" content=\"2048\" \/>\n\t<meta property=\"og:image:height\" content=\"1365\" \/>\n\t<meta property=\"og:image:type\" content=\"image\/jpeg\" \/>\n<meta name=\"author\" content=\"Bruna Greco\" \/>\n<meta name=\"twitter:card\" content=\"summary_large_image\" \/>\n<meta name=\"twitter:label1\" content=\"Written by\" \/>\n\t<meta name=\"twitter:data1\" content=\"Bruna Greco\" \/>\n\t<meta name=\"twitter:label2\" content=\"Est. reading time\" \/>\n\t<meta name=\"twitter:data2\" content=\"3 minutos\" \/>\n<script type=\"application\/ld+json\" class=\"yoast-schema-graph\">{\"@context\":\"https:\/\/schema.org\",\"@graph\":[{\"@type\":\"WebPage\",\"@id\":\"https:\/\/www.manaus.am.gov.br\/semcom\/soumanaus-2025-inicia-cinema-oficina-2-9\/\",\"url\":\"https:\/\/www.manaus.am.gov.br\/semcom\/soumanaus-2025-inicia-cinema-oficina-2-9\/\",\"name\":\"#SouManaus 2025 inicia com mostra de cinema e oficina\",\"isPartOf\":{\"@id\":\"https:\/\/www.manaus.am.gov.br\/semcom\/#website\"},\"primaryImageOfPage\":{\"@id\":\"https:\/\/www.manaus.am.gov.br\/semcom\/soumanaus-2025-inicia-cinema-oficina-2-9\/#primaryimage\"},\"image\":{\"@id\":\"https:\/\/www.manaus.am.gov.br\/semcom\/soumanaus-2025-inicia-cinema-oficina-2-9\/#primaryimage\"},\"thumbnailUrl\":\"https:\/\/www.manaus.am.gov.br\/semcom\/wp-content\/uploads\/sites\/5\/2025\/09\/54644887114_dda9505505_k.jpg\",\"datePublished\":\"2025-09-02T16:40:46+00:00\",\"dateModified\":\"2025-09-02T16:40:46+00:00\",\"author\":{\"@id\":\"https:\/\/www.manaus.am.gov.br\/semcom\/#\/schema\/person\/05d223aea2bf115f9883a6ff3683d81b\"},\"description\":\"\u2018#SouManaus Passo a Pa\u00e7o 2025\u2019 inicia com mostra de cinema e Oficina de Tingimento Natural nesta ter\u00e7a-feira, 2\/9.\",\"inLanguage\":\"pt-BR\",\"potentialAction\":[{\"@type\":\"ReadAction\",\"target\":[\"https:\/\/www.manaus.am.gov.br\/semcom\/soumanaus-2025-inicia-cinema-oficina-2-9\/\"]}]},{\"@type\":\"ImageObject\",\"inLanguage\":\"pt-BR\",\"@id\":\"https:\/\/www.manaus.am.gov.br\/semcom\/soumanaus-2025-inicia-cinema-oficina-2-9\/#primaryimage\",\"url\":\"https:\/\/www.manaus.am.gov.br\/semcom\/wp-content\/uploads\/sites\/5\/2025\/09\/54644887114_dda9505505_k.jpg\",\"contentUrl\":\"https:\/\/www.manaus.am.gov.br\/semcom\/wp-content\/uploads\/sites\/5\/2025\/09\/54644887114_dda9505505_k.jpg\",\"width\":2048,\"height\":1365,\"caption\":\"#paratodosverem - Lan\u00e7amento do \\\"#SouManaus Passo a Pa\u00e7o 2025\\\"\"},{\"@type\":\"WebSite\",\"@id\":\"https:\/\/www.manaus.am.gov.br\/semcom\/#website\",\"url\":\"https:\/\/www.manaus.am.gov.br\/semcom\/\",\"name\":\"SEMCOM\",\"description\":\"Secretaria Municipal de Comunica\u00e7\u00e3o\",\"potentialAction\":[{\"@type\":\"SearchAction\",\"target\":{\"@type\":\"EntryPoint\",\"urlTemplate\":\"https:\/\/www.manaus.am.gov.br\/semcom\/?s={search_term_string}\"},\"query-input\":\"required name=search_term_string\"}],\"inLanguage\":\"pt-BR\"},{\"@type\":\"Person\",\"@id\":\"https:\/\/www.manaus.am.gov.br\/semcom\/#\/schema\/person\/05d223aea2bf115f9883a6ff3683d81b\",\"name\":\"Bruna Greco\",\"image\":{\"@type\":\"ImageObject\",\"inLanguage\":\"pt-BR\",\"@id\":\"https:\/\/www.manaus.am.gov.br\/semcom\/#\/schema\/person\/image\/\",\"url\":\"https:\/\/secure.gravatar.com\/avatar\/9c877d1a6adc2a055330e5c09a8653ce?s=96&d=mm&r=g\",\"contentUrl\":\"https:\/\/secure.gravatar.com\/avatar\/9c877d1a6adc2a055330e5c09a8653ce?s=96&d=mm&r=g\",\"caption\":\"Bruna Greco\"}}]}<\/script>\n<!-- \/ Yoast SEO plugin. -->","yoast_head_json":{"title":"#SouManaus 2025 inicia com mostra de cinema e oficina","description":"\u2018#SouManaus Passo a Pa\u00e7o 2025\u2019 inicia com mostra de cinema e Oficina de Tingimento Natural nesta ter\u00e7a-feira, 2\/9.","robots":{"index":"index","follow":"follow","max-snippet":"max-snippet:-1","max-image-preview":"max-image-preview:large","max-video-preview":"max-video-preview:-1"},"canonical":"https:\/\/www.manaus.am.gov.br\/semcom\/soumanaus-2025-inicia-cinema-oficina-2-9\/","og_locale":"pt_BR","og_type":"article","og_title":"#SouManaus 2025 inicia com mostra de cinema e oficina","og_description":"\u2018#SouManaus Passo a Pa\u00e7o 2025\u2019 inicia com mostra de cinema e Oficina de Tingimento Natural nesta ter\u00e7a-feira, 2\/9.","og_url":"https:\/\/www.manaus.am.gov.br\/semcom\/soumanaus-2025-inicia-cinema-oficina-2-9\/","og_site_name":"SEMCOM","article_published_time":"2025-09-02T16:40:46+00:00","og_image":[{"width":2048,"height":1365,"url":"https:\/\/www.manaus.am.gov.br\/semcom\/wp-content\/uploads\/sites\/5\/2025\/09\/54644887114_dda9505505_k.jpg","type":"image\/jpeg"}],"author":"Bruna Greco","twitter_card":"summary_large_image","twitter_misc":{"Written by":"Bruna Greco","Est. reading time":"3 minutos"},"schema":{"@context":"https:\/\/schema.org","@graph":[{"@type":"WebPage","@id":"https:\/\/www.manaus.am.gov.br\/semcom\/soumanaus-2025-inicia-cinema-oficina-2-9\/","url":"https:\/\/www.manaus.am.gov.br\/semcom\/soumanaus-2025-inicia-cinema-oficina-2-9\/","name":"#SouManaus 2025 inicia com mostra de cinema e oficina","isPartOf":{"@id":"https:\/\/www.manaus.am.gov.br\/semcom\/#website"},"primaryImageOfPage":{"@id":"https:\/\/www.manaus.am.gov.br\/semcom\/soumanaus-2025-inicia-cinema-oficina-2-9\/#primaryimage"},"image":{"@id":"https:\/\/www.manaus.am.gov.br\/semcom\/soumanaus-2025-inicia-cinema-oficina-2-9\/#primaryimage"},"thumbnailUrl":"https:\/\/www.manaus.am.gov.br\/semcom\/wp-content\/uploads\/sites\/5\/2025\/09\/54644887114_dda9505505_k.jpg","datePublished":"2025-09-02T16:40:46+00:00","dateModified":"2025-09-02T16:40:46+00:00","author":{"@id":"https:\/\/www.manaus.am.gov.br\/semcom\/#\/schema\/person\/05d223aea2bf115f9883a6ff3683d81b"},"description":"\u2018#SouManaus Passo a Pa\u00e7o 2025\u2019 inicia com mostra de cinema e Oficina de Tingimento Natural nesta ter\u00e7a-feira, 2\/9.","inLanguage":"pt-BR","potentialAction":[{"@type":"ReadAction","target":["https:\/\/www.manaus.am.gov.br\/semcom\/soumanaus-2025-inicia-cinema-oficina-2-9\/"]}]},{"@type":"ImageObject","inLanguage":"pt-BR","@id":"https:\/\/www.manaus.am.gov.br\/semcom\/soumanaus-2025-inicia-cinema-oficina-2-9\/#primaryimage","url":"https:\/\/www.manaus.am.gov.br\/semcom\/wp-content\/uploads\/sites\/5\/2025\/09\/54644887114_dda9505505_k.jpg","contentUrl":"https:\/\/www.manaus.am.gov.br\/semcom\/wp-content\/uploads\/sites\/5\/2025\/09\/54644887114_dda9505505_k.jpg","width":2048,"height":1365,"caption":"#paratodosverem - Lan\u00e7amento do \"#SouManaus Passo a Pa\u00e7o 2025\""},{"@type":"WebSite","@id":"https:\/\/www.manaus.am.gov.br\/semcom\/#website","url":"https:\/\/www.manaus.am.gov.br\/semcom\/","name":"SEMCOM","description":"Secretaria Municipal de Comunica\u00e7\u00e3o","potentialAction":[{"@type":"SearchAction","target":{"@type":"EntryPoint","urlTemplate":"https:\/\/www.manaus.am.gov.br\/semcom\/?s={search_term_string}"},"query-input":"required name=search_term_string"}],"inLanguage":"pt-BR"},{"@type":"Person","@id":"https:\/\/www.manaus.am.gov.br\/semcom\/#\/schema\/person\/05d223aea2bf115f9883a6ff3683d81b","name":"Bruna Greco","image":{"@type":"ImageObject","inLanguage":"pt-BR","@id":"https:\/\/www.manaus.am.gov.br\/semcom\/#\/schema\/person\/image\/","url":"https:\/\/secure.gravatar.com\/avatar\/9c877d1a6adc2a055330e5c09a8653ce?s=96&d=mm&r=g","contentUrl":"https:\/\/secure.gravatar.com\/avatar\/9c877d1a6adc2a055330e5c09a8653ce?s=96&d=mm&r=g","caption":"Bruna Greco"}}]}},"_links":{"self":[{"href":"https:\/\/www.manaus.am.gov.br\/semcom\/wp-json\/wp\/v2\/posts\/244841"}],"collection":[{"href":"https:\/\/www.manaus.am.gov.br\/semcom\/wp-json\/wp\/v2\/posts"}],"about":[{"href":"https:\/\/www.manaus.am.gov.br\/semcom\/wp-json\/wp\/v2\/types\/post"}],"author":[{"embeddable":true,"href":"https:\/\/www.manaus.am.gov.br\/semcom\/wp-json\/wp\/v2\/users\/39"}],"replies":[{"embeddable":true,"href":"https:\/\/www.manaus.am.gov.br\/semcom\/wp-json\/wp\/v2\/comments?post=244841"}],"version-history":[{"count":1,"href":"https:\/\/www.manaus.am.gov.br\/semcom\/wp-json\/wp\/v2\/posts\/244841\/revisions"}],"predecessor-version":[{"id":244844,"href":"https:\/\/www.manaus.am.gov.br\/semcom\/wp-json\/wp\/v2\/posts\/244841\/revisions\/244844"}],"wp:featuredmedia":[{"embeddable":true,"href":"https:\/\/www.manaus.am.gov.br\/semcom\/wp-json\/wp\/v2\/media\/244842"}],"wp:attachment":[{"href":"https:\/\/www.manaus.am.gov.br\/semcom\/wp-json\/wp\/v2\/media?parent=244841"}],"wp:term":[{"taxonomy":"category","embeddable":true,"href":"https:\/\/www.manaus.am.gov.br\/semcom\/wp-json\/wp\/v2\/categories?post=244841"},{"taxonomy":"post_tag","embeddable":true,"href":"https:\/\/www.manaus.am.gov.br\/semcom\/wp-json\/wp\/v2\/tags?post=244841"}],"curies":[{"name":"wp","href":"https:\/\/api.w.org\/{rel}","templated":true}]}}