{"id":244834,"date":"2025-09-02T10:53:07","date_gmt":"2025-09-02T14:53:07","guid":{"rendered":"https:\/\/www.manaus.am.gov.br\/semcom\/novo-acmf-136-mil-metros-quadrados-licenciados\/"},"modified":"2025-09-02T10:53:07","modified_gmt":"2025-09-02T14:53:07","slug":"novo-acmf-136-mil-metros-quadrados-licenciados","status":"publish","type":"post","link":"https:\/\/www.manaus.am.gov.br\/semcom\/novo-acmf-136-mil-metros-quadrados-licenciados\/","title":{"rendered":"Novo Alvar\u00e1 de Constru\u00e7\u00e3o Mais F\u00e1cil da Prefeitura de Manaus chega a 13,6 mil metros quadrados licenciados"},"content":{"rendered":"\n<p>Com 56 novos Alvar\u00e1s de Constru\u00e7\u00e3o Mais F\u00e1cil (ACMF), a Prefeitura de Manaus, por meio do Instituto Municipal de Planejamento Urbano (Implurb), j\u00e1 licenciou 13,6 mil&nbsp;metros quadrados de obras dentro do sistema in\u00e9dito na capital. De fevereiro a agosto deste ano, foram expedidos oito novos documentos, por m\u00eas, com uma m\u00e9dia de 243,9 metros quadrados por processo.<\/p>\n\n\n\n<p>Ap\u00f3s o pagamento do boleto e o tempo para emiss\u00e3o do&nbsp;alvar\u00e1, o sistema teve um tempo m\u00e9dio para processar o documento de apenas&nbsp;nove minutos e 26 segundos. O menor tempo foi de um minuto, e o maior de 46 minutos. Este tempo depende absolutamente do usu\u00e1rio do sistema e da compensa\u00e7\u00e3o financeira. No formato de alvar\u00e1 convencional, o tempo m\u00e9dio pode chegar a at\u00e9 21 dias, em raz\u00e3o de an\u00e1lise pelas equipes t\u00e9cnicas.<\/p>\n\n\n\n<p>Com o ACMF, a Prefeitura de Manaus implantou uma inova\u00e7\u00e3o decisiva no licenciamento urban\u00edstico: um sistema totalmente on-line, automatizado e autodeclarat\u00f3rio para obras de at\u00e9 750 metros quadrados e at\u00e9 quatro pavimentos, enquadradas como de baixo impacto (tipos 1 e 2). O novo modelo atende desde constru\u00e7\u00f5es residenciais e multifamiliares at\u00e9 empreendimentos comerciais, de servi\u00e7os, industriais e de uso misto.<\/p>\n\n\n\n<p>Segundo o diretor-presidente do Implurb, Carlos Valente, o resultado j\u00e1 \u00e9 vis\u00edvel. \u201cSob a gest\u00e3o do prefeito David Almeida, Manaus est\u00e1 vivendo uma revolu\u00e7\u00e3o no licenciamento urbano. O ACMF trouxe mais agilidade, menos burocracia e mais economia, garantindo rapidez para quem quer construir e at\u00e9 20% de desconto para quem opta pelo pagamento \u00e0 vista\u201d, afirmou.<\/p>\n\n\n\n<p><strong>Automatiza\u00e7\u00e3o<\/strong><\/p>\n\n\n\n<p>Os documentos expedidos foram totalmente automatizados, realizados de forma on-line e com os recursos previstos na legisla\u00e7\u00e3o, incluindo descontos de pagamento das taxas. O sistema tem&nbsp;mais&nbsp;de 300 pessoas treinadas por profissionais do Implurb, para usar o procedimento, que permite ao requerente, devidamente habilitado, que possa ter um tempo m\u00e9dio em at\u00e9 duas horas para emitir o&nbsp;alvar\u00e1&nbsp;(incluindo neste prazo a emiss\u00e3o do DAM\/Documento de Arrecada\u00e7\u00e3o Municipal, o pagamento da taxa e a baixa no sistema banc\u00e1rio).<\/p>\n\n\n\n<p>\u201cS\u00e3o projetos que levam menos de duas horas para que o interessado alimente o sistema, fa\u00e7a o preenchimento dos dados e emita o boleto. \u00c9 uma ferramenta super amig\u00e1vel, e j\u00e1 treinamos&nbsp;mais&nbsp;de 300 profissionais, construindo uma nova din\u00e2mica na prefeitura. O tempo depende do usu\u00e1rio, uma vez que o sistema \u00e9 todo automatizado e parametrizado com as leis urbanas e o Plano Diretor\u201d, explicou Valente.<\/p>\n\n\n\n<p><strong>Cadastro<\/strong><\/p>\n\n\n\n<p>Para ter acesso ao sistema, os profissionais habilitados a fazer os licenciamentos no modelo autodeclarat\u00f3rio, arquitetos e engenheiros, v\u00e3o precisar ter credenciamento do respons\u00e1vel t\u00e9cnico, usando certificado digital (token). Os certificados funcionam em sistema operacional Windows.<\/p>\n\n\n\n<p>Podem ser respons\u00e1veis t\u00e9cnicos de projetos do ACMF os profissionais legalmente habilitados. Eles far\u00e3o inicialmente o&nbsp;<a href=\"https:\/\/amf.manaus.am.gov.br\/cadastro-usuario\" target=\"_blank\" rel=\"noreferrer noopener\">cadastro<\/a>&nbsp;no sistema, informando dados b\u00e1sicos de identifica\u00e7\u00e3o, endere\u00e7o de correspond\u00eancia e contato. O sistema, em si, \u00e9 muito intuitivo e simples, dependendo da inclus\u00e3o dos dados da obra.<\/p>\n\n\n\n<p>Com fluxo cont\u00ednuo para preenchimento simples e tendo uma sequ\u00eancia l\u00f3gica de an\u00e1lise e inclus\u00e3o de documentos solicitados, o sistema do novo&nbsp;alvar\u00e1&nbsp;tem itens parametrizados do Plano Diretor, como afastamento, gabarito, taxa de ocupa\u00e7\u00e3o, permeabilidade, vaga de estacionamento, entre outros itens em vigor.<\/p>\n\n\n\n<p>Por ser autodeclarat\u00f3rio, todas as informa\u00e7\u00f5es s\u00e3o de responsabilidade dos t\u00e9cnicos que assinam o projeto. Caso constatado declara\u00e7\u00f5es falsas ou omiss\u00f5es de informa\u00e7\u00f5es relevantes, ser\u00e1 oficiado ao Conselho de Arquitetura e Urbanismo do Amazonas (CAU-AM) e Conselho Regional de Engenharia e Agronomia do Amazonas (Crea-AM) para apura\u00e7\u00e3o da responsabilidade profissional, bem como ser\u00e1 informada a autoridade policial para apurar casos que configurem ato il\u00edcito. Durante o processo \u00e9 permitida a substitui\u00e7\u00e3o de respons\u00e1vel t\u00e9cnico.<\/p>\n\n\n\n<p><strong>Descontos<\/strong><\/p>\n\n\n\n<p>Al\u00e9m do ineditismo da automa\u00e7\u00e3o para o licenciamento urban\u00edstico, o ACMF tem desconto de 20%, a partir do decreto 5.750, assinado pelo prefeito David Almeida. Os descontos ser\u00e3o concedidos exclusivamente para os pagamentos em parcela \u00fanica.<\/p>\n\n\n\n<figure class=\"wp-block-image size-large\"><img loading=\"lazy\" decoding=\"async\" width=\"1024\" height=\"682\" src=\"https:\/\/www.manaus.am.gov.br\/semcom\/wp-content\/uploads\/sites\/5\/2025\/09\/Novo-sistema-1-1024x682.jpeg\" alt=\"\" class=\"wp-image-244835\" srcset=\"https:\/\/www.manaus.am.gov.br\/semcom\/wp-content\/uploads\/sites\/5\/2025\/09\/Novo-sistema-1-1024x682.jpeg 1024w, https:\/\/www.manaus.am.gov.br\/semcom\/wp-content\/uploads\/sites\/5\/2025\/09\/Novo-sistema-1-300x200.jpeg 300w, https:\/\/www.manaus.am.gov.br\/semcom\/wp-content\/uploads\/sites\/5\/2025\/09\/Novo-sistema-1-768x512.jpeg 768w, https:\/\/www.manaus.am.gov.br\/semcom\/wp-content\/uploads\/sites\/5\/2025\/09\/Novo-sistema-1-1536x1023.jpeg 1536w, https:\/\/www.manaus.am.gov.br\/semcom\/wp-content\/uploads\/sites\/5\/2025\/09\/Novo-sistema-1.jpeg 1600w\" sizes=\"(max-width: 1024px) 100vw, 1024px\" \/><\/figure>\n\n\n\n<p>&#8212; &#8212; &#8212;<\/p>\n\n\n\n<p><strong>Texto &#8211;<\/strong>\u00a0Cl\u00e1udia do Valle\/Implurb<\/p>\n\n\n\n<p><strong>Fotos<\/strong>\u00a0\u2013 Maxwell Oliveira\/Implurb<\/p>\n","protected":false},"excerpt":{"rendered":"","protected":false},"author":39,"featured_media":244836,"comment_status":"closed","ping_status":"closed","sticky":false,"template":"","format":"standard","meta":{"footnotes":""},"categories":[63],"tags":[16606,65,16607,77],"acf":[],"yoast_head":"<!-- This site is optimized with the Yoast SEO plugin v23.0 - https:\/\/yoast.com\/wordpress\/plugins\/seo\/ -->\n<title>Novo ACMF chega a 13,6 mil metros quadrados licenciados<\/title>\n<meta name=\"description\" content=\"Novo Alvar\u00e1 de Constru\u00e7\u00e3o Mais F\u00e1cil (ACMF) da Prefeitura de Manaus chega a 13,6 mil metros quadrados licenciados.\" \/>\n<meta name=\"robots\" content=\"index, follow, max-snippet:-1, max-image-preview:large, max-video-preview:-1\" \/>\n<link rel=\"canonical\" href=\"https:\/\/www.manaus.am.gov.br\/semcom\/novo-acmf-136-mil-metros-quadrados-licenciados\/\" \/>\n<meta property=\"og:locale\" content=\"pt_BR\" \/>\n<meta property=\"og:type\" content=\"article\" \/>\n<meta property=\"og:title\" content=\"Novo ACMF chega a 13,6 mil metros quadrados licenciados\" \/>\n<meta property=\"og:description\" content=\"Novo Alvar\u00e1 de Constru\u00e7\u00e3o Mais F\u00e1cil (ACMF) da Prefeitura de Manaus chega a 13,6 mil metros quadrados licenciados.\" \/>\n<meta property=\"og:url\" content=\"https:\/\/www.manaus.am.gov.br\/semcom\/novo-acmf-136-mil-metros-quadrados-licenciados\/\" \/>\n<meta property=\"og:site_name\" content=\"SEMCOM\" \/>\n<meta property=\"article:published_time\" content=\"2025-09-02T14:53:07+00:00\" \/>\n<meta property=\"og:image\" content=\"https:\/\/www.manaus.am.gov.br\/semcom\/wp-content\/uploads\/sites\/5\/2025\/09\/Novo-sistema-3.jpeg\" \/>\n\t<meta property=\"og:image:width\" content=\"1600\" \/>\n\t<meta property=\"og:image:height\" content=\"1200\" \/>\n\t<meta property=\"og:image:type\" content=\"image\/jpeg\" \/>\n<meta name=\"author\" content=\"Bruna Greco\" \/>\n<meta name=\"twitter:card\" content=\"summary_large_image\" \/>\n<meta name=\"twitter:label1\" content=\"Written by\" \/>\n\t<meta name=\"twitter:data1\" content=\"Bruna Greco\" \/>\n\t<meta name=\"twitter:label2\" content=\"Est. reading time\" \/>\n\t<meta name=\"twitter:data2\" content=\"4 minutos\" \/>\n<script type=\"application\/ld+json\" class=\"yoast-schema-graph\">{\"@context\":\"https:\/\/schema.org\",\"@graph\":[{\"@type\":\"WebPage\",\"@id\":\"https:\/\/www.manaus.am.gov.br\/semcom\/novo-acmf-136-mil-metros-quadrados-licenciados\/\",\"url\":\"https:\/\/www.manaus.am.gov.br\/semcom\/novo-acmf-136-mil-metros-quadrados-licenciados\/\",\"name\":\"Novo ACMF chega a 13,6 mil metros quadrados licenciados\",\"isPartOf\":{\"@id\":\"https:\/\/www.manaus.am.gov.br\/semcom\/#website\"},\"primaryImageOfPage\":{\"@id\":\"https:\/\/www.manaus.am.gov.br\/semcom\/novo-acmf-136-mil-metros-quadrados-licenciados\/#primaryimage\"},\"image\":{\"@id\":\"https:\/\/www.manaus.am.gov.br\/semcom\/novo-acmf-136-mil-metros-quadrados-licenciados\/#primaryimage\"},\"thumbnailUrl\":\"https:\/\/www.manaus.am.gov.br\/semcom\/wp-content\/uploads\/sites\/5\/2025\/09\/Novo-sistema-3.jpeg\",\"datePublished\":\"2025-09-02T14:53:07+00:00\",\"dateModified\":\"2025-09-02T14:53:07+00:00\",\"author\":{\"@id\":\"https:\/\/www.manaus.am.gov.br\/semcom\/#\/schema\/person\/05d223aea2bf115f9883a6ff3683d81b\"},\"description\":\"Novo Alvar\u00e1 de Constru\u00e7\u00e3o Mais F\u00e1cil (ACMF) da Prefeitura de Manaus chega a 13,6 mil metros quadrados licenciados.\",\"inLanguage\":\"pt-BR\",\"potentialAction\":[{\"@type\":\"ReadAction\",\"target\":[\"https:\/\/www.manaus.am.gov.br\/semcom\/novo-acmf-136-mil-metros-quadrados-licenciados\/\"]}]},{\"@type\":\"ImageObject\",\"inLanguage\":\"pt-BR\",\"@id\":\"https:\/\/www.manaus.am.gov.br\/semcom\/novo-acmf-136-mil-metros-quadrados-licenciados\/#primaryimage\",\"url\":\"https:\/\/www.manaus.am.gov.br\/semcom\/wp-content\/uploads\/sites\/5\/2025\/09\/Novo-sistema-3.jpeg\",\"contentUrl\":\"https:\/\/www.manaus.am.gov.br\/semcom\/wp-content\/uploads\/sites\/5\/2025\/09\/Novo-sistema-3.jpeg\",\"width\":1600,\"height\":1200,\"caption\":\"#paratodosverem - Servidor do Implurb manuseando o novo sistema do Alvar\u00e1 de Constru\u00e7\u00e3o Mais F\u00e1cil\"},{\"@type\":\"WebSite\",\"@id\":\"https:\/\/www.manaus.am.gov.br\/semcom\/#website\",\"url\":\"https:\/\/www.manaus.am.gov.br\/semcom\/\",\"name\":\"SEMCOM\",\"description\":\"Secretaria Municipal de Comunica\u00e7\u00e3o\",\"potentialAction\":[{\"@type\":\"SearchAction\",\"target\":{\"@type\":\"EntryPoint\",\"urlTemplate\":\"https:\/\/www.manaus.am.gov.br\/semcom\/?s={search_term_string}\"},\"query-input\":\"required name=search_term_string\"}],\"inLanguage\":\"pt-BR\"},{\"@type\":\"Person\",\"@id\":\"https:\/\/www.manaus.am.gov.br\/semcom\/#\/schema\/person\/05d223aea2bf115f9883a6ff3683d81b\",\"name\":\"Bruna Greco\",\"image\":{\"@type\":\"ImageObject\",\"inLanguage\":\"pt-BR\",\"@id\":\"https:\/\/www.manaus.am.gov.br\/semcom\/#\/schema\/person\/image\/\",\"url\":\"https:\/\/secure.gravatar.com\/avatar\/9c877d1a6adc2a055330e5c09a8653ce?s=96&d=mm&r=g\",\"contentUrl\":\"https:\/\/secure.gravatar.com\/avatar\/9c877d1a6adc2a055330e5c09a8653ce?s=96&d=mm&r=g\",\"caption\":\"Bruna Greco\"}}]}<\/script>\n<!-- \/ Yoast SEO plugin. -->","yoast_head_json":{"title":"Novo ACMF chega a 13,6 mil metros quadrados licenciados","description":"Novo Alvar\u00e1 de Constru\u00e7\u00e3o Mais F\u00e1cil (ACMF) da Prefeitura de Manaus chega a 13,6 mil metros quadrados licenciados.","robots":{"index":"index","follow":"follow","max-snippet":"max-snippet:-1","max-image-preview":"max-image-preview:large","max-video-preview":"max-video-preview:-1"},"canonical":"https:\/\/www.manaus.am.gov.br\/semcom\/novo-acmf-136-mil-metros-quadrados-licenciados\/","og_locale":"pt_BR","og_type":"article","og_title":"Novo ACMF chega a 13,6 mil metros quadrados licenciados","og_description":"Novo Alvar\u00e1 de Constru\u00e7\u00e3o Mais F\u00e1cil (ACMF) da Prefeitura de Manaus chega a 13,6 mil metros quadrados licenciados.","og_url":"https:\/\/www.manaus.am.gov.br\/semcom\/novo-acmf-136-mil-metros-quadrados-licenciados\/","og_site_name":"SEMCOM","article_published_time":"2025-09-02T14:53:07+00:00","og_image":[{"width":1600,"height":1200,"url":"https:\/\/www.manaus.am.gov.br\/semcom\/wp-content\/uploads\/sites\/5\/2025\/09\/Novo-sistema-3.jpeg","type":"image\/jpeg"}],"author":"Bruna Greco","twitter_card":"summary_large_image","twitter_misc":{"Written by":"Bruna Greco","Est. reading time":"4 minutos"},"schema":{"@context":"https:\/\/schema.org","@graph":[{"@type":"WebPage","@id":"https:\/\/www.manaus.am.gov.br\/semcom\/novo-acmf-136-mil-metros-quadrados-licenciados\/","url":"https:\/\/www.manaus.am.gov.br\/semcom\/novo-acmf-136-mil-metros-quadrados-licenciados\/","name":"Novo ACMF chega a 13,6 mil metros quadrados licenciados","isPartOf":{"@id":"https:\/\/www.manaus.am.gov.br\/semcom\/#website"},"primaryImageOfPage":{"@id":"https:\/\/www.manaus.am.gov.br\/semcom\/novo-acmf-136-mil-metros-quadrados-licenciados\/#primaryimage"},"image":{"@id":"https:\/\/www.manaus.am.gov.br\/semcom\/novo-acmf-136-mil-metros-quadrados-licenciados\/#primaryimage"},"thumbnailUrl":"https:\/\/www.manaus.am.gov.br\/semcom\/wp-content\/uploads\/sites\/5\/2025\/09\/Novo-sistema-3.jpeg","datePublished":"2025-09-02T14:53:07+00:00","dateModified":"2025-09-02T14:53:07+00:00","author":{"@id":"https:\/\/www.manaus.am.gov.br\/semcom\/#\/schema\/person\/05d223aea2bf115f9883a6ff3683d81b"},"description":"Novo Alvar\u00e1 de Constru\u00e7\u00e3o Mais F\u00e1cil (ACMF) da Prefeitura de Manaus chega a 13,6 mil metros quadrados licenciados.","inLanguage":"pt-BR","potentialAction":[{"@type":"ReadAction","target":["https:\/\/www.manaus.am.gov.br\/semcom\/novo-acmf-136-mil-metros-quadrados-licenciados\/"]}]},{"@type":"ImageObject","inLanguage":"pt-BR","@id":"https:\/\/www.manaus.am.gov.br\/semcom\/novo-acmf-136-mil-metros-quadrados-licenciados\/#primaryimage","url":"https:\/\/www.manaus.am.gov.br\/semcom\/wp-content\/uploads\/sites\/5\/2025\/09\/Novo-sistema-3.jpeg","contentUrl":"https:\/\/www.manaus.am.gov.br\/semcom\/wp-content\/uploads\/sites\/5\/2025\/09\/Novo-sistema-3.jpeg","width":1600,"height":1200,"caption":"#paratodosverem - Servidor do Implurb manuseando o novo sistema do Alvar\u00e1 de Constru\u00e7\u00e3o Mais F\u00e1cil"},{"@type":"WebSite","@id":"https:\/\/www.manaus.am.gov.br\/semcom\/#website","url":"https:\/\/www.manaus.am.gov.br\/semcom\/","name":"SEMCOM","description":"Secretaria Municipal de Comunica\u00e7\u00e3o","potentialAction":[{"@type":"SearchAction","target":{"@type":"EntryPoint","urlTemplate":"https:\/\/www.manaus.am.gov.br\/semcom\/?s={search_term_string}"},"query-input":"required name=search_term_string"}],"inLanguage":"pt-BR"},{"@type":"Person","@id":"https:\/\/www.manaus.am.gov.br\/semcom\/#\/schema\/person\/05d223aea2bf115f9883a6ff3683d81b","name":"Bruna Greco","image":{"@type":"ImageObject","inLanguage":"pt-BR","@id":"https:\/\/www.manaus.am.gov.br\/semcom\/#\/schema\/person\/image\/","url":"https:\/\/secure.gravatar.com\/avatar\/9c877d1a6adc2a055330e5c09a8653ce?s=96&d=mm&r=g","contentUrl":"https:\/\/secure.gravatar.com\/avatar\/9c877d1a6adc2a055330e5c09a8653ce?s=96&d=mm&r=g","caption":"Bruna Greco"}}]}},"_links":{"self":[{"href":"https:\/\/www.manaus.am.gov.br\/semcom\/wp-json\/wp\/v2\/posts\/244834"}],"collection":[{"href":"https:\/\/www.manaus.am.gov.br\/semcom\/wp-json\/wp\/v2\/posts"}],"about":[{"href":"https:\/\/www.manaus.am.gov.br\/semcom\/wp-json\/wp\/v2\/types\/post"}],"author":[{"embeddable":true,"href":"https:\/\/www.manaus.am.gov.br\/semcom\/wp-json\/wp\/v2\/users\/39"}],"replies":[{"embeddable":true,"href":"https:\/\/www.manaus.am.gov.br\/semcom\/wp-json\/wp\/v2\/comments?post=244834"}],"version-history":[{"count":1,"href":"https:\/\/www.manaus.am.gov.br\/semcom\/wp-json\/wp\/v2\/posts\/244834\/revisions"}],"predecessor-version":[{"id":244837,"href":"https:\/\/www.manaus.am.gov.br\/semcom\/wp-json\/wp\/v2\/posts\/244834\/revisions\/244837"}],"wp:featuredmedia":[{"embeddable":true,"href":"https:\/\/www.manaus.am.gov.br\/semcom\/wp-json\/wp\/v2\/media\/244836"}],"wp:attachment":[{"href":"https:\/\/www.manaus.am.gov.br\/semcom\/wp-json\/wp\/v2\/media?parent=244834"}],"wp:term":[{"taxonomy":"category","embeddable":true,"href":"https:\/\/www.manaus.am.gov.br\/semcom\/wp-json\/wp\/v2\/categories?post=244834"},{"taxonomy":"post_tag","embeddable":true,"href":"https:\/\/www.manaus.am.gov.br\/semcom\/wp-json\/wp\/v2\/tags?post=244834"}],"curies":[{"name":"wp","href":"https:\/\/api.w.org\/{rel}","templated":true}]}}