{"id":244819,"date":"2025-09-01T21:22:59","date_gmt":"2025-09-02T00:22:59","guid":{"rendered":"https:\/\/www.manaus.am.gov.br\/semcom\/mostra-educacao-especial\/"},"modified":"2025-09-01T21:23:01","modified_gmt":"2025-09-02T00:23:01","slug":"mostra-educacao-especial","status":"publish","type":"post","link":"https:\/\/www.manaus.am.gov.br\/semcom\/mostra-educacao-especial\/","title":{"rendered":"\u2018Semana Nacional da Pessoa com Defici\u00eancia Intelectual e M\u00faltipla\u2019 encerra com mostra da Educa\u00e7\u00e3o Especial\u00a0"},"content":{"rendered":"\n<p>Uma semana repleta de a\u00e7\u00f5es de inclus\u00e3o, respeito e amor ao pr\u00f3ximo marcou a Semana Nacional da Pessoa com Defici\u00eancia Intelectual e M\u00faltipla, que encerrou nesta segunda-feira, 1\u00ba\/9, com a \u201c2\u00aa Mostra da Educa\u00e7\u00e3o Especial Inclusiva\u201d, da Prefeitura de Manaus. A a\u00e7\u00e3o foi realizada por meio da Secretaria Municipal de Educa\u00e7\u00e3o (Semed), no sal\u00e3o Rio Solim\u00f5es, do Centro Cultural Pal\u00e1cio Rio Negro, no Centro da capital e contou com a participa\u00e7\u00e3o de estudantes, educadores da Educa\u00e7\u00e3o Especial e familiares.<\/p>\n\n\n\n<p>A a\u00e7\u00e3o com o objetivo de valorizar o protagonismo dos estudantes da modalidade, contou com apresenta\u00e7\u00e3o de trabalhos desenvolvidos por profissionais da \u00e1rea, com o \u201cProjeto Reeducando para Incluir\u201d, que oferece atendimento multidisciplinar a crian\u00e7as e adolescentes com Transtorno do Espectro Autista (TEA), e o \u201cProjeto de Estimula\u00e7\u00e3o Essencial para o Desenvolvimento Integral\u201d, voltado ao fortalecimento das habilidades cognitivas, motoras e socioemocionais dos alunos.<\/p>\n\n\n\n<p>De acordo com o secret\u00e1rio municipal de Educa\u00e7\u00e3o, professor J\u00fanior Mar, a Semed tem intensificado os investimentos na educa\u00e7\u00e3o especial, garantindo avan\u00e7os significativos, especialmente no quadro de profissionais de apoio escolar, acompanhando a demanda crescente dos estudantes da rede municipal de Manaus.<\/p>\n\n\n\n<p>\u201cA Semed registrou um crescimento hist\u00f3rico no n\u00famero de profissionais de apoio escolar, passando de 126 para 1.300 apoiadores. Esse \u00e9 um marco importante para a educa\u00e7\u00e3o inclusiva no munic\u00edpio, e nosso compromisso \u00e9 continuar ampliando e qualificando esse atendimento, assegurando que cada aluno tenha o suporte necess\u00e1rio para se desenvolver plenamente\u201d, afirmou o secret\u00e1rio.<\/p>\n\n\n\n<p>Na ocasi\u00e3o, a gerente da Educa\u00e7\u00e3o Especial da Semed, Amanda Macanoni, ressaltou a novidade da Mostra, que contou com a participa\u00e7\u00e3o da \u201cA\u00e7\u00e3o itinerante Rio Negro\u201d.<\/p>\n\n\n\n<p>\u201cEncerramos a Semana Nacional da Pessoa com Defici\u00eancia Intelectual e M\u00faltipla com este evento especial, oferecendo \u00e0 comunidade a oportunidade de conhecer parte do trabalho desenvolvido pela Educa\u00e7\u00e3o Especial nas escolas municipais. Este ano, trouxemos como novidade a a\u00e7\u00e3o itinerante Rio Negro, que percorreu escolas da zona rural de Manaus e possibilitou o atendimento de diversas fam\u00edlias da educa\u00e7\u00e3o especial\u201d, destacou Macanoni.<\/p>\n\n\n\n<p>A fisioterapeuta Maria Marques, integrante da equipe do Centro Municipal de Educa\u00e7\u00e3o Especial (CMEE) Delano Tadeu Pereira de Almeida, destacou a relev\u00e2ncia dos projetos que oferecem atendimento multidisciplinar a crian\u00e7as e adolescentes com TEA.<\/p>\n\n\n\n<p>\u201cO projeto atua no desenvolvimento comportamental das crian\u00e7as, promovendo avan\u00e7os significativos ao longo do tempo de participa\u00e7\u00e3o. Nosso objetivo \u00e9 favorecer a perman\u00eancia dos estudantes em sala de aula e facilitar sua reintegra\u00e7\u00e3o ao ambiente escolar. Para isso, utilizamos diversos recursos pedag\u00f3gicos, que trabalham coordena\u00e7\u00e3o motora, a concentra\u00e7\u00e3o, entre outras atividades\u201d, explicou a educadora.<\/p>\n\n\n\n<p>\u2014 \u2014 \u2014<br><strong>Texto &#8211;<\/strong> Thalia Rodrigues \/Semed<br><strong>Fotos &#8211;<\/strong> M\u00e1rio Oliveira\/ Semed<\/p>\n","protected":false},"excerpt":{"rendered":"","protected":false},"author":68,"featured_media":244820,"comment_status":"closed","ping_status":"closed","sticky":false,"template":"","format":"standard","meta":{"footnotes":""},"categories":[1669],"tags":[16603,77,62],"acf":[],"yoast_head":"<!-- This site is optimized with the Yoast SEO plugin v23.0 - https:\/\/yoast.com\/wordpress\/plugins\/seo\/ -->\n<title>\u2018Semana Nacional da Pessoa com Defici\u00eancia Intelectual e M\u00faltipla\u2019 encerra com mostra da Educa\u00e7\u00e3o Especial\u00a0<\/title>\n<meta name=\"description\" content=\"Uma semana repleta de a\u00e7\u00f5es de inclus\u00e3o, respeito e amor ao pr\u00f3ximo marcou a Semana Nacional da Pessoa com Defici\u00eancia Intelectual e M\u00faltipla, que encerrou nesta segunda-feira, 1\u00ba\/9, com a \u201c2\u00aa Mostra da Educa\u00e7\u00e3o Especial Inclusiva\u201d, da Prefeitura de Manaus.\" \/>\n<meta name=\"robots\" content=\"index, follow, max-snippet:-1, max-image-preview:large, max-video-preview:-1\" \/>\n<link rel=\"canonical\" href=\"https:\/\/www.manaus.am.gov.br\/semcom\/mostra-educacao-especial\/\" \/>\n<meta property=\"og:locale\" content=\"pt_BR\" \/>\n<meta property=\"og:type\" content=\"article\" \/>\n<meta property=\"og:title\" content=\"\u2018Semana Nacional da Pessoa com Defici\u00eancia Intelectual e M\u00faltipla\u2019 encerra com mostra da Educa\u00e7\u00e3o Especial\u00a0\" \/>\n<meta property=\"og:description\" content=\"Uma semana repleta de a\u00e7\u00f5es de inclus\u00e3o, respeito e amor ao pr\u00f3ximo marcou a Semana Nacional da Pessoa com Defici\u00eancia Intelectual e M\u00faltipla, que encerrou nesta segunda-feira, 1\u00ba\/9, com a \u201c2\u00aa Mostra da Educa\u00e7\u00e3o Especial Inclusiva\u201d, da Prefeitura de Manaus.\" \/>\n<meta property=\"og:url\" content=\"https:\/\/www.manaus.am.gov.br\/semcom\/mostra-educacao-especial\/\" \/>\n<meta property=\"og:site_name\" content=\"SEMCOM\" \/>\n<meta property=\"article:published_time\" content=\"2025-09-02T00:22:59+00:00\" \/>\n<meta property=\"article:modified_time\" content=\"2025-09-02T00:23:01+00:00\" \/>\n<meta property=\"og:image\" content=\"https:\/\/www.manaus.am.gov.br\/semcom\/wp-content\/uploads\/sites\/5\/2025\/09\/54759584026_2577de7d6b_c.jpg\" \/>\n\t<meta property=\"og:image:width\" content=\"799\" \/>\n\t<meta property=\"og:image:height\" content=\"533\" \/>\n\t<meta property=\"og:image:type\" content=\"image\/jpeg\" \/>\n<meta name=\"author\" content=\"bvalente\" \/>\n<meta name=\"twitter:card\" content=\"summary_large_image\" \/>\n<meta name=\"twitter:label1\" content=\"Written by\" \/>\n\t<meta name=\"twitter:data1\" content=\"bvalente\" \/>\n\t<meta name=\"twitter:label2\" content=\"Est. reading time\" \/>\n\t<meta name=\"twitter:data2\" content=\"3 minutos\" \/>\n<script type=\"application\/ld+json\" class=\"yoast-schema-graph\">{\"@context\":\"https:\/\/schema.org\",\"@graph\":[{\"@type\":\"WebPage\",\"@id\":\"https:\/\/www.manaus.am.gov.br\/semcom\/mostra-educacao-especial\/\",\"url\":\"https:\/\/www.manaus.am.gov.br\/semcom\/mostra-educacao-especial\/\",\"name\":\"\u2018Semana Nacional da Pessoa com Defici\u00eancia Intelectual e M\u00faltipla\u2019 encerra com mostra da Educa\u00e7\u00e3o Especial\u00a0\",\"isPartOf\":{\"@id\":\"https:\/\/www.manaus.am.gov.br\/semcom\/#website\"},\"primaryImageOfPage\":{\"@id\":\"https:\/\/www.manaus.am.gov.br\/semcom\/mostra-educacao-especial\/#primaryimage\"},\"image\":{\"@id\":\"https:\/\/www.manaus.am.gov.br\/semcom\/mostra-educacao-especial\/#primaryimage\"},\"thumbnailUrl\":\"https:\/\/www.manaus.am.gov.br\/semcom\/wp-content\/uploads\/sites\/5\/2025\/09\/54759584026_2577de7d6b_c.jpg\",\"datePublished\":\"2025-09-02T00:22:59+00:00\",\"dateModified\":\"2025-09-02T00:23:01+00:00\",\"author\":{\"@id\":\"https:\/\/www.manaus.am.gov.br\/semcom\/#\/schema\/person\/466a0e03ae4b6062809046bd560ac955\"},\"description\":\"Uma semana repleta de a\u00e7\u00f5es de inclus\u00e3o, respeito e amor ao pr\u00f3ximo marcou a Semana Nacional da Pessoa com Defici\u00eancia Intelectual e M\u00faltipla, que encerrou nesta segunda-feira, 1\u00ba\/9, com a \u201c2\u00aa Mostra da Educa\u00e7\u00e3o Especial Inclusiva\u201d, da Prefeitura de Manaus.\",\"inLanguage\":\"pt-BR\",\"potentialAction\":[{\"@type\":\"ReadAction\",\"target\":[\"https:\/\/www.manaus.am.gov.br\/semcom\/mostra-educacao-especial\/\"]}]},{\"@type\":\"ImageObject\",\"inLanguage\":\"pt-BR\",\"@id\":\"https:\/\/www.manaus.am.gov.br\/semcom\/mostra-educacao-especial\/#primaryimage\",\"url\":\"https:\/\/www.manaus.am.gov.br\/semcom\/wp-content\/uploads\/sites\/5\/2025\/09\/54759584026_2577de7d6b_c.jpg\",\"contentUrl\":\"https:\/\/www.manaus.am.gov.br\/semcom\/wp-content\/uploads\/sites\/5\/2025\/09\/54759584026_2577de7d6b_c.jpg\",\"width\":799,\"height\":533},{\"@type\":\"WebSite\",\"@id\":\"https:\/\/www.manaus.am.gov.br\/semcom\/#website\",\"url\":\"https:\/\/www.manaus.am.gov.br\/semcom\/\",\"name\":\"SEMCOM\",\"description\":\"Secretaria Municipal de Comunica\u00e7\u00e3o\",\"potentialAction\":[{\"@type\":\"SearchAction\",\"target\":{\"@type\":\"EntryPoint\",\"urlTemplate\":\"https:\/\/www.manaus.am.gov.br\/semcom\/?s={search_term_string}\"},\"query-input\":\"required name=search_term_string\"}],\"inLanguage\":\"pt-BR\"},{\"@type\":\"Person\",\"@id\":\"https:\/\/www.manaus.am.gov.br\/semcom\/#\/schema\/person\/466a0e03ae4b6062809046bd560ac955\",\"name\":\"bvalente\",\"image\":{\"@type\":\"ImageObject\",\"inLanguage\":\"pt-BR\",\"@id\":\"https:\/\/www.manaus.am.gov.br\/semcom\/#\/schema\/person\/image\/\",\"url\":\"https:\/\/secure.gravatar.com\/avatar\/3e69bc2b014bdad41adfec3a39de07d2?s=96&d=mm&r=g\",\"contentUrl\":\"https:\/\/secure.gravatar.com\/avatar\/3e69bc2b014bdad41adfec3a39de07d2?s=96&d=mm&r=g\",\"caption\":\"bvalente\"}}]}<\/script>\n<!-- \/ Yoast SEO plugin. -->","yoast_head_json":{"title":"\u2018Semana Nacional da Pessoa com Defici\u00eancia Intelectual e M\u00faltipla\u2019 encerra com mostra da Educa\u00e7\u00e3o Especial\u00a0","description":"Uma semana repleta de a\u00e7\u00f5es de inclus\u00e3o, respeito e amor ao pr\u00f3ximo marcou a Semana Nacional da Pessoa com Defici\u00eancia Intelectual e M\u00faltipla, que encerrou nesta segunda-feira, 1\u00ba\/9, com a \u201c2\u00aa Mostra da Educa\u00e7\u00e3o Especial Inclusiva\u201d, da Prefeitura de Manaus.","robots":{"index":"index","follow":"follow","max-snippet":"max-snippet:-1","max-image-preview":"max-image-preview:large","max-video-preview":"max-video-preview:-1"},"canonical":"https:\/\/www.manaus.am.gov.br\/semcom\/mostra-educacao-especial\/","og_locale":"pt_BR","og_type":"article","og_title":"\u2018Semana Nacional da Pessoa com Defici\u00eancia Intelectual e M\u00faltipla\u2019 encerra com mostra da Educa\u00e7\u00e3o Especial\u00a0","og_description":"Uma semana repleta de a\u00e7\u00f5es de inclus\u00e3o, respeito e amor ao pr\u00f3ximo marcou a Semana Nacional da Pessoa com Defici\u00eancia Intelectual e M\u00faltipla, que encerrou nesta segunda-feira, 1\u00ba\/9, com a \u201c2\u00aa Mostra da Educa\u00e7\u00e3o Especial Inclusiva\u201d, da Prefeitura de Manaus.","og_url":"https:\/\/www.manaus.am.gov.br\/semcom\/mostra-educacao-especial\/","og_site_name":"SEMCOM","article_published_time":"2025-09-02T00:22:59+00:00","article_modified_time":"2025-09-02T00:23:01+00:00","og_image":[{"width":799,"height":533,"url":"https:\/\/www.manaus.am.gov.br\/semcom\/wp-content\/uploads\/sites\/5\/2025\/09\/54759584026_2577de7d6b_c.jpg","type":"image\/jpeg"}],"author":"bvalente","twitter_card":"summary_large_image","twitter_misc":{"Written by":"bvalente","Est. reading time":"3 minutos"},"schema":{"@context":"https:\/\/schema.org","@graph":[{"@type":"WebPage","@id":"https:\/\/www.manaus.am.gov.br\/semcom\/mostra-educacao-especial\/","url":"https:\/\/www.manaus.am.gov.br\/semcom\/mostra-educacao-especial\/","name":"\u2018Semana Nacional da Pessoa com Defici\u00eancia Intelectual e M\u00faltipla\u2019 encerra com mostra da Educa\u00e7\u00e3o Especial\u00a0","isPartOf":{"@id":"https:\/\/www.manaus.am.gov.br\/semcom\/#website"},"primaryImageOfPage":{"@id":"https:\/\/www.manaus.am.gov.br\/semcom\/mostra-educacao-especial\/#primaryimage"},"image":{"@id":"https:\/\/www.manaus.am.gov.br\/semcom\/mostra-educacao-especial\/#primaryimage"},"thumbnailUrl":"https:\/\/www.manaus.am.gov.br\/semcom\/wp-content\/uploads\/sites\/5\/2025\/09\/54759584026_2577de7d6b_c.jpg","datePublished":"2025-09-02T00:22:59+00:00","dateModified":"2025-09-02T00:23:01+00:00","author":{"@id":"https:\/\/www.manaus.am.gov.br\/semcom\/#\/schema\/person\/466a0e03ae4b6062809046bd560ac955"},"description":"Uma semana repleta de a\u00e7\u00f5es de inclus\u00e3o, respeito e amor ao pr\u00f3ximo marcou a Semana Nacional da Pessoa com Defici\u00eancia Intelectual e M\u00faltipla, que encerrou nesta segunda-feira, 1\u00ba\/9, com a \u201c2\u00aa Mostra da Educa\u00e7\u00e3o Especial Inclusiva\u201d, da Prefeitura de Manaus.","inLanguage":"pt-BR","potentialAction":[{"@type":"ReadAction","target":["https:\/\/www.manaus.am.gov.br\/semcom\/mostra-educacao-especial\/"]}]},{"@type":"ImageObject","inLanguage":"pt-BR","@id":"https:\/\/www.manaus.am.gov.br\/semcom\/mostra-educacao-especial\/#primaryimage","url":"https:\/\/www.manaus.am.gov.br\/semcom\/wp-content\/uploads\/sites\/5\/2025\/09\/54759584026_2577de7d6b_c.jpg","contentUrl":"https:\/\/www.manaus.am.gov.br\/semcom\/wp-content\/uploads\/sites\/5\/2025\/09\/54759584026_2577de7d6b_c.jpg","width":799,"height":533},{"@type":"WebSite","@id":"https:\/\/www.manaus.am.gov.br\/semcom\/#website","url":"https:\/\/www.manaus.am.gov.br\/semcom\/","name":"SEMCOM","description":"Secretaria Municipal de Comunica\u00e7\u00e3o","potentialAction":[{"@type":"SearchAction","target":{"@type":"EntryPoint","urlTemplate":"https:\/\/www.manaus.am.gov.br\/semcom\/?s={search_term_string}"},"query-input":"required name=search_term_string"}],"inLanguage":"pt-BR"},{"@type":"Person","@id":"https:\/\/www.manaus.am.gov.br\/semcom\/#\/schema\/person\/466a0e03ae4b6062809046bd560ac955","name":"bvalente","image":{"@type":"ImageObject","inLanguage":"pt-BR","@id":"https:\/\/www.manaus.am.gov.br\/semcom\/#\/schema\/person\/image\/","url":"https:\/\/secure.gravatar.com\/avatar\/3e69bc2b014bdad41adfec3a39de07d2?s=96&d=mm&r=g","contentUrl":"https:\/\/secure.gravatar.com\/avatar\/3e69bc2b014bdad41adfec3a39de07d2?s=96&d=mm&r=g","caption":"bvalente"}}]}},"_links":{"self":[{"href":"https:\/\/www.manaus.am.gov.br\/semcom\/wp-json\/wp\/v2\/posts\/244819"}],"collection":[{"href":"https:\/\/www.manaus.am.gov.br\/semcom\/wp-json\/wp\/v2\/posts"}],"about":[{"href":"https:\/\/www.manaus.am.gov.br\/semcom\/wp-json\/wp\/v2\/types\/post"}],"author":[{"embeddable":true,"href":"https:\/\/www.manaus.am.gov.br\/semcom\/wp-json\/wp\/v2\/users\/68"}],"replies":[{"embeddable":true,"href":"https:\/\/www.manaus.am.gov.br\/semcom\/wp-json\/wp\/v2\/comments?post=244819"}],"version-history":[{"count":0,"href":"https:\/\/www.manaus.am.gov.br\/semcom\/wp-json\/wp\/v2\/posts\/244819\/revisions"}],"wp:featuredmedia":[{"embeddable":true,"href":"https:\/\/www.manaus.am.gov.br\/semcom\/wp-json\/wp\/v2\/media\/244820"}],"wp:attachment":[{"href":"https:\/\/www.manaus.am.gov.br\/semcom\/wp-json\/wp\/v2\/media?parent=244819"}],"wp:term":[{"taxonomy":"category","embeddable":true,"href":"https:\/\/www.manaus.am.gov.br\/semcom\/wp-json\/wp\/v2\/categories?post=244819"},{"taxonomy":"post_tag","embeddable":true,"href":"https:\/\/www.manaus.am.gov.br\/semcom\/wp-json\/wp\/v2\/tags?post=244819"}],"curies":[{"name":"wp","href":"https:\/\/api.w.org\/{rel}","templated":true}]}}