{"id":244774,"date":"2025-09-01T15:34:09","date_gmt":"2025-09-01T18:34:09","guid":{"rendered":"https:\/\/www.manaus.am.gov.br\/semcom\/gestaodavidalmeida-contasaprovadas-tce\/"},"modified":"2025-09-01T15:34:11","modified_gmt":"2025-09-01T18:34:11","slug":"gestaodavidalmeida-contasaprovadas-tce","status":"publish","type":"post","link":"https:\/\/www.manaus.am.gov.br\/semcom\/gestaodavidalmeida-contasaprovadas-tce\/","title":{"rendered":"Contas da gest\u00e3o David Almeida de 2022 e 2023 s\u00e3o aprovadas pelo TCE-AM"},"content":{"rendered":"\n<p>As contas da gest\u00e3o do prefeito de Manaus, David Almeida, dos exerc\u00edcios financeiros de 2022 e 2023, foram aprovadas pelo Tribunal de Contas do Estado do Amazonas (TCE-AM), em sess\u00e3o plen\u00e1ria realizada nesta segunda-feira, 1\u00ba\/9. A aprova\u00e7\u00e3o foi un\u00e2nime, com o voto do relator das contas do munic\u00edpio, conselheiro Luis Fabian Barbosa, sendo seguido pelos demais conselheiros.<\/p>\n\n\n\n<p>As contas dos anos de 2022 e 2023 foram aprovadas pelo relator, seguindo o parecer do Minist\u00e9rio P\u00fablico de Contas do Amazonas (MPC-AM), que foi lido na sess\u00e3o pelo procurador-geral do MPC-AM, Jo\u00e3o Barroso de Sousa. O parecer pr\u00e9vio do TCE-AM, com a aprova\u00e7\u00e3o das contas da Prefeitura de Manaus, ser\u00e1 encaminhado para aprecia\u00e7\u00e3o dos vereadores da C\u00e2mara Municipal de Manaus (CMM).<\/p>\n\n\n\n<p>\u201cA aprova\u00e7\u00e3o das contas do munic\u00edpio demonstra a responsabilidade da nossa gest\u00e3o na aplica\u00e7\u00e3o dos recursos p\u00fablicos. Avan\u00e7amos muito no nosso primeiro mandato, com a capital tendo os melhores resultados no Ideb, a sa\u00fade chegando a 92% de cobertura da aten\u00e7\u00e3o prim\u00e1ria, tanto que obtivemos a aprova\u00e7\u00e3o da popula\u00e7\u00e3o nas urnas, mas sabemos que temos muito a conquistar e estamos trabalhando para alcan\u00e7ar objetivos ainda maiores com a nova gest\u00e3o\u201d, enfatizou o prefeito David Almeida.<\/p>\n\n\n\n<p>Recomenda\u00e7\u00f5es<\/p>\n\n\n\n<p>As contas de 2022 e 2023 foram aprovadas com recomenda\u00e7\u00f5es do conselheiro Luis Fabian, principalmente voltadas \u00e0 educa\u00e7\u00e3o. A maior recomenda\u00e7\u00e3o foi para o aumento do n\u00famero de vagas em creches. A gest\u00e3o municipal encerrou 2024 com mais de 10,4 mil vagas em creches, sendo que mais de 5.200 vagas foram criadas pela gest\u00e3o do prefeito David Almeida.<\/p>\n\n\n\n<p>O n\u00famero demonstra que a gest\u00e3o do prefeito David Almeida criou mais vagas em creches que todos os tr\u00eas ex-prefeitos anteriores em 16 anos.<\/p>\n\n\n\n<p>Ainda relacionada \u00e0 educa\u00e7\u00e3o, o conselheiro parabenizou a gest\u00e3o pelo investimento realizado na zona rural, com aplica\u00e7\u00e3o de recursos tr\u00eas vezes maior que o m\u00ednimo exigido. O or\u00e7amento prev\u00ea investimento de 5% na educa\u00e7\u00e3o da zona rural, mas o recurso aplicado foi de 15,45% no per\u00edodo.&nbsp;<\/p>\n\n\n\n<p>\u201cEsse, portanto, \u00e9 um dado muito favor\u00e1vel. N\u00f3s sabemos da dificuldade que \u00e9 realizar educa\u00e7\u00e3o nas zonas rurais do munic\u00edpio, como tamb\u00e9m nas zonas rurais do interior do Estado. Isso resta demonstrado pela necessidade de aplicar tr\u00eas vezes mais que o m\u00ednimo\u201d, destacou o conselheiro Luis Fabian.<\/p>\n\n\n\n<p>&#8212; &#8212; &#8212;<\/p>\n\n\n\n<p>Texto&nbsp;\u2013 Geraldo Farias \/ Semcom<\/p>\n\n\n\n<p>Fotos&nbsp;\u2013 Arquivo\/Semcom<\/p>\n","protected":false},"excerpt":{"rendered":"","protected":false},"author":23,"featured_media":244775,"comment_status":"closed","ping_status":"closed","sticky":false,"template":"","format":"standard","meta":{"footnotes":""},"categories":[16590],"tags":[16591,16592,364,484,4627],"acf":[],"yoast_head":"<!-- This site is optimized with the Yoast SEO plugin v23.0 - https:\/\/yoast.com\/wordpress\/plugins\/seo\/ -->\n<title>Contas da gest\u00e3o David Almeida de 2022 e 2023 s\u00e3o aprovadas pelo TCE-AM<\/title>\n<meta name=\"description\" content=\"As contas da gest\u00e3o do prefeito de Manaus, David Almeida, dos exerc\u00edcios financeiros de 2022 e 2023, foram aprovadas pelo Tribunal de Contas do Estado do Amazonas (TCE-AM), em sess\u00e3o plen\u00e1ria realizada nesta segunda-feira, 1\u00ba\/9.\" \/>\n<meta name=\"robots\" content=\"index, follow, max-snippet:-1, max-image-preview:large, max-video-preview:-1\" \/>\n<link rel=\"canonical\" href=\"https:\/\/www.manaus.am.gov.br\/semcom\/gestaodavidalmeida-contasaprovadas-tce\/\" \/>\n<meta property=\"og:locale\" content=\"pt_BR\" \/>\n<meta property=\"og:type\" content=\"article\" \/>\n<meta property=\"og:title\" content=\"Contas da gest\u00e3o David Almeida de 2022 e 2023 s\u00e3o aprovadas pelo TCE-AM\" \/>\n<meta property=\"og:description\" content=\"As contas da gest\u00e3o do prefeito de Manaus, David Almeida, dos exerc\u00edcios financeiros de 2022 e 2023, foram aprovadas pelo Tribunal de Contas do Estado do Amazonas (TCE-AM), em sess\u00e3o plen\u00e1ria realizada nesta segunda-feira, 1\u00ba\/9.\" \/>\n<meta property=\"og:url\" content=\"https:\/\/www.manaus.am.gov.br\/semcom\/gestaodavidalmeida-contasaprovadas-tce\/\" \/>\n<meta property=\"og:site_name\" content=\"SEMCOM\" \/>\n<meta property=\"article:published_time\" content=\"2025-09-01T18:34:09+00:00\" \/>\n<meta property=\"article:modified_time\" content=\"2025-09-01T18:34:11+00:00\" \/>\n<meta property=\"og:image\" content=\"https:\/\/www.manaus.am.gov.br\/semcom\/wp-content\/uploads\/sites\/5\/2025\/09\/WhatsApp-Image-2025-09-01-at-14.01.39.jpeg\" \/>\n\t<meta property=\"og:image:width\" content=\"1280\" \/>\n\t<meta property=\"og:image:height\" content=\"853\" \/>\n\t<meta property=\"og:image:type\" content=\"image\/jpeg\" \/>\n<meta name=\"author\" content=\"Adriana Costa\" \/>\n<meta name=\"twitter:card\" content=\"summary_large_image\" \/>\n<meta name=\"twitter:label1\" content=\"Written by\" \/>\n\t<meta name=\"twitter:data1\" content=\"Adriana Costa\" \/>\n\t<meta name=\"twitter:label2\" content=\"Est. reading time\" \/>\n\t<meta name=\"twitter:data2\" content=\"3 minutos\" \/>\n<script type=\"application\/ld+json\" class=\"yoast-schema-graph\">{\"@context\":\"https:\/\/schema.org\",\"@graph\":[{\"@type\":\"WebPage\",\"@id\":\"https:\/\/www.manaus.am.gov.br\/semcom\/gestaodavidalmeida-contasaprovadas-tce\/\",\"url\":\"https:\/\/www.manaus.am.gov.br\/semcom\/gestaodavidalmeida-contasaprovadas-tce\/\",\"name\":\"Contas da gest\u00e3o David Almeida de 2022 e 2023 s\u00e3o aprovadas pelo TCE-AM\",\"isPartOf\":{\"@id\":\"https:\/\/www.manaus.am.gov.br\/semcom\/#website\"},\"primaryImageOfPage\":{\"@id\":\"https:\/\/www.manaus.am.gov.br\/semcom\/gestaodavidalmeida-contasaprovadas-tce\/#primaryimage\"},\"image\":{\"@id\":\"https:\/\/www.manaus.am.gov.br\/semcom\/gestaodavidalmeida-contasaprovadas-tce\/#primaryimage\"},\"thumbnailUrl\":\"https:\/\/www.manaus.am.gov.br\/semcom\/wp-content\/uploads\/sites\/5\/2025\/09\/WhatsApp-Image-2025-09-01-at-14.01.39.jpeg\",\"datePublished\":\"2025-09-01T18:34:09+00:00\",\"dateModified\":\"2025-09-01T18:34:11+00:00\",\"author\":{\"@id\":\"https:\/\/www.manaus.am.gov.br\/semcom\/#\/schema\/person\/4e49f4e267757a06ca072ec61b2b9968\"},\"description\":\"As contas da gest\u00e3o do prefeito de Manaus, David Almeida, dos exerc\u00edcios financeiros de 2022 e 2023, foram aprovadas pelo Tribunal de Contas do Estado do Amazonas (TCE-AM), em sess\u00e3o plen\u00e1ria realizada nesta segunda-feira, 1\u00ba\/9.\",\"inLanguage\":\"pt-BR\",\"potentialAction\":[{\"@type\":\"ReadAction\",\"target\":[\"https:\/\/www.manaus.am.gov.br\/semcom\/gestaodavidalmeida-contasaprovadas-tce\/\"]}]},{\"@type\":\"ImageObject\",\"inLanguage\":\"pt-BR\",\"@id\":\"https:\/\/www.manaus.am.gov.br\/semcom\/gestaodavidalmeida-contasaprovadas-tce\/#primaryimage\",\"url\":\"https:\/\/www.manaus.am.gov.br\/semcom\/wp-content\/uploads\/sites\/5\/2025\/09\/WhatsApp-Image-2025-09-01-at-14.01.39.jpeg\",\"contentUrl\":\"https:\/\/www.manaus.am.gov.br\/semcom\/wp-content\/uploads\/sites\/5\/2025\/09\/WhatsApp-Image-2025-09-01-at-14.01.39.jpeg\",\"width\":1280,\"height\":853},{\"@type\":\"WebSite\",\"@id\":\"https:\/\/www.manaus.am.gov.br\/semcom\/#website\",\"url\":\"https:\/\/www.manaus.am.gov.br\/semcom\/\",\"name\":\"SEMCOM\",\"description\":\"Secretaria Municipal de Comunica\u00e7\u00e3o\",\"potentialAction\":[{\"@type\":\"SearchAction\",\"target\":{\"@type\":\"EntryPoint\",\"urlTemplate\":\"https:\/\/www.manaus.am.gov.br\/semcom\/?s={search_term_string}\"},\"query-input\":\"required name=search_term_string\"}],\"inLanguage\":\"pt-BR\"},{\"@type\":\"Person\",\"@id\":\"https:\/\/www.manaus.am.gov.br\/semcom\/#\/schema\/person\/4e49f4e267757a06ca072ec61b2b9968\",\"name\":\"Adriana Costa\",\"image\":{\"@type\":\"ImageObject\",\"inLanguage\":\"pt-BR\",\"@id\":\"https:\/\/www.manaus.am.gov.br\/semcom\/#\/schema\/person\/image\/\",\"url\":\"https:\/\/secure.gravatar.com\/avatar\/576258617ef7194f718179e766d57bd4?s=96&d=mm&r=g\",\"contentUrl\":\"https:\/\/secure.gravatar.com\/avatar\/576258617ef7194f718179e766d57bd4?s=96&d=mm&r=g\",\"caption\":\"Adriana Costa\"}}]}<\/script>\n<!-- \/ Yoast SEO plugin. -->","yoast_head_json":{"title":"Contas da gest\u00e3o David Almeida de 2022 e 2023 s\u00e3o aprovadas pelo TCE-AM","description":"As contas da gest\u00e3o do prefeito de Manaus, David Almeida, dos exerc\u00edcios financeiros de 2022 e 2023, foram aprovadas pelo Tribunal de Contas do Estado do Amazonas (TCE-AM), em sess\u00e3o plen\u00e1ria realizada nesta segunda-feira, 1\u00ba\/9.","robots":{"index":"index","follow":"follow","max-snippet":"max-snippet:-1","max-image-preview":"max-image-preview:large","max-video-preview":"max-video-preview:-1"},"canonical":"https:\/\/www.manaus.am.gov.br\/semcom\/gestaodavidalmeida-contasaprovadas-tce\/","og_locale":"pt_BR","og_type":"article","og_title":"Contas da gest\u00e3o David Almeida de 2022 e 2023 s\u00e3o aprovadas pelo TCE-AM","og_description":"As contas da gest\u00e3o do prefeito de Manaus, David Almeida, dos exerc\u00edcios financeiros de 2022 e 2023, foram aprovadas pelo Tribunal de Contas do Estado do Amazonas (TCE-AM), em sess\u00e3o plen\u00e1ria realizada nesta segunda-feira, 1\u00ba\/9.","og_url":"https:\/\/www.manaus.am.gov.br\/semcom\/gestaodavidalmeida-contasaprovadas-tce\/","og_site_name":"SEMCOM","article_published_time":"2025-09-01T18:34:09+00:00","article_modified_time":"2025-09-01T18:34:11+00:00","og_image":[{"width":1280,"height":853,"url":"https:\/\/www.manaus.am.gov.br\/semcom\/wp-content\/uploads\/sites\/5\/2025\/09\/WhatsApp-Image-2025-09-01-at-14.01.39.jpeg","type":"image\/jpeg"}],"author":"Adriana Costa","twitter_card":"summary_large_image","twitter_misc":{"Written by":"Adriana Costa","Est. reading time":"3 minutos"},"schema":{"@context":"https:\/\/schema.org","@graph":[{"@type":"WebPage","@id":"https:\/\/www.manaus.am.gov.br\/semcom\/gestaodavidalmeida-contasaprovadas-tce\/","url":"https:\/\/www.manaus.am.gov.br\/semcom\/gestaodavidalmeida-contasaprovadas-tce\/","name":"Contas da gest\u00e3o David Almeida de 2022 e 2023 s\u00e3o aprovadas pelo TCE-AM","isPartOf":{"@id":"https:\/\/www.manaus.am.gov.br\/semcom\/#website"},"primaryImageOfPage":{"@id":"https:\/\/www.manaus.am.gov.br\/semcom\/gestaodavidalmeida-contasaprovadas-tce\/#primaryimage"},"image":{"@id":"https:\/\/www.manaus.am.gov.br\/semcom\/gestaodavidalmeida-contasaprovadas-tce\/#primaryimage"},"thumbnailUrl":"https:\/\/www.manaus.am.gov.br\/semcom\/wp-content\/uploads\/sites\/5\/2025\/09\/WhatsApp-Image-2025-09-01-at-14.01.39.jpeg","datePublished":"2025-09-01T18:34:09+00:00","dateModified":"2025-09-01T18:34:11+00:00","author":{"@id":"https:\/\/www.manaus.am.gov.br\/semcom\/#\/schema\/person\/4e49f4e267757a06ca072ec61b2b9968"},"description":"As contas da gest\u00e3o do prefeito de Manaus, David Almeida, dos exerc\u00edcios financeiros de 2022 e 2023, foram aprovadas pelo Tribunal de Contas do Estado do Amazonas (TCE-AM), em sess\u00e3o plen\u00e1ria realizada nesta segunda-feira, 1\u00ba\/9.","inLanguage":"pt-BR","potentialAction":[{"@type":"ReadAction","target":["https:\/\/www.manaus.am.gov.br\/semcom\/gestaodavidalmeida-contasaprovadas-tce\/"]}]},{"@type":"ImageObject","inLanguage":"pt-BR","@id":"https:\/\/www.manaus.am.gov.br\/semcom\/gestaodavidalmeida-contasaprovadas-tce\/#primaryimage","url":"https:\/\/www.manaus.am.gov.br\/semcom\/wp-content\/uploads\/sites\/5\/2025\/09\/WhatsApp-Image-2025-09-01-at-14.01.39.jpeg","contentUrl":"https:\/\/www.manaus.am.gov.br\/semcom\/wp-content\/uploads\/sites\/5\/2025\/09\/WhatsApp-Image-2025-09-01-at-14.01.39.jpeg","width":1280,"height":853},{"@type":"WebSite","@id":"https:\/\/www.manaus.am.gov.br\/semcom\/#website","url":"https:\/\/www.manaus.am.gov.br\/semcom\/","name":"SEMCOM","description":"Secretaria Municipal de Comunica\u00e7\u00e3o","potentialAction":[{"@type":"SearchAction","target":{"@type":"EntryPoint","urlTemplate":"https:\/\/www.manaus.am.gov.br\/semcom\/?s={search_term_string}"},"query-input":"required name=search_term_string"}],"inLanguage":"pt-BR"},{"@type":"Person","@id":"https:\/\/www.manaus.am.gov.br\/semcom\/#\/schema\/person\/4e49f4e267757a06ca072ec61b2b9968","name":"Adriana Costa","image":{"@type":"ImageObject","inLanguage":"pt-BR","@id":"https:\/\/www.manaus.am.gov.br\/semcom\/#\/schema\/person\/image\/","url":"https:\/\/secure.gravatar.com\/avatar\/576258617ef7194f718179e766d57bd4?s=96&d=mm&r=g","contentUrl":"https:\/\/secure.gravatar.com\/avatar\/576258617ef7194f718179e766d57bd4?s=96&d=mm&r=g","caption":"Adriana Costa"}}]}},"_links":{"self":[{"href":"https:\/\/www.manaus.am.gov.br\/semcom\/wp-json\/wp\/v2\/posts\/244774"}],"collection":[{"href":"https:\/\/www.manaus.am.gov.br\/semcom\/wp-json\/wp\/v2\/posts"}],"about":[{"href":"https:\/\/www.manaus.am.gov.br\/semcom\/wp-json\/wp\/v2\/types\/post"}],"author":[{"embeddable":true,"href":"https:\/\/www.manaus.am.gov.br\/semcom\/wp-json\/wp\/v2\/users\/23"}],"replies":[{"embeddable":true,"href":"https:\/\/www.manaus.am.gov.br\/semcom\/wp-json\/wp\/v2\/comments?post=244774"}],"version-history":[{"count":0,"href":"https:\/\/www.manaus.am.gov.br\/semcom\/wp-json\/wp\/v2\/posts\/244774\/revisions"}],"wp:featuredmedia":[{"embeddable":true,"href":"https:\/\/www.manaus.am.gov.br\/semcom\/wp-json\/wp\/v2\/media\/244775"}],"wp:attachment":[{"href":"https:\/\/www.manaus.am.gov.br\/semcom\/wp-json\/wp\/v2\/media?parent=244774"}],"wp:term":[{"taxonomy":"category","embeddable":true,"href":"https:\/\/www.manaus.am.gov.br\/semcom\/wp-json\/wp\/v2\/categories?post=244774"},{"taxonomy":"post_tag","embeddable":true,"href":"https:\/\/www.manaus.am.gov.br\/semcom\/wp-json\/wp\/v2\/tags?post=244774"}],"curies":[{"name":"wp","href":"https:\/\/api.w.org\/{rel}","templated":true}]}}