{"id":244756,"date":"2025-09-01T12:59:04","date_gmt":"2025-09-01T15:59:04","guid":{"rendered":"https:\/\/www.manaus.am.gov.br\/semcom\/prefeitura-semasc-entregapulseiraspcds\/"},"modified":"2025-09-01T17:07:38","modified_gmt":"2025-09-01T20:07:38","slug":"prefeitura-semasc-entregapulseiraspcds","status":"publish","type":"post","link":"https:\/\/www.manaus.am.gov.br\/semcom\/prefeitura-semasc-entregapulseiraspcds\/","title":{"rendered":"Prefeitura inicia entrega de pulseiras do \u2018#SouManaus Passo a Pa\u00e7o 2025\u2019 para pessoas com defici\u00eancia"},"content":{"rendered":"\n<p>A Prefeitura de Manaus, por meio da Funda\u00e7\u00e3o Municipal de Cultura, Turismo e Eventos (ManausCult), com a coordena\u00e7\u00e3o da Secretaria Municipal da Mulher, Assist\u00eancia Social e Cidadania (Semasc), inicia, nesta quarta-feira, 3\/9, a entrega das pulseiras destinadas \u00e0s Pessoas com Defici\u00eancia (PcDs) que realizaram inscri\u00e7\u00e3o pr\u00e9via no site oficial do evento.<\/p>\n\n\n\n<p>A Semasc \u00e9 respons\u00e1vel pela organiza\u00e7\u00e3o e log\u00edstica da entrega, que ocorrer\u00e1 at\u00e9 quinta-feira, 4\/9, das 8h \u00e0s 14h, na sede da secretaria, localizada na avenida Ayr\u00e3o, na Subsecretaria de Pol\u00edticas Afirmativas para Mulheres e Direitos Humanos, pr\u00f3ximo ao servi\u00e7o SOS Funeral, no Centro.<\/p>\n\n\n\n<p>Para garantir a retirada, \u00e9 necess\u00e1rio apresentar laudo m\u00e9dico ou carteira de identifica\u00e7\u00e3o PcD, documento de identidade com foto e a doa\u00e7\u00e3o de um quilo de alimento n\u00e3o perec\u00edvel. Os acompanhantes tamb\u00e9m dever\u00e3o apresentar documento oficial com foto.<\/p>\n\n\n\n<p>\u201cA entrega das pulseiras PcD \u00e9 uma forma de organizar o acesso, oferecer mais seguran\u00e7a e conforto \u00e0s pessoas com defici\u00eancia e seus acompanhantes, para que possam aproveitar o festival com dignidade. A Semasc tem atuado para que o \u2018#SouManaus\u2019 seja um espa\u00e7o verdadeiramente democr\u00e1tico, onde todos tenham o direito de viver essa experi\u00eancia cultural em sua totalidade\u201d, destacou o secret\u00e1rio da Semasc, Saullo Vianna.<\/p>\n\n\n\n<p>Al\u00e9m da coordena\u00e7\u00e3o da entrega das pulseiras, a Semasc tamb\u00e9m ser\u00e1 respons\u00e1vel pela coordena\u00e7\u00e3o do \u201cEspa\u00e7o PcD\u201d, uma \u00e1rea exclusiva que garante acessibilidade, seguran\u00e7a e melhor visualiza\u00e7\u00e3o dos palcos, refor\u00e7ando o compromisso da prefeitura em promover inclus\u00e3o e acesso igualit\u00e1rio \u00e0 cultura no maior festival de artes integradas do Norte.<\/p>\n\n\n\n<p>&#8212; &#8212; &#8212;<\/p>\n\n\n\n<p><strong>Texto<\/strong> &#8211;&nbsp;Syrrames Nobre \/ Semasc<br><strong>Foto<\/strong> &#8211;&nbsp;Diego Lima \/ Semasc<\/p>\n","protected":false},"excerpt":{"rendered":"","protected":false},"author":23,"featured_media":244757,"comment_status":"closed","ping_status":"closed","sticky":false,"template":"","format":"standard","meta":{"footnotes":""},"categories":[1669],"tags":[307,77,153,7553],"acf":[],"yoast_head":"<!-- This site is optimized with the Yoast SEO plugin v23.0 - https:\/\/yoast.com\/wordpress\/plugins\/seo\/ -->\n<title>Prefeitura inicia entrega de pulseiras do \u2018#SouManaus Passo a Pa\u00e7o 2025\u2019 para pessoas com defici\u00eancia<\/title>\n<meta name=\"description\" content=\"A Prefeitura de Manaus, por meio da Funda\u00e7\u00e3o Municipal de Cultura, Turismo e Eventos (ManausCult), com a coordena\u00e7\u00e3o da Secretaria Municipal da Mulher, Assist\u00eancia Social e Cidadania (Semasc), inicia, nesta ter\u00e7a-feira, 2\/9, a entrega das pulseiras destinadas \u00e0s Pessoas com Defici\u00eancia (PcDs) que realizaram inscri\u00e7\u00e3o pr\u00e9via no site oficial do evento.\" \/>\n<meta name=\"robots\" content=\"index, follow, max-snippet:-1, max-image-preview:large, max-video-preview:-1\" \/>\n<link rel=\"canonical\" href=\"https:\/\/www.manaus.am.gov.br\/semcom\/prefeitura-semasc-entregapulseiraspcds\/\" \/>\n<meta property=\"og:locale\" content=\"pt_BR\" \/>\n<meta property=\"og:type\" content=\"article\" \/>\n<meta property=\"og:title\" content=\"Prefeitura inicia entrega de pulseiras do \u2018#SouManaus Passo a Pa\u00e7o 2025\u2019 para pessoas com defici\u00eancia\" \/>\n<meta property=\"og:description\" content=\"A Prefeitura de Manaus, por meio da Funda\u00e7\u00e3o Municipal de Cultura, Turismo e Eventos (ManausCult), com a coordena\u00e7\u00e3o da Secretaria Municipal da Mulher, Assist\u00eancia Social e Cidadania (Semasc), inicia, nesta ter\u00e7a-feira, 2\/9, a entrega das pulseiras destinadas \u00e0s Pessoas com Defici\u00eancia (PcDs) que realizaram inscri\u00e7\u00e3o pr\u00e9via no site oficial do evento.\" \/>\n<meta property=\"og:url\" content=\"https:\/\/www.manaus.am.gov.br\/semcom\/prefeitura-semasc-entregapulseiraspcds\/\" \/>\n<meta property=\"og:site_name\" content=\"SEMCOM\" \/>\n<meta property=\"article:published_time\" content=\"2025-09-01T15:59:04+00:00\" \/>\n<meta property=\"article:modified_time\" content=\"2025-09-01T20:07:38+00:00\" \/>\n<meta property=\"og:image\" content=\"https:\/\/www.manaus.am.gov.br\/semcom\/wp-content\/uploads\/sites\/5\/2025\/09\/IMG_1421.jpg\" \/>\n\t<meta property=\"og:image:width\" content=\"2592\" \/>\n\t<meta property=\"og:image:height\" content=\"1728\" \/>\n\t<meta property=\"og:image:type\" content=\"image\/jpeg\" \/>\n<meta name=\"author\" content=\"Adriana Costa\" \/>\n<meta name=\"twitter:card\" content=\"summary_large_image\" \/>\n<meta name=\"twitter:label1\" content=\"Written by\" \/>\n\t<meta name=\"twitter:data1\" content=\"Adriana Costa\" \/>\n\t<meta name=\"twitter:label2\" content=\"Est. reading time\" \/>\n\t<meta name=\"twitter:data2\" content=\"2 minutos\" \/>\n<script type=\"application\/ld+json\" class=\"yoast-schema-graph\">{\"@context\":\"https:\/\/schema.org\",\"@graph\":[{\"@type\":\"WebPage\",\"@id\":\"https:\/\/www.manaus.am.gov.br\/semcom\/prefeitura-semasc-entregapulseiraspcds\/\",\"url\":\"https:\/\/www.manaus.am.gov.br\/semcom\/prefeitura-semasc-entregapulseiraspcds\/\",\"name\":\"Prefeitura inicia entrega de pulseiras do \u2018#SouManaus Passo a Pa\u00e7o 2025\u2019 para pessoas com defici\u00eancia\",\"isPartOf\":{\"@id\":\"https:\/\/www.manaus.am.gov.br\/semcom\/#website\"},\"primaryImageOfPage\":{\"@id\":\"https:\/\/www.manaus.am.gov.br\/semcom\/prefeitura-semasc-entregapulseiraspcds\/#primaryimage\"},\"image\":{\"@id\":\"https:\/\/www.manaus.am.gov.br\/semcom\/prefeitura-semasc-entregapulseiraspcds\/#primaryimage\"},\"thumbnailUrl\":\"https:\/\/www.manaus.am.gov.br\/semcom\/wp-content\/uploads\/sites\/5\/2025\/09\/IMG_1421.jpg\",\"datePublished\":\"2025-09-01T15:59:04+00:00\",\"dateModified\":\"2025-09-01T20:07:38+00:00\",\"author\":{\"@id\":\"https:\/\/www.manaus.am.gov.br\/semcom\/#\/schema\/person\/4e49f4e267757a06ca072ec61b2b9968\"},\"description\":\"A Prefeitura de Manaus, por meio da Funda\u00e7\u00e3o Municipal de Cultura, Turismo e Eventos (ManausCult), com a coordena\u00e7\u00e3o da Secretaria Municipal da Mulher, Assist\u00eancia Social e Cidadania (Semasc), inicia, nesta ter\u00e7a-feira, 2\/9, a entrega das pulseiras destinadas \u00e0s Pessoas com Defici\u00eancia (PcDs) que realizaram inscri\u00e7\u00e3o pr\u00e9via no site oficial do evento.\",\"inLanguage\":\"pt-BR\",\"potentialAction\":[{\"@type\":\"ReadAction\",\"target\":[\"https:\/\/www.manaus.am.gov.br\/semcom\/prefeitura-semasc-entregapulseiraspcds\/\"]}]},{\"@type\":\"ImageObject\",\"inLanguage\":\"pt-BR\",\"@id\":\"https:\/\/www.manaus.am.gov.br\/semcom\/prefeitura-semasc-entregapulseiraspcds\/#primaryimage\",\"url\":\"https:\/\/www.manaus.am.gov.br\/semcom\/wp-content\/uploads\/sites\/5\/2025\/09\/IMG_1421.jpg\",\"contentUrl\":\"https:\/\/www.manaus.am.gov.br\/semcom\/wp-content\/uploads\/sites\/5\/2025\/09\/IMG_1421.jpg\",\"width\":2592,\"height\":1728},{\"@type\":\"WebSite\",\"@id\":\"https:\/\/www.manaus.am.gov.br\/semcom\/#website\",\"url\":\"https:\/\/www.manaus.am.gov.br\/semcom\/\",\"name\":\"SEMCOM\",\"description\":\"Secretaria Municipal de Comunica\u00e7\u00e3o\",\"potentialAction\":[{\"@type\":\"SearchAction\",\"target\":{\"@type\":\"EntryPoint\",\"urlTemplate\":\"https:\/\/www.manaus.am.gov.br\/semcom\/?s={search_term_string}\"},\"query-input\":\"required name=search_term_string\"}],\"inLanguage\":\"pt-BR\"},{\"@type\":\"Person\",\"@id\":\"https:\/\/www.manaus.am.gov.br\/semcom\/#\/schema\/person\/4e49f4e267757a06ca072ec61b2b9968\",\"name\":\"Adriana Costa\",\"image\":{\"@type\":\"ImageObject\",\"inLanguage\":\"pt-BR\",\"@id\":\"https:\/\/www.manaus.am.gov.br\/semcom\/#\/schema\/person\/image\/\",\"url\":\"https:\/\/secure.gravatar.com\/avatar\/576258617ef7194f718179e766d57bd4?s=96&d=mm&r=g\",\"contentUrl\":\"https:\/\/secure.gravatar.com\/avatar\/576258617ef7194f718179e766d57bd4?s=96&d=mm&r=g\",\"caption\":\"Adriana Costa\"}}]}<\/script>\n<!-- \/ Yoast SEO plugin. -->","yoast_head_json":{"title":"Prefeitura inicia entrega de pulseiras do \u2018#SouManaus Passo a Pa\u00e7o 2025\u2019 para pessoas com defici\u00eancia","description":"A Prefeitura de Manaus, por meio da Funda\u00e7\u00e3o Municipal de Cultura, Turismo e Eventos (ManausCult), com a coordena\u00e7\u00e3o da Secretaria Municipal da Mulher, Assist\u00eancia Social e Cidadania (Semasc), inicia, nesta ter\u00e7a-feira, 2\/9, a entrega das pulseiras destinadas \u00e0s Pessoas com Defici\u00eancia (PcDs) que realizaram inscri\u00e7\u00e3o pr\u00e9via no site oficial do evento.","robots":{"index":"index","follow":"follow","max-snippet":"max-snippet:-1","max-image-preview":"max-image-preview:large","max-video-preview":"max-video-preview:-1"},"canonical":"https:\/\/www.manaus.am.gov.br\/semcom\/prefeitura-semasc-entregapulseiraspcds\/","og_locale":"pt_BR","og_type":"article","og_title":"Prefeitura inicia entrega de pulseiras do \u2018#SouManaus Passo a Pa\u00e7o 2025\u2019 para pessoas com defici\u00eancia","og_description":"A Prefeitura de Manaus, por meio da Funda\u00e7\u00e3o Municipal de Cultura, Turismo e Eventos (ManausCult), com a coordena\u00e7\u00e3o da Secretaria Municipal da Mulher, Assist\u00eancia Social e Cidadania (Semasc), inicia, nesta ter\u00e7a-feira, 2\/9, a entrega das pulseiras destinadas \u00e0s Pessoas com Defici\u00eancia (PcDs) que realizaram inscri\u00e7\u00e3o pr\u00e9via no site oficial do evento.","og_url":"https:\/\/www.manaus.am.gov.br\/semcom\/prefeitura-semasc-entregapulseiraspcds\/","og_site_name":"SEMCOM","article_published_time":"2025-09-01T15:59:04+00:00","article_modified_time":"2025-09-01T20:07:38+00:00","og_image":[{"width":2592,"height":1728,"url":"https:\/\/www.manaus.am.gov.br\/semcom\/wp-content\/uploads\/sites\/5\/2025\/09\/IMG_1421.jpg","type":"image\/jpeg"}],"author":"Adriana Costa","twitter_card":"summary_large_image","twitter_misc":{"Written by":"Adriana Costa","Est. reading time":"2 minutos"},"schema":{"@context":"https:\/\/schema.org","@graph":[{"@type":"WebPage","@id":"https:\/\/www.manaus.am.gov.br\/semcom\/prefeitura-semasc-entregapulseiraspcds\/","url":"https:\/\/www.manaus.am.gov.br\/semcom\/prefeitura-semasc-entregapulseiraspcds\/","name":"Prefeitura inicia entrega de pulseiras do \u2018#SouManaus Passo a Pa\u00e7o 2025\u2019 para pessoas com defici\u00eancia","isPartOf":{"@id":"https:\/\/www.manaus.am.gov.br\/semcom\/#website"},"primaryImageOfPage":{"@id":"https:\/\/www.manaus.am.gov.br\/semcom\/prefeitura-semasc-entregapulseiraspcds\/#primaryimage"},"image":{"@id":"https:\/\/www.manaus.am.gov.br\/semcom\/prefeitura-semasc-entregapulseiraspcds\/#primaryimage"},"thumbnailUrl":"https:\/\/www.manaus.am.gov.br\/semcom\/wp-content\/uploads\/sites\/5\/2025\/09\/IMG_1421.jpg","datePublished":"2025-09-01T15:59:04+00:00","dateModified":"2025-09-01T20:07:38+00:00","author":{"@id":"https:\/\/www.manaus.am.gov.br\/semcom\/#\/schema\/person\/4e49f4e267757a06ca072ec61b2b9968"},"description":"A Prefeitura de Manaus, por meio da Funda\u00e7\u00e3o Municipal de Cultura, Turismo e Eventos (ManausCult), com a coordena\u00e7\u00e3o da Secretaria Municipal da Mulher, Assist\u00eancia Social e Cidadania (Semasc), inicia, nesta ter\u00e7a-feira, 2\/9, a entrega das pulseiras destinadas \u00e0s Pessoas com Defici\u00eancia (PcDs) que realizaram inscri\u00e7\u00e3o pr\u00e9via no site oficial do evento.","inLanguage":"pt-BR","potentialAction":[{"@type":"ReadAction","target":["https:\/\/www.manaus.am.gov.br\/semcom\/prefeitura-semasc-entregapulseiraspcds\/"]}]},{"@type":"ImageObject","inLanguage":"pt-BR","@id":"https:\/\/www.manaus.am.gov.br\/semcom\/prefeitura-semasc-entregapulseiraspcds\/#primaryimage","url":"https:\/\/www.manaus.am.gov.br\/semcom\/wp-content\/uploads\/sites\/5\/2025\/09\/IMG_1421.jpg","contentUrl":"https:\/\/www.manaus.am.gov.br\/semcom\/wp-content\/uploads\/sites\/5\/2025\/09\/IMG_1421.jpg","width":2592,"height":1728},{"@type":"WebSite","@id":"https:\/\/www.manaus.am.gov.br\/semcom\/#website","url":"https:\/\/www.manaus.am.gov.br\/semcom\/","name":"SEMCOM","description":"Secretaria Municipal de Comunica\u00e7\u00e3o","potentialAction":[{"@type":"SearchAction","target":{"@type":"EntryPoint","urlTemplate":"https:\/\/www.manaus.am.gov.br\/semcom\/?s={search_term_string}"},"query-input":"required name=search_term_string"}],"inLanguage":"pt-BR"},{"@type":"Person","@id":"https:\/\/www.manaus.am.gov.br\/semcom\/#\/schema\/person\/4e49f4e267757a06ca072ec61b2b9968","name":"Adriana Costa","image":{"@type":"ImageObject","inLanguage":"pt-BR","@id":"https:\/\/www.manaus.am.gov.br\/semcom\/#\/schema\/person\/image\/","url":"https:\/\/secure.gravatar.com\/avatar\/576258617ef7194f718179e766d57bd4?s=96&d=mm&r=g","contentUrl":"https:\/\/secure.gravatar.com\/avatar\/576258617ef7194f718179e766d57bd4?s=96&d=mm&r=g","caption":"Adriana Costa"}}]}},"_links":{"self":[{"href":"https:\/\/www.manaus.am.gov.br\/semcom\/wp-json\/wp\/v2\/posts\/244756"}],"collection":[{"href":"https:\/\/www.manaus.am.gov.br\/semcom\/wp-json\/wp\/v2\/posts"}],"about":[{"href":"https:\/\/www.manaus.am.gov.br\/semcom\/wp-json\/wp\/v2\/types\/post"}],"author":[{"embeddable":true,"href":"https:\/\/www.manaus.am.gov.br\/semcom\/wp-json\/wp\/v2\/users\/23"}],"replies":[{"embeddable":true,"href":"https:\/\/www.manaus.am.gov.br\/semcom\/wp-json\/wp\/v2\/comments?post=244756"}],"version-history":[{"count":1,"href":"https:\/\/www.manaus.am.gov.br\/semcom\/wp-json\/wp\/v2\/posts\/244756\/revisions"}],"predecessor-version":[{"id":244790,"href":"https:\/\/www.manaus.am.gov.br\/semcom\/wp-json\/wp\/v2\/posts\/244756\/revisions\/244790"}],"wp:featuredmedia":[{"embeddable":true,"href":"https:\/\/www.manaus.am.gov.br\/semcom\/wp-json\/wp\/v2\/media\/244757"}],"wp:attachment":[{"href":"https:\/\/www.manaus.am.gov.br\/semcom\/wp-json\/wp\/v2\/media?parent=244756"}],"wp:term":[{"taxonomy":"category","embeddable":true,"href":"https:\/\/www.manaus.am.gov.br\/semcom\/wp-json\/wp\/v2\/categories?post=244756"},{"taxonomy":"post_tag","embeddable":true,"href":"https:\/\/www.manaus.am.gov.br\/semcom\/wp-json\/wp\/v2\/tags?post=244756"}],"curies":[{"name":"wp","href":"https:\/\/api.w.org\/{rel}","templated":true}]}}