{"id":244754,"date":"2025-09-01T11:57:54","date_gmt":"2025-09-01T15:57:54","guid":{"rendered":"https:\/\/www.manaus.am.gov.br\/semcom\/evento-orquestra-na-floresta\/"},"modified":"2025-09-01T13:06:03","modified_gmt":"2025-09-01T16:06:03","slug":"evento-orquestra-na-floresta","status":"publish","type":"post","link":"https:\/\/www.manaus.am.gov.br\/semcom\/evento-orquestra-na-floresta\/","title":{"rendered":"Prefeitura de Manaus promove o evento \u2018Orquestra na Floresta\u2019 na comunidade Aldeia Cipi\u00e1"},"content":{"rendered":"\n<p>A Prefeitura de Manaus, por meio do Conselho Municipal de Cultura (Concultura),&nbsp;realizar\u00e1, no dia&nbsp;23\/9, a partir das&nbsp;17h30, o evento&nbsp;\u201cOrquestra na Floresta\u201d, uma iniciativa de interc\u00e2mbio cultural que promove o encontro in\u00e9dito entre a m\u00fasica cl\u00e1ssica e a m\u00fasica ind\u00edgena. A atividade acontecer\u00e1 na&nbsp;comunidade Aldeia Cipi\u00e1, localizada no lago do Castanhal da Tatul\u00e2ndia, \u00e0 margem esquerda do rio Negro, distante 34 quil\u00f4metros da capital.<\/p>\n\n\n\n<p>O evento contar\u00e1 com a participa\u00e7\u00e3o da&nbsp;Orquestra de C\u00e2mara de Manaus&nbsp;e do&nbsp;grupo de m\u00fasica Cipi\u00e1. Al\u00e9m disso, os ind\u00edgenas da aldeia ir\u00e3o cantar e tocar, compartilhando seus saberes musicais e proporcionando um momento de integra\u00e7\u00e3o cultural \u00fanico.<\/p>\n\n\n\n<p>Segundo o presidente do Concultura, Tony Medeiros, o evento \u00e9 uma oportunidade \u00fanica de integrar diferentes express\u00f5es culturais. \u201cA m\u00fasica \u00e9 uma linguagem universal. Quando juntamos a Orquestra de C\u00e2mara com o canto e os instrumentos ind\u00edgenas, estamos n\u00e3o apenas celebrando a diversidade, mas mostrando que Manaus \u00e9 um territ\u00f3rio de encontros e de respeito \u00e0s nossas ra\u00edzes\u201d, afirmou.<\/p>\n\n\n\n<p>O objetivo do evento \u00e9 ampliar o acesso \u00e0 m\u00fasica cl\u00e1ssica em locais onde o g\u00eanero raramente chega, fortalecendo, ao mesmo tempo, a valoriza\u00e7\u00e3o da cultura ind\u00edgena e promovendo um di\u00e1logo transcultural dentro da cidade de Manaus.<\/p>\n\n\n\n<p>Para o pianista Jo\u00e3o Gustavo Kienen, o evento \u00e9 uma oportunidade \u00fanica de promover a troca entre diferentes musicalidades, unindo a m\u00fasica cl\u00e1ssica e as tradi\u00e7\u00f5es ind\u00edgenas em um di\u00e1logo cultural significativo.<\/p>\n\n\n\n<p>\u201c\u00c9 uma troca leg\u00edtima entre as v\u00e1rias musicalidades existentes na nossa sociedade.&nbsp; E a presen\u00e7a, ent\u00e3o, de uma orquestra, com instrumentos tradicionais de orquestra e os instrumentos tradicionais ind\u00edgenas com as m\u00fasicas rituais, com as m\u00fasicas festivas, \u00e9 um momento de grande import\u00e2ncia, porque coroa exatamente esse momento da m\u00fasica contempor\u00e2nea ind\u00edgena que est\u00e1 sendo t\u00e3o falada em todo o Brasil\u201d, destacou o m\u00fasico.<\/p>\n\n\n\n<p>A&nbsp;\u201cOrquestra na Floresta\u201d&nbsp;integra as a\u00e7\u00f5es do Concultura voltadas para difus\u00e3o cultural e interc\u00e2mbio art\u00edstico, reafirmando o compromisso da Prefeitura de Manaus com a democratiza\u00e7\u00e3o do acesso \u00e0 arte e a valoriza\u00e7\u00e3o das identidades locais.<\/p>\n\n\n\n<figure class=\"wp-block-image size-large\"><img loading=\"lazy\" decoding=\"async\" width=\"768\" height=\"1024\" src=\"https:\/\/www.manaus.am.gov.br\/semcom\/wp-content\/uploads\/sites\/5\/2025\/09\/CONCULTURA_FOTOS_CLEUTON_MENDONCA-1-768x1024.jpeg\" alt=\"\" class=\"wp-image-244759\" srcset=\"https:\/\/www.manaus.am.gov.br\/semcom\/wp-content\/uploads\/sites\/5\/2025\/09\/CONCULTURA_FOTOS_CLEUTON_MENDONCA-1-768x1024.jpeg 768w, https:\/\/www.manaus.am.gov.br\/semcom\/wp-content\/uploads\/sites\/5\/2025\/09\/CONCULTURA_FOTOS_CLEUTON_MENDONCA-1-225x300.jpeg 225w, https:\/\/www.manaus.am.gov.br\/semcom\/wp-content\/uploads\/sites\/5\/2025\/09\/CONCULTURA_FOTOS_CLEUTON_MENDONCA-1-1152x1536.jpeg 1152w, https:\/\/www.manaus.am.gov.br\/semcom\/wp-content\/uploads\/sites\/5\/2025\/09\/CONCULTURA_FOTOS_CLEUTON_MENDONCA-1.jpeg 1200w\" sizes=\"(max-width: 768px) 100vw, 768px\" \/><\/figure>\n\n\n\n<p>&#8212; &#8212; &#8212;<\/p>\n\n\n\n<p><strong>Texto \u2013\u00a0<\/strong>Divulga\u00e7\u00e3o\/Concultura\u00a0<\/p>\n\n\n\n<p><strong>Fotos \u2013<\/strong> Cleuton Mendon\u00e7a\/Concultura<\/p>\n","protected":false},"excerpt":{"rendered":"","protected":false},"author":39,"featured_media":244755,"comment_status":"closed","ping_status":"closed","sticky":false,"template":"","format":"standard","meta":{"footnotes":""},"categories":[9365],"tags":[16584,695,16585,16586,77],"acf":[],"yoast_head":"<!-- This site is optimized with the Yoast SEO plugin v23.0 - https:\/\/yoast.com\/wordpress\/plugins\/seo\/ -->\n<title>Evento \u2018Orquestra na Floresta\u2019 na comunidade Aldeia Cipi\u00e1<\/title>\n<meta name=\"description\" content=\"Prefeitura de Manaus, por meio do Concultura, promove o evento \u2018Orquestra na Floresta\u2019 na comunidade Aldeia Cipi\u00e1.\" \/>\n<meta name=\"robots\" content=\"index, follow, max-snippet:-1, max-image-preview:large, max-video-preview:-1\" \/>\n<link rel=\"canonical\" href=\"https:\/\/www.manaus.am.gov.br\/semcom\/evento-orquestra-na-floresta\/\" \/>\n<meta property=\"og:locale\" content=\"pt_BR\" \/>\n<meta property=\"og:type\" content=\"article\" \/>\n<meta property=\"og:title\" content=\"Evento \u2018Orquestra na Floresta\u2019 na comunidade Aldeia Cipi\u00e1\" \/>\n<meta property=\"og:description\" content=\"Prefeitura de Manaus, por meio do Concultura, promove o evento \u2018Orquestra na Floresta\u2019 na comunidade Aldeia Cipi\u00e1.\" \/>\n<meta property=\"og:url\" content=\"https:\/\/www.manaus.am.gov.br\/semcom\/evento-orquestra-na-floresta\/\" \/>\n<meta property=\"og:site_name\" content=\"SEMCOM\" \/>\n<meta property=\"article:published_time\" content=\"2025-09-01T15:57:54+00:00\" \/>\n<meta property=\"article:modified_time\" content=\"2025-09-01T16:06:03+00:00\" \/>\n<meta property=\"og:image\" content=\"https:\/\/www.manaus.am.gov.br\/semcom\/wp-content\/uploads\/sites\/5\/2025\/09\/CONCULTURA_FOTOS_CLEUTON_MENDONCA-2.jpeg\" \/>\n\t<meta property=\"og:image:width\" content=\"1600\" \/>\n\t<meta property=\"og:image:height\" content=\"1200\" \/>\n\t<meta property=\"og:image:type\" content=\"image\/jpeg\" \/>\n<meta name=\"author\" content=\"Bruna Greco\" \/>\n<meta name=\"twitter:card\" content=\"summary_large_image\" \/>\n<meta name=\"twitter:label1\" content=\"Written by\" \/>\n\t<meta name=\"twitter:data1\" content=\"Bruna Greco\" \/>\n\t<meta name=\"twitter:label2\" content=\"Est. reading time\" \/>\n\t<meta name=\"twitter:data2\" content=\"3 minutos\" \/>\n<script type=\"application\/ld+json\" class=\"yoast-schema-graph\">{\"@context\":\"https:\/\/schema.org\",\"@graph\":[{\"@type\":\"WebPage\",\"@id\":\"https:\/\/www.manaus.am.gov.br\/semcom\/evento-orquestra-na-floresta\/\",\"url\":\"https:\/\/www.manaus.am.gov.br\/semcom\/evento-orquestra-na-floresta\/\",\"name\":\"Evento \u2018Orquestra na Floresta\u2019 na comunidade Aldeia Cipi\u00e1\",\"isPartOf\":{\"@id\":\"https:\/\/www.manaus.am.gov.br\/semcom\/#website\"},\"primaryImageOfPage\":{\"@id\":\"https:\/\/www.manaus.am.gov.br\/semcom\/evento-orquestra-na-floresta\/#primaryimage\"},\"image\":{\"@id\":\"https:\/\/www.manaus.am.gov.br\/semcom\/evento-orquestra-na-floresta\/#primaryimage\"},\"thumbnailUrl\":\"https:\/\/www.manaus.am.gov.br\/semcom\/wp-content\/uploads\/sites\/5\/2025\/09\/CONCULTURA_FOTOS_CLEUTON_MENDONCA-2.jpeg\",\"datePublished\":\"2025-09-01T15:57:54+00:00\",\"dateModified\":\"2025-09-01T16:06:03+00:00\",\"author\":{\"@id\":\"https:\/\/www.manaus.am.gov.br\/semcom\/#\/schema\/person\/05d223aea2bf115f9883a6ff3683d81b\"},\"description\":\"Prefeitura de Manaus, por meio do Concultura, promove o evento \u2018Orquestra na Floresta\u2019 na comunidade Aldeia Cipi\u00e1.\",\"inLanguage\":\"pt-BR\",\"potentialAction\":[{\"@type\":\"ReadAction\",\"target\":[\"https:\/\/www.manaus.am.gov.br\/semcom\/evento-orquestra-na-floresta\/\"]}]},{\"@type\":\"ImageObject\",\"inLanguage\":\"pt-BR\",\"@id\":\"https:\/\/www.manaus.am.gov.br\/semcom\/evento-orquestra-na-floresta\/#primaryimage\",\"url\":\"https:\/\/www.manaus.am.gov.br\/semcom\/wp-content\/uploads\/sites\/5\/2025\/09\/CONCULTURA_FOTOS_CLEUTON_MENDONCA-2.jpeg\",\"contentUrl\":\"https:\/\/www.manaus.am.gov.br\/semcom\/wp-content\/uploads\/sites\/5\/2025\/09\/CONCULTURA_FOTOS_CLEUTON_MENDONCA-2.jpeg\",\"width\":1600,\"height\":1200,\"caption\":\"#paratodosverem -\"},{\"@type\":\"WebSite\",\"@id\":\"https:\/\/www.manaus.am.gov.br\/semcom\/#website\",\"url\":\"https:\/\/www.manaus.am.gov.br\/semcom\/\",\"name\":\"SEMCOM\",\"description\":\"Secretaria Municipal de Comunica\u00e7\u00e3o\",\"potentialAction\":[{\"@type\":\"SearchAction\",\"target\":{\"@type\":\"EntryPoint\",\"urlTemplate\":\"https:\/\/www.manaus.am.gov.br\/semcom\/?s={search_term_string}\"},\"query-input\":\"required name=search_term_string\"}],\"inLanguage\":\"pt-BR\"},{\"@type\":\"Person\",\"@id\":\"https:\/\/www.manaus.am.gov.br\/semcom\/#\/schema\/person\/05d223aea2bf115f9883a6ff3683d81b\",\"name\":\"Bruna Greco\",\"image\":{\"@type\":\"ImageObject\",\"inLanguage\":\"pt-BR\",\"@id\":\"https:\/\/www.manaus.am.gov.br\/semcom\/#\/schema\/person\/image\/\",\"url\":\"https:\/\/secure.gravatar.com\/avatar\/9c877d1a6adc2a055330e5c09a8653ce?s=96&d=mm&r=g\",\"contentUrl\":\"https:\/\/secure.gravatar.com\/avatar\/9c877d1a6adc2a055330e5c09a8653ce?s=96&d=mm&r=g\",\"caption\":\"Bruna Greco\"}}]}<\/script>\n<!-- \/ Yoast SEO plugin. -->","yoast_head_json":{"title":"Evento \u2018Orquestra na Floresta\u2019 na comunidade Aldeia Cipi\u00e1","description":"Prefeitura de Manaus, por meio do Concultura, promove o evento \u2018Orquestra na Floresta\u2019 na comunidade Aldeia Cipi\u00e1.","robots":{"index":"index","follow":"follow","max-snippet":"max-snippet:-1","max-image-preview":"max-image-preview:large","max-video-preview":"max-video-preview:-1"},"canonical":"https:\/\/www.manaus.am.gov.br\/semcom\/evento-orquestra-na-floresta\/","og_locale":"pt_BR","og_type":"article","og_title":"Evento \u2018Orquestra na Floresta\u2019 na comunidade Aldeia Cipi\u00e1","og_description":"Prefeitura de Manaus, por meio do Concultura, promove o evento \u2018Orquestra na Floresta\u2019 na comunidade Aldeia Cipi\u00e1.","og_url":"https:\/\/www.manaus.am.gov.br\/semcom\/evento-orquestra-na-floresta\/","og_site_name":"SEMCOM","article_published_time":"2025-09-01T15:57:54+00:00","article_modified_time":"2025-09-01T16:06:03+00:00","og_image":[{"width":1600,"height":1200,"url":"https:\/\/www.manaus.am.gov.br\/semcom\/wp-content\/uploads\/sites\/5\/2025\/09\/CONCULTURA_FOTOS_CLEUTON_MENDONCA-2.jpeg","type":"image\/jpeg"}],"author":"Bruna Greco","twitter_card":"summary_large_image","twitter_misc":{"Written by":"Bruna Greco","Est. reading time":"3 minutos"},"schema":{"@context":"https:\/\/schema.org","@graph":[{"@type":"WebPage","@id":"https:\/\/www.manaus.am.gov.br\/semcom\/evento-orquestra-na-floresta\/","url":"https:\/\/www.manaus.am.gov.br\/semcom\/evento-orquestra-na-floresta\/","name":"Evento \u2018Orquestra na Floresta\u2019 na comunidade Aldeia Cipi\u00e1","isPartOf":{"@id":"https:\/\/www.manaus.am.gov.br\/semcom\/#website"},"primaryImageOfPage":{"@id":"https:\/\/www.manaus.am.gov.br\/semcom\/evento-orquestra-na-floresta\/#primaryimage"},"image":{"@id":"https:\/\/www.manaus.am.gov.br\/semcom\/evento-orquestra-na-floresta\/#primaryimage"},"thumbnailUrl":"https:\/\/www.manaus.am.gov.br\/semcom\/wp-content\/uploads\/sites\/5\/2025\/09\/CONCULTURA_FOTOS_CLEUTON_MENDONCA-2.jpeg","datePublished":"2025-09-01T15:57:54+00:00","dateModified":"2025-09-01T16:06:03+00:00","author":{"@id":"https:\/\/www.manaus.am.gov.br\/semcom\/#\/schema\/person\/05d223aea2bf115f9883a6ff3683d81b"},"description":"Prefeitura de Manaus, por meio do Concultura, promove o evento \u2018Orquestra na Floresta\u2019 na comunidade Aldeia Cipi\u00e1.","inLanguage":"pt-BR","potentialAction":[{"@type":"ReadAction","target":["https:\/\/www.manaus.am.gov.br\/semcom\/evento-orquestra-na-floresta\/"]}]},{"@type":"ImageObject","inLanguage":"pt-BR","@id":"https:\/\/www.manaus.am.gov.br\/semcom\/evento-orquestra-na-floresta\/#primaryimage","url":"https:\/\/www.manaus.am.gov.br\/semcom\/wp-content\/uploads\/sites\/5\/2025\/09\/CONCULTURA_FOTOS_CLEUTON_MENDONCA-2.jpeg","contentUrl":"https:\/\/www.manaus.am.gov.br\/semcom\/wp-content\/uploads\/sites\/5\/2025\/09\/CONCULTURA_FOTOS_CLEUTON_MENDONCA-2.jpeg","width":1600,"height":1200,"caption":"#paratodosverem -"},{"@type":"WebSite","@id":"https:\/\/www.manaus.am.gov.br\/semcom\/#website","url":"https:\/\/www.manaus.am.gov.br\/semcom\/","name":"SEMCOM","description":"Secretaria Municipal de Comunica\u00e7\u00e3o","potentialAction":[{"@type":"SearchAction","target":{"@type":"EntryPoint","urlTemplate":"https:\/\/www.manaus.am.gov.br\/semcom\/?s={search_term_string}"},"query-input":"required name=search_term_string"}],"inLanguage":"pt-BR"},{"@type":"Person","@id":"https:\/\/www.manaus.am.gov.br\/semcom\/#\/schema\/person\/05d223aea2bf115f9883a6ff3683d81b","name":"Bruna Greco","image":{"@type":"ImageObject","inLanguage":"pt-BR","@id":"https:\/\/www.manaus.am.gov.br\/semcom\/#\/schema\/person\/image\/","url":"https:\/\/secure.gravatar.com\/avatar\/9c877d1a6adc2a055330e5c09a8653ce?s=96&d=mm&r=g","contentUrl":"https:\/\/secure.gravatar.com\/avatar\/9c877d1a6adc2a055330e5c09a8653ce?s=96&d=mm&r=g","caption":"Bruna Greco"}}]}},"_links":{"self":[{"href":"https:\/\/www.manaus.am.gov.br\/semcom\/wp-json\/wp\/v2\/posts\/244754"}],"collection":[{"href":"https:\/\/www.manaus.am.gov.br\/semcom\/wp-json\/wp\/v2\/posts"}],"about":[{"href":"https:\/\/www.manaus.am.gov.br\/semcom\/wp-json\/wp\/v2\/types\/post"}],"author":[{"embeddable":true,"href":"https:\/\/www.manaus.am.gov.br\/semcom\/wp-json\/wp\/v2\/users\/39"}],"replies":[{"embeddable":true,"href":"https:\/\/www.manaus.am.gov.br\/semcom\/wp-json\/wp\/v2\/comments?post=244754"}],"version-history":[{"count":4,"href":"https:\/\/www.manaus.am.gov.br\/semcom\/wp-json\/wp\/v2\/posts\/244754\/revisions"}],"predecessor-version":[{"id":244762,"href":"https:\/\/www.manaus.am.gov.br\/semcom\/wp-json\/wp\/v2\/posts\/244754\/revisions\/244762"}],"wp:featuredmedia":[{"embeddable":true,"href":"https:\/\/www.manaus.am.gov.br\/semcom\/wp-json\/wp\/v2\/media\/244755"}],"wp:attachment":[{"href":"https:\/\/www.manaus.am.gov.br\/semcom\/wp-json\/wp\/v2\/media?parent=244754"}],"wp:term":[{"taxonomy":"category","embeddable":true,"href":"https:\/\/www.manaus.am.gov.br\/semcom\/wp-json\/wp\/v2\/categories?post=244754"},{"taxonomy":"post_tag","embeddable":true,"href":"https:\/\/www.manaus.am.gov.br\/semcom\/wp-json\/wp\/v2\/tags?post=244754"}],"curies":[{"name":"wp","href":"https:\/\/api.w.org\/{rel}","templated":true}]}}