{"id":244752,"date":"2025-09-01T12:26:23","date_gmt":"2025-09-01T15:26:23","guid":{"rendered":"https:\/\/www.manaus.am.gov.br\/semcom\/prefeitura-semtepi-inovamulher-prorrogacao\/"},"modified":"2025-09-01T12:26:25","modified_gmt":"2025-09-01T15:26:25","slug":"prefeitura-semtepi-inovamulher-prorrogacao","status":"publish","type":"post","link":"https:\/\/www.manaus.am.gov.br\/semcom\/prefeitura-semtepi-inovamulher-prorrogacao\/","title":{"rendered":"Prefeitura inscreve para edital \u2018Inova Mulher\u2019 at\u00e9 o dia 10"},"content":{"rendered":"\n<p>A Prefeitura de Manaus, por meio da Secretaria Municipal do Trabalho, Empreendedorismo e Inova\u00e7\u00e3o (Semtepi), prorrogou para at\u00e9 o dia 10 de setembro as inscri\u00e7\u00f5es do edital&nbsp;\u201cInova Mulher\u201d, iniciativa voltada \u00e0&nbsp;capacita\u00e7\u00e3o de mulheres para o mercado de trabalho&nbsp;e ao fortalecimento do&nbsp;empreendedorismo feminino&nbsp;na capital.&nbsp;<\/p>\n\n\n\n<p>Com investimento total de&nbsp;R$ 600 mil, o edital contempla&nbsp;Organiza\u00e7\u00f5es da Sociedade Civil (OSCs), que poder\u00e3o apresentar propostas de projetos que promovam&nbsp;inclus\u00e3o, empreendedorismo e equidade de g\u00eanero.&nbsp;<\/p>\n\n\n\n<p>De acordo com o secret\u00e1rio da&nbsp;Semtepi,&nbsp;Alonso Oliveira, a iniciativa tem como um dos principais objetivos incentivar forma\u00e7\u00f5es que capacitem mulheres para ocupar cargos de lideran\u00e7a, fortalecendo sua participa\u00e7\u00e3o em esferas pol\u00edticas, institucionais e empresariais.&nbsp;<\/p>\n\n\n\n<p>\u201cEstamos direcionando o edital para as&nbsp;OSCs, para que possam abra\u00e7ar o desafio de promover a inclus\u00e3o da melhor forma poss\u00edvel. Nosso objetivo \u00e9 garantir que essas mulheres estejam preparadas para o mundo atual da tecnologia e da inova\u00e7\u00e3o\u201d, destacou.&nbsp;<\/p>\n\n\n\n<p>As inscri\u00e7\u00f5es devem ser realizadas no site oficial da Prefeitura de Manaus, por meio do link:&nbsp;<a href=\"https:\/\/www.manaus.am.gov.br\/semtepi\/a-semtepi\/editais\/inova-mulher\/?utm_source=chatgpt.com\" target=\"_blank\" rel=\"noreferrer noopener\">https:\/\/www.manaus.am.gov.br\/semtepi\/a-semtepi\/editais\/inova-mulher\/<\/a>&nbsp;ou pelo link na&nbsp;bio&nbsp;do Instagram da&nbsp;Semtepi.&nbsp;<\/p>\n\n\n\n<p>Edital<\/p>\n\n\n\n<p>Ao todo, ser\u00e3o selecionadas&nbsp;12 iniciativas, cada uma recebendo o aporte de&nbsp;R$ 50 mil&nbsp;para execu\u00e7\u00e3o de a\u00e7\u00f5es voltadas \u00e0&nbsp;qualifica\u00e7\u00e3o profissional, acesso ao mercado digital, empreendedorismo&nbsp;e valoriza\u00e7\u00e3o de segmentos como est\u00e9tica e beleza, sempre com foco na gera\u00e7\u00e3o de renda e na autonomia econ\u00f4mica das mulheres.&nbsp;<\/p>\n\n\n\n<p>O edital tamb\u00e9m reconhece as&nbsp;m\u00faltiplas vulnerabilidades&nbsp;enfrentadas por mulheres em fun\u00e7\u00e3o de g\u00eanero, ra\u00e7a, identidade, defici\u00eancia e orienta\u00e7\u00e3o sexual, buscando fomentar oportunidades de crescimento e ampliar o protagonismo feminino em \u00e1reas estrat\u00e9gicas da economia e da gest\u00e3o p\u00fablica.&nbsp;<\/p>\n\n\n\n<p>&nbsp;&#8211; &#8211; &#8211;<\/p>\n\n\n\n<p><strong>Texto\u00a0<\/strong>&#8211; Asafe Augusto\/Semtepi<\/p>\n\n\n\n<p><strong>Fotos\u00a0<\/strong>&#8211; Ruan Souza\/Semtepi<\/p>\n","protected":false},"excerpt":{"rendered":"","protected":false},"author":23,"featured_media":244753,"comment_status":"closed","ping_status":"closed","sticky":false,"template":"","format":"standard","meta":{"footnotes":""},"categories":[3823],"tags":[16583,757,77,2908,22],"acf":[],"yoast_head":"<!-- This site is optimized with the Yoast SEO plugin v23.0 - https:\/\/yoast.com\/wordpress\/plugins\/seo\/ -->\n<title>Prefeitura inscreve para edital \u2018Inova Mulher\u2019 at\u00e9 o dia 10<\/title>\n<meta name=\"description\" content=\"A Prefeitura de Manaus, por meio da Secretaria Municipal do Trabalho, Empreendedorismo e Inova\u00e7\u00e3o (Semtepi), prorrogou para at\u00e9 o dia 10 de setembro as inscri\u00e7\u00f5es do edital \u201cInova Mulher\u201d, iniciativa voltada \u00e0 capacita\u00e7\u00e3o de mulheres para o mercado de trabalho e ao fortalecimento do empreendedorismo feminino na capital.\" \/>\n<meta name=\"robots\" content=\"index, follow, max-snippet:-1, max-image-preview:large, max-video-preview:-1\" \/>\n<link rel=\"canonical\" href=\"https:\/\/www.manaus.am.gov.br\/semcom\/prefeitura-semtepi-inovamulher-prorrogacao\/\" \/>\n<meta property=\"og:locale\" content=\"pt_BR\" \/>\n<meta property=\"og:type\" content=\"article\" \/>\n<meta property=\"og:title\" content=\"Prefeitura inscreve para edital \u2018Inova Mulher\u2019 at\u00e9 o dia 10\" \/>\n<meta property=\"og:description\" content=\"A Prefeitura de Manaus, por meio da Secretaria Municipal do Trabalho, Empreendedorismo e Inova\u00e7\u00e3o (Semtepi), prorrogou para at\u00e9 o dia 10 de setembro as inscri\u00e7\u00f5es do edital \u201cInova Mulher\u201d, iniciativa voltada \u00e0 capacita\u00e7\u00e3o de mulheres para o mercado de trabalho e ao fortalecimento do empreendedorismo feminino na capital.\" \/>\n<meta property=\"og:url\" content=\"https:\/\/www.manaus.am.gov.br\/semcom\/prefeitura-semtepi-inovamulher-prorrogacao\/\" \/>\n<meta property=\"og:site_name\" content=\"SEMCOM\" \/>\n<meta property=\"article:published_time\" content=\"2025-09-01T15:26:23+00:00\" \/>\n<meta property=\"article:modified_time\" content=\"2025-09-01T15:26:25+00:00\" \/>\n<meta property=\"og:image\" content=\"https:\/\/www.manaus.am.gov.br\/semcom\/wp-content\/uploads\/sites\/5\/2025\/09\/inova-mulher-3.jpeg\" \/>\n\t<meta property=\"og:image:width\" content=\"1280\" \/>\n\t<meta property=\"og:image:height\" content=\"853\" \/>\n\t<meta property=\"og:image:type\" content=\"image\/jpeg\" \/>\n<meta name=\"author\" content=\"Adriana Costa\" \/>\n<meta name=\"twitter:card\" content=\"summary_large_image\" \/>\n<meta name=\"twitter:label1\" content=\"Written by\" \/>\n\t<meta name=\"twitter:data1\" content=\"Adriana Costa\" \/>\n\t<meta name=\"twitter:label2\" content=\"Est. reading time\" \/>\n\t<meta name=\"twitter:data2\" content=\"2 minutos\" \/>\n<script type=\"application\/ld+json\" class=\"yoast-schema-graph\">{\"@context\":\"https:\/\/schema.org\",\"@graph\":[{\"@type\":\"WebPage\",\"@id\":\"https:\/\/www.manaus.am.gov.br\/semcom\/prefeitura-semtepi-inovamulher-prorrogacao\/\",\"url\":\"https:\/\/www.manaus.am.gov.br\/semcom\/prefeitura-semtepi-inovamulher-prorrogacao\/\",\"name\":\"Prefeitura inscreve para edital \u2018Inova Mulher\u2019 at\u00e9 o dia 10\",\"isPartOf\":{\"@id\":\"https:\/\/www.manaus.am.gov.br\/semcom\/#website\"},\"primaryImageOfPage\":{\"@id\":\"https:\/\/www.manaus.am.gov.br\/semcom\/prefeitura-semtepi-inovamulher-prorrogacao\/#primaryimage\"},\"image\":{\"@id\":\"https:\/\/www.manaus.am.gov.br\/semcom\/prefeitura-semtepi-inovamulher-prorrogacao\/#primaryimage\"},\"thumbnailUrl\":\"https:\/\/www.manaus.am.gov.br\/semcom\/wp-content\/uploads\/sites\/5\/2025\/09\/inova-mulher-3.jpeg\",\"datePublished\":\"2025-09-01T15:26:23+00:00\",\"dateModified\":\"2025-09-01T15:26:25+00:00\",\"author\":{\"@id\":\"https:\/\/www.manaus.am.gov.br\/semcom\/#\/schema\/person\/4e49f4e267757a06ca072ec61b2b9968\"},\"description\":\"A Prefeitura de Manaus, por meio da Secretaria Municipal do Trabalho, Empreendedorismo e Inova\u00e7\u00e3o (Semtepi), prorrogou para at\u00e9 o dia 10 de setembro as inscri\u00e7\u00f5es do edital \u201cInova Mulher\u201d, iniciativa voltada \u00e0 capacita\u00e7\u00e3o de mulheres para o mercado de trabalho e ao fortalecimento do empreendedorismo feminino na capital.\",\"inLanguage\":\"pt-BR\",\"potentialAction\":[{\"@type\":\"ReadAction\",\"target\":[\"https:\/\/www.manaus.am.gov.br\/semcom\/prefeitura-semtepi-inovamulher-prorrogacao\/\"]}]},{\"@type\":\"ImageObject\",\"inLanguage\":\"pt-BR\",\"@id\":\"https:\/\/www.manaus.am.gov.br\/semcom\/prefeitura-semtepi-inovamulher-prorrogacao\/#primaryimage\",\"url\":\"https:\/\/www.manaus.am.gov.br\/semcom\/wp-content\/uploads\/sites\/5\/2025\/09\/inova-mulher-3.jpeg\",\"contentUrl\":\"https:\/\/www.manaus.am.gov.br\/semcom\/wp-content\/uploads\/sites\/5\/2025\/09\/inova-mulher-3.jpeg\",\"width\":1280,\"height\":853},{\"@type\":\"WebSite\",\"@id\":\"https:\/\/www.manaus.am.gov.br\/semcom\/#website\",\"url\":\"https:\/\/www.manaus.am.gov.br\/semcom\/\",\"name\":\"SEMCOM\",\"description\":\"Secretaria Municipal de Comunica\u00e7\u00e3o\",\"potentialAction\":[{\"@type\":\"SearchAction\",\"target\":{\"@type\":\"EntryPoint\",\"urlTemplate\":\"https:\/\/www.manaus.am.gov.br\/semcom\/?s={search_term_string}\"},\"query-input\":\"required name=search_term_string\"}],\"inLanguage\":\"pt-BR\"},{\"@type\":\"Person\",\"@id\":\"https:\/\/www.manaus.am.gov.br\/semcom\/#\/schema\/person\/4e49f4e267757a06ca072ec61b2b9968\",\"name\":\"Adriana Costa\",\"image\":{\"@type\":\"ImageObject\",\"inLanguage\":\"pt-BR\",\"@id\":\"https:\/\/www.manaus.am.gov.br\/semcom\/#\/schema\/person\/image\/\",\"url\":\"https:\/\/secure.gravatar.com\/avatar\/576258617ef7194f718179e766d57bd4?s=96&d=mm&r=g\",\"contentUrl\":\"https:\/\/secure.gravatar.com\/avatar\/576258617ef7194f718179e766d57bd4?s=96&d=mm&r=g\",\"caption\":\"Adriana Costa\"}}]}<\/script>\n<!-- \/ Yoast SEO plugin. -->","yoast_head_json":{"title":"Prefeitura inscreve para edital \u2018Inova Mulher\u2019 at\u00e9 o dia 10","description":"A Prefeitura de Manaus, por meio da Secretaria Municipal do Trabalho, Empreendedorismo e Inova\u00e7\u00e3o (Semtepi), prorrogou para at\u00e9 o dia 10 de setembro as inscri\u00e7\u00f5es do edital \u201cInova Mulher\u201d, iniciativa voltada \u00e0 capacita\u00e7\u00e3o de mulheres para o mercado de trabalho e ao fortalecimento do empreendedorismo feminino na capital.","robots":{"index":"index","follow":"follow","max-snippet":"max-snippet:-1","max-image-preview":"max-image-preview:large","max-video-preview":"max-video-preview:-1"},"canonical":"https:\/\/www.manaus.am.gov.br\/semcom\/prefeitura-semtepi-inovamulher-prorrogacao\/","og_locale":"pt_BR","og_type":"article","og_title":"Prefeitura inscreve para edital \u2018Inova Mulher\u2019 at\u00e9 o dia 10","og_description":"A Prefeitura de Manaus, por meio da Secretaria Municipal do Trabalho, Empreendedorismo e Inova\u00e7\u00e3o (Semtepi), prorrogou para at\u00e9 o dia 10 de setembro as inscri\u00e7\u00f5es do edital \u201cInova Mulher\u201d, iniciativa voltada \u00e0 capacita\u00e7\u00e3o de mulheres para o mercado de trabalho e ao fortalecimento do empreendedorismo feminino na capital.","og_url":"https:\/\/www.manaus.am.gov.br\/semcom\/prefeitura-semtepi-inovamulher-prorrogacao\/","og_site_name":"SEMCOM","article_published_time":"2025-09-01T15:26:23+00:00","article_modified_time":"2025-09-01T15:26:25+00:00","og_image":[{"width":1280,"height":853,"url":"https:\/\/www.manaus.am.gov.br\/semcom\/wp-content\/uploads\/sites\/5\/2025\/09\/inova-mulher-3.jpeg","type":"image\/jpeg"}],"author":"Adriana Costa","twitter_card":"summary_large_image","twitter_misc":{"Written by":"Adriana Costa","Est. reading time":"2 minutos"},"schema":{"@context":"https:\/\/schema.org","@graph":[{"@type":"WebPage","@id":"https:\/\/www.manaus.am.gov.br\/semcom\/prefeitura-semtepi-inovamulher-prorrogacao\/","url":"https:\/\/www.manaus.am.gov.br\/semcom\/prefeitura-semtepi-inovamulher-prorrogacao\/","name":"Prefeitura inscreve para edital \u2018Inova Mulher\u2019 at\u00e9 o dia 10","isPartOf":{"@id":"https:\/\/www.manaus.am.gov.br\/semcom\/#website"},"primaryImageOfPage":{"@id":"https:\/\/www.manaus.am.gov.br\/semcom\/prefeitura-semtepi-inovamulher-prorrogacao\/#primaryimage"},"image":{"@id":"https:\/\/www.manaus.am.gov.br\/semcom\/prefeitura-semtepi-inovamulher-prorrogacao\/#primaryimage"},"thumbnailUrl":"https:\/\/www.manaus.am.gov.br\/semcom\/wp-content\/uploads\/sites\/5\/2025\/09\/inova-mulher-3.jpeg","datePublished":"2025-09-01T15:26:23+00:00","dateModified":"2025-09-01T15:26:25+00:00","author":{"@id":"https:\/\/www.manaus.am.gov.br\/semcom\/#\/schema\/person\/4e49f4e267757a06ca072ec61b2b9968"},"description":"A Prefeitura de Manaus, por meio da Secretaria Municipal do Trabalho, Empreendedorismo e Inova\u00e7\u00e3o (Semtepi), prorrogou para at\u00e9 o dia 10 de setembro as inscri\u00e7\u00f5es do edital \u201cInova Mulher\u201d, iniciativa voltada \u00e0 capacita\u00e7\u00e3o de mulheres para o mercado de trabalho e ao fortalecimento do empreendedorismo feminino na capital.","inLanguage":"pt-BR","potentialAction":[{"@type":"ReadAction","target":["https:\/\/www.manaus.am.gov.br\/semcom\/prefeitura-semtepi-inovamulher-prorrogacao\/"]}]},{"@type":"ImageObject","inLanguage":"pt-BR","@id":"https:\/\/www.manaus.am.gov.br\/semcom\/prefeitura-semtepi-inovamulher-prorrogacao\/#primaryimage","url":"https:\/\/www.manaus.am.gov.br\/semcom\/wp-content\/uploads\/sites\/5\/2025\/09\/inova-mulher-3.jpeg","contentUrl":"https:\/\/www.manaus.am.gov.br\/semcom\/wp-content\/uploads\/sites\/5\/2025\/09\/inova-mulher-3.jpeg","width":1280,"height":853},{"@type":"WebSite","@id":"https:\/\/www.manaus.am.gov.br\/semcom\/#website","url":"https:\/\/www.manaus.am.gov.br\/semcom\/","name":"SEMCOM","description":"Secretaria Municipal de Comunica\u00e7\u00e3o","potentialAction":[{"@type":"SearchAction","target":{"@type":"EntryPoint","urlTemplate":"https:\/\/www.manaus.am.gov.br\/semcom\/?s={search_term_string}"},"query-input":"required name=search_term_string"}],"inLanguage":"pt-BR"},{"@type":"Person","@id":"https:\/\/www.manaus.am.gov.br\/semcom\/#\/schema\/person\/4e49f4e267757a06ca072ec61b2b9968","name":"Adriana Costa","image":{"@type":"ImageObject","inLanguage":"pt-BR","@id":"https:\/\/www.manaus.am.gov.br\/semcom\/#\/schema\/person\/image\/","url":"https:\/\/secure.gravatar.com\/avatar\/576258617ef7194f718179e766d57bd4?s=96&d=mm&r=g","contentUrl":"https:\/\/secure.gravatar.com\/avatar\/576258617ef7194f718179e766d57bd4?s=96&d=mm&r=g","caption":"Adriana Costa"}}]}},"_links":{"self":[{"href":"https:\/\/www.manaus.am.gov.br\/semcom\/wp-json\/wp\/v2\/posts\/244752"}],"collection":[{"href":"https:\/\/www.manaus.am.gov.br\/semcom\/wp-json\/wp\/v2\/posts"}],"about":[{"href":"https:\/\/www.manaus.am.gov.br\/semcom\/wp-json\/wp\/v2\/types\/post"}],"author":[{"embeddable":true,"href":"https:\/\/www.manaus.am.gov.br\/semcom\/wp-json\/wp\/v2\/users\/23"}],"replies":[{"embeddable":true,"href":"https:\/\/www.manaus.am.gov.br\/semcom\/wp-json\/wp\/v2\/comments?post=244752"}],"version-history":[{"count":0,"href":"https:\/\/www.manaus.am.gov.br\/semcom\/wp-json\/wp\/v2\/posts\/244752\/revisions"}],"wp:featuredmedia":[{"embeddable":true,"href":"https:\/\/www.manaus.am.gov.br\/semcom\/wp-json\/wp\/v2\/media\/244753"}],"wp:attachment":[{"href":"https:\/\/www.manaus.am.gov.br\/semcom\/wp-json\/wp\/v2\/media?parent=244752"}],"wp:term":[{"taxonomy":"category","embeddable":true,"href":"https:\/\/www.manaus.am.gov.br\/semcom\/wp-json\/wp\/v2\/categories?post=244752"},{"taxonomy":"post_tag","embeddable":true,"href":"https:\/\/www.manaus.am.gov.br\/semcom\/wp-json\/wp\/v2\/tags?post=244752"}],"curies":[{"name":"wp","href":"https:\/\/api.w.org\/{rel}","templated":true}]}}