{"id":244750,"date":"2025-09-01T12:10:17","date_gmt":"2025-09-01T15:10:17","guid":{"rendered":"https:\/\/www.manaus.am.gov.br\/semcom\/prefeitura-semtepi-empretec2025\/"},"modified":"2025-09-01T14:47:57","modified_gmt":"2025-09-01T17:47:57","slug":"prefeitura-semtepi-empretec2025","status":"publish","type":"post","link":"https:\/\/www.manaus.am.gov.br\/semcom\/prefeitura-semtepi-empretec2025\/","title":{"rendered":"Prefeitura abre inscri\u00e7\u00f5es para \u00faltima turma do\u00a0Empretec\u00a0no ano de 2025 em parceria com o Sebrae"},"content":{"rendered":"\n<p>A Prefeitura de Manaus, por meio da Secretaria Municipal do Trabalho, Empreendedorismo e Inova\u00e7\u00e3o (Semtepi), abre, nesta ter\u00e7a-feira, 2\/9, as inscri\u00e7\u00f5es para\u00a0a \u00faltima turma do\u00a0Empretec,\u00a0deste ano,\u00a0em parceria com o Sebrae Amazonas.\u00a0\u00a0Os interessados podem se inscrever pelo endere\u00e7o\u00a0<a href=\"https:\/\/forms.gle\/8dwWUrtxWEcKzAubA\" target=\"_blank\" rel=\"noreferrer noopener\">https:\/\/forms.gle\/8dwWUrtxWEcKzAubA<\/a>\u00a0ou pelo link na bio do Instagram da Semtepi.<\/p>\n\n\n\n<p>As inscri\u00e7\u00f5es seguem at\u00e9 o dia 9\/9, \u00e0s 12h, e a lista de selecionados ser\u00e1 divulgada no dia 19 de setembro. O curso ser\u00e1 realizado de 22 a 27\/9, no pr\u00e9dio do Sebrae, localizado na avenida Leonardo Malcher, n\u00b0 924, Centro.&nbsp;<\/p>\n\n\n\n<p>As aulas v\u00e3o acontecer em per\u00edodo integral, das&nbsp;8h \u00e0s 12h&nbsp;e das&nbsp;14h \u00e0s 18h, oferecendo uma imers\u00e3o intensiva de&nbsp;60 horas&nbsp;de capacita\u00e7\u00e3o.&nbsp;<\/p>\n\n\n\n<p>\u201cO\u00a0Empretec\u00a0\u00e9 uma ferramenta transformadora, que ajuda tanto quem est\u00e1 come\u00e7ando quanto quem j\u00e1 atua no empreendedorismo a fortalecer suas habilidades, aumentar a autonomia e impulsionar o crescimento sustent\u00e1vel dos neg\u00f3cios\u201d, destacou o secret\u00e1rio da\u00a0Semtepi, Alonso Oliveira.\u00a0<\/p>\n\n\n\n<p><strong>Programa<\/strong><\/p>\n\n\n\n<p>O&nbsp;Empretec&nbsp;\u00e9 um programa da&nbsp;Organiza\u00e7\u00e3o das Na\u00e7\u00f5es Unidas (ONU), aplicado em mais de 40 pa\u00edses, com foco no desenvolvimento de caracter\u00edsticas de comportamento empreendedor e na identifica\u00e7\u00e3o de novas oportunidades de neg\u00f3cios.&nbsp;<\/p>\n\n\n\n<p>A metodologia \u00e9 fundamentada em atividades pr\u00e1ticas e cientificamente comprovadas, que mostram como agem os empreendedores de sucesso e quais s\u00e3o os dez comportamentos essenciais para alcan\u00e7ar resultados no mercado.&nbsp;O&nbsp;semin\u00e1rio de capacita\u00e7\u00e3o empreendedora \u00e9 reconhecido internacionalmente.&nbsp;<\/p>\n\n\n\n<p>&#8211; &#8211; &#8211; &#8211;&nbsp;<\/p>\n\n\n\n<p><strong>Texto&nbsp;<\/strong>\u2013&nbsp;Asafe&nbsp;Augusto\/Semtepi&nbsp;&nbsp;<\/p>\n\n\n\n<p><strong>Fotos&nbsp;<\/strong>\u2013 Ruan Souza\/Semtepi&nbsp;&nbsp;<\/p>\n","protected":false},"excerpt":{"rendered":"","protected":false},"author":23,"featured_media":244751,"comment_status":"closed","ping_status":"closed","sticky":false,"template":"","format":"standard","meta":{"footnotes":""},"categories":[24],"tags":[12997,380,1841,77,3618,22,16582],"acf":[],"yoast_head":"<!-- This site is optimized with the Yoast SEO plugin v23.0 - https:\/\/yoast.com\/wordpress\/plugins\/seo\/ -->\n<title>Prefeitura abre inscri\u00e7\u00f5es para \u00faltima turma do Empretec no ano de 2025 em parceria com o Sebrae<\/title>\n<meta name=\"description\" content=\"A Prefeitura de Manaus, por meio da Secretaria Municipal do Trabalho, Empreendedorismo e Inova\u00e7\u00e3o (Semtepi), abre, nesta ter\u00e7a-feira, 2\/9, as inscri\u00e7\u00f5es para a \u00faltima turma do Empretec, deste ano, em parceria com o Sebrae Amazonas.\" \/>\n<meta name=\"robots\" content=\"index, follow, max-snippet:-1, max-image-preview:large, max-video-preview:-1\" \/>\n<link rel=\"canonical\" href=\"https:\/\/www.manaus.am.gov.br\/semcom\/prefeitura-semtepi-empretec2025\/\" \/>\n<meta property=\"og:locale\" content=\"pt_BR\" \/>\n<meta property=\"og:type\" content=\"article\" \/>\n<meta property=\"og:title\" content=\"Prefeitura abre inscri\u00e7\u00f5es para \u00faltima turma do Empretec no ano de 2025 em parceria com o Sebrae\" \/>\n<meta property=\"og:description\" content=\"A Prefeitura de Manaus, por meio da Secretaria Municipal do Trabalho, Empreendedorismo e Inova\u00e7\u00e3o (Semtepi), abre, nesta ter\u00e7a-feira, 2\/9, as inscri\u00e7\u00f5es para a \u00faltima turma do Empretec, deste ano, em parceria com o Sebrae Amazonas.\" \/>\n<meta property=\"og:url\" content=\"https:\/\/www.manaus.am.gov.br\/semcom\/prefeitura-semtepi-empretec2025\/\" \/>\n<meta property=\"og:site_name\" content=\"SEMCOM\" \/>\n<meta property=\"article:published_time\" content=\"2025-09-01T15:10:17+00:00\" \/>\n<meta property=\"article:modified_time\" content=\"2025-09-01T17:47:57+00:00\" \/>\n<meta property=\"og:image\" content=\"https:\/\/www.manaus.am.gov.br\/semcom\/wp-content\/uploads\/sites\/5\/2025\/09\/empretec-1-1.jpeg\" \/>\n\t<meta property=\"og:image:width\" content=\"4160\" \/>\n\t<meta property=\"og:image:height\" content=\"2774\" \/>\n\t<meta property=\"og:image:type\" content=\"image\/jpeg\" \/>\n<meta name=\"author\" content=\"Adriana Costa\" \/>\n<meta name=\"twitter:card\" content=\"summary_large_image\" \/>\n<meta name=\"twitter:label1\" content=\"Written by\" \/>\n\t<meta name=\"twitter:data1\" content=\"Adriana Costa\" \/>\n\t<meta name=\"twitter:label2\" content=\"Est. reading time\" \/>\n\t<meta name=\"twitter:data2\" content=\"2 minutos\" \/>\n<script type=\"application\/ld+json\" class=\"yoast-schema-graph\">{\"@context\":\"https:\/\/schema.org\",\"@graph\":[{\"@type\":\"WebPage\",\"@id\":\"https:\/\/www.manaus.am.gov.br\/semcom\/prefeitura-semtepi-empretec2025\/\",\"url\":\"https:\/\/www.manaus.am.gov.br\/semcom\/prefeitura-semtepi-empretec2025\/\",\"name\":\"Prefeitura abre inscri\u00e7\u00f5es para \u00faltima turma do Empretec no ano de 2025 em parceria com o Sebrae\",\"isPartOf\":{\"@id\":\"https:\/\/www.manaus.am.gov.br\/semcom\/#website\"},\"primaryImageOfPage\":{\"@id\":\"https:\/\/www.manaus.am.gov.br\/semcom\/prefeitura-semtepi-empretec2025\/#primaryimage\"},\"image\":{\"@id\":\"https:\/\/www.manaus.am.gov.br\/semcom\/prefeitura-semtepi-empretec2025\/#primaryimage\"},\"thumbnailUrl\":\"https:\/\/www.manaus.am.gov.br\/semcom\/wp-content\/uploads\/sites\/5\/2025\/09\/empretec-1-1.jpeg\",\"datePublished\":\"2025-09-01T15:10:17+00:00\",\"dateModified\":\"2025-09-01T17:47:57+00:00\",\"author\":{\"@id\":\"https:\/\/www.manaus.am.gov.br\/semcom\/#\/schema\/person\/4e49f4e267757a06ca072ec61b2b9968\"},\"description\":\"A Prefeitura de Manaus, por meio da Secretaria Municipal do Trabalho, Empreendedorismo e Inova\u00e7\u00e3o (Semtepi), abre, nesta ter\u00e7a-feira, 2\/9, as inscri\u00e7\u00f5es para a \u00faltima turma do Empretec, deste ano, em parceria com o Sebrae Amazonas.\",\"inLanguage\":\"pt-BR\",\"potentialAction\":[{\"@type\":\"ReadAction\",\"target\":[\"https:\/\/www.manaus.am.gov.br\/semcom\/prefeitura-semtepi-empretec2025\/\"]}]},{\"@type\":\"ImageObject\",\"inLanguage\":\"pt-BR\",\"@id\":\"https:\/\/www.manaus.am.gov.br\/semcom\/prefeitura-semtepi-empretec2025\/#primaryimage\",\"url\":\"https:\/\/www.manaus.am.gov.br\/semcom\/wp-content\/uploads\/sites\/5\/2025\/09\/empretec-1-1.jpeg\",\"contentUrl\":\"https:\/\/www.manaus.am.gov.br\/semcom\/wp-content\/uploads\/sites\/5\/2025\/09\/empretec-1-1.jpeg\",\"width\":4160,\"height\":2774},{\"@type\":\"WebSite\",\"@id\":\"https:\/\/www.manaus.am.gov.br\/semcom\/#website\",\"url\":\"https:\/\/www.manaus.am.gov.br\/semcom\/\",\"name\":\"SEMCOM\",\"description\":\"Secretaria Municipal de Comunica\u00e7\u00e3o\",\"potentialAction\":[{\"@type\":\"SearchAction\",\"target\":{\"@type\":\"EntryPoint\",\"urlTemplate\":\"https:\/\/www.manaus.am.gov.br\/semcom\/?s={search_term_string}\"},\"query-input\":\"required name=search_term_string\"}],\"inLanguage\":\"pt-BR\"},{\"@type\":\"Person\",\"@id\":\"https:\/\/www.manaus.am.gov.br\/semcom\/#\/schema\/person\/4e49f4e267757a06ca072ec61b2b9968\",\"name\":\"Adriana Costa\",\"image\":{\"@type\":\"ImageObject\",\"inLanguage\":\"pt-BR\",\"@id\":\"https:\/\/www.manaus.am.gov.br\/semcom\/#\/schema\/person\/image\/\",\"url\":\"https:\/\/secure.gravatar.com\/avatar\/576258617ef7194f718179e766d57bd4?s=96&d=mm&r=g\",\"contentUrl\":\"https:\/\/secure.gravatar.com\/avatar\/576258617ef7194f718179e766d57bd4?s=96&d=mm&r=g\",\"caption\":\"Adriana Costa\"}}]}<\/script>\n<!-- \/ Yoast SEO plugin. -->","yoast_head_json":{"title":"Prefeitura abre inscri\u00e7\u00f5es para \u00faltima turma do Empretec no ano de 2025 em parceria com o Sebrae","description":"A Prefeitura de Manaus, por meio da Secretaria Municipal do Trabalho, Empreendedorismo e Inova\u00e7\u00e3o (Semtepi), abre, nesta ter\u00e7a-feira, 2\/9, as inscri\u00e7\u00f5es para a \u00faltima turma do Empretec, deste ano, em parceria com o Sebrae Amazonas.","robots":{"index":"index","follow":"follow","max-snippet":"max-snippet:-1","max-image-preview":"max-image-preview:large","max-video-preview":"max-video-preview:-1"},"canonical":"https:\/\/www.manaus.am.gov.br\/semcom\/prefeitura-semtepi-empretec2025\/","og_locale":"pt_BR","og_type":"article","og_title":"Prefeitura abre inscri\u00e7\u00f5es para \u00faltima turma do Empretec no ano de 2025 em parceria com o Sebrae","og_description":"A Prefeitura de Manaus, por meio da Secretaria Municipal do Trabalho, Empreendedorismo e Inova\u00e7\u00e3o (Semtepi), abre, nesta ter\u00e7a-feira, 2\/9, as inscri\u00e7\u00f5es para a \u00faltima turma do Empretec, deste ano, em parceria com o Sebrae Amazonas.","og_url":"https:\/\/www.manaus.am.gov.br\/semcom\/prefeitura-semtepi-empretec2025\/","og_site_name":"SEMCOM","article_published_time":"2025-09-01T15:10:17+00:00","article_modified_time":"2025-09-01T17:47:57+00:00","og_image":[{"width":4160,"height":2774,"url":"https:\/\/www.manaus.am.gov.br\/semcom\/wp-content\/uploads\/sites\/5\/2025\/09\/empretec-1-1.jpeg","type":"image\/jpeg"}],"author":"Adriana Costa","twitter_card":"summary_large_image","twitter_misc":{"Written by":"Adriana Costa","Est. reading time":"2 minutos"},"schema":{"@context":"https:\/\/schema.org","@graph":[{"@type":"WebPage","@id":"https:\/\/www.manaus.am.gov.br\/semcom\/prefeitura-semtepi-empretec2025\/","url":"https:\/\/www.manaus.am.gov.br\/semcom\/prefeitura-semtepi-empretec2025\/","name":"Prefeitura abre inscri\u00e7\u00f5es para \u00faltima turma do Empretec no ano de 2025 em parceria com o Sebrae","isPartOf":{"@id":"https:\/\/www.manaus.am.gov.br\/semcom\/#website"},"primaryImageOfPage":{"@id":"https:\/\/www.manaus.am.gov.br\/semcom\/prefeitura-semtepi-empretec2025\/#primaryimage"},"image":{"@id":"https:\/\/www.manaus.am.gov.br\/semcom\/prefeitura-semtepi-empretec2025\/#primaryimage"},"thumbnailUrl":"https:\/\/www.manaus.am.gov.br\/semcom\/wp-content\/uploads\/sites\/5\/2025\/09\/empretec-1-1.jpeg","datePublished":"2025-09-01T15:10:17+00:00","dateModified":"2025-09-01T17:47:57+00:00","author":{"@id":"https:\/\/www.manaus.am.gov.br\/semcom\/#\/schema\/person\/4e49f4e267757a06ca072ec61b2b9968"},"description":"A Prefeitura de Manaus, por meio da Secretaria Municipal do Trabalho, Empreendedorismo e Inova\u00e7\u00e3o (Semtepi), abre, nesta ter\u00e7a-feira, 2\/9, as inscri\u00e7\u00f5es para a \u00faltima turma do Empretec, deste ano, em parceria com o Sebrae Amazonas.","inLanguage":"pt-BR","potentialAction":[{"@type":"ReadAction","target":["https:\/\/www.manaus.am.gov.br\/semcom\/prefeitura-semtepi-empretec2025\/"]}]},{"@type":"ImageObject","inLanguage":"pt-BR","@id":"https:\/\/www.manaus.am.gov.br\/semcom\/prefeitura-semtepi-empretec2025\/#primaryimage","url":"https:\/\/www.manaus.am.gov.br\/semcom\/wp-content\/uploads\/sites\/5\/2025\/09\/empretec-1-1.jpeg","contentUrl":"https:\/\/www.manaus.am.gov.br\/semcom\/wp-content\/uploads\/sites\/5\/2025\/09\/empretec-1-1.jpeg","width":4160,"height":2774},{"@type":"WebSite","@id":"https:\/\/www.manaus.am.gov.br\/semcom\/#website","url":"https:\/\/www.manaus.am.gov.br\/semcom\/","name":"SEMCOM","description":"Secretaria Municipal de Comunica\u00e7\u00e3o","potentialAction":[{"@type":"SearchAction","target":{"@type":"EntryPoint","urlTemplate":"https:\/\/www.manaus.am.gov.br\/semcom\/?s={search_term_string}"},"query-input":"required name=search_term_string"}],"inLanguage":"pt-BR"},{"@type":"Person","@id":"https:\/\/www.manaus.am.gov.br\/semcom\/#\/schema\/person\/4e49f4e267757a06ca072ec61b2b9968","name":"Adriana Costa","image":{"@type":"ImageObject","inLanguage":"pt-BR","@id":"https:\/\/www.manaus.am.gov.br\/semcom\/#\/schema\/person\/image\/","url":"https:\/\/secure.gravatar.com\/avatar\/576258617ef7194f718179e766d57bd4?s=96&d=mm&r=g","contentUrl":"https:\/\/secure.gravatar.com\/avatar\/576258617ef7194f718179e766d57bd4?s=96&d=mm&r=g","caption":"Adriana Costa"}}]}},"_links":{"self":[{"href":"https:\/\/www.manaus.am.gov.br\/semcom\/wp-json\/wp\/v2\/posts\/244750"}],"collection":[{"href":"https:\/\/www.manaus.am.gov.br\/semcom\/wp-json\/wp\/v2\/posts"}],"about":[{"href":"https:\/\/www.manaus.am.gov.br\/semcom\/wp-json\/wp\/v2\/types\/post"}],"author":[{"embeddable":true,"href":"https:\/\/www.manaus.am.gov.br\/semcom\/wp-json\/wp\/v2\/users\/23"}],"replies":[{"embeddable":true,"href":"https:\/\/www.manaus.am.gov.br\/semcom\/wp-json\/wp\/v2\/comments?post=244750"}],"version-history":[{"count":1,"href":"https:\/\/www.manaus.am.gov.br\/semcom\/wp-json\/wp\/v2\/posts\/244750\/revisions"}],"predecessor-version":[{"id":244773,"href":"https:\/\/www.manaus.am.gov.br\/semcom\/wp-json\/wp\/v2\/posts\/244750\/revisions\/244773"}],"wp:featuredmedia":[{"embeddable":true,"href":"https:\/\/www.manaus.am.gov.br\/semcom\/wp-json\/wp\/v2\/media\/244751"}],"wp:attachment":[{"href":"https:\/\/www.manaus.am.gov.br\/semcom\/wp-json\/wp\/v2\/media?parent=244750"}],"wp:term":[{"taxonomy":"category","embeddable":true,"href":"https:\/\/www.manaus.am.gov.br\/semcom\/wp-json\/wp\/v2\/categories?post=244750"},{"taxonomy":"post_tag","embeddable":true,"href":"https:\/\/www.manaus.am.gov.br\/semcom\/wp-json\/wp\/v2\/tags?post=244750"}],"curies":[{"name":"wp","href":"https:\/\/api.w.org\/{rel}","templated":true}]}}