{"id":244714,"date":"2025-08-29T21:29:31","date_gmt":"2025-08-30T00:29:31","guid":{"rendered":"https:\/\/www.manaus.am.gov.br\/semcom\/evento-cuidados-idosos\/"},"modified":"2025-08-29T21:29:32","modified_gmt":"2025-08-30T00:29:32","slug":"evento-cuidados-idosos","status":"publish","type":"post","link":"https:\/\/www.manaus.am.gov.br\/semcom\/evento-cuidados-idosos\/","title":{"rendered":"Prefeitura de Manaus participa do maior evento nacional de cuidados a idosos em S\u00e3o Paulo"},"content":{"rendered":"\n<p>A Prefeitura de Manaus, por meio da Funda\u00e7\u00e3o de Apoio ao Idoso Dr. Thomas (FDT), est\u00e1 presente na 3\u00aa edi\u00e7\u00e3o do ILPIs Expo+F\u00f3rum (IEF 2025), considerado o maior evento do pa\u00eds voltado \u00e0s Institui\u00e7\u00f5es de Longa Perman\u00eancia para Idosos (ILPIs). O encontro acontece nesta sexta e s\u00e1bado, 29 e 30 de agosto, no Centro de Conven\u00e7\u00f5es Frei Caneca, em S\u00e3o Paulo (SP), reunindo gestores, profissionais, \u00f3rg\u00e3os de vigil\u00e2ncia, entidades, ind\u00fastrias e servi\u00e7os em um grande espa\u00e7o de troca de experi\u00eancias e discuss\u00e3o de solu\u00e7\u00f5es inovadoras.<\/p>\n\n\n\n<p>Para o diretor-presidente da FDT, Eduardo Lucas, a participa\u00e7\u00e3o da comitiva representa um passo importante na consolida\u00e7\u00e3o de pol\u00edticas p\u00fablicas voltadas ao envelhecimento ativo e saud\u00e1vel em Manaus.<\/p>\n\n\n\n<p>\u201cEstar no IEF 2025 nos coloca em contato direto com as melhores pr\u00e1ticas e tecnologias para o cuidado de longa perman\u00eancia. Manaus tem avan\u00e7ado na aten\u00e7\u00e3o \u00e0 pessoa idosa e, aqui, estamos absorvendo ideias, solu\u00e7\u00f5es e produtos que poder\u00e3o ser aplicados de forma pr\u00e1tica em nossa cidade. Nosso objetivo \u00e9 sempre aprimorar os servi\u00e7os, garantindo dignidade, seguran\u00e7a e qualidade de vida para quem mais precisa\u201d, destacou Lucas.<\/p>\n\n\n\n<p>A gerente do Parque Municipal da Pessoa Idosa, Charmenia Sahdo, que tamb\u00e9m integra a comitiva, refor\u00e7ou a relev\u00e2ncia do evento para o fortalecimento das a\u00e7\u00f5es locais.<\/p>\n\n\n\n<p>\u201c\u00c9 fundamental trocar experi\u00eancias com profissionais de todo o Brasil. Cada aprendizado ser\u00e1 levado de volta para Manaus e aplicado na institui\u00e7\u00e3o, fortalecendo ainda mais a aten\u00e7\u00e3o e os servi\u00e7os prestados aos nossos idosos\u201d, afirmou.<\/p>\n\n\n\n<p>O IEF 2025 oferece ciclos de palestras, workshops e debates, discutindo novas perspectivas para os cuidados de longa dura\u00e7\u00e3o, al\u00e9m de apresentar inova\u00e7\u00f5es em produtos e servi\u00e7os que contribuem para o bem-estar da popula\u00e7\u00e3o idosa.<\/p>\n\n\n\n<p>A presen\u00e7a da Prefeitura de Manaus no evento reafirma o compromisso da gest\u00e3o municipal em investir em pol\u00edticas p\u00fablicas de qualidade, consolidando a cidade como refer\u00eancia em iniciativas voltadas ao cuidado e \u00e0 valoriza\u00e7\u00e3o da pessoa idosa.<\/p>\n\n\n\n<p>&#8212; &#8212; &#8212;<\/p>\n\n\n\n<p><strong>Texto<\/strong> &#8211; F\u00e1bio Sim\u00f5es \/ FDT<\/p>\n\n\n\n<p><strong>Fotos<\/strong> \u2013 Divulga\u00e7\u00e3o \/ FDT<\/p>\n","protected":false},"excerpt":{"rendered":"","protected":false},"author":61,"featured_media":244715,"comment_status":"closed","ping_status":"closed","sticky":false,"template":"","format":"standard","meta":{"footnotes":""},"categories":[7843],"tags":[35,77],"acf":[],"yoast_head":"<!-- This site is optimized with the Yoast SEO plugin v23.0 - https:\/\/yoast.com\/wordpress\/plugins\/seo\/ -->\n<title>Prefeitura de Manaus participa do maior evento nacional de cuidados a idosos em S\u00e3o Paulo<\/title>\n<meta name=\"description\" content=\"A Prefeitura de Manaus, por meio da Funda\u00e7\u00e3o de Apoio ao Idoso Dr. Thomas (FDT), est\u00e1 presente na 3\u00aa edi\u00e7\u00e3o do ILPIs Expo+F\u00f3rum (IEF 2025), considerado o maior evento do pa\u00eds voltado \u00e0s Institui\u00e7\u00f5es de Longa Perman\u00eancia para Idosos (ILPIs).\" \/>\n<meta name=\"robots\" content=\"index, follow, max-snippet:-1, max-image-preview:large, max-video-preview:-1\" \/>\n<link rel=\"canonical\" href=\"https:\/\/www.manaus.am.gov.br\/semcom\/evento-cuidados-idosos\/\" \/>\n<meta property=\"og:locale\" content=\"pt_BR\" \/>\n<meta property=\"og:type\" content=\"article\" \/>\n<meta property=\"og:title\" content=\"Prefeitura de Manaus participa do maior evento nacional de cuidados a idosos em S\u00e3o Paulo\" \/>\n<meta property=\"og:description\" content=\"A Prefeitura de Manaus, por meio da Funda\u00e7\u00e3o de Apoio ao Idoso Dr. Thomas (FDT), est\u00e1 presente na 3\u00aa edi\u00e7\u00e3o do ILPIs Expo+F\u00f3rum (IEF 2025), considerado o maior evento do pa\u00eds voltado \u00e0s Institui\u00e7\u00f5es de Longa Perman\u00eancia para Idosos (ILPIs).\" \/>\n<meta property=\"og:url\" content=\"https:\/\/www.manaus.am.gov.br\/semcom\/evento-cuidados-idosos\/\" \/>\n<meta property=\"og:site_name\" content=\"SEMCOM\" \/>\n<meta property=\"article:published_time\" content=\"2025-08-30T00:29:31+00:00\" \/>\n<meta property=\"article:modified_time\" content=\"2025-08-30T00:29:32+00:00\" \/>\n<meta property=\"og:image\" content=\"https:\/\/www.manaus.am.gov.br\/semcom\/wp-content\/uploads\/sites\/5\/2025\/08\/FDT-Forum-3.jpeg\" \/>\n\t<meta property=\"og:image:width\" content=\"1600\" \/>\n\t<meta property=\"og:image:height\" content=\"1200\" \/>\n\t<meta property=\"og:image:type\" content=\"image\/jpeg\" \/>\n<meta name=\"author\" content=\"smonteiro\" \/>\n<meta name=\"twitter:card\" content=\"summary_large_image\" \/>\n<meta name=\"twitter:label1\" content=\"Written by\" \/>\n\t<meta name=\"twitter:data1\" content=\"smonteiro\" \/>\n\t<meta name=\"twitter:label2\" content=\"Est. reading time\" \/>\n\t<meta name=\"twitter:data2\" content=\"2 minutos\" \/>\n<script type=\"application\/ld+json\" class=\"yoast-schema-graph\">{\"@context\":\"https:\/\/schema.org\",\"@graph\":[{\"@type\":\"WebPage\",\"@id\":\"https:\/\/www.manaus.am.gov.br\/semcom\/evento-cuidados-idosos\/\",\"url\":\"https:\/\/www.manaus.am.gov.br\/semcom\/evento-cuidados-idosos\/\",\"name\":\"Prefeitura de Manaus participa do maior evento nacional de cuidados a idosos em S\u00e3o Paulo\",\"isPartOf\":{\"@id\":\"https:\/\/www.manaus.am.gov.br\/semcom\/#website\"},\"primaryImageOfPage\":{\"@id\":\"https:\/\/www.manaus.am.gov.br\/semcom\/evento-cuidados-idosos\/#primaryimage\"},\"image\":{\"@id\":\"https:\/\/www.manaus.am.gov.br\/semcom\/evento-cuidados-idosos\/#primaryimage\"},\"thumbnailUrl\":\"https:\/\/www.manaus.am.gov.br\/semcom\/wp-content\/uploads\/sites\/5\/2025\/08\/FDT-Forum-3.jpeg\",\"datePublished\":\"2025-08-30T00:29:31+00:00\",\"dateModified\":\"2025-08-30T00:29:32+00:00\",\"author\":{\"@id\":\"https:\/\/www.manaus.am.gov.br\/semcom\/#\/schema\/person\/ab4dcf766a54dff74e8d267f5c591961\"},\"description\":\"A Prefeitura de Manaus, por meio da Funda\u00e7\u00e3o de Apoio ao Idoso Dr. Thomas (FDT), est\u00e1 presente na 3\u00aa edi\u00e7\u00e3o do ILPIs Expo+F\u00f3rum (IEF 2025), considerado o maior evento do pa\u00eds voltado \u00e0s Institui\u00e7\u00f5es de Longa Perman\u00eancia para Idosos (ILPIs).\",\"inLanguage\":\"pt-BR\",\"potentialAction\":[{\"@type\":\"ReadAction\",\"target\":[\"https:\/\/www.manaus.am.gov.br\/semcom\/evento-cuidados-idosos\/\"]}]},{\"@type\":\"ImageObject\",\"inLanguage\":\"pt-BR\",\"@id\":\"https:\/\/www.manaus.am.gov.br\/semcom\/evento-cuidados-idosos\/#primaryimage\",\"url\":\"https:\/\/www.manaus.am.gov.br\/semcom\/wp-content\/uploads\/sites\/5\/2025\/08\/FDT-Forum-3.jpeg\",\"contentUrl\":\"https:\/\/www.manaus.am.gov.br\/semcom\/wp-content\/uploads\/sites\/5\/2025\/08\/FDT-Forum-3.jpeg\",\"width\":1600,\"height\":1200,\"caption\":\"#paratodosverem - o diretor-presidente da FDT no evento, em S\u00e3o Paulo\"},{\"@type\":\"WebSite\",\"@id\":\"https:\/\/www.manaus.am.gov.br\/semcom\/#website\",\"url\":\"https:\/\/www.manaus.am.gov.br\/semcom\/\",\"name\":\"SEMCOM\",\"description\":\"Secretaria Municipal de Comunica\u00e7\u00e3o\",\"potentialAction\":[{\"@type\":\"SearchAction\",\"target\":{\"@type\":\"EntryPoint\",\"urlTemplate\":\"https:\/\/www.manaus.am.gov.br\/semcom\/?s={search_term_string}\"},\"query-input\":\"required name=search_term_string\"}],\"inLanguage\":\"pt-BR\"},{\"@type\":\"Person\",\"@id\":\"https:\/\/www.manaus.am.gov.br\/semcom\/#\/schema\/person\/ab4dcf766a54dff74e8d267f5c591961\",\"name\":\"smonteiro\",\"image\":{\"@type\":\"ImageObject\",\"inLanguage\":\"pt-BR\",\"@id\":\"https:\/\/www.manaus.am.gov.br\/semcom\/#\/schema\/person\/image\/\",\"url\":\"https:\/\/secure.gravatar.com\/avatar\/21c8776ef61d9272c73322052e042d77?s=96&d=mm&r=g\",\"contentUrl\":\"https:\/\/secure.gravatar.com\/avatar\/21c8776ef61d9272c73322052e042d77?s=96&d=mm&r=g\",\"caption\":\"smonteiro\"}}]}<\/script>\n<!-- \/ Yoast SEO plugin. -->","yoast_head_json":{"title":"Prefeitura de Manaus participa do maior evento nacional de cuidados a idosos em S\u00e3o Paulo","description":"A Prefeitura de Manaus, por meio da Funda\u00e7\u00e3o de Apoio ao Idoso Dr. Thomas (FDT), est\u00e1 presente na 3\u00aa edi\u00e7\u00e3o do ILPIs Expo+F\u00f3rum (IEF 2025), considerado o maior evento do pa\u00eds voltado \u00e0s Institui\u00e7\u00f5es de Longa Perman\u00eancia para Idosos (ILPIs).","robots":{"index":"index","follow":"follow","max-snippet":"max-snippet:-1","max-image-preview":"max-image-preview:large","max-video-preview":"max-video-preview:-1"},"canonical":"https:\/\/www.manaus.am.gov.br\/semcom\/evento-cuidados-idosos\/","og_locale":"pt_BR","og_type":"article","og_title":"Prefeitura de Manaus participa do maior evento nacional de cuidados a idosos em S\u00e3o Paulo","og_description":"A Prefeitura de Manaus, por meio da Funda\u00e7\u00e3o de Apoio ao Idoso Dr. Thomas (FDT), est\u00e1 presente na 3\u00aa edi\u00e7\u00e3o do ILPIs Expo+F\u00f3rum (IEF 2025), considerado o maior evento do pa\u00eds voltado \u00e0s Institui\u00e7\u00f5es de Longa Perman\u00eancia para Idosos (ILPIs).","og_url":"https:\/\/www.manaus.am.gov.br\/semcom\/evento-cuidados-idosos\/","og_site_name":"SEMCOM","article_published_time":"2025-08-30T00:29:31+00:00","article_modified_time":"2025-08-30T00:29:32+00:00","og_image":[{"width":1600,"height":1200,"url":"https:\/\/www.manaus.am.gov.br\/semcom\/wp-content\/uploads\/sites\/5\/2025\/08\/FDT-Forum-3.jpeg","type":"image\/jpeg"}],"author":"smonteiro","twitter_card":"summary_large_image","twitter_misc":{"Written by":"smonteiro","Est. reading time":"2 minutos"},"schema":{"@context":"https:\/\/schema.org","@graph":[{"@type":"WebPage","@id":"https:\/\/www.manaus.am.gov.br\/semcom\/evento-cuidados-idosos\/","url":"https:\/\/www.manaus.am.gov.br\/semcom\/evento-cuidados-idosos\/","name":"Prefeitura de Manaus participa do maior evento nacional de cuidados a idosos em S\u00e3o Paulo","isPartOf":{"@id":"https:\/\/www.manaus.am.gov.br\/semcom\/#website"},"primaryImageOfPage":{"@id":"https:\/\/www.manaus.am.gov.br\/semcom\/evento-cuidados-idosos\/#primaryimage"},"image":{"@id":"https:\/\/www.manaus.am.gov.br\/semcom\/evento-cuidados-idosos\/#primaryimage"},"thumbnailUrl":"https:\/\/www.manaus.am.gov.br\/semcom\/wp-content\/uploads\/sites\/5\/2025\/08\/FDT-Forum-3.jpeg","datePublished":"2025-08-30T00:29:31+00:00","dateModified":"2025-08-30T00:29:32+00:00","author":{"@id":"https:\/\/www.manaus.am.gov.br\/semcom\/#\/schema\/person\/ab4dcf766a54dff74e8d267f5c591961"},"description":"A Prefeitura de Manaus, por meio da Funda\u00e7\u00e3o de Apoio ao Idoso Dr. Thomas (FDT), est\u00e1 presente na 3\u00aa edi\u00e7\u00e3o do ILPIs Expo+F\u00f3rum (IEF 2025), considerado o maior evento do pa\u00eds voltado \u00e0s Institui\u00e7\u00f5es de Longa Perman\u00eancia para Idosos (ILPIs).","inLanguage":"pt-BR","potentialAction":[{"@type":"ReadAction","target":["https:\/\/www.manaus.am.gov.br\/semcom\/evento-cuidados-idosos\/"]}]},{"@type":"ImageObject","inLanguage":"pt-BR","@id":"https:\/\/www.manaus.am.gov.br\/semcom\/evento-cuidados-idosos\/#primaryimage","url":"https:\/\/www.manaus.am.gov.br\/semcom\/wp-content\/uploads\/sites\/5\/2025\/08\/FDT-Forum-3.jpeg","contentUrl":"https:\/\/www.manaus.am.gov.br\/semcom\/wp-content\/uploads\/sites\/5\/2025\/08\/FDT-Forum-3.jpeg","width":1600,"height":1200,"caption":"#paratodosverem - o diretor-presidente da FDT no evento, em S\u00e3o Paulo"},{"@type":"WebSite","@id":"https:\/\/www.manaus.am.gov.br\/semcom\/#website","url":"https:\/\/www.manaus.am.gov.br\/semcom\/","name":"SEMCOM","description":"Secretaria Municipal de Comunica\u00e7\u00e3o","potentialAction":[{"@type":"SearchAction","target":{"@type":"EntryPoint","urlTemplate":"https:\/\/www.manaus.am.gov.br\/semcom\/?s={search_term_string}"},"query-input":"required name=search_term_string"}],"inLanguage":"pt-BR"},{"@type":"Person","@id":"https:\/\/www.manaus.am.gov.br\/semcom\/#\/schema\/person\/ab4dcf766a54dff74e8d267f5c591961","name":"smonteiro","image":{"@type":"ImageObject","inLanguage":"pt-BR","@id":"https:\/\/www.manaus.am.gov.br\/semcom\/#\/schema\/person\/image\/","url":"https:\/\/secure.gravatar.com\/avatar\/21c8776ef61d9272c73322052e042d77?s=96&d=mm&r=g","contentUrl":"https:\/\/secure.gravatar.com\/avatar\/21c8776ef61d9272c73322052e042d77?s=96&d=mm&r=g","caption":"smonteiro"}}]}},"_links":{"self":[{"href":"https:\/\/www.manaus.am.gov.br\/semcom\/wp-json\/wp\/v2\/posts\/244714"}],"collection":[{"href":"https:\/\/www.manaus.am.gov.br\/semcom\/wp-json\/wp\/v2\/posts"}],"about":[{"href":"https:\/\/www.manaus.am.gov.br\/semcom\/wp-json\/wp\/v2\/types\/post"}],"author":[{"embeddable":true,"href":"https:\/\/www.manaus.am.gov.br\/semcom\/wp-json\/wp\/v2\/users\/61"}],"replies":[{"embeddable":true,"href":"https:\/\/www.manaus.am.gov.br\/semcom\/wp-json\/wp\/v2\/comments?post=244714"}],"version-history":[{"count":0,"href":"https:\/\/www.manaus.am.gov.br\/semcom\/wp-json\/wp\/v2\/posts\/244714\/revisions"}],"wp:featuredmedia":[{"embeddable":true,"href":"https:\/\/www.manaus.am.gov.br\/semcom\/wp-json\/wp\/v2\/media\/244715"}],"wp:attachment":[{"href":"https:\/\/www.manaus.am.gov.br\/semcom\/wp-json\/wp\/v2\/media?parent=244714"}],"wp:term":[{"taxonomy":"category","embeddable":true,"href":"https:\/\/www.manaus.am.gov.br\/semcom\/wp-json\/wp\/v2\/categories?post=244714"},{"taxonomy":"post_tag","embeddable":true,"href":"https:\/\/www.manaus.am.gov.br\/semcom\/wp-json\/wp\/v2\/tags?post=244714"}],"curies":[{"name":"wp","href":"https:\/\/api.w.org\/{rel}","templated":true}]}}