{"id":244712,"date":"2025-08-29T21:02:49","date_gmt":"2025-08-30T00:02:49","guid":{"rendered":"https:\/\/www.manaus.am.gov.br\/semcom\/retirada-sites-pulseiras\/"},"modified":"2025-08-29T21:02:51","modified_gmt":"2025-08-30T00:02:51","slug":"retirada-sites-pulseiras","status":"publish","type":"post","link":"https:\/\/www.manaus.am.gov.br\/semcom\/retirada-sites-pulseiras\/","title":{"rendered":"Justi\u00e7a determina retirada imediata do ar de sites que faziam a venda fraudulenta de pulseiras"},"content":{"rendered":"\n<p>A Prefeitura de Manaus conseguiu, junto ao Poder Judici\u00e1rio do Estado do Amazonas, a retirada imediata do ar dos sites \u201csoumanausticket\u201d e \u201csoumanausingressos\u201d, que estavam vendendo, de forma fraudulenta, pulseiras de acesso ao \u201c#SouManaus Passo a Pa\u00e7o 2025\u201d. A decis\u00e3o da ju\u00edza de Direito, Etelvina Lobo Braga, da 3\u00aa Vara da Fazenda P\u00fablica da Comarca de Manaus, determina, ainda, o bloqueio de acesso a esses dom\u00ednios em territ\u00f3rio nacional, pelos provedores de conex\u00e3o, enquanto perdurar a ilicitude e a desindexa\u00e7\u00e3o das p\u00e1ginas em mecanismos de busca, com base na indica\u00e7\u00e3o das URLs, com a comunica\u00e7\u00e3o ao Google Brasil Internet Ltda., para que adote as medidas necess\u00e1rias ao cumprimento da ordem judicial.<\/p>\n\n\n\n<p>\u201cDesde o primeiro momento em que fomos informados dessa fraude, a Prefeitura de Manaus agiu de forma r\u00e1pida para proteger a nossa popula\u00e7\u00e3o. N\u00e3o poder\u00edamos permitir que o cidad\u00e3o manauara fosse enganado com a venda ilegal de pulseiras para o \u201c#SouManaus Passo a Pa\u00e7o 2025\u201d, um evento que \u00e9 feito justamente para valorizar e aproximar a todos\u201d, destacou o prefeito David Almeida.<\/p>\n\n\n\n<p>O chefe do Executivo municipal disse, ainda, que com a decis\u00e3o da Justi\u00e7a, esses sites ser\u00e3o retirados do ar, garantindo que ningu\u00e9m seja lesado. \u201cQuero refor\u00e7ar que a prefeitura est\u00e1 atenta, vigilante e comprometida em assegurar que a experi\u00eancia do \u2018#SouManaus\u2019 seja segura, justa e transparente para todos. Esse \u00e9 o nosso compromisso com a cidade\u201d, assegurou o prefeito.<\/p>\n\n\n\n<p>A a\u00e7\u00e3o foi requerida pela Funda\u00e7\u00e3o Municipal de Cultura, Turismo e Eventos (Manauscult)ap\u00f3s identificar a exist\u00eancia dos sites. Ap\u00f3s o registro do boletim de ocorr\u00eancia na Secretaria de Seguran\u00e7a P\u00fablica do Estado do Amazonas (SSP), por meio da Procuradoria-Geral do Munic\u00edpio (PGM), que recorreu \u00e0 Justi\u00e7a para impedir a pr\u00e1tica criminosa.<\/p>\n\n\n\n<p>\u201c\u00c9 de conhecimento p\u00fablico que n\u00e3o h\u00e1 venda de ingressos para \u2018#SouManaus\u2019. O acesso \u00e9 gratuito, bastando apenas realizar o cadastro no site oficial do evento e, nas datas estabelecidas, efetuar a troca por um quilo de alimento n\u00e3o perec\u00edvel, sendo a retirada das pulseiras realizada nos pontos divulgados pela coordena\u00e7\u00e3o do evento, mediante apresenta\u00e7\u00e3o de documento com foto e o alimento n\u00e3o perec\u00edvel\u201d, ressaltou o procurador-geral do munic\u00edpio, Rafael Bertazzo.<\/p>\n\n\n\n<p>Na decis\u00e3o, a ju\u00edza determina, ainda, que a empresa Google Brasil Internet Ltda. forne\u00e7a dados suficientes para identifica\u00e7\u00e3o e qualifica\u00e7\u00e3o dos respons\u00e1veis pelos sites, uma vez que n\u00e3o h\u00e1 identifica\u00e7\u00e3o de nomes, CNPJ ou qualquer refer\u00eancia a essas pessoas.<\/p>\n\n\n\n<p>\u201cQuero refor\u00e7ar \u00e0 popula\u00e7\u00e3o que n\u00e3o compre pulseiras, porque elas n\u00e3o ter\u00e3o validade no evento. O acesso ao \u2018#SouManaus Passo a Pa\u00e7o 2025\u2019 ser\u00e1 rigorosamente controlado, e qualquer tentativa de uso de pulseiras falsas ser\u00e1 imediatamente identificada. A Prefeitura de Manaus est\u00e1 tomando todas as medidas necess\u00e1rias para garantir que o festival aconte\u00e7a de forma segura, organizada e com toda a grandiosidade que a nossa cidade merece. Estamos preparando dias inesquec\u00edveis, com atra\u00e7\u00f5es locais e nacionais, para celebrar Manaus e o nosso povo como ele merece\u201d, finalizou o diretor-presidente da Manauscult, Jender Lobato.<\/p>\n\n\n\n<p>&#8212; &#8212; &#8212;<\/p>\n\n\n\n<p><strong>Texto<\/strong> \u2013 Sandra Monteiro \/ Semcom<\/p>\n\n\n\n<p><strong>Fotos<\/strong> \u2013 Ant\u00f4nio Pereira \/ Semcom<\/p>\n","protected":false},"excerpt":{"rendered":"","protected":false},"author":61,"featured_media":244713,"comment_status":"closed","ping_status":"closed","sticky":false,"template":"","format":"standard","meta":{"footnotes":""},"categories":[7488],"tags":[35,307,518,77],"acf":[],"yoast_head":"<!-- This site is optimized with the Yoast SEO plugin v23.0 - https:\/\/yoast.com\/wordpress\/plugins\/seo\/ -->\n<title>Justi\u00e7a determina retirada imediata do ar de sites que faziam a venda fraudulenta de pulseiras<\/title>\n<meta name=\"description\" content=\"A Prefeitura de Manaus conseguiu, junto ao Poder Judici\u00e1rio do Estado do Amazonas, a retirada imediata do ar dos sites \u201csoumanausticket\u201d e \u201csoumanausingressos\u201d, que estavam vendendo, de forma fraudulenta, pulseiras de acesso ao \u201c#SouManaus Passo a Pa\u00e7o 2025\u201d.\" \/>\n<meta name=\"robots\" content=\"index, follow, max-snippet:-1, max-image-preview:large, max-video-preview:-1\" \/>\n<link rel=\"canonical\" href=\"https:\/\/www.manaus.am.gov.br\/semcom\/retirada-sites-pulseiras\/\" \/>\n<meta property=\"og:locale\" content=\"pt_BR\" \/>\n<meta property=\"og:type\" content=\"article\" \/>\n<meta property=\"og:title\" content=\"Justi\u00e7a determina retirada imediata do ar de sites que faziam a venda fraudulenta de pulseiras\" \/>\n<meta property=\"og:description\" content=\"A Prefeitura de Manaus conseguiu, junto ao Poder Judici\u00e1rio do Estado do Amazonas, a retirada imediata do ar dos sites \u201csoumanausticket\u201d e \u201csoumanausingressos\u201d, que estavam vendendo, de forma fraudulenta, pulseiras de acesso ao \u201c#SouManaus Passo a Pa\u00e7o 2025\u201d.\" \/>\n<meta property=\"og:url\" content=\"https:\/\/www.manaus.am.gov.br\/semcom\/retirada-sites-pulseiras\/\" \/>\n<meta property=\"og:site_name\" content=\"SEMCOM\" \/>\n<meta property=\"article:published_time\" content=\"2025-08-30T00:02:49+00:00\" \/>\n<meta property=\"article:modified_time\" content=\"2025-08-30T00:02:51+00:00\" \/>\n<meta property=\"og:image\" content=\"https:\/\/www.manaus.am.gov.br\/semcom\/wp-content\/uploads\/sites\/5\/2025\/08\/Sou-Manaus-Pulseiras-4.jpg\" \/>\n\t<meta property=\"og:image:width\" content=\"799\" \/>\n\t<meta property=\"og:image:height\" content=\"533\" \/>\n\t<meta property=\"og:image:type\" content=\"image\/jpeg\" \/>\n<meta name=\"author\" content=\"smonteiro\" \/>\n<meta name=\"twitter:card\" content=\"summary_large_image\" \/>\n<meta name=\"twitter:label1\" content=\"Written by\" \/>\n\t<meta name=\"twitter:data1\" content=\"smonteiro\" \/>\n\t<meta name=\"twitter:label2\" content=\"Est. reading time\" \/>\n\t<meta name=\"twitter:data2\" content=\"3 minutos\" \/>\n<script type=\"application\/ld+json\" class=\"yoast-schema-graph\">{\"@context\":\"https:\/\/schema.org\",\"@graph\":[{\"@type\":\"WebPage\",\"@id\":\"https:\/\/www.manaus.am.gov.br\/semcom\/retirada-sites-pulseiras\/\",\"url\":\"https:\/\/www.manaus.am.gov.br\/semcom\/retirada-sites-pulseiras\/\",\"name\":\"Justi\u00e7a determina retirada imediata do ar de sites que faziam a venda fraudulenta de pulseiras\",\"isPartOf\":{\"@id\":\"https:\/\/www.manaus.am.gov.br\/semcom\/#website\"},\"primaryImageOfPage\":{\"@id\":\"https:\/\/www.manaus.am.gov.br\/semcom\/retirada-sites-pulseiras\/#primaryimage\"},\"image\":{\"@id\":\"https:\/\/www.manaus.am.gov.br\/semcom\/retirada-sites-pulseiras\/#primaryimage\"},\"thumbnailUrl\":\"https:\/\/www.manaus.am.gov.br\/semcom\/wp-content\/uploads\/sites\/5\/2025\/08\/Sou-Manaus-Pulseiras-4.jpg\",\"datePublished\":\"2025-08-30T00:02:49+00:00\",\"dateModified\":\"2025-08-30T00:02:51+00:00\",\"author\":{\"@id\":\"https:\/\/www.manaus.am.gov.br\/semcom\/#\/schema\/person\/ab4dcf766a54dff74e8d267f5c591961\"},\"description\":\"A Prefeitura de Manaus conseguiu, junto ao Poder Judici\u00e1rio do Estado do Amazonas, a retirada imediata do ar dos sites \u201csoumanausticket\u201d e \u201csoumanausingressos\u201d, que estavam vendendo, de forma fraudulenta, pulseiras de acesso ao \u201c#SouManaus Passo a Pa\u00e7o 2025\u201d.\",\"inLanguage\":\"pt-BR\",\"potentialAction\":[{\"@type\":\"ReadAction\",\"target\":[\"https:\/\/www.manaus.am.gov.br\/semcom\/retirada-sites-pulseiras\/\"]}]},{\"@type\":\"ImageObject\",\"inLanguage\":\"pt-BR\",\"@id\":\"https:\/\/www.manaus.am.gov.br\/semcom\/retirada-sites-pulseiras\/#primaryimage\",\"url\":\"https:\/\/www.manaus.am.gov.br\/semcom\/wp-content\/uploads\/sites\/5\/2025\/08\/Sou-Manaus-Pulseiras-4.jpg\",\"contentUrl\":\"https:\/\/www.manaus.am.gov.br\/semcom\/wp-content\/uploads\/sites\/5\/2025\/08\/Sou-Manaus-Pulseiras-4.jpg\",\"width\":799,\"height\":533,\"caption\":\"#paratodosverem - no destaque, imagem de pulseiras de acesso ao #SouManaus 2025\"},{\"@type\":\"WebSite\",\"@id\":\"https:\/\/www.manaus.am.gov.br\/semcom\/#website\",\"url\":\"https:\/\/www.manaus.am.gov.br\/semcom\/\",\"name\":\"SEMCOM\",\"description\":\"Secretaria Municipal de Comunica\u00e7\u00e3o\",\"potentialAction\":[{\"@type\":\"SearchAction\",\"target\":{\"@type\":\"EntryPoint\",\"urlTemplate\":\"https:\/\/www.manaus.am.gov.br\/semcom\/?s={search_term_string}\"},\"query-input\":\"required name=search_term_string\"}],\"inLanguage\":\"pt-BR\"},{\"@type\":\"Person\",\"@id\":\"https:\/\/www.manaus.am.gov.br\/semcom\/#\/schema\/person\/ab4dcf766a54dff74e8d267f5c591961\",\"name\":\"smonteiro\",\"image\":{\"@type\":\"ImageObject\",\"inLanguage\":\"pt-BR\",\"@id\":\"https:\/\/www.manaus.am.gov.br\/semcom\/#\/schema\/person\/image\/\",\"url\":\"https:\/\/secure.gravatar.com\/avatar\/21c8776ef61d9272c73322052e042d77?s=96&d=mm&r=g\",\"contentUrl\":\"https:\/\/secure.gravatar.com\/avatar\/21c8776ef61d9272c73322052e042d77?s=96&d=mm&r=g\",\"caption\":\"smonteiro\"}}]}<\/script>\n<!-- \/ Yoast SEO plugin. -->","yoast_head_json":{"title":"Justi\u00e7a determina retirada imediata do ar de sites que faziam a venda fraudulenta de pulseiras","description":"A Prefeitura de Manaus conseguiu, junto ao Poder Judici\u00e1rio do Estado do Amazonas, a retirada imediata do ar dos sites \u201csoumanausticket\u201d e \u201csoumanausingressos\u201d, que estavam vendendo, de forma fraudulenta, pulseiras de acesso ao \u201c#SouManaus Passo a Pa\u00e7o 2025\u201d.","robots":{"index":"index","follow":"follow","max-snippet":"max-snippet:-1","max-image-preview":"max-image-preview:large","max-video-preview":"max-video-preview:-1"},"canonical":"https:\/\/www.manaus.am.gov.br\/semcom\/retirada-sites-pulseiras\/","og_locale":"pt_BR","og_type":"article","og_title":"Justi\u00e7a determina retirada imediata do ar de sites que faziam a venda fraudulenta de pulseiras","og_description":"A Prefeitura de Manaus conseguiu, junto ao Poder Judici\u00e1rio do Estado do Amazonas, a retirada imediata do ar dos sites \u201csoumanausticket\u201d e \u201csoumanausingressos\u201d, que estavam vendendo, de forma fraudulenta, pulseiras de acesso ao \u201c#SouManaus Passo a Pa\u00e7o 2025\u201d.","og_url":"https:\/\/www.manaus.am.gov.br\/semcom\/retirada-sites-pulseiras\/","og_site_name":"SEMCOM","article_published_time":"2025-08-30T00:02:49+00:00","article_modified_time":"2025-08-30T00:02:51+00:00","og_image":[{"width":799,"height":533,"url":"https:\/\/www.manaus.am.gov.br\/semcom\/wp-content\/uploads\/sites\/5\/2025\/08\/Sou-Manaus-Pulseiras-4.jpg","type":"image\/jpeg"}],"author":"smonteiro","twitter_card":"summary_large_image","twitter_misc":{"Written by":"smonteiro","Est. reading time":"3 minutos"},"schema":{"@context":"https:\/\/schema.org","@graph":[{"@type":"WebPage","@id":"https:\/\/www.manaus.am.gov.br\/semcom\/retirada-sites-pulseiras\/","url":"https:\/\/www.manaus.am.gov.br\/semcom\/retirada-sites-pulseiras\/","name":"Justi\u00e7a determina retirada imediata do ar de sites que faziam a venda fraudulenta de pulseiras","isPartOf":{"@id":"https:\/\/www.manaus.am.gov.br\/semcom\/#website"},"primaryImageOfPage":{"@id":"https:\/\/www.manaus.am.gov.br\/semcom\/retirada-sites-pulseiras\/#primaryimage"},"image":{"@id":"https:\/\/www.manaus.am.gov.br\/semcom\/retirada-sites-pulseiras\/#primaryimage"},"thumbnailUrl":"https:\/\/www.manaus.am.gov.br\/semcom\/wp-content\/uploads\/sites\/5\/2025\/08\/Sou-Manaus-Pulseiras-4.jpg","datePublished":"2025-08-30T00:02:49+00:00","dateModified":"2025-08-30T00:02:51+00:00","author":{"@id":"https:\/\/www.manaus.am.gov.br\/semcom\/#\/schema\/person\/ab4dcf766a54dff74e8d267f5c591961"},"description":"A Prefeitura de Manaus conseguiu, junto ao Poder Judici\u00e1rio do Estado do Amazonas, a retirada imediata do ar dos sites \u201csoumanausticket\u201d e \u201csoumanausingressos\u201d, que estavam vendendo, de forma fraudulenta, pulseiras de acesso ao \u201c#SouManaus Passo a Pa\u00e7o 2025\u201d.","inLanguage":"pt-BR","potentialAction":[{"@type":"ReadAction","target":["https:\/\/www.manaus.am.gov.br\/semcom\/retirada-sites-pulseiras\/"]}]},{"@type":"ImageObject","inLanguage":"pt-BR","@id":"https:\/\/www.manaus.am.gov.br\/semcom\/retirada-sites-pulseiras\/#primaryimage","url":"https:\/\/www.manaus.am.gov.br\/semcom\/wp-content\/uploads\/sites\/5\/2025\/08\/Sou-Manaus-Pulseiras-4.jpg","contentUrl":"https:\/\/www.manaus.am.gov.br\/semcom\/wp-content\/uploads\/sites\/5\/2025\/08\/Sou-Manaus-Pulseiras-4.jpg","width":799,"height":533,"caption":"#paratodosverem - no destaque, imagem de pulseiras de acesso ao #SouManaus 2025"},{"@type":"WebSite","@id":"https:\/\/www.manaus.am.gov.br\/semcom\/#website","url":"https:\/\/www.manaus.am.gov.br\/semcom\/","name":"SEMCOM","description":"Secretaria Municipal de Comunica\u00e7\u00e3o","potentialAction":[{"@type":"SearchAction","target":{"@type":"EntryPoint","urlTemplate":"https:\/\/www.manaus.am.gov.br\/semcom\/?s={search_term_string}"},"query-input":"required name=search_term_string"}],"inLanguage":"pt-BR"},{"@type":"Person","@id":"https:\/\/www.manaus.am.gov.br\/semcom\/#\/schema\/person\/ab4dcf766a54dff74e8d267f5c591961","name":"smonteiro","image":{"@type":"ImageObject","inLanguage":"pt-BR","@id":"https:\/\/www.manaus.am.gov.br\/semcom\/#\/schema\/person\/image\/","url":"https:\/\/secure.gravatar.com\/avatar\/21c8776ef61d9272c73322052e042d77?s=96&d=mm&r=g","contentUrl":"https:\/\/secure.gravatar.com\/avatar\/21c8776ef61d9272c73322052e042d77?s=96&d=mm&r=g","caption":"smonteiro"}}]}},"_links":{"self":[{"href":"https:\/\/www.manaus.am.gov.br\/semcom\/wp-json\/wp\/v2\/posts\/244712"}],"collection":[{"href":"https:\/\/www.manaus.am.gov.br\/semcom\/wp-json\/wp\/v2\/posts"}],"about":[{"href":"https:\/\/www.manaus.am.gov.br\/semcom\/wp-json\/wp\/v2\/types\/post"}],"author":[{"embeddable":true,"href":"https:\/\/www.manaus.am.gov.br\/semcom\/wp-json\/wp\/v2\/users\/61"}],"replies":[{"embeddable":true,"href":"https:\/\/www.manaus.am.gov.br\/semcom\/wp-json\/wp\/v2\/comments?post=244712"}],"version-history":[{"count":0,"href":"https:\/\/www.manaus.am.gov.br\/semcom\/wp-json\/wp\/v2\/posts\/244712\/revisions"}],"wp:featuredmedia":[{"embeddable":true,"href":"https:\/\/www.manaus.am.gov.br\/semcom\/wp-json\/wp\/v2\/media\/244713"}],"wp:attachment":[{"href":"https:\/\/www.manaus.am.gov.br\/semcom\/wp-json\/wp\/v2\/media?parent=244712"}],"wp:term":[{"taxonomy":"category","embeddable":true,"href":"https:\/\/www.manaus.am.gov.br\/semcom\/wp-json\/wp\/v2\/categories?post=244712"},{"taxonomy":"post_tag","embeddable":true,"href":"https:\/\/www.manaus.am.gov.br\/semcom\/wp-json\/wp\/v2\/tags?post=244712"}],"curies":[{"name":"wp","href":"https:\/\/api.w.org\/{rel}","templated":true}]}}