{"id":244708,"date":"2025-08-29T20:19:44","date_gmt":"2025-08-29T23:19:44","guid":{"rendered":"https:\/\/www.manaus.am.gov.br\/semcom\/anunci-entrega-titulos\/"},"modified":"2025-08-29T20:19:46","modified_gmt":"2025-08-29T23:19:46","slug":"anunci-entrega-titulos","status":"publish","type":"post","link":"https:\/\/www.manaus.am.gov.br\/semcom\/anunci-entrega-titulos\/","title":{"rendered":"Prefeito David Almeida anuncia entrega de 900 t\u00edtulos no Morro da Liberdade durante encerramento da Semana Solo Seguro Amaz\u00f4nia"},"content":{"rendered":"\n<p>O encerramento da Semana Solo Seguro Amaz\u00f4nia realizado, nesta sexta-feira, 29\/8, no sal\u00e3o Solim\u00f5es do Pal\u00e1cio Rio Negro, marcou um passo hist\u00f3rico para a cidadania na capital. Em discurso, o prefeito de Manaus, David Almeida, anunciou que j\u00e1 na pr\u00f3xima semana, a prefeitura, por meio da Secretaria Municipal de Habita\u00e7\u00e3o e Assuntos Fundi\u00e1rios (Semhaf), far\u00e1 a entrega de 900 registros definitivos de im\u00f3veis no bairro Morro da Liberdade, zona Sul, comunidade que completa 133 anos neste ano.<\/p>\n\n\n\n<p>\u201cO direito \u00e0 terra \u00e9 um direito fundamental. Desde que assumimos a prefeitura, em 2021, j\u00e1 chegamos a 11.600 novos registros e t\u00edtulos definitivos. Com a atua\u00e7\u00e3o da Semhaf, refor\u00e7amos a contribui\u00e7\u00e3o do munic\u00edpio para que cada cidad\u00e3o seja dono de fato e de direito do seu lote. Na pr\u00f3xima semana, realizaremos pela primeira vez a entrega de 900 registros no Morro da Liberdade, um sonho que meu av\u00f4, meu pai e minha m\u00e3e n\u00e3o puderam ver, mas que agora ser\u00e1 realidade para centenas de fam\u00edlias\u201d, destacou o prefeito.<\/p>\n\n\n\n<p>A solenidade reuniu o corregedor nacional de Justi\u00e7a e ministro do Supremo Tribunal de Justi\u00e7a (STJ), Mauro Campbell Marques, o presidente do Tribunal de Justi\u00e7a do Estado do Amazonas (TJ-AM), desembargador Jomar Fernandes, al\u00e9m de desembargadores, ju\u00edzes, representantes de cart\u00f3rios e gestores p\u00fablicos.<\/p>\n\n\n\n<p>Para o ministro Mauro Campbell, a regulariza\u00e7\u00e3o fundi\u00e1ria \u00e9 mais do que um ato administrativo. \u201cRegularizar significa reconhecer a dignidade, dar seguran\u00e7a \u00e0s fam\u00edlias, proteger comunidades e garantir o futuro da Amaz\u00f4nia. N\u00e3o \u00e9 um favor do Estado, mas o cumprimento de uma d\u00edvida hist\u00f3rica com a sociedade\u201d, afirmou.<\/p>\n\n\n\n<p>O presidente do TJ-AM, desembargador Jomar Fernandes, destacou o papel da prefeitura no processo. \u201cQuando o prefeito David Almeida criou a Secretaria Municipal de Habita\u00e7\u00e3o e Assuntos Fundi\u00e1rios, deu um passo decisivo para que Manaus avan\u00e7asse nessa pauta. Desde ent\u00e3o, os resultados t\u00eam sido expressivos e refletem a seriedade com que o munic\u00edpio trata o tema\u201d, assegurou.<\/p>\n\n\n\n<p>O secret\u00e1rio da Semhaf, Jesus Alves, tamb\u00e9m ressaltou a import\u00e2ncia do trabalho conjunto. \u201cA regulariza\u00e7\u00e3o fundi\u00e1ria garante cidadania, combate a grilagem e abre portas para investimentos em infraestrutura. Nosso compromisso \u00e9 ampliar esse alcance e levar seguran\u00e7a jur\u00eddica \u00e0s fam\u00edlias de todas as zonas da cidade\u201d, pontuou.<\/p>\n\n\n\n<p>A Semana Solo Seguro Amaz\u00f4nia, promovida pelo Conselho Nacional de Justi\u00e7a (CNJ) e coordenada regionalmente pela Corregedoria-Geral de Justi\u00e7a do Amazonas (CGJ-AM), mobilizou durante cinco dias diversas institui\u00e7\u00f5es p\u00fablicas em a\u00e7\u00f5es que inclu\u00edram a entrega de t\u00edtulos, capacita\u00e7\u00f5es t\u00e9cnicas e audi\u00eancias p\u00fablicas.<\/p>\n\n\n\n<p>Ao final da solenidade, o prefeito David Almeida reafirmou o papel da Prefeitura de Manaus na pol\u00edtica de regulariza\u00e7\u00e3o. \u201cA contribui\u00e7\u00e3o da prefeitura continuar\u00e1 sendo dada com muito trabalho da nossa equipe da Semhaf. Essa \u00e9 uma a\u00e7\u00e3o de justi\u00e7a social, que transforma vidas e integra o eixo de Habita\u00e7\u00e3o da nossa gest\u00e3o\u201d, concluiu.<\/p>\n\n\n\n<p>&#8212; &#8212; &#8212;<\/p>\n\n\n\n<p><strong>Texto<\/strong> &#8211; Emanuelle Baires \/ Semcom-Prefeito<\/p>\n\n\n\n<p><strong>Fotos<\/strong> \u2013 Dheyzo Lemos \/ Semcom-Prefeito<\/p>\n","protected":false},"excerpt":{"rendered":"","protected":false},"author":61,"featured_media":244709,"comment_status":"closed","ping_status":"closed","sticky":false,"template":"","format":"standard","meta":{"footnotes":""},"categories":[400],"tags":[35,16570,77],"acf":[],"yoast_head":"<!-- This site is optimized with the Yoast SEO plugin v23.0 - https:\/\/yoast.com\/wordpress\/plugins\/seo\/ -->\n<title>Prefeito David Almeida anuncia entrega de 900 t\u00edtulos no Morro da Liberdade durante encerramento da Semana Solo Seguro Amaz\u00f4nia<\/title>\n<meta name=\"description\" content=\"O encerramento da Semana Solo Seguro Amaz\u00f4nia realizado, nesta sexta-feira, 29\/8, no sal\u00e3o Solim\u00f5es do Pal\u00e1cio Rio Negro, marcou um passo hist\u00f3rico para a cidadania na capital.\" \/>\n<meta name=\"robots\" content=\"index, follow, max-snippet:-1, max-image-preview:large, max-video-preview:-1\" \/>\n<link rel=\"canonical\" href=\"https:\/\/www.manaus.am.gov.br\/semcom\/anunci-entrega-titulos\/\" \/>\n<meta property=\"og:locale\" content=\"pt_BR\" \/>\n<meta property=\"og:type\" content=\"article\" \/>\n<meta property=\"og:title\" content=\"Prefeito David Almeida anuncia entrega de 900 t\u00edtulos no Morro da Liberdade durante encerramento da Semana Solo Seguro Amaz\u00f4nia\" \/>\n<meta property=\"og:description\" content=\"O encerramento da Semana Solo Seguro Amaz\u00f4nia realizado, nesta sexta-feira, 29\/8, no sal\u00e3o Solim\u00f5es do Pal\u00e1cio Rio Negro, marcou um passo hist\u00f3rico para a cidadania na capital.\" \/>\n<meta property=\"og:url\" content=\"https:\/\/www.manaus.am.gov.br\/semcom\/anunci-entrega-titulos\/\" \/>\n<meta property=\"og:site_name\" content=\"SEMCOM\" \/>\n<meta property=\"article:published_time\" content=\"2025-08-29T23:19:44+00:00\" \/>\n<meta property=\"article:modified_time\" content=\"2025-08-29T23:19:46+00:00\" \/>\n<meta property=\"og:image\" content=\"https:\/\/www.manaus.am.gov.br\/semcom\/wp-content\/uploads\/sites\/5\/2025\/08\/Prefeito-Titulos-4.jpeg\" \/>\n\t<meta property=\"og:image:width\" content=\"800\" \/>\n\t<meta property=\"og:image:height\" content=\"533\" \/>\n\t<meta property=\"og:image:type\" content=\"image\/jpeg\" \/>\n<meta name=\"author\" content=\"smonteiro\" \/>\n<meta name=\"twitter:card\" content=\"summary_large_image\" \/>\n<meta name=\"twitter:label1\" content=\"Written by\" \/>\n\t<meta name=\"twitter:data1\" content=\"smonteiro\" \/>\n\t<meta name=\"twitter:label2\" content=\"Est. reading time\" \/>\n\t<meta name=\"twitter:data2\" content=\"3 minutos\" \/>\n<script type=\"application\/ld+json\" class=\"yoast-schema-graph\">{\"@context\":\"https:\/\/schema.org\",\"@graph\":[{\"@type\":\"WebPage\",\"@id\":\"https:\/\/www.manaus.am.gov.br\/semcom\/anunci-entrega-titulos\/\",\"url\":\"https:\/\/www.manaus.am.gov.br\/semcom\/anunci-entrega-titulos\/\",\"name\":\"Prefeito David Almeida anuncia entrega de 900 t\u00edtulos no Morro da Liberdade durante encerramento da Semana Solo Seguro Amaz\u00f4nia\",\"isPartOf\":{\"@id\":\"https:\/\/www.manaus.am.gov.br\/semcom\/#website\"},\"primaryImageOfPage\":{\"@id\":\"https:\/\/www.manaus.am.gov.br\/semcom\/anunci-entrega-titulos\/#primaryimage\"},\"image\":{\"@id\":\"https:\/\/www.manaus.am.gov.br\/semcom\/anunci-entrega-titulos\/#primaryimage\"},\"thumbnailUrl\":\"https:\/\/www.manaus.am.gov.br\/semcom\/wp-content\/uploads\/sites\/5\/2025\/08\/Prefeito-Titulos-4.jpeg\",\"datePublished\":\"2025-08-29T23:19:44+00:00\",\"dateModified\":\"2025-08-29T23:19:46+00:00\",\"author\":{\"@id\":\"https:\/\/www.manaus.am.gov.br\/semcom\/#\/schema\/person\/ab4dcf766a54dff74e8d267f5c591961\"},\"description\":\"O encerramento da Semana Solo Seguro Amaz\u00f4nia realizado, nesta sexta-feira, 29\/8, no sal\u00e3o Solim\u00f5es do Pal\u00e1cio Rio Negro, marcou um passo hist\u00f3rico para a cidadania na capital.\",\"inLanguage\":\"pt-BR\",\"potentialAction\":[{\"@type\":\"ReadAction\",\"target\":[\"https:\/\/www.manaus.am.gov.br\/semcom\/anunci-entrega-titulos\/\"]}]},{\"@type\":\"ImageObject\",\"inLanguage\":\"pt-BR\",\"@id\":\"https:\/\/www.manaus.am.gov.br\/semcom\/anunci-entrega-titulos\/#primaryimage\",\"url\":\"https:\/\/www.manaus.am.gov.br\/semcom\/wp-content\/uploads\/sites\/5\/2025\/08\/Prefeito-Titulos-4.jpeg\",\"contentUrl\":\"https:\/\/www.manaus.am.gov.br\/semcom\/wp-content\/uploads\/sites\/5\/2025\/08\/Prefeito-Titulos-4.jpeg\",\"width\":800,\"height\":533,\"caption\":\"#paratodosverem - prefeito David Almeida anuncia a entrega de 900 t\u00edtulos no Morro da Liberdade, durante evento\"},{\"@type\":\"WebSite\",\"@id\":\"https:\/\/www.manaus.am.gov.br\/semcom\/#website\",\"url\":\"https:\/\/www.manaus.am.gov.br\/semcom\/\",\"name\":\"SEMCOM\",\"description\":\"Secretaria Municipal de Comunica\u00e7\u00e3o\",\"potentialAction\":[{\"@type\":\"SearchAction\",\"target\":{\"@type\":\"EntryPoint\",\"urlTemplate\":\"https:\/\/www.manaus.am.gov.br\/semcom\/?s={search_term_string}\"},\"query-input\":\"required name=search_term_string\"}],\"inLanguage\":\"pt-BR\"},{\"@type\":\"Person\",\"@id\":\"https:\/\/www.manaus.am.gov.br\/semcom\/#\/schema\/person\/ab4dcf766a54dff74e8d267f5c591961\",\"name\":\"smonteiro\",\"image\":{\"@type\":\"ImageObject\",\"inLanguage\":\"pt-BR\",\"@id\":\"https:\/\/www.manaus.am.gov.br\/semcom\/#\/schema\/person\/image\/\",\"url\":\"https:\/\/secure.gravatar.com\/avatar\/21c8776ef61d9272c73322052e042d77?s=96&d=mm&r=g\",\"contentUrl\":\"https:\/\/secure.gravatar.com\/avatar\/21c8776ef61d9272c73322052e042d77?s=96&d=mm&r=g\",\"caption\":\"smonteiro\"}}]}<\/script>\n<!-- \/ Yoast SEO plugin. -->","yoast_head_json":{"title":"Prefeito David Almeida anuncia entrega de 900 t\u00edtulos no Morro da Liberdade durante encerramento da Semana Solo Seguro Amaz\u00f4nia","description":"O encerramento da Semana Solo Seguro Amaz\u00f4nia realizado, nesta sexta-feira, 29\/8, no sal\u00e3o Solim\u00f5es do Pal\u00e1cio Rio Negro, marcou um passo hist\u00f3rico para a cidadania na capital.","robots":{"index":"index","follow":"follow","max-snippet":"max-snippet:-1","max-image-preview":"max-image-preview:large","max-video-preview":"max-video-preview:-1"},"canonical":"https:\/\/www.manaus.am.gov.br\/semcom\/anunci-entrega-titulos\/","og_locale":"pt_BR","og_type":"article","og_title":"Prefeito David Almeida anuncia entrega de 900 t\u00edtulos no Morro da Liberdade durante encerramento da Semana Solo Seguro Amaz\u00f4nia","og_description":"O encerramento da Semana Solo Seguro Amaz\u00f4nia realizado, nesta sexta-feira, 29\/8, no sal\u00e3o Solim\u00f5es do Pal\u00e1cio Rio Negro, marcou um passo hist\u00f3rico para a cidadania na capital.","og_url":"https:\/\/www.manaus.am.gov.br\/semcom\/anunci-entrega-titulos\/","og_site_name":"SEMCOM","article_published_time":"2025-08-29T23:19:44+00:00","article_modified_time":"2025-08-29T23:19:46+00:00","og_image":[{"width":800,"height":533,"url":"https:\/\/www.manaus.am.gov.br\/semcom\/wp-content\/uploads\/sites\/5\/2025\/08\/Prefeito-Titulos-4.jpeg","type":"image\/jpeg"}],"author":"smonteiro","twitter_card":"summary_large_image","twitter_misc":{"Written by":"smonteiro","Est. reading time":"3 minutos"},"schema":{"@context":"https:\/\/schema.org","@graph":[{"@type":"WebPage","@id":"https:\/\/www.manaus.am.gov.br\/semcom\/anunci-entrega-titulos\/","url":"https:\/\/www.manaus.am.gov.br\/semcom\/anunci-entrega-titulos\/","name":"Prefeito David Almeida anuncia entrega de 900 t\u00edtulos no Morro da Liberdade durante encerramento da Semana Solo Seguro Amaz\u00f4nia","isPartOf":{"@id":"https:\/\/www.manaus.am.gov.br\/semcom\/#website"},"primaryImageOfPage":{"@id":"https:\/\/www.manaus.am.gov.br\/semcom\/anunci-entrega-titulos\/#primaryimage"},"image":{"@id":"https:\/\/www.manaus.am.gov.br\/semcom\/anunci-entrega-titulos\/#primaryimage"},"thumbnailUrl":"https:\/\/www.manaus.am.gov.br\/semcom\/wp-content\/uploads\/sites\/5\/2025\/08\/Prefeito-Titulos-4.jpeg","datePublished":"2025-08-29T23:19:44+00:00","dateModified":"2025-08-29T23:19:46+00:00","author":{"@id":"https:\/\/www.manaus.am.gov.br\/semcom\/#\/schema\/person\/ab4dcf766a54dff74e8d267f5c591961"},"description":"O encerramento da Semana Solo Seguro Amaz\u00f4nia realizado, nesta sexta-feira, 29\/8, no sal\u00e3o Solim\u00f5es do Pal\u00e1cio Rio Negro, marcou um passo hist\u00f3rico para a cidadania na capital.","inLanguage":"pt-BR","potentialAction":[{"@type":"ReadAction","target":["https:\/\/www.manaus.am.gov.br\/semcom\/anunci-entrega-titulos\/"]}]},{"@type":"ImageObject","inLanguage":"pt-BR","@id":"https:\/\/www.manaus.am.gov.br\/semcom\/anunci-entrega-titulos\/#primaryimage","url":"https:\/\/www.manaus.am.gov.br\/semcom\/wp-content\/uploads\/sites\/5\/2025\/08\/Prefeito-Titulos-4.jpeg","contentUrl":"https:\/\/www.manaus.am.gov.br\/semcom\/wp-content\/uploads\/sites\/5\/2025\/08\/Prefeito-Titulos-4.jpeg","width":800,"height":533,"caption":"#paratodosverem - prefeito David Almeida anuncia a entrega de 900 t\u00edtulos no Morro da Liberdade, durante evento"},{"@type":"WebSite","@id":"https:\/\/www.manaus.am.gov.br\/semcom\/#website","url":"https:\/\/www.manaus.am.gov.br\/semcom\/","name":"SEMCOM","description":"Secretaria Municipal de Comunica\u00e7\u00e3o","potentialAction":[{"@type":"SearchAction","target":{"@type":"EntryPoint","urlTemplate":"https:\/\/www.manaus.am.gov.br\/semcom\/?s={search_term_string}"},"query-input":"required name=search_term_string"}],"inLanguage":"pt-BR"},{"@type":"Person","@id":"https:\/\/www.manaus.am.gov.br\/semcom\/#\/schema\/person\/ab4dcf766a54dff74e8d267f5c591961","name":"smonteiro","image":{"@type":"ImageObject","inLanguage":"pt-BR","@id":"https:\/\/www.manaus.am.gov.br\/semcom\/#\/schema\/person\/image\/","url":"https:\/\/secure.gravatar.com\/avatar\/21c8776ef61d9272c73322052e042d77?s=96&d=mm&r=g","contentUrl":"https:\/\/secure.gravatar.com\/avatar\/21c8776ef61d9272c73322052e042d77?s=96&d=mm&r=g","caption":"smonteiro"}}]}},"_links":{"self":[{"href":"https:\/\/www.manaus.am.gov.br\/semcom\/wp-json\/wp\/v2\/posts\/244708"}],"collection":[{"href":"https:\/\/www.manaus.am.gov.br\/semcom\/wp-json\/wp\/v2\/posts"}],"about":[{"href":"https:\/\/www.manaus.am.gov.br\/semcom\/wp-json\/wp\/v2\/types\/post"}],"author":[{"embeddable":true,"href":"https:\/\/www.manaus.am.gov.br\/semcom\/wp-json\/wp\/v2\/users\/61"}],"replies":[{"embeddable":true,"href":"https:\/\/www.manaus.am.gov.br\/semcom\/wp-json\/wp\/v2\/comments?post=244708"}],"version-history":[{"count":0,"href":"https:\/\/www.manaus.am.gov.br\/semcom\/wp-json\/wp\/v2\/posts\/244708\/revisions"}],"wp:featuredmedia":[{"embeddable":true,"href":"https:\/\/www.manaus.am.gov.br\/semcom\/wp-json\/wp\/v2\/media\/244709"}],"wp:attachment":[{"href":"https:\/\/www.manaus.am.gov.br\/semcom\/wp-json\/wp\/v2\/media?parent=244708"}],"wp:term":[{"taxonomy":"category","embeddable":true,"href":"https:\/\/www.manaus.am.gov.br\/semcom\/wp-json\/wp\/v2\/categories?post=244708"},{"taxonomy":"post_tag","embeddable":true,"href":"https:\/\/www.manaus.am.gov.br\/semcom\/wp-json\/wp\/v2\/tags?post=244708"}],"curies":[{"name":"wp","href":"https:\/\/api.w.org\/{rel}","templated":true}]}}