{"id":244676,"date":"2025-08-29T15:53:27","date_gmt":"2025-08-29T19:53:27","guid":{"rendered":"https:\/\/www.manaus.am.gov.br\/semcom\/soumanaus-2025-palco-mangueirao\/"},"modified":"2025-08-29T18:05:28","modified_gmt":"2025-08-29T21:05:28","slug":"soumanaus-2025-palco-mangueirao","status":"publish","type":"post","link":"https:\/\/www.manaus.am.gov.br\/semcom\/soumanaus-2025-palco-mangueirao\/","title":{"rendered":"&#8216;#SouManaus Passo a Pa\u00e7o 2025&#8217; ter\u00e1 roda de samba e pagode no palco Mangueir\u00e3o Ancestralidade"},"content":{"rendered":"\n<p>O maior festival gratuito de artes integradas do Brasil, o \u201c#SouManaus Passo a Pa\u00e7o 2025\u201d, ter\u00e1 um palco dedicado para apresenta\u00e7\u00f5es da negritude manauara, no pr\u00f3ximo dia 7\/9, com roda de samba e pagode no palco \u201cMangueir\u00e3o Ancestralidade\u201d. Ser\u00e3o duas horas de apresenta\u00e7\u00f5es, das 17h \u00e0s 19h, com artistas locais que representam a cultura negra na cidade.<\/p>\n\n\n\n<p>A iniciativa da Prefeitura de Manaus, coordenada pela Secretaria Executiva de Rela\u00e7\u00f5es Institucionais e de Promo\u00e7\u00e3o da Igualdade Racial (Semuripir), visa dedicar espa\u00e7os \u00e0 ancestralidade negra da capital amazonense, atendendo um anseio da comunidade.<\/p>\n\n\n\n<p>\u201cDaqui para frente n\u00f3s s\u00f3 vamos avan\u00e7ar na quest\u00e3o da participa\u00e7\u00e3o e da representatividade da negritude e de todos os movimentos que nos acompanham. Estamos muito satisfeitos e queremos agradecer mais uma vez ao prefeito David Almeida, porque, realmente, nesse olhar inclusivo, contemplou esse palco e, no pr\u00f3ximo domingo, n\u00f3s vamos ter essa grande festa\u201d, declarou o secret\u00e1rio da Semuripir, Walfran Torres.<\/p>\n\n\n\n<p>A assessora t\u00e9cnica da Semuripir, Karla Carvalho, declarou que \u00e9 fundamental para a pasta fomentar espa\u00e7os para valoriza\u00e7\u00e3o do samba e pagode, ainda mais no \u201c#SouManaus\u201d, que completa 10 anos.<\/p>\n\n\n\n<p>\u201cFalar de samba \u00e9 falar de um momento que todos n\u00f3s trazemos na mem\u00f3ria, um samba da nossa inf\u00e2ncia em que a gente ouvia uma marchinha, algo que os nossos av\u00f3s e pais ouviram junto conosco. Ele formou a base cultural do nosso pa\u00eds, tanto culin\u00e1ria, musicalmente, culturalmente. Todos n\u00f3s temos essa heran\u00e7a. \u00c9 um resgate da hist\u00f3ria da popula\u00e7\u00e3o brasileira e Manaus est\u00e1 dando um show em rela\u00e7\u00e3o a esse espa\u00e7o franqueado para a negritude local\u201d, destacou.<\/p>\n\n\n\n<p>A roda de samba e pagode do palco Mangueir\u00e3o ter\u00e1 o grupo Quilombo do Samba servindo como base para todos os artistas se apresentarem. O grupo \u00e9 oriundo do Quilombo S\u00e3o Benedito, o segundo quilombo urbano do Brasil, localizado no bairro Pra\u00e7a 14 de Janeiro, zona Sul.<\/p>\n\n\n\n<p>Ribamar Patec\u00e3o, do grupo Quilombo do Samba, afirma que \u00e9 um sonho participar da grandiosidade do festival, podendo levar a ancestralidade negra para ser cantada no \u201c#SouManaus Passo a Pa\u00e7o\u201d. \u201cA popula\u00e7\u00e3o pode esperar que vai ser um grande show, vai ser um grande evento, nessa oportunidade que foi abra\u00e7ada pela prefeitura. A gente vai fazer muito samba, muito samba raiz, muito samba de terreiro, vamos botar todo mundo para sambar no \u2018#SouManaus\u2019 10 anos\u201d, disse.<\/p>\n\n\n\n<p>O cantor Jean Marius tamb\u00e9m agradeceu a oportunidade ofertada pela prefeitura. \u201cA gente fica muito feliz por essa grande oportunidade que a prefeitura est\u00e1 dando para a gente mostrar a nossa ancestralidade dentro do samba, do samba raiz. A cultura do nosso povo \u00e9 a for\u00e7a que vem do negro\u201d, comentou.<\/p>\n\n\n\n<p>Mirlene Bahia contou que vai representar as mulheres do samba no palco Mangueir\u00e3o. \u201cPrimeira vez no palco \u2018#SouManaus, representando a\u00ed as mulheres do samba, tamb\u00e9m vamos contar a nossa hist\u00f3ria, que tem que ser contada. Vamos a\u00ed levantar a bandeira do samba e da ancestralidade\u201d, finalizou.<\/p>\n\n\n\n<figure class=\"wp-block-image size-large\"><img loading=\"lazy\" decoding=\"async\" width=\"1024\" height=\"683\" src=\"https:\/\/www.manaus.am.gov.br\/semcom\/wp-content\/uploads\/sites\/5\/2025\/08\/54751451037_5e00be7188_k-1024x683.jpg\" alt=\"\" class=\"wp-image-244678\" srcset=\"https:\/\/www.manaus.am.gov.br\/semcom\/wp-content\/uploads\/sites\/5\/2025\/08\/54751451037_5e00be7188_k-1024x683.jpg 1024w, https:\/\/www.manaus.am.gov.br\/semcom\/wp-content\/uploads\/sites\/5\/2025\/08\/54751451037_5e00be7188_k-300x200.jpg 300w, https:\/\/www.manaus.am.gov.br\/semcom\/wp-content\/uploads\/sites\/5\/2025\/08\/54751451037_5e00be7188_k-768x512.jpg 768w, https:\/\/www.manaus.am.gov.br\/semcom\/wp-content\/uploads\/sites\/5\/2025\/08\/54751451037_5e00be7188_k-1536x1024.jpg 1536w, https:\/\/www.manaus.am.gov.br\/semcom\/wp-content\/uploads\/sites\/5\/2025\/08\/54751451037_5e00be7188_k.jpg 2048w\" sizes=\"(max-width: 1024px) 100vw, 1024px\" \/><\/figure>\n\n\n\n<p>&#8212; &#8212; &#8212;<\/p>\n\n\n\n<p><strong>Texto<\/strong>&nbsp;&#8211; Geraldo Farias\/Semcom&nbsp;<\/p>\n\n\n\n<p><strong>Fotos<\/strong> \u2013 Jo\u00e3o Viana\/Semcom<\/p>\n\n\n\n<p><strong>Dispon\u00edveis em &#8211; <\/strong><a href=\"https:\/\/flic.kr\/s\/aHBqjCsivm\">https:\/\/flic.kr\/s\/aHBqjCsivm<\/a><\/p>\n","protected":false},"excerpt":{"rendered":"","protected":false},"author":39,"featured_media":244677,"comment_status":"closed","ping_status":"closed","sticky":false,"template":"","format":"standard","meta":{"footnotes":""},"categories":[4867],"tags":[307,16563,77,16564,15913,16565],"acf":[],"yoast_head":"<!-- This site is optimized with the Yoast SEO plugin v23.0 - https:\/\/yoast.com\/wordpress\/plugins\/seo\/ -->\n<title>#SouManaus 2025 ter\u00e1 samba e pagode no palco Mangueir\u00e3o<\/title>\n<meta name=\"description\" content=\"&#039;#SouManaus Passo a Passo 2025&#039;, coordenado pela Prefeitura de Manaus, ter\u00e1 roda de samba e pagode no palco Mangueir\u00e3o Ancestralidade.\" \/>\n<meta name=\"robots\" content=\"index, follow, max-snippet:-1, max-image-preview:large, max-video-preview:-1\" \/>\n<link rel=\"canonical\" href=\"https:\/\/www.manaus.am.gov.br\/semcom\/soumanaus-2025-palco-mangueirao\/\" \/>\n<meta property=\"og:locale\" content=\"pt_BR\" \/>\n<meta property=\"og:type\" content=\"article\" \/>\n<meta property=\"og:title\" content=\"#SouManaus 2025 ter\u00e1 samba e pagode no palco Mangueir\u00e3o\" \/>\n<meta property=\"og:description\" content=\"&#039;#SouManaus Passo a Passo 2025&#039;, coordenado pela Prefeitura de Manaus, ter\u00e1 roda de samba e pagode no palco Mangueir\u00e3o Ancestralidade.\" \/>\n<meta property=\"og:url\" content=\"https:\/\/www.manaus.am.gov.br\/semcom\/soumanaus-2025-palco-mangueirao\/\" \/>\n<meta property=\"og:site_name\" content=\"SEMCOM\" \/>\n<meta property=\"article:published_time\" content=\"2025-08-29T19:53:27+00:00\" \/>\n<meta property=\"article:modified_time\" content=\"2025-08-29T21:05:28+00:00\" \/>\n<meta property=\"og:image\" content=\"https:\/\/www.manaus.am.gov.br\/semcom\/wp-content\/uploads\/sites\/5\/2025\/08\/54751450687_eb2eac07ea_k.jpg\" \/>\n\t<meta property=\"og:image:width\" content=\"2048\" \/>\n\t<meta property=\"og:image:height\" content=\"1365\" \/>\n\t<meta property=\"og:image:type\" content=\"image\/jpeg\" \/>\n<meta name=\"author\" content=\"Bruna Greco\" \/>\n<meta name=\"twitter:card\" content=\"summary_large_image\" \/>\n<meta name=\"twitter:label1\" content=\"Written by\" \/>\n\t<meta name=\"twitter:data1\" content=\"Bruna Greco\" \/>\n\t<meta name=\"twitter:label2\" content=\"Est. reading time\" \/>\n\t<meta name=\"twitter:data2\" content=\"4 minutos\" \/>\n<script type=\"application\/ld+json\" class=\"yoast-schema-graph\">{\"@context\":\"https:\/\/schema.org\",\"@graph\":[{\"@type\":\"WebPage\",\"@id\":\"https:\/\/www.manaus.am.gov.br\/semcom\/soumanaus-2025-palco-mangueirao\/\",\"url\":\"https:\/\/www.manaus.am.gov.br\/semcom\/soumanaus-2025-palco-mangueirao\/\",\"name\":\"#SouManaus 2025 ter\u00e1 samba e pagode no palco Mangueir\u00e3o\",\"isPartOf\":{\"@id\":\"https:\/\/www.manaus.am.gov.br\/semcom\/#website\"},\"primaryImageOfPage\":{\"@id\":\"https:\/\/www.manaus.am.gov.br\/semcom\/soumanaus-2025-palco-mangueirao\/#primaryimage\"},\"image\":{\"@id\":\"https:\/\/www.manaus.am.gov.br\/semcom\/soumanaus-2025-palco-mangueirao\/#primaryimage\"},\"thumbnailUrl\":\"https:\/\/www.manaus.am.gov.br\/semcom\/wp-content\/uploads\/sites\/5\/2025\/08\/54751450687_eb2eac07ea_k.jpg\",\"datePublished\":\"2025-08-29T19:53:27+00:00\",\"dateModified\":\"2025-08-29T21:05:28+00:00\",\"author\":{\"@id\":\"https:\/\/www.manaus.am.gov.br\/semcom\/#\/schema\/person\/05d223aea2bf115f9883a6ff3683d81b\"},\"description\":\"'#SouManaus Passo a Passo 2025', coordenado pela Prefeitura de Manaus, ter\u00e1 roda de samba e pagode no palco Mangueir\u00e3o Ancestralidade.\",\"inLanguage\":\"pt-BR\",\"potentialAction\":[{\"@type\":\"ReadAction\",\"target\":[\"https:\/\/www.manaus.am.gov.br\/semcom\/soumanaus-2025-palco-mangueirao\/\"]}]},{\"@type\":\"ImageObject\",\"inLanguage\":\"pt-BR\",\"@id\":\"https:\/\/www.manaus.am.gov.br\/semcom\/soumanaus-2025-palco-mangueirao\/#primaryimage\",\"url\":\"https:\/\/www.manaus.am.gov.br\/semcom\/wp-content\/uploads\/sites\/5\/2025\/08\/54751450687_eb2eac07ea_k.jpg\",\"contentUrl\":\"https:\/\/www.manaus.am.gov.br\/semcom\/wp-content\/uploads\/sites\/5\/2025\/08\/54751450687_eb2eac07ea_k.jpg\",\"width\":2048,\"height\":1365,\"caption\":\"#paratodosverem - Secret\u00e1rio da Semuripir, Walfran Torres, e a assessora t\u00e9cnica da Semuripir, Karol Carvalho, reunidos com artistas locais do segmentos samba e pagode durante alinhamento para apresenta\u00e7\u00e3o no \\\"#SouManaus Passo a Pa\u00e7o\\\"\"},{\"@type\":\"WebSite\",\"@id\":\"https:\/\/www.manaus.am.gov.br\/semcom\/#website\",\"url\":\"https:\/\/www.manaus.am.gov.br\/semcom\/\",\"name\":\"SEMCOM\",\"description\":\"Secretaria Municipal de Comunica\u00e7\u00e3o\",\"potentialAction\":[{\"@type\":\"SearchAction\",\"target\":{\"@type\":\"EntryPoint\",\"urlTemplate\":\"https:\/\/www.manaus.am.gov.br\/semcom\/?s={search_term_string}\"},\"query-input\":\"required name=search_term_string\"}],\"inLanguage\":\"pt-BR\"},{\"@type\":\"Person\",\"@id\":\"https:\/\/www.manaus.am.gov.br\/semcom\/#\/schema\/person\/05d223aea2bf115f9883a6ff3683d81b\",\"name\":\"Bruna Greco\",\"image\":{\"@type\":\"ImageObject\",\"inLanguage\":\"pt-BR\",\"@id\":\"https:\/\/www.manaus.am.gov.br\/semcom\/#\/schema\/person\/image\/\",\"url\":\"https:\/\/secure.gravatar.com\/avatar\/9c877d1a6adc2a055330e5c09a8653ce?s=96&d=mm&r=g\",\"contentUrl\":\"https:\/\/secure.gravatar.com\/avatar\/9c877d1a6adc2a055330e5c09a8653ce?s=96&d=mm&r=g\",\"caption\":\"Bruna Greco\"}}]}<\/script>\n<!-- \/ Yoast SEO plugin. -->","yoast_head_json":{"title":"#SouManaus 2025 ter\u00e1 samba e pagode no palco Mangueir\u00e3o","description":"'#SouManaus Passo a Passo 2025', coordenado pela Prefeitura de Manaus, ter\u00e1 roda de samba e pagode no palco Mangueir\u00e3o Ancestralidade.","robots":{"index":"index","follow":"follow","max-snippet":"max-snippet:-1","max-image-preview":"max-image-preview:large","max-video-preview":"max-video-preview:-1"},"canonical":"https:\/\/www.manaus.am.gov.br\/semcom\/soumanaus-2025-palco-mangueirao\/","og_locale":"pt_BR","og_type":"article","og_title":"#SouManaus 2025 ter\u00e1 samba e pagode no palco Mangueir\u00e3o","og_description":"'#SouManaus Passo a Passo 2025', coordenado pela Prefeitura de Manaus, ter\u00e1 roda de samba e pagode no palco Mangueir\u00e3o Ancestralidade.","og_url":"https:\/\/www.manaus.am.gov.br\/semcom\/soumanaus-2025-palco-mangueirao\/","og_site_name":"SEMCOM","article_published_time":"2025-08-29T19:53:27+00:00","article_modified_time":"2025-08-29T21:05:28+00:00","og_image":[{"width":2048,"height":1365,"url":"https:\/\/www.manaus.am.gov.br\/semcom\/wp-content\/uploads\/sites\/5\/2025\/08\/54751450687_eb2eac07ea_k.jpg","type":"image\/jpeg"}],"author":"Bruna Greco","twitter_card":"summary_large_image","twitter_misc":{"Written by":"Bruna Greco","Est. reading time":"4 minutos"},"schema":{"@context":"https:\/\/schema.org","@graph":[{"@type":"WebPage","@id":"https:\/\/www.manaus.am.gov.br\/semcom\/soumanaus-2025-palco-mangueirao\/","url":"https:\/\/www.manaus.am.gov.br\/semcom\/soumanaus-2025-palco-mangueirao\/","name":"#SouManaus 2025 ter\u00e1 samba e pagode no palco Mangueir\u00e3o","isPartOf":{"@id":"https:\/\/www.manaus.am.gov.br\/semcom\/#website"},"primaryImageOfPage":{"@id":"https:\/\/www.manaus.am.gov.br\/semcom\/soumanaus-2025-palco-mangueirao\/#primaryimage"},"image":{"@id":"https:\/\/www.manaus.am.gov.br\/semcom\/soumanaus-2025-palco-mangueirao\/#primaryimage"},"thumbnailUrl":"https:\/\/www.manaus.am.gov.br\/semcom\/wp-content\/uploads\/sites\/5\/2025\/08\/54751450687_eb2eac07ea_k.jpg","datePublished":"2025-08-29T19:53:27+00:00","dateModified":"2025-08-29T21:05:28+00:00","author":{"@id":"https:\/\/www.manaus.am.gov.br\/semcom\/#\/schema\/person\/05d223aea2bf115f9883a6ff3683d81b"},"description":"'#SouManaus Passo a Passo 2025', coordenado pela Prefeitura de Manaus, ter\u00e1 roda de samba e pagode no palco Mangueir\u00e3o Ancestralidade.","inLanguage":"pt-BR","potentialAction":[{"@type":"ReadAction","target":["https:\/\/www.manaus.am.gov.br\/semcom\/soumanaus-2025-palco-mangueirao\/"]}]},{"@type":"ImageObject","inLanguage":"pt-BR","@id":"https:\/\/www.manaus.am.gov.br\/semcom\/soumanaus-2025-palco-mangueirao\/#primaryimage","url":"https:\/\/www.manaus.am.gov.br\/semcom\/wp-content\/uploads\/sites\/5\/2025\/08\/54751450687_eb2eac07ea_k.jpg","contentUrl":"https:\/\/www.manaus.am.gov.br\/semcom\/wp-content\/uploads\/sites\/5\/2025\/08\/54751450687_eb2eac07ea_k.jpg","width":2048,"height":1365,"caption":"#paratodosverem - Secret\u00e1rio da Semuripir, Walfran Torres, e a assessora t\u00e9cnica da Semuripir, Karol Carvalho, reunidos com artistas locais do segmentos samba e pagode durante alinhamento para apresenta\u00e7\u00e3o no \"#SouManaus Passo a Pa\u00e7o\""},{"@type":"WebSite","@id":"https:\/\/www.manaus.am.gov.br\/semcom\/#website","url":"https:\/\/www.manaus.am.gov.br\/semcom\/","name":"SEMCOM","description":"Secretaria Municipal de Comunica\u00e7\u00e3o","potentialAction":[{"@type":"SearchAction","target":{"@type":"EntryPoint","urlTemplate":"https:\/\/www.manaus.am.gov.br\/semcom\/?s={search_term_string}"},"query-input":"required name=search_term_string"}],"inLanguage":"pt-BR"},{"@type":"Person","@id":"https:\/\/www.manaus.am.gov.br\/semcom\/#\/schema\/person\/05d223aea2bf115f9883a6ff3683d81b","name":"Bruna Greco","image":{"@type":"ImageObject","inLanguage":"pt-BR","@id":"https:\/\/www.manaus.am.gov.br\/semcom\/#\/schema\/person\/image\/","url":"https:\/\/secure.gravatar.com\/avatar\/9c877d1a6adc2a055330e5c09a8653ce?s=96&d=mm&r=g","contentUrl":"https:\/\/secure.gravatar.com\/avatar\/9c877d1a6adc2a055330e5c09a8653ce?s=96&d=mm&r=g","caption":"Bruna Greco"}}]}},"_links":{"self":[{"href":"https:\/\/www.manaus.am.gov.br\/semcom\/wp-json\/wp\/v2\/posts\/244676"}],"collection":[{"href":"https:\/\/www.manaus.am.gov.br\/semcom\/wp-json\/wp\/v2\/posts"}],"about":[{"href":"https:\/\/www.manaus.am.gov.br\/semcom\/wp-json\/wp\/v2\/types\/post"}],"author":[{"embeddable":true,"href":"https:\/\/www.manaus.am.gov.br\/semcom\/wp-json\/wp\/v2\/users\/39"}],"replies":[{"embeddable":true,"href":"https:\/\/www.manaus.am.gov.br\/semcom\/wp-json\/wp\/v2\/comments?post=244676"}],"version-history":[{"count":11,"href":"https:\/\/www.manaus.am.gov.br\/semcom\/wp-json\/wp\/v2\/posts\/244676\/revisions"}],"predecessor-version":[{"id":244705,"href":"https:\/\/www.manaus.am.gov.br\/semcom\/wp-json\/wp\/v2\/posts\/244676\/revisions\/244705"}],"wp:featuredmedia":[{"embeddable":true,"href":"https:\/\/www.manaus.am.gov.br\/semcom\/wp-json\/wp\/v2\/media\/244677"}],"wp:attachment":[{"href":"https:\/\/www.manaus.am.gov.br\/semcom\/wp-json\/wp\/v2\/media?parent=244676"}],"wp:term":[{"taxonomy":"category","embeddable":true,"href":"https:\/\/www.manaus.am.gov.br\/semcom\/wp-json\/wp\/v2\/categories?post=244676"},{"taxonomy":"post_tag","embeddable":true,"href":"https:\/\/www.manaus.am.gov.br\/semcom\/wp-json\/wp\/v2\/tags?post=244676"}],"curies":[{"name":"wp","href":"https:\/\/api.w.org\/{rel}","templated":true}]}}