{"id":244672,"date":"2025-08-29T15:46:31","date_gmt":"2025-08-29T18:46:31","guid":{"rendered":"https:\/\/www.manaus.am.gov.br\/semcom\/prefeitura-seminf-ruabaraodesaodomingos-centro\/"},"modified":"2025-08-29T15:46:32","modified_gmt":"2025-08-29T18:46:32","slug":"prefeitura-seminf-ruabaraodesaodomingos-centro","status":"publish","type":"post","link":"https:\/\/www.manaus.am.gov.br\/semcom\/prefeitura-seminf-ruabaraodesaodomingos-centro\/","title":{"rendered":"A\u00e7\u00e3o da Prefeitura de Manaus garante mais mobilidade, seguran\u00e7a e conforto para comerciantes e frequentadores do Centro"},"content":{"rendered":"\n<p>A Prefeitura de Manaus, por meio da Secretaria Municipal de Infraestrutura (Seminf), deu continuidade ao programa \u201cMutir\u00e3o no Centro\u201d, nesta sexta-feira, 29\/8, com servi\u00e7os de recupera\u00e7\u00e3o asf\u00e1ltica na rua Bar\u00e3o de S\u00e3o Domingos, em frente \u00e0 entrada da feira Manaus Moderna.<\/p>\n\n\n\n<p>A equipe aplicou a massa asf\u00e1ltica no trecho que apresentava desgaste e buracos, melhorando a trafegabilidade de ve\u00edculos e pedestres. Ainda nesta semana, durante o Dia do Feirante, foi entregue pela prefeitura, a primeira etapa da pra\u00e7a de alimenta\u00e7\u00e3o da feira, totalmente revitalizada.<\/p>\n\n\n\n<p>O vice-prefeito e secret\u00e1rio de Obras, Renato Junior, destacou os impactos positivos do mutir\u00e3o. \u201cEstamos transformando o centro de Manaus com a\u00e7\u00f5es simult\u00e2neas e em ritmo acelerado. Recuperamos vias com novo asfalto, refor\u00e7amos redes de drenagem, reconstru\u00edmos cal\u00e7adas e retiramos mais de uma tonelada e meia de fios abandonados. \u00c9 uma gest\u00e3o que avan\u00e7a em todos os cantos da cidade, valorizando o com\u00e9rcio local e a vida das pessoas\u201d, assegurou Renato Junior.<\/p>\n\n\n\n<p>O comerciante Igor Duarte, 28 anos, que trabalha h\u00e1 mais de seis anos no Centro com sua barraca de a\u00e7a\u00ed, comemorou as melhorias.&nbsp;\u201c\u00c9 \u00f3timo ver a prefeitura trabalhando no Centro. Esta parte da rua precisava muito, e as obras v\u00e3o beneficiar todos que circulam e trabalham aqui\u201d, afirmou Igor.<\/p>\n\n\n\n<p>As interven\u00e7\u00f5es no Centro s\u00e3o essenciais para melhorar a mobilidade urbana, garantir mais seguran\u00e7a e qualidade de vida, al\u00e9m de valorizar o com\u00e9rcio e o patrim\u00f4nio da cidade.<\/p>\n\n\n\n<p><strong>&#8212; &#8212; &#8212;<\/strong><\/p>\n\n\n\n<p><strong>Texto &#8211;&nbsp;<\/strong>Rayana Coutinho\/ Seminf<\/p>\n\n\n\n<p><strong>Fotos &#8211;&nbsp;<\/strong>M\u00e1rcio Melo\/ Seminf<\/p>\n","protected":false},"excerpt":{"rendered":"","protected":false},"author":23,"featured_media":244673,"comment_status":"closed","ping_status":"closed","sticky":false,"template":"","format":"standard","meta":{"footnotes":""},"categories":[2504],"tags":[16562,414,15027,77,133,33,2021],"acf":[],"yoast_head":"<!-- This site is optimized with the Yoast SEO plugin v23.0 - https:\/\/yoast.com\/wordpress\/plugins\/seo\/ -->\n<title>A\u00e7\u00e3o da Prefeitura de Manaus garante mais mobilidade, seguran\u00e7a e conforto para comerciantes e frequentadores do Centro<\/title>\n<meta name=\"description\" content=\"A Prefeitura de Manaus, por meio da Secretaria Municipal de Infraestrutura (Seminf), deu continuidade ao programa \u201cMutir\u00e3o no Centro\u201d, nesta sexta-feira, 29\/8, com servi\u00e7os de recupera\u00e7\u00e3o asf\u00e1ltica na rua Bar\u00e3o de S\u00e3o Domingos, em frente \u00e0 entrada da feira Manaus Moderna.\" \/>\n<meta name=\"robots\" content=\"index, follow, max-snippet:-1, max-image-preview:large, max-video-preview:-1\" \/>\n<link rel=\"canonical\" href=\"https:\/\/www.manaus.am.gov.br\/semcom\/prefeitura-seminf-ruabaraodesaodomingos-centro\/\" \/>\n<meta property=\"og:locale\" content=\"pt_BR\" \/>\n<meta property=\"og:type\" content=\"article\" \/>\n<meta property=\"og:title\" content=\"A\u00e7\u00e3o da Prefeitura de Manaus garante mais mobilidade, seguran\u00e7a e conforto para comerciantes e frequentadores do Centro\" \/>\n<meta property=\"og:description\" content=\"A Prefeitura de Manaus, por meio da Secretaria Municipal de Infraestrutura (Seminf), deu continuidade ao programa \u201cMutir\u00e3o no Centro\u201d, nesta sexta-feira, 29\/8, com servi\u00e7os de recupera\u00e7\u00e3o asf\u00e1ltica na rua Bar\u00e3o de S\u00e3o Domingos, em frente \u00e0 entrada da feira Manaus Moderna.\" \/>\n<meta property=\"og:url\" content=\"https:\/\/www.manaus.am.gov.br\/semcom\/prefeitura-seminf-ruabaraodesaodomingos-centro\/\" \/>\n<meta property=\"og:site_name\" content=\"SEMCOM\" \/>\n<meta property=\"article:published_time\" content=\"2025-08-29T18:46:31+00:00\" \/>\n<meta property=\"article:modified_time\" content=\"2025-08-29T18:46:32+00:00\" \/>\n<meta property=\"og:image\" content=\"https:\/\/www.manaus.am.gov.br\/semcom\/wp-content\/uploads\/sites\/5\/2025\/08\/WhatsApp-Image-2025-08-29-at-14.03.36-2.jpeg\" \/>\n\t<meta property=\"og:image:width\" content=\"1280\" \/>\n\t<meta property=\"og:image:height\" content=\"853\" \/>\n\t<meta property=\"og:image:type\" content=\"image\/jpeg\" \/>\n<meta name=\"author\" content=\"Adriana Costa\" \/>\n<meta name=\"twitter:card\" content=\"summary_large_image\" \/>\n<meta name=\"twitter:label1\" content=\"Written by\" \/>\n\t<meta name=\"twitter:data1\" content=\"Adriana Costa\" \/>\n\t<meta name=\"twitter:label2\" content=\"Est. reading time\" \/>\n\t<meta name=\"twitter:data2\" content=\"2 minutos\" \/>\n<script type=\"application\/ld+json\" class=\"yoast-schema-graph\">{\"@context\":\"https:\/\/schema.org\",\"@graph\":[{\"@type\":\"WebPage\",\"@id\":\"https:\/\/www.manaus.am.gov.br\/semcom\/prefeitura-seminf-ruabaraodesaodomingos-centro\/\",\"url\":\"https:\/\/www.manaus.am.gov.br\/semcom\/prefeitura-seminf-ruabaraodesaodomingos-centro\/\",\"name\":\"A\u00e7\u00e3o da Prefeitura de Manaus garante mais mobilidade, seguran\u00e7a e conforto para comerciantes e frequentadores do Centro\",\"isPartOf\":{\"@id\":\"https:\/\/www.manaus.am.gov.br\/semcom\/#website\"},\"primaryImageOfPage\":{\"@id\":\"https:\/\/www.manaus.am.gov.br\/semcom\/prefeitura-seminf-ruabaraodesaodomingos-centro\/#primaryimage\"},\"image\":{\"@id\":\"https:\/\/www.manaus.am.gov.br\/semcom\/prefeitura-seminf-ruabaraodesaodomingos-centro\/#primaryimage\"},\"thumbnailUrl\":\"https:\/\/www.manaus.am.gov.br\/semcom\/wp-content\/uploads\/sites\/5\/2025\/08\/WhatsApp-Image-2025-08-29-at-14.03.36-2.jpeg\",\"datePublished\":\"2025-08-29T18:46:31+00:00\",\"dateModified\":\"2025-08-29T18:46:32+00:00\",\"author\":{\"@id\":\"https:\/\/www.manaus.am.gov.br\/semcom\/#\/schema\/person\/4e49f4e267757a06ca072ec61b2b9968\"},\"description\":\"A Prefeitura de Manaus, por meio da Secretaria Municipal de Infraestrutura (Seminf), deu continuidade ao programa \u201cMutir\u00e3o no Centro\u201d, nesta sexta-feira, 29\/8, com servi\u00e7os de recupera\u00e7\u00e3o asf\u00e1ltica na rua Bar\u00e3o de S\u00e3o Domingos, em frente \u00e0 entrada da feira Manaus Moderna.\",\"inLanguage\":\"pt-BR\",\"potentialAction\":[{\"@type\":\"ReadAction\",\"target\":[\"https:\/\/www.manaus.am.gov.br\/semcom\/prefeitura-seminf-ruabaraodesaodomingos-centro\/\"]}]},{\"@type\":\"ImageObject\",\"inLanguage\":\"pt-BR\",\"@id\":\"https:\/\/www.manaus.am.gov.br\/semcom\/prefeitura-seminf-ruabaraodesaodomingos-centro\/#primaryimage\",\"url\":\"https:\/\/www.manaus.am.gov.br\/semcom\/wp-content\/uploads\/sites\/5\/2025\/08\/WhatsApp-Image-2025-08-29-at-14.03.36-2.jpeg\",\"contentUrl\":\"https:\/\/www.manaus.am.gov.br\/semcom\/wp-content\/uploads\/sites\/5\/2025\/08\/WhatsApp-Image-2025-08-29-at-14.03.36-2.jpeg\",\"width\":1280,\"height\":853},{\"@type\":\"WebSite\",\"@id\":\"https:\/\/www.manaus.am.gov.br\/semcom\/#website\",\"url\":\"https:\/\/www.manaus.am.gov.br\/semcom\/\",\"name\":\"SEMCOM\",\"description\":\"Secretaria Municipal de Comunica\u00e7\u00e3o\",\"potentialAction\":[{\"@type\":\"SearchAction\",\"target\":{\"@type\":\"EntryPoint\",\"urlTemplate\":\"https:\/\/www.manaus.am.gov.br\/semcom\/?s={search_term_string}\"},\"query-input\":\"required name=search_term_string\"}],\"inLanguage\":\"pt-BR\"},{\"@type\":\"Person\",\"@id\":\"https:\/\/www.manaus.am.gov.br\/semcom\/#\/schema\/person\/4e49f4e267757a06ca072ec61b2b9968\",\"name\":\"Adriana Costa\",\"image\":{\"@type\":\"ImageObject\",\"inLanguage\":\"pt-BR\",\"@id\":\"https:\/\/www.manaus.am.gov.br\/semcom\/#\/schema\/person\/image\/\",\"url\":\"https:\/\/secure.gravatar.com\/avatar\/576258617ef7194f718179e766d57bd4?s=96&d=mm&r=g\",\"contentUrl\":\"https:\/\/secure.gravatar.com\/avatar\/576258617ef7194f718179e766d57bd4?s=96&d=mm&r=g\",\"caption\":\"Adriana Costa\"}}]}<\/script>\n<!-- \/ Yoast SEO plugin. -->","yoast_head_json":{"title":"A\u00e7\u00e3o da Prefeitura de Manaus garante mais mobilidade, seguran\u00e7a e conforto para comerciantes e frequentadores do Centro","description":"A Prefeitura de Manaus, por meio da Secretaria Municipal de Infraestrutura (Seminf), deu continuidade ao programa \u201cMutir\u00e3o no Centro\u201d, nesta sexta-feira, 29\/8, com servi\u00e7os de recupera\u00e7\u00e3o asf\u00e1ltica na rua Bar\u00e3o de S\u00e3o Domingos, em frente \u00e0 entrada da feira Manaus Moderna.","robots":{"index":"index","follow":"follow","max-snippet":"max-snippet:-1","max-image-preview":"max-image-preview:large","max-video-preview":"max-video-preview:-1"},"canonical":"https:\/\/www.manaus.am.gov.br\/semcom\/prefeitura-seminf-ruabaraodesaodomingos-centro\/","og_locale":"pt_BR","og_type":"article","og_title":"A\u00e7\u00e3o da Prefeitura de Manaus garante mais mobilidade, seguran\u00e7a e conforto para comerciantes e frequentadores do Centro","og_description":"A Prefeitura de Manaus, por meio da Secretaria Municipal de Infraestrutura (Seminf), deu continuidade ao programa \u201cMutir\u00e3o no Centro\u201d, nesta sexta-feira, 29\/8, com servi\u00e7os de recupera\u00e7\u00e3o asf\u00e1ltica na rua Bar\u00e3o de S\u00e3o Domingos, em frente \u00e0 entrada da feira Manaus Moderna.","og_url":"https:\/\/www.manaus.am.gov.br\/semcom\/prefeitura-seminf-ruabaraodesaodomingos-centro\/","og_site_name":"SEMCOM","article_published_time":"2025-08-29T18:46:31+00:00","article_modified_time":"2025-08-29T18:46:32+00:00","og_image":[{"width":1280,"height":853,"url":"https:\/\/www.manaus.am.gov.br\/semcom\/wp-content\/uploads\/sites\/5\/2025\/08\/WhatsApp-Image-2025-08-29-at-14.03.36-2.jpeg","type":"image\/jpeg"}],"author":"Adriana Costa","twitter_card":"summary_large_image","twitter_misc":{"Written by":"Adriana Costa","Est. reading time":"2 minutos"},"schema":{"@context":"https:\/\/schema.org","@graph":[{"@type":"WebPage","@id":"https:\/\/www.manaus.am.gov.br\/semcom\/prefeitura-seminf-ruabaraodesaodomingos-centro\/","url":"https:\/\/www.manaus.am.gov.br\/semcom\/prefeitura-seminf-ruabaraodesaodomingos-centro\/","name":"A\u00e7\u00e3o da Prefeitura de Manaus garante mais mobilidade, seguran\u00e7a e conforto para comerciantes e frequentadores do Centro","isPartOf":{"@id":"https:\/\/www.manaus.am.gov.br\/semcom\/#website"},"primaryImageOfPage":{"@id":"https:\/\/www.manaus.am.gov.br\/semcom\/prefeitura-seminf-ruabaraodesaodomingos-centro\/#primaryimage"},"image":{"@id":"https:\/\/www.manaus.am.gov.br\/semcom\/prefeitura-seminf-ruabaraodesaodomingos-centro\/#primaryimage"},"thumbnailUrl":"https:\/\/www.manaus.am.gov.br\/semcom\/wp-content\/uploads\/sites\/5\/2025\/08\/WhatsApp-Image-2025-08-29-at-14.03.36-2.jpeg","datePublished":"2025-08-29T18:46:31+00:00","dateModified":"2025-08-29T18:46:32+00:00","author":{"@id":"https:\/\/www.manaus.am.gov.br\/semcom\/#\/schema\/person\/4e49f4e267757a06ca072ec61b2b9968"},"description":"A Prefeitura de Manaus, por meio da Secretaria Municipal de Infraestrutura (Seminf), deu continuidade ao programa \u201cMutir\u00e3o no Centro\u201d, nesta sexta-feira, 29\/8, com servi\u00e7os de recupera\u00e7\u00e3o asf\u00e1ltica na rua Bar\u00e3o de S\u00e3o Domingos, em frente \u00e0 entrada da feira Manaus Moderna.","inLanguage":"pt-BR","potentialAction":[{"@type":"ReadAction","target":["https:\/\/www.manaus.am.gov.br\/semcom\/prefeitura-seminf-ruabaraodesaodomingos-centro\/"]}]},{"@type":"ImageObject","inLanguage":"pt-BR","@id":"https:\/\/www.manaus.am.gov.br\/semcom\/prefeitura-seminf-ruabaraodesaodomingos-centro\/#primaryimage","url":"https:\/\/www.manaus.am.gov.br\/semcom\/wp-content\/uploads\/sites\/5\/2025\/08\/WhatsApp-Image-2025-08-29-at-14.03.36-2.jpeg","contentUrl":"https:\/\/www.manaus.am.gov.br\/semcom\/wp-content\/uploads\/sites\/5\/2025\/08\/WhatsApp-Image-2025-08-29-at-14.03.36-2.jpeg","width":1280,"height":853},{"@type":"WebSite","@id":"https:\/\/www.manaus.am.gov.br\/semcom\/#website","url":"https:\/\/www.manaus.am.gov.br\/semcom\/","name":"SEMCOM","description":"Secretaria Municipal de Comunica\u00e7\u00e3o","potentialAction":[{"@type":"SearchAction","target":{"@type":"EntryPoint","urlTemplate":"https:\/\/www.manaus.am.gov.br\/semcom\/?s={search_term_string}"},"query-input":"required name=search_term_string"}],"inLanguage":"pt-BR"},{"@type":"Person","@id":"https:\/\/www.manaus.am.gov.br\/semcom\/#\/schema\/person\/4e49f4e267757a06ca072ec61b2b9968","name":"Adriana Costa","image":{"@type":"ImageObject","inLanguage":"pt-BR","@id":"https:\/\/www.manaus.am.gov.br\/semcom\/#\/schema\/person\/image\/","url":"https:\/\/secure.gravatar.com\/avatar\/576258617ef7194f718179e766d57bd4?s=96&d=mm&r=g","contentUrl":"https:\/\/secure.gravatar.com\/avatar\/576258617ef7194f718179e766d57bd4?s=96&d=mm&r=g","caption":"Adriana Costa"}}]}},"_links":{"self":[{"href":"https:\/\/www.manaus.am.gov.br\/semcom\/wp-json\/wp\/v2\/posts\/244672"}],"collection":[{"href":"https:\/\/www.manaus.am.gov.br\/semcom\/wp-json\/wp\/v2\/posts"}],"about":[{"href":"https:\/\/www.manaus.am.gov.br\/semcom\/wp-json\/wp\/v2\/types\/post"}],"author":[{"embeddable":true,"href":"https:\/\/www.manaus.am.gov.br\/semcom\/wp-json\/wp\/v2\/users\/23"}],"replies":[{"embeddable":true,"href":"https:\/\/www.manaus.am.gov.br\/semcom\/wp-json\/wp\/v2\/comments?post=244672"}],"version-history":[{"count":0,"href":"https:\/\/www.manaus.am.gov.br\/semcom\/wp-json\/wp\/v2\/posts\/244672\/revisions"}],"wp:featuredmedia":[{"embeddable":true,"href":"https:\/\/www.manaus.am.gov.br\/semcom\/wp-json\/wp\/v2\/media\/244673"}],"wp:attachment":[{"href":"https:\/\/www.manaus.am.gov.br\/semcom\/wp-json\/wp\/v2\/media?parent=244672"}],"wp:term":[{"taxonomy":"category","embeddable":true,"href":"https:\/\/www.manaus.am.gov.br\/semcom\/wp-json\/wp\/v2\/categories?post=244672"},{"taxonomy":"post_tag","embeddable":true,"href":"https:\/\/www.manaus.am.gov.br\/semcom\/wp-json\/wp\/v2\/tags?post=244672"}],"curies":[{"name":"wp","href":"https:\/\/api.w.org\/{rel}","templated":true}]}}