{"id":244660,"date":"2025-08-29T13:45:24","date_gmt":"2025-08-29T16:45:24","guid":{"rendered":"https:\/\/www.manaus.am.gov.br\/semcom\/prefeitura-semed-inclusao-parque\/"},"modified":"2025-08-29T14:33:14","modified_gmt":"2025-08-29T17:33:14","slug":"prefeitura-semed-inclusao-parque","status":"publish","type":"post","link":"https:\/\/www.manaus.am.gov.br\/semcom\/prefeitura-semed-inclusao-parque\/","title":{"rendered":"Mais de 700 estudantes da\u00a0Prefeitura de Manaus\u00a0participam de atividade\u00a0de inclus\u00e3o\u00a0no parque Gigantes da Floresta"},"content":{"rendered":"\n<p>A Prefeitura de Manaus, por meio da Secretaria Municipal de Educa\u00e7\u00e3o (Semed), realizou, nesta sexta-feira, 29\/8,&nbsp;a a\u00e7\u00e3o \u201cCaminhos para Inclus\u00e3o: Circuito da Diversidade e Roda para Acessibilidade\u201d, no parque Gigantes da Floresta, zona Leste da capital.&nbsp;A programa\u00e7\u00e3o voltada para o lazer, aprendizado e integra\u00e7\u00e3o com a natureza, contou com a participa\u00e7\u00e3o&nbsp;de 700&nbsp;estudantes, entre ensino&nbsp;regular e&nbsp;educa\u00e7\u00e3o especial,&nbsp;de 15 unidades de ensino da rede municipal de educa\u00e7\u00e3o.&nbsp;<\/p>\n\n\n\n<p>A&nbsp;atividade faz parte da agenda da \u201cSemana da Pessoa com Defici\u00eancia Intelectual e M\u00faltipla\u201d, que mobiliza diversas unidades escolares da rede municipal com o objetivo de fortalecer pr\u00e1ticas inclusivas dos estudantes. As a\u00e7\u00f5es seguem at\u00e9 1\u00ba\/9, com o encerramento oficial no sal\u00e3o Rio Solim\u00f5es, do Pal\u00e1cio Rio Negro, com apresenta\u00e7\u00f5es de trabalhos do Atendimento Educacional Especializado (AEE) e de outros projetos desenvolvidos pela&nbsp;Semed.&nbsp;<\/p>\n\n\n\n<p>Na oportunidade, a gerente da Educa\u00e7\u00e3o Especial, Amanda&nbsp;Macanoni, refor\u00e7a que a proposta da&nbsp;Semed&nbsp;\u00e9 oferecer experi\u00eancias que ultrapassam os limites da sala de aula e incentivam a conviv\u00eancia entre todos os estudantes.&nbsp;<\/p>\n\n\n\n<p>\u201cA conviv\u00eancia entre os alunos fortalece la\u00e7os de amizade, o respeito \u00e0s diferen\u00e7as e o sentimento de pertencimento. A&nbsp;Semed&nbsp;continua investindo na forma\u00e7\u00e3o de professores, na amplia\u00e7\u00e3o da acessibilidade nas escolas e em a\u00e7\u00f5es que envolvem fam\u00edlias e comunidade, reafirmando que a inclus\u00e3o \u00e9 uma pr\u00e1tica di\u00e1ria capaz de transformar vidas\u201d, afirmou&nbsp;Macanoni.&nbsp;<\/p>\n\n\n\n<p>A professora Graciete Brito, da sala de recursos do Centro Municipal de Educa\u00e7\u00e3o Infantil (Cmei) Maria Em\u00edlia Mestrinho, acompanhou seis alunos da educa\u00e7\u00e3o especial durante o passeio e destacou a import\u00e2ncia do momento.&nbsp;<\/p>\n\n\n\n<p>\u201cA maioria dos meus alunos&nbsp;est\u00e1 vindo, pela&nbsp;primeira&nbsp;vez, no&nbsp;parque Gigantes da Floresta. Eles est\u00e3o encantados, muito felizes, participando de tudo e se divertindo bastante. O mais bonito \u00e9 ver como est\u00e3o se sentindo \u00e0 vontade, inclu\u00eddos de verdade\u201d, disse a professora Graciete.&nbsp;<\/p>\n\n\n\n<p>No parque, os alunos da educa\u00e7\u00e3o especial aproveitaram para participar de atividades inclusivas, explorando esculturas gigantes de animais, brincando na pra\u00e7a molhada e nos&nbsp;<em>playgrounds<\/em>&nbsp;adaptados, conhecendo cen\u00e1rios tem\u00e1ticos e vivenciando momentos divertidos junto \u00e0 fam\u00edlia.&nbsp;<\/p>\n\n\n\n<p>V\u00e2nia Trindade, m\u00e3e da&nbsp;estudante&nbsp;Yanne Souza, 12 anos, da escola municipal de Educa\u00e7\u00e3o Especial&nbsp;(CMEE)&nbsp;Andr\u00e9 Vidal de Ara\u00fajo, destacou a import\u00e2ncia do passeio para sua filha e para os demais alunos da educa\u00e7\u00e3o especial.&nbsp;<\/p>\n\n\n\n<p>\u201c\u00c9 muito gratificante ver minha filha&nbsp;t\u00e3o feliz e realizada. Momentos como este s\u00e3o \u00fanicos e nos permitem compartilhar experi\u00eancias incr\u00edveis juntas. Ver ela participando das atividades com seus amigos, sorrindo e se sentindo inclu\u00edda me enche de alegria e orgulho&#8221;, comentou V\u00e2nia.&nbsp;<\/p>\n\n\n\n<p>&nbsp;&#8212; &#8212; &#8212;<\/p>\n\n\n\n<p><strong>Texto<\/strong>&nbsp;&#8211; Thalia Rodrigues \/Semed&nbsp;<\/p>\n\n\n\n<p><strong>Foto<\/strong>&nbsp;&#8211;&nbsp;Ulisson&nbsp;Santos\/&nbsp;Semed&nbsp;<\/p>\n\n\n\n<p><strong>Dispon\u00edveis em <\/strong>&#8211; https:\/\/flic.kr\/s\/aHBqjCsiFr<\/p>\n","protected":false},"excerpt":{"rendered":"","protected":false},"author":23,"featured_media":244661,"comment_status":"closed","ping_status":"closed","sticky":false,"template":"","format":"standard","meta":{"footnotes":""},"categories":[1625],"tags":[1671,2375,77,62],"acf":[],"yoast_head":"<!-- This site is optimized with the Yoast SEO plugin v23.0 - https:\/\/yoast.com\/wordpress\/plugins\/seo\/ -->\n<title>Mais de 700 estudantes da Prefeitura de Manaus participam de atividade de inclus\u00e3o no parque Gigantes da Floresta<\/title>\n<meta name=\"description\" content=\"A Prefeitura de Manaus, por meio da Secretaria Municipal de Educa\u00e7\u00e3o (Semed), realizou, nesta sexta-feira, 29\/8, a a\u00e7\u00e3o \u201cCaminhos para Inclus\u00e3o: Circuito da Diversidade e Roda para Acessibilidade\u201d, no parque Gigantes da Floresta, zona Leste da capital\" \/>\n<meta name=\"robots\" content=\"index, follow, max-snippet:-1, max-image-preview:large, max-video-preview:-1\" \/>\n<link rel=\"canonical\" href=\"https:\/\/www.manaus.am.gov.br\/semcom\/prefeitura-semed-inclusao-parque\/\" \/>\n<meta property=\"og:locale\" content=\"pt_BR\" \/>\n<meta property=\"og:type\" content=\"article\" \/>\n<meta property=\"og:title\" content=\"Mais de 700 estudantes da Prefeitura de Manaus participam de atividade de inclus\u00e3o no parque Gigantes da Floresta\" \/>\n<meta property=\"og:description\" content=\"A Prefeitura de Manaus, por meio da Secretaria Municipal de Educa\u00e7\u00e3o (Semed), realizou, nesta sexta-feira, 29\/8, a a\u00e7\u00e3o \u201cCaminhos para Inclus\u00e3o: Circuito da Diversidade e Roda para Acessibilidade\u201d, no parque Gigantes da Floresta, zona Leste da capital\" \/>\n<meta property=\"og:url\" content=\"https:\/\/www.manaus.am.gov.br\/semcom\/prefeitura-semed-inclusao-parque\/\" \/>\n<meta property=\"og:site_name\" content=\"SEMCOM\" \/>\n<meta property=\"article:published_time\" content=\"2025-08-29T16:45:24+00:00\" \/>\n<meta property=\"article:modified_time\" content=\"2025-08-29T17:33:14+00:00\" \/>\n<meta property=\"og:image\" content=\"https:\/\/www.manaus.am.gov.br\/semcom\/wp-content\/uploads\/sites\/5\/2025\/08\/54752689460_06b7a93863_c.jpg\" \/>\n\t<meta property=\"og:image:width\" content=\"799\" \/>\n\t<meta property=\"og:image:height\" content=\"533\" \/>\n\t<meta property=\"og:image:type\" content=\"image\/jpeg\" \/>\n<meta name=\"author\" content=\"Adriana Costa\" \/>\n<meta name=\"twitter:card\" content=\"summary_large_image\" \/>\n<meta name=\"twitter:label1\" content=\"Written by\" \/>\n\t<meta name=\"twitter:data1\" content=\"Adriana Costa\" \/>\n\t<meta name=\"twitter:label2\" content=\"Est. reading time\" \/>\n\t<meta name=\"twitter:data2\" content=\"3 minutos\" \/>\n<script type=\"application\/ld+json\" class=\"yoast-schema-graph\">{\"@context\":\"https:\/\/schema.org\",\"@graph\":[{\"@type\":\"WebPage\",\"@id\":\"https:\/\/www.manaus.am.gov.br\/semcom\/prefeitura-semed-inclusao-parque\/\",\"url\":\"https:\/\/www.manaus.am.gov.br\/semcom\/prefeitura-semed-inclusao-parque\/\",\"name\":\"Mais de 700 estudantes da Prefeitura de Manaus participam de atividade de inclus\u00e3o no parque Gigantes da Floresta\",\"isPartOf\":{\"@id\":\"https:\/\/www.manaus.am.gov.br\/semcom\/#website\"},\"primaryImageOfPage\":{\"@id\":\"https:\/\/www.manaus.am.gov.br\/semcom\/prefeitura-semed-inclusao-parque\/#primaryimage\"},\"image\":{\"@id\":\"https:\/\/www.manaus.am.gov.br\/semcom\/prefeitura-semed-inclusao-parque\/#primaryimage\"},\"thumbnailUrl\":\"https:\/\/www.manaus.am.gov.br\/semcom\/wp-content\/uploads\/sites\/5\/2025\/08\/54752689460_06b7a93863_c.jpg\",\"datePublished\":\"2025-08-29T16:45:24+00:00\",\"dateModified\":\"2025-08-29T17:33:14+00:00\",\"author\":{\"@id\":\"https:\/\/www.manaus.am.gov.br\/semcom\/#\/schema\/person\/4e49f4e267757a06ca072ec61b2b9968\"},\"description\":\"A Prefeitura de Manaus, por meio da Secretaria Municipal de Educa\u00e7\u00e3o (Semed), realizou, nesta sexta-feira, 29\/8, a a\u00e7\u00e3o \u201cCaminhos para Inclus\u00e3o: Circuito da Diversidade e Roda para Acessibilidade\u201d, no parque Gigantes da Floresta, zona Leste da capital\",\"inLanguage\":\"pt-BR\",\"potentialAction\":[{\"@type\":\"ReadAction\",\"target\":[\"https:\/\/www.manaus.am.gov.br\/semcom\/prefeitura-semed-inclusao-parque\/\"]}]},{\"@type\":\"ImageObject\",\"inLanguage\":\"pt-BR\",\"@id\":\"https:\/\/www.manaus.am.gov.br\/semcom\/prefeitura-semed-inclusao-parque\/#primaryimage\",\"url\":\"https:\/\/www.manaus.am.gov.br\/semcom\/wp-content\/uploads\/sites\/5\/2025\/08\/54752689460_06b7a93863_c.jpg\",\"contentUrl\":\"https:\/\/www.manaus.am.gov.br\/semcom\/wp-content\/uploads\/sites\/5\/2025\/08\/54752689460_06b7a93863_c.jpg\",\"width\":799,\"height\":533},{\"@type\":\"WebSite\",\"@id\":\"https:\/\/www.manaus.am.gov.br\/semcom\/#website\",\"url\":\"https:\/\/www.manaus.am.gov.br\/semcom\/\",\"name\":\"SEMCOM\",\"description\":\"Secretaria Municipal de Comunica\u00e7\u00e3o\",\"potentialAction\":[{\"@type\":\"SearchAction\",\"target\":{\"@type\":\"EntryPoint\",\"urlTemplate\":\"https:\/\/www.manaus.am.gov.br\/semcom\/?s={search_term_string}\"},\"query-input\":\"required name=search_term_string\"}],\"inLanguage\":\"pt-BR\"},{\"@type\":\"Person\",\"@id\":\"https:\/\/www.manaus.am.gov.br\/semcom\/#\/schema\/person\/4e49f4e267757a06ca072ec61b2b9968\",\"name\":\"Adriana Costa\",\"image\":{\"@type\":\"ImageObject\",\"inLanguage\":\"pt-BR\",\"@id\":\"https:\/\/www.manaus.am.gov.br\/semcom\/#\/schema\/person\/image\/\",\"url\":\"https:\/\/secure.gravatar.com\/avatar\/576258617ef7194f718179e766d57bd4?s=96&d=mm&r=g\",\"contentUrl\":\"https:\/\/secure.gravatar.com\/avatar\/576258617ef7194f718179e766d57bd4?s=96&d=mm&r=g\",\"caption\":\"Adriana Costa\"}}]}<\/script>\n<!-- \/ Yoast SEO plugin. -->","yoast_head_json":{"title":"Mais de 700 estudantes da Prefeitura de Manaus participam de atividade de inclus\u00e3o no parque Gigantes da Floresta","description":"A Prefeitura de Manaus, por meio da Secretaria Municipal de Educa\u00e7\u00e3o (Semed), realizou, nesta sexta-feira, 29\/8, a a\u00e7\u00e3o \u201cCaminhos para Inclus\u00e3o: Circuito da Diversidade e Roda para Acessibilidade\u201d, no parque Gigantes da Floresta, zona Leste da capital","robots":{"index":"index","follow":"follow","max-snippet":"max-snippet:-1","max-image-preview":"max-image-preview:large","max-video-preview":"max-video-preview:-1"},"canonical":"https:\/\/www.manaus.am.gov.br\/semcom\/prefeitura-semed-inclusao-parque\/","og_locale":"pt_BR","og_type":"article","og_title":"Mais de 700 estudantes da Prefeitura de Manaus participam de atividade de inclus\u00e3o no parque Gigantes da Floresta","og_description":"A Prefeitura de Manaus, por meio da Secretaria Municipal de Educa\u00e7\u00e3o (Semed), realizou, nesta sexta-feira, 29\/8, a a\u00e7\u00e3o \u201cCaminhos para Inclus\u00e3o: Circuito da Diversidade e Roda para Acessibilidade\u201d, no parque Gigantes da Floresta, zona Leste da capital","og_url":"https:\/\/www.manaus.am.gov.br\/semcom\/prefeitura-semed-inclusao-parque\/","og_site_name":"SEMCOM","article_published_time":"2025-08-29T16:45:24+00:00","article_modified_time":"2025-08-29T17:33:14+00:00","og_image":[{"width":799,"height":533,"url":"https:\/\/www.manaus.am.gov.br\/semcom\/wp-content\/uploads\/sites\/5\/2025\/08\/54752689460_06b7a93863_c.jpg","type":"image\/jpeg"}],"author":"Adriana Costa","twitter_card":"summary_large_image","twitter_misc":{"Written by":"Adriana Costa","Est. reading time":"3 minutos"},"schema":{"@context":"https:\/\/schema.org","@graph":[{"@type":"WebPage","@id":"https:\/\/www.manaus.am.gov.br\/semcom\/prefeitura-semed-inclusao-parque\/","url":"https:\/\/www.manaus.am.gov.br\/semcom\/prefeitura-semed-inclusao-parque\/","name":"Mais de 700 estudantes da Prefeitura de Manaus participam de atividade de inclus\u00e3o no parque Gigantes da Floresta","isPartOf":{"@id":"https:\/\/www.manaus.am.gov.br\/semcom\/#website"},"primaryImageOfPage":{"@id":"https:\/\/www.manaus.am.gov.br\/semcom\/prefeitura-semed-inclusao-parque\/#primaryimage"},"image":{"@id":"https:\/\/www.manaus.am.gov.br\/semcom\/prefeitura-semed-inclusao-parque\/#primaryimage"},"thumbnailUrl":"https:\/\/www.manaus.am.gov.br\/semcom\/wp-content\/uploads\/sites\/5\/2025\/08\/54752689460_06b7a93863_c.jpg","datePublished":"2025-08-29T16:45:24+00:00","dateModified":"2025-08-29T17:33:14+00:00","author":{"@id":"https:\/\/www.manaus.am.gov.br\/semcom\/#\/schema\/person\/4e49f4e267757a06ca072ec61b2b9968"},"description":"A Prefeitura de Manaus, por meio da Secretaria Municipal de Educa\u00e7\u00e3o (Semed), realizou, nesta sexta-feira, 29\/8, a a\u00e7\u00e3o \u201cCaminhos para Inclus\u00e3o: Circuito da Diversidade e Roda para Acessibilidade\u201d, no parque Gigantes da Floresta, zona Leste da capital","inLanguage":"pt-BR","potentialAction":[{"@type":"ReadAction","target":["https:\/\/www.manaus.am.gov.br\/semcom\/prefeitura-semed-inclusao-parque\/"]}]},{"@type":"ImageObject","inLanguage":"pt-BR","@id":"https:\/\/www.manaus.am.gov.br\/semcom\/prefeitura-semed-inclusao-parque\/#primaryimage","url":"https:\/\/www.manaus.am.gov.br\/semcom\/wp-content\/uploads\/sites\/5\/2025\/08\/54752689460_06b7a93863_c.jpg","contentUrl":"https:\/\/www.manaus.am.gov.br\/semcom\/wp-content\/uploads\/sites\/5\/2025\/08\/54752689460_06b7a93863_c.jpg","width":799,"height":533},{"@type":"WebSite","@id":"https:\/\/www.manaus.am.gov.br\/semcom\/#website","url":"https:\/\/www.manaus.am.gov.br\/semcom\/","name":"SEMCOM","description":"Secretaria Municipal de Comunica\u00e7\u00e3o","potentialAction":[{"@type":"SearchAction","target":{"@type":"EntryPoint","urlTemplate":"https:\/\/www.manaus.am.gov.br\/semcom\/?s={search_term_string}"},"query-input":"required name=search_term_string"}],"inLanguage":"pt-BR"},{"@type":"Person","@id":"https:\/\/www.manaus.am.gov.br\/semcom\/#\/schema\/person\/4e49f4e267757a06ca072ec61b2b9968","name":"Adriana Costa","image":{"@type":"ImageObject","inLanguage":"pt-BR","@id":"https:\/\/www.manaus.am.gov.br\/semcom\/#\/schema\/person\/image\/","url":"https:\/\/secure.gravatar.com\/avatar\/576258617ef7194f718179e766d57bd4?s=96&d=mm&r=g","contentUrl":"https:\/\/secure.gravatar.com\/avatar\/576258617ef7194f718179e766d57bd4?s=96&d=mm&r=g","caption":"Adriana Costa"}}]}},"_links":{"self":[{"href":"https:\/\/www.manaus.am.gov.br\/semcom\/wp-json\/wp\/v2\/posts\/244660"}],"collection":[{"href":"https:\/\/www.manaus.am.gov.br\/semcom\/wp-json\/wp\/v2\/posts"}],"about":[{"href":"https:\/\/www.manaus.am.gov.br\/semcom\/wp-json\/wp\/v2\/types\/post"}],"author":[{"embeddable":true,"href":"https:\/\/www.manaus.am.gov.br\/semcom\/wp-json\/wp\/v2\/users\/23"}],"replies":[{"embeddable":true,"href":"https:\/\/www.manaus.am.gov.br\/semcom\/wp-json\/wp\/v2\/comments?post=244660"}],"version-history":[{"count":1,"href":"https:\/\/www.manaus.am.gov.br\/semcom\/wp-json\/wp\/v2\/posts\/244660\/revisions"}],"predecessor-version":[{"id":244662,"href":"https:\/\/www.manaus.am.gov.br\/semcom\/wp-json\/wp\/v2\/posts\/244660\/revisions\/244662"}],"wp:featuredmedia":[{"embeddable":true,"href":"https:\/\/www.manaus.am.gov.br\/semcom\/wp-json\/wp\/v2\/media\/244661"}],"wp:attachment":[{"href":"https:\/\/www.manaus.am.gov.br\/semcom\/wp-json\/wp\/v2\/media?parent=244660"}],"wp:term":[{"taxonomy":"category","embeddable":true,"href":"https:\/\/www.manaus.am.gov.br\/semcom\/wp-json\/wp\/v2\/categories?post=244660"},{"taxonomy":"post_tag","embeddable":true,"href":"https:\/\/www.manaus.am.gov.br\/semcom\/wp-json\/wp\/v2\/tags?post=244660"}],"curies":[{"name":"wp","href":"https:\/\/api.w.org\/{rel}","templated":true}]}}