{"id":244647,"date":"2025-08-29T12:16:16","date_gmt":"2025-08-29T15:16:16","guid":{"rendered":"https:\/\/www.manaus.am.gov.br\/semcom\/prefeitura-semacc-cursoambulantes-soumanaus\/"},"modified":"2025-08-29T12:16:18","modified_gmt":"2025-08-29T15:16:18","slug":"prefeitura-semacc-cursoambulantes-soumanaus","status":"publish","type":"post","link":"https:\/\/www.manaus.am.gov.br\/semcom\/prefeitura-semacc-cursoambulantes-soumanaus\/","title":{"rendered":"Prefeitura de Manaus capacita vendedores informais para o festival \u2018#SouManaus Passo a Pa\u00e7o 2025\u2019"},"content":{"rendered":"\n<p>A Prefeitura de Manaus, por meio da Secretaria Municipal de Agricultura, Abastecimento, Centro e Com\u00e9rcio Informal (Semacc), em parceria com a Diretoria de Vigil\u00e2ncia Sanit\u00e1ria (Visa Manaus), encerrou, nesta sexta-feira, 29\/8, o curso de \u201cManipula\u00e7\u00e3o de Alimentos e Boas Pr\u00e1ticas de Higieniza\u00e7\u00e3o\u201d, destinado a vendedores informais que v\u00e3o atuar&nbsp;nos per\u00edmetros da avenida 7 de Setembro e da pra\u00e7a da Matriz,&nbsp;\u00e1rea externa do festival \u201c#SouManaus Passo a Pa\u00e7o 2025\u201d.<\/p>\n\n\n\n<p>Ao todo, 400 vendedores informais foram cadastrados ap\u00f3s preencherem as vagas disponibilizadas pela Semacc durante tr\u00eas dias de inscri\u00e7\u00f5es, realizadas no mirante L\u00facia Almeida, na semana passada.<\/p>\n\n\n\n<p>O diretor do Departamento de Com\u00e9rcio Informal (Decin) da Semacc, Jorge Pimentel, refor\u00e7ou a relev\u00e2ncia da iniciativa do curso para todos. \u201cNosso objetivo \u00e9 capacitar os ambulantes que v\u00e3o atuar no \u2018#SouManaus\u2019, garantindo que trabalhem com todo cuidado e proced\u00eancia. Com isso, quem participa do evento pode consumir tranquilo, sabendo que, por tr\u00e1s de cada barraca, h\u00e1 orienta\u00e7\u00e3o t\u00e9cnica e compromisso com a seguran\u00e7a alimentar\u201d, concluiu Pimentel.<\/p>\n\n\n\n<p>A fiscal da Visa Manaus, nutricionista Gizeli Giffoni, destacou a import\u00e2ncia da capacita\u00e7\u00e3o. \u201cEsse curso \u00e9 essencial, porque garante que os vendedores estejam preparados para oferecer alimentos de forma segura e adequada. N\u00f3s orientamos sobre higieniza\u00e7\u00e3o correta, manipula\u00e7\u00e3o adequada e boas pr\u00e1ticas no momento da venda, o que reduz riscos e melhora a qualidade do servi\u00e7o oferecido \u00e0 popula\u00e7\u00e3o\u201d, ressaltou.<\/p>\n\n\n\n<p>Durante a forma\u00e7\u00e3o, os participantes receberam orienta\u00e7\u00f5es sobre higiene, manipula\u00e7\u00e3o correta e armazenamento adequado dos alimentos, assegurando atendimento de qualidade e seguran\u00e7a ao grande p\u00fablico esperado para o evento.<\/p>\n\n\n\n<p>Para a vendedora Ana Paula Souza, inscrita para comercializar sandu\u00edches naturais, a experi\u00eancia vai muito al\u00e9m do festival. \u201cEstou superfeliz em aprender a manipula\u00e7\u00e3o dos alimentos. Assim, vou poder aplicar os ensinamentos pr\u00e1ticos j\u00e1 nesse evento da prefeitura, e tamb\u00e9m em outras oportunidades de trabalho. Esse aprendizado \u00e9 para a vida\u201d, disse.<\/p>\n\n\n\n<p>A a\u00e7\u00e3o integra o compromisso da Prefeitura de Manaus em valorizar os trabalhadores informais, organizar o com\u00e9rcio ambulante e promover eventos seguros, oferecendo ao p\u00fablico alimentos de qualidade e um ambiente mais estruturado para consumo.<\/p>\n\n\n\n<p>&#8212; &#8212; &#8212;<\/p>\n\n\n\n<p><strong>Texto\u00a0<\/strong>&#8211; Milton Bambo\/Semacc<\/p>\n\n\n\n<p><strong>Fotos\u00a0<\/strong>&#8211; Gildo Smith\/Semacc<\/p>\n","protected":false},"excerpt":{"rendered":"","protected":false},"author":23,"featured_media":244648,"comment_status":"closed","ping_status":"closed","sticky":false,"template":"","format":"standard","meta":{"footnotes":""},"categories":[4867],"tags":[4849,899,2350,77,55,394],"acf":[],"yoast_head":"<!-- This site is optimized with the Yoast SEO plugin v23.0 - https:\/\/yoast.com\/wordpress\/plugins\/seo\/ -->\n<title>Prefeitura de Manaus capacita vendedores informais para o festival \u2018#SouManaus Passo a Pa\u00e7o 2025\u2019<\/title>\n<meta name=\"description\" content=\"A Prefeitura de Manaus, por meio da Secretaria Municipal de Agricultura, Abastecimento, Centro e Com\u00e9rcio Informal (Semacc), em parceria com a Diretoria de Vigil\u00e2ncia Sanit\u00e1ria (Visa Manaus), encerrou, nesta sexta-feira, 29\/8, o curso de \u201cManipula\u00e7\u00e3o de Alimentos e Boas Pr\u00e1ticas de Higieniza\u00e7\u00e3o\u201d, destinado a vendedores informais que v\u00e3o atuar nos per\u00edmetros da avenida 7 de Setembro e da pra\u00e7a da Matriz\" \/>\n<meta name=\"robots\" content=\"index, follow, max-snippet:-1, max-image-preview:large, max-video-preview:-1\" \/>\n<link rel=\"canonical\" href=\"https:\/\/www.manaus.am.gov.br\/semcom\/prefeitura-semacc-cursoambulantes-soumanaus\/\" \/>\n<meta property=\"og:locale\" content=\"pt_BR\" \/>\n<meta property=\"og:type\" content=\"article\" \/>\n<meta property=\"og:title\" content=\"Prefeitura de Manaus capacita vendedores informais para o festival \u2018#SouManaus Passo a Pa\u00e7o 2025\u2019\" \/>\n<meta property=\"og:description\" content=\"A Prefeitura de Manaus, por meio da Secretaria Municipal de Agricultura, Abastecimento, Centro e Com\u00e9rcio Informal (Semacc), em parceria com a Diretoria de Vigil\u00e2ncia Sanit\u00e1ria (Visa Manaus), encerrou, nesta sexta-feira, 29\/8, o curso de \u201cManipula\u00e7\u00e3o de Alimentos e Boas Pr\u00e1ticas de Higieniza\u00e7\u00e3o\u201d, destinado a vendedores informais que v\u00e3o atuar nos per\u00edmetros da avenida 7 de Setembro e da pra\u00e7a da Matriz\" \/>\n<meta property=\"og:url\" content=\"https:\/\/www.manaus.am.gov.br\/semcom\/prefeitura-semacc-cursoambulantes-soumanaus\/\" \/>\n<meta property=\"og:site_name\" content=\"SEMCOM\" \/>\n<meta property=\"article:published_time\" content=\"2025-08-29T15:16:16+00:00\" \/>\n<meta property=\"article:modified_time\" content=\"2025-08-29T15:16:18+00:00\" \/>\n<meta property=\"og:image\" content=\"https:\/\/www.manaus.am.gov.br\/semcom\/wp-content\/uploads\/sites\/5\/2025\/08\/54752522298_ff1713fe78_c.jpg\" \/>\n\t<meta property=\"og:image:width\" content=\"800\" \/>\n\t<meta property=\"og:image:height\" content=\"600\" \/>\n\t<meta property=\"og:image:type\" content=\"image\/jpeg\" \/>\n<meta name=\"author\" content=\"Adriana Costa\" \/>\n<meta name=\"twitter:card\" content=\"summary_large_image\" \/>\n<meta name=\"twitter:label1\" content=\"Written by\" \/>\n\t<meta name=\"twitter:data1\" content=\"Adriana Costa\" \/>\n\t<meta name=\"twitter:label2\" content=\"Est. reading time\" \/>\n\t<meta name=\"twitter:data2\" content=\"3 minutos\" \/>\n<script type=\"application\/ld+json\" class=\"yoast-schema-graph\">{\"@context\":\"https:\/\/schema.org\",\"@graph\":[{\"@type\":\"WebPage\",\"@id\":\"https:\/\/www.manaus.am.gov.br\/semcom\/prefeitura-semacc-cursoambulantes-soumanaus\/\",\"url\":\"https:\/\/www.manaus.am.gov.br\/semcom\/prefeitura-semacc-cursoambulantes-soumanaus\/\",\"name\":\"Prefeitura de Manaus capacita vendedores informais para o festival \u2018#SouManaus Passo a Pa\u00e7o 2025\u2019\",\"isPartOf\":{\"@id\":\"https:\/\/www.manaus.am.gov.br\/semcom\/#website\"},\"primaryImageOfPage\":{\"@id\":\"https:\/\/www.manaus.am.gov.br\/semcom\/prefeitura-semacc-cursoambulantes-soumanaus\/#primaryimage\"},\"image\":{\"@id\":\"https:\/\/www.manaus.am.gov.br\/semcom\/prefeitura-semacc-cursoambulantes-soumanaus\/#primaryimage\"},\"thumbnailUrl\":\"https:\/\/www.manaus.am.gov.br\/semcom\/wp-content\/uploads\/sites\/5\/2025\/08\/54752522298_ff1713fe78_c.jpg\",\"datePublished\":\"2025-08-29T15:16:16+00:00\",\"dateModified\":\"2025-08-29T15:16:18+00:00\",\"author\":{\"@id\":\"https:\/\/www.manaus.am.gov.br\/semcom\/#\/schema\/person\/4e49f4e267757a06ca072ec61b2b9968\"},\"description\":\"A Prefeitura de Manaus, por meio da Secretaria Municipal de Agricultura, Abastecimento, Centro e Com\u00e9rcio Informal (Semacc), em parceria com a Diretoria de Vigil\u00e2ncia Sanit\u00e1ria (Visa Manaus), encerrou, nesta sexta-feira, 29\/8, o curso de \u201cManipula\u00e7\u00e3o de Alimentos e Boas Pr\u00e1ticas de Higieniza\u00e7\u00e3o\u201d, destinado a vendedores informais que v\u00e3o atuar nos per\u00edmetros da avenida 7 de Setembro e da pra\u00e7a da Matriz\",\"inLanguage\":\"pt-BR\",\"potentialAction\":[{\"@type\":\"ReadAction\",\"target\":[\"https:\/\/www.manaus.am.gov.br\/semcom\/prefeitura-semacc-cursoambulantes-soumanaus\/\"]}]},{\"@type\":\"ImageObject\",\"inLanguage\":\"pt-BR\",\"@id\":\"https:\/\/www.manaus.am.gov.br\/semcom\/prefeitura-semacc-cursoambulantes-soumanaus\/#primaryimage\",\"url\":\"https:\/\/www.manaus.am.gov.br\/semcom\/wp-content\/uploads\/sites\/5\/2025\/08\/54752522298_ff1713fe78_c.jpg\",\"contentUrl\":\"https:\/\/www.manaus.am.gov.br\/semcom\/wp-content\/uploads\/sites\/5\/2025\/08\/54752522298_ff1713fe78_c.jpg\",\"width\":800,\"height\":600},{\"@type\":\"WebSite\",\"@id\":\"https:\/\/www.manaus.am.gov.br\/semcom\/#website\",\"url\":\"https:\/\/www.manaus.am.gov.br\/semcom\/\",\"name\":\"SEMCOM\",\"description\":\"Secretaria Municipal de Comunica\u00e7\u00e3o\",\"potentialAction\":[{\"@type\":\"SearchAction\",\"target\":{\"@type\":\"EntryPoint\",\"urlTemplate\":\"https:\/\/www.manaus.am.gov.br\/semcom\/?s={search_term_string}\"},\"query-input\":\"required name=search_term_string\"}],\"inLanguage\":\"pt-BR\"},{\"@type\":\"Person\",\"@id\":\"https:\/\/www.manaus.am.gov.br\/semcom\/#\/schema\/person\/4e49f4e267757a06ca072ec61b2b9968\",\"name\":\"Adriana Costa\",\"image\":{\"@type\":\"ImageObject\",\"inLanguage\":\"pt-BR\",\"@id\":\"https:\/\/www.manaus.am.gov.br\/semcom\/#\/schema\/person\/image\/\",\"url\":\"https:\/\/secure.gravatar.com\/avatar\/576258617ef7194f718179e766d57bd4?s=96&d=mm&r=g\",\"contentUrl\":\"https:\/\/secure.gravatar.com\/avatar\/576258617ef7194f718179e766d57bd4?s=96&d=mm&r=g\",\"caption\":\"Adriana Costa\"}}]}<\/script>\n<!-- \/ Yoast SEO plugin. -->","yoast_head_json":{"title":"Prefeitura de Manaus capacita vendedores informais para o festival \u2018#SouManaus Passo a Pa\u00e7o 2025\u2019","description":"A Prefeitura de Manaus, por meio da Secretaria Municipal de Agricultura, Abastecimento, Centro e Com\u00e9rcio Informal (Semacc), em parceria com a Diretoria de Vigil\u00e2ncia Sanit\u00e1ria (Visa Manaus), encerrou, nesta sexta-feira, 29\/8, o curso de \u201cManipula\u00e7\u00e3o de Alimentos e Boas Pr\u00e1ticas de Higieniza\u00e7\u00e3o\u201d, destinado a vendedores informais que v\u00e3o atuar nos per\u00edmetros da avenida 7 de Setembro e da pra\u00e7a da Matriz","robots":{"index":"index","follow":"follow","max-snippet":"max-snippet:-1","max-image-preview":"max-image-preview:large","max-video-preview":"max-video-preview:-1"},"canonical":"https:\/\/www.manaus.am.gov.br\/semcom\/prefeitura-semacc-cursoambulantes-soumanaus\/","og_locale":"pt_BR","og_type":"article","og_title":"Prefeitura de Manaus capacita vendedores informais para o festival \u2018#SouManaus Passo a Pa\u00e7o 2025\u2019","og_description":"A Prefeitura de Manaus, por meio da Secretaria Municipal de Agricultura, Abastecimento, Centro e Com\u00e9rcio Informal (Semacc), em parceria com a Diretoria de Vigil\u00e2ncia Sanit\u00e1ria (Visa Manaus), encerrou, nesta sexta-feira, 29\/8, o curso de \u201cManipula\u00e7\u00e3o de Alimentos e Boas Pr\u00e1ticas de Higieniza\u00e7\u00e3o\u201d, destinado a vendedores informais que v\u00e3o atuar nos per\u00edmetros da avenida 7 de Setembro e da pra\u00e7a da Matriz","og_url":"https:\/\/www.manaus.am.gov.br\/semcom\/prefeitura-semacc-cursoambulantes-soumanaus\/","og_site_name":"SEMCOM","article_published_time":"2025-08-29T15:16:16+00:00","article_modified_time":"2025-08-29T15:16:18+00:00","og_image":[{"width":800,"height":600,"url":"https:\/\/www.manaus.am.gov.br\/semcom\/wp-content\/uploads\/sites\/5\/2025\/08\/54752522298_ff1713fe78_c.jpg","type":"image\/jpeg"}],"author":"Adriana Costa","twitter_card":"summary_large_image","twitter_misc":{"Written by":"Adriana Costa","Est. reading time":"3 minutos"},"schema":{"@context":"https:\/\/schema.org","@graph":[{"@type":"WebPage","@id":"https:\/\/www.manaus.am.gov.br\/semcom\/prefeitura-semacc-cursoambulantes-soumanaus\/","url":"https:\/\/www.manaus.am.gov.br\/semcom\/prefeitura-semacc-cursoambulantes-soumanaus\/","name":"Prefeitura de Manaus capacita vendedores informais para o festival \u2018#SouManaus Passo a Pa\u00e7o 2025\u2019","isPartOf":{"@id":"https:\/\/www.manaus.am.gov.br\/semcom\/#website"},"primaryImageOfPage":{"@id":"https:\/\/www.manaus.am.gov.br\/semcom\/prefeitura-semacc-cursoambulantes-soumanaus\/#primaryimage"},"image":{"@id":"https:\/\/www.manaus.am.gov.br\/semcom\/prefeitura-semacc-cursoambulantes-soumanaus\/#primaryimage"},"thumbnailUrl":"https:\/\/www.manaus.am.gov.br\/semcom\/wp-content\/uploads\/sites\/5\/2025\/08\/54752522298_ff1713fe78_c.jpg","datePublished":"2025-08-29T15:16:16+00:00","dateModified":"2025-08-29T15:16:18+00:00","author":{"@id":"https:\/\/www.manaus.am.gov.br\/semcom\/#\/schema\/person\/4e49f4e267757a06ca072ec61b2b9968"},"description":"A Prefeitura de Manaus, por meio da Secretaria Municipal de Agricultura, Abastecimento, Centro e Com\u00e9rcio Informal (Semacc), em parceria com a Diretoria de Vigil\u00e2ncia Sanit\u00e1ria (Visa Manaus), encerrou, nesta sexta-feira, 29\/8, o curso de \u201cManipula\u00e7\u00e3o de Alimentos e Boas Pr\u00e1ticas de Higieniza\u00e7\u00e3o\u201d, destinado a vendedores informais que v\u00e3o atuar nos per\u00edmetros da avenida 7 de Setembro e da pra\u00e7a da Matriz","inLanguage":"pt-BR","potentialAction":[{"@type":"ReadAction","target":["https:\/\/www.manaus.am.gov.br\/semcom\/prefeitura-semacc-cursoambulantes-soumanaus\/"]}]},{"@type":"ImageObject","inLanguage":"pt-BR","@id":"https:\/\/www.manaus.am.gov.br\/semcom\/prefeitura-semacc-cursoambulantes-soumanaus\/#primaryimage","url":"https:\/\/www.manaus.am.gov.br\/semcom\/wp-content\/uploads\/sites\/5\/2025\/08\/54752522298_ff1713fe78_c.jpg","contentUrl":"https:\/\/www.manaus.am.gov.br\/semcom\/wp-content\/uploads\/sites\/5\/2025\/08\/54752522298_ff1713fe78_c.jpg","width":800,"height":600},{"@type":"WebSite","@id":"https:\/\/www.manaus.am.gov.br\/semcom\/#website","url":"https:\/\/www.manaus.am.gov.br\/semcom\/","name":"SEMCOM","description":"Secretaria Municipal de Comunica\u00e7\u00e3o","potentialAction":[{"@type":"SearchAction","target":{"@type":"EntryPoint","urlTemplate":"https:\/\/www.manaus.am.gov.br\/semcom\/?s={search_term_string}"},"query-input":"required name=search_term_string"}],"inLanguage":"pt-BR"},{"@type":"Person","@id":"https:\/\/www.manaus.am.gov.br\/semcom\/#\/schema\/person\/4e49f4e267757a06ca072ec61b2b9968","name":"Adriana Costa","image":{"@type":"ImageObject","inLanguage":"pt-BR","@id":"https:\/\/www.manaus.am.gov.br\/semcom\/#\/schema\/person\/image\/","url":"https:\/\/secure.gravatar.com\/avatar\/576258617ef7194f718179e766d57bd4?s=96&d=mm&r=g","contentUrl":"https:\/\/secure.gravatar.com\/avatar\/576258617ef7194f718179e766d57bd4?s=96&d=mm&r=g","caption":"Adriana Costa"}}]}},"_links":{"self":[{"href":"https:\/\/www.manaus.am.gov.br\/semcom\/wp-json\/wp\/v2\/posts\/244647"}],"collection":[{"href":"https:\/\/www.manaus.am.gov.br\/semcom\/wp-json\/wp\/v2\/posts"}],"about":[{"href":"https:\/\/www.manaus.am.gov.br\/semcom\/wp-json\/wp\/v2\/types\/post"}],"author":[{"embeddable":true,"href":"https:\/\/www.manaus.am.gov.br\/semcom\/wp-json\/wp\/v2\/users\/23"}],"replies":[{"embeddable":true,"href":"https:\/\/www.manaus.am.gov.br\/semcom\/wp-json\/wp\/v2\/comments?post=244647"}],"version-history":[{"count":0,"href":"https:\/\/www.manaus.am.gov.br\/semcom\/wp-json\/wp\/v2\/posts\/244647\/revisions"}],"wp:featuredmedia":[{"embeddable":true,"href":"https:\/\/www.manaus.am.gov.br\/semcom\/wp-json\/wp\/v2\/media\/244648"}],"wp:attachment":[{"href":"https:\/\/www.manaus.am.gov.br\/semcom\/wp-json\/wp\/v2\/media?parent=244647"}],"wp:term":[{"taxonomy":"category","embeddable":true,"href":"https:\/\/www.manaus.am.gov.br\/semcom\/wp-json\/wp\/v2\/categories?post=244647"},{"taxonomy":"post_tag","embeddable":true,"href":"https:\/\/www.manaus.am.gov.br\/semcom\/wp-json\/wp\/v2\/tags?post=244647"}],"curies":[{"name":"wp","href":"https:\/\/api.w.org\/{rel}","templated":true}]}}