{"id":244628,"date":"2025-08-28T20:28:40","date_gmt":"2025-08-28T23:28:40","guid":{"rendered":"https:\/\/www.manaus.am.gov.br\/semcom\/avanco-obras-parque\/"},"modified":"2025-08-28T20:35:29","modified_gmt":"2025-08-28T23:35:29","slug":"avanco-obras-parque","status":"publish","type":"post","link":"https:\/\/www.manaus.am.gov.br\/semcom\/avanco-obras-parque\/","title":{"rendered":"Prefeito David Almeida acompanha avan\u00e7os das obras do Parque Encontro das \u00c1guas"},"content":{"rendered":"\n<p>O prefeito de Manaus, David Almeida, esteve nesta quinta-feira, 28\/8, no canteiro de obras do parque Encontro das \u00c1guas Rosa Almeida, localizado na zona Leste de Manaus, no bairro Col\u00f4nia Ant\u00f4nio Aleixo. Ele foi acompanhar o andamento dos trabalhos de conten\u00e7\u00e3o e infraestrutura que v\u00e3o preparar o terreno para receber o complexo tur\u00edstico e cultural assinado pelo arquiteto Oscar Niemeyer.<\/p>\n\n\n\n<p>A obra est\u00e1 sendo realizada pela Prefeitura de Manaus, por meio do Instituto Municipal de Planejamento Urbano (Implurb), com o acompanhamento do Instituto do Patrim\u00f4nio Hist\u00f3rico e Art\u00edstico Nacional (Iphan), autarquia federal vinculada ao Minist\u00e9rio da Cultura.<\/p>\n\n\n\n<p>Durante a vistoria, a equipe t\u00e9cnica informou que o talude segue em andamento, e as equipes atuam na execu\u00e7\u00e3o da hidrossemeadura, instala\u00e7\u00e3o de grama em placas, aplica\u00e7\u00e3o do jet grouting em 40 metros de profundidade e implanta\u00e7\u00e3o das 111 estacas que dar\u00e3o sustenta\u00e7\u00e3o \u00e0 estrutura.<\/p>\n\n\n\n<p>Em declara\u00e7\u00e3o no local, o prefeito destacou a import\u00e2ncia hist\u00f3rica e tur\u00edstica da obra. \u201cN\u00f3s estamos aqui no mirante Rosa Almeida, no Encontro das \u00c1guas, obra de Oscar Niemeyer. D\u00e1 uma olhada na beleza dessa obra da natureza, que \u00e9 o nosso maior patrim\u00f4nio. Precis\u00e1vamos fazer uma interven\u00e7\u00e3o que pudesse ficar para a posteridade da nossa gest\u00e3o. Em breve, com a autoriza\u00e7\u00e3o do Iphan, iniciaremos a constru\u00e7\u00e3o da parte superior, onde ficar\u00e3o os restaurantes, pra\u00e7as, lanchonetes e, acima de tudo, o monumento projetado por Niemeyer\u201d, afirmou o prefeito David Almeida.<\/p>\n\n\n\n<p>O parque Encontro das \u00c1guas contar\u00e1 com mirante panor\u00e2mico, restaurante com vista suspensa, museu em formato de oca, trilhas ecol\u00f3gicas, quiosques e \u00e1reas de contempla\u00e7\u00e3o, tornando-se um dos principais cart\u00f5es-postais de Manaus e um marco tur\u00edstico para o Amazonas.<\/p>\n\n\n\n<p>&#8212; &#8212; &#8212;<\/p>\n\n\n\n<p><strong>Texto<\/strong> &#8211; Emanuelle Baires \/ Semcom-Prefeito<\/p>\n\n\n\n<p><strong>Fotos<\/strong> &#8211; Ant\u00f4nio Pereira \/ Semcom-Prefeito<\/p>\n","protected":false},"excerpt":{"rendered":"","protected":false},"author":61,"featured_media":244629,"comment_status":"closed","ping_status":"closed","sticky":false,"template":"","format":"standard","meta":{"footnotes":""},"categories":[44],"tags":[35,3751,77,33],"acf":[],"yoast_head":"<!-- This site is optimized with the Yoast SEO plugin v23.0 - https:\/\/yoast.com\/wordpress\/plugins\/seo\/ -->\n<title>Prefeito David Almeida acompanha avan\u00e7os das obras do Parque Encontro das \u00c1guas<\/title>\n<meta name=\"description\" content=\"O prefeito de Manaus, David Almeida, esteve nesta quinta-feira, 28\/8, no canteiro de obras do parque Encontro das \u00c1guas Rosa Almeida, localizado na zona Leste de Manaus.\" \/>\n<meta name=\"robots\" content=\"index, follow, max-snippet:-1, max-image-preview:large, max-video-preview:-1\" \/>\n<link rel=\"canonical\" href=\"https:\/\/www.manaus.am.gov.br\/semcom\/avanco-obras-parque\/\" \/>\n<meta property=\"og:locale\" content=\"pt_BR\" \/>\n<meta property=\"og:type\" content=\"article\" \/>\n<meta property=\"og:title\" content=\"Prefeito David Almeida acompanha avan\u00e7os das obras do Parque Encontro das \u00c1guas\" \/>\n<meta property=\"og:description\" content=\"O prefeito de Manaus, David Almeida, esteve nesta quinta-feira, 28\/8, no canteiro de obras do parque Encontro das \u00c1guas Rosa Almeida, localizado na zona Leste de Manaus.\" \/>\n<meta property=\"og:url\" content=\"https:\/\/www.manaus.am.gov.br\/semcom\/avanco-obras-parque\/\" \/>\n<meta property=\"og:site_name\" content=\"SEMCOM\" \/>\n<meta property=\"article:published_time\" content=\"2025-08-28T23:28:40+00:00\" \/>\n<meta property=\"article:modified_time\" content=\"2025-08-28T23:35:29+00:00\" \/>\n<meta property=\"og:image\" content=\"https:\/\/www.manaus.am.gov.br\/semcom\/wp-content\/uploads\/sites\/5\/2025\/08\/Prefeito-Parque-Encontro-das-Aguas-5.jpeg\" \/>\n\t<meta property=\"og:image:width\" content=\"4160\" \/>\n\t<meta property=\"og:image:height\" content=\"2774\" \/>\n\t<meta property=\"og:image:type\" content=\"image\/jpeg\" \/>\n<meta name=\"author\" content=\"smonteiro\" \/>\n<meta name=\"twitter:card\" content=\"summary_large_image\" \/>\n<meta name=\"twitter:label1\" content=\"Written by\" \/>\n\t<meta name=\"twitter:data1\" content=\"smonteiro\" \/>\n\t<meta name=\"twitter:label2\" content=\"Est. reading time\" \/>\n\t<meta name=\"twitter:data2\" content=\"2 minutos\" \/>\n<script type=\"application\/ld+json\" class=\"yoast-schema-graph\">{\"@context\":\"https:\/\/schema.org\",\"@graph\":[{\"@type\":\"WebPage\",\"@id\":\"https:\/\/www.manaus.am.gov.br\/semcom\/avanco-obras-parque\/\",\"url\":\"https:\/\/www.manaus.am.gov.br\/semcom\/avanco-obras-parque\/\",\"name\":\"Prefeito David Almeida acompanha avan\u00e7os das obras do Parque Encontro das \u00c1guas\",\"isPartOf\":{\"@id\":\"https:\/\/www.manaus.am.gov.br\/semcom\/#website\"},\"primaryImageOfPage\":{\"@id\":\"https:\/\/www.manaus.am.gov.br\/semcom\/avanco-obras-parque\/#primaryimage\"},\"image\":{\"@id\":\"https:\/\/www.manaus.am.gov.br\/semcom\/avanco-obras-parque\/#primaryimage\"},\"thumbnailUrl\":\"https:\/\/www.manaus.am.gov.br\/semcom\/wp-content\/uploads\/sites\/5\/2025\/08\/Prefeito-Parque-Encontro-das-Aguas-5.jpeg\",\"datePublished\":\"2025-08-28T23:28:40+00:00\",\"dateModified\":\"2025-08-28T23:35:29+00:00\",\"author\":{\"@id\":\"https:\/\/www.manaus.am.gov.br\/semcom\/#\/schema\/person\/ab4dcf766a54dff74e8d267f5c591961\"},\"description\":\"O prefeito de Manaus, David Almeida, esteve nesta quinta-feira, 28\/8, no canteiro de obras do parque Encontro das \u00c1guas Rosa Almeida, localizado na zona Leste de Manaus.\",\"inLanguage\":\"pt-BR\",\"potentialAction\":[{\"@type\":\"ReadAction\",\"target\":[\"https:\/\/www.manaus.am.gov.br\/semcom\/avanco-obras-parque\/\"]}]},{\"@type\":\"ImageObject\",\"inLanguage\":\"pt-BR\",\"@id\":\"https:\/\/www.manaus.am.gov.br\/semcom\/avanco-obras-parque\/#primaryimage\",\"url\":\"https:\/\/www.manaus.am.gov.br\/semcom\/wp-content\/uploads\/sites\/5\/2025\/08\/Prefeito-Parque-Encontro-das-Aguas-5.jpeg\",\"contentUrl\":\"https:\/\/www.manaus.am.gov.br\/semcom\/wp-content\/uploads\/sites\/5\/2025\/08\/Prefeito-Parque-Encontro-das-Aguas-5.jpeg\",\"width\":4160,\"height\":2774,\"caption\":\"#paratodosverem - prefeito David Almeida aponta para o Encontro das \u00c1guas do local onde est\u00e1 sendo constru\u00eddo o parque\"},{\"@type\":\"WebSite\",\"@id\":\"https:\/\/www.manaus.am.gov.br\/semcom\/#website\",\"url\":\"https:\/\/www.manaus.am.gov.br\/semcom\/\",\"name\":\"SEMCOM\",\"description\":\"Secretaria Municipal de Comunica\u00e7\u00e3o\",\"potentialAction\":[{\"@type\":\"SearchAction\",\"target\":{\"@type\":\"EntryPoint\",\"urlTemplate\":\"https:\/\/www.manaus.am.gov.br\/semcom\/?s={search_term_string}\"},\"query-input\":\"required name=search_term_string\"}],\"inLanguage\":\"pt-BR\"},{\"@type\":\"Person\",\"@id\":\"https:\/\/www.manaus.am.gov.br\/semcom\/#\/schema\/person\/ab4dcf766a54dff74e8d267f5c591961\",\"name\":\"smonteiro\",\"image\":{\"@type\":\"ImageObject\",\"inLanguage\":\"pt-BR\",\"@id\":\"https:\/\/www.manaus.am.gov.br\/semcom\/#\/schema\/person\/image\/\",\"url\":\"https:\/\/secure.gravatar.com\/avatar\/21c8776ef61d9272c73322052e042d77?s=96&d=mm&r=g\",\"contentUrl\":\"https:\/\/secure.gravatar.com\/avatar\/21c8776ef61d9272c73322052e042d77?s=96&d=mm&r=g\",\"caption\":\"smonteiro\"}}]}<\/script>\n<!-- \/ Yoast SEO plugin. -->","yoast_head_json":{"title":"Prefeito David Almeida acompanha avan\u00e7os das obras do Parque Encontro das \u00c1guas","description":"O prefeito de Manaus, David Almeida, esteve nesta quinta-feira, 28\/8, no canteiro de obras do parque Encontro das \u00c1guas Rosa Almeida, localizado na zona Leste de Manaus.","robots":{"index":"index","follow":"follow","max-snippet":"max-snippet:-1","max-image-preview":"max-image-preview:large","max-video-preview":"max-video-preview:-1"},"canonical":"https:\/\/www.manaus.am.gov.br\/semcom\/avanco-obras-parque\/","og_locale":"pt_BR","og_type":"article","og_title":"Prefeito David Almeida acompanha avan\u00e7os das obras do Parque Encontro das \u00c1guas","og_description":"O prefeito de Manaus, David Almeida, esteve nesta quinta-feira, 28\/8, no canteiro de obras do parque Encontro das \u00c1guas Rosa Almeida, localizado na zona Leste de Manaus.","og_url":"https:\/\/www.manaus.am.gov.br\/semcom\/avanco-obras-parque\/","og_site_name":"SEMCOM","article_published_time":"2025-08-28T23:28:40+00:00","article_modified_time":"2025-08-28T23:35:29+00:00","og_image":[{"width":4160,"height":2774,"url":"https:\/\/www.manaus.am.gov.br\/semcom\/wp-content\/uploads\/sites\/5\/2025\/08\/Prefeito-Parque-Encontro-das-Aguas-5.jpeg","type":"image\/jpeg"}],"author":"smonteiro","twitter_card":"summary_large_image","twitter_misc":{"Written by":"smonteiro","Est. reading time":"2 minutos"},"schema":{"@context":"https:\/\/schema.org","@graph":[{"@type":"WebPage","@id":"https:\/\/www.manaus.am.gov.br\/semcom\/avanco-obras-parque\/","url":"https:\/\/www.manaus.am.gov.br\/semcom\/avanco-obras-parque\/","name":"Prefeito David Almeida acompanha avan\u00e7os das obras do Parque Encontro das \u00c1guas","isPartOf":{"@id":"https:\/\/www.manaus.am.gov.br\/semcom\/#website"},"primaryImageOfPage":{"@id":"https:\/\/www.manaus.am.gov.br\/semcom\/avanco-obras-parque\/#primaryimage"},"image":{"@id":"https:\/\/www.manaus.am.gov.br\/semcom\/avanco-obras-parque\/#primaryimage"},"thumbnailUrl":"https:\/\/www.manaus.am.gov.br\/semcom\/wp-content\/uploads\/sites\/5\/2025\/08\/Prefeito-Parque-Encontro-das-Aguas-5.jpeg","datePublished":"2025-08-28T23:28:40+00:00","dateModified":"2025-08-28T23:35:29+00:00","author":{"@id":"https:\/\/www.manaus.am.gov.br\/semcom\/#\/schema\/person\/ab4dcf766a54dff74e8d267f5c591961"},"description":"O prefeito de Manaus, David Almeida, esteve nesta quinta-feira, 28\/8, no canteiro de obras do parque Encontro das \u00c1guas Rosa Almeida, localizado na zona Leste de Manaus.","inLanguage":"pt-BR","potentialAction":[{"@type":"ReadAction","target":["https:\/\/www.manaus.am.gov.br\/semcom\/avanco-obras-parque\/"]}]},{"@type":"ImageObject","inLanguage":"pt-BR","@id":"https:\/\/www.manaus.am.gov.br\/semcom\/avanco-obras-parque\/#primaryimage","url":"https:\/\/www.manaus.am.gov.br\/semcom\/wp-content\/uploads\/sites\/5\/2025\/08\/Prefeito-Parque-Encontro-das-Aguas-5.jpeg","contentUrl":"https:\/\/www.manaus.am.gov.br\/semcom\/wp-content\/uploads\/sites\/5\/2025\/08\/Prefeito-Parque-Encontro-das-Aguas-5.jpeg","width":4160,"height":2774,"caption":"#paratodosverem - prefeito David Almeida aponta para o Encontro das \u00c1guas do local onde est\u00e1 sendo constru\u00eddo o parque"},{"@type":"WebSite","@id":"https:\/\/www.manaus.am.gov.br\/semcom\/#website","url":"https:\/\/www.manaus.am.gov.br\/semcom\/","name":"SEMCOM","description":"Secretaria Municipal de Comunica\u00e7\u00e3o","potentialAction":[{"@type":"SearchAction","target":{"@type":"EntryPoint","urlTemplate":"https:\/\/www.manaus.am.gov.br\/semcom\/?s={search_term_string}"},"query-input":"required name=search_term_string"}],"inLanguage":"pt-BR"},{"@type":"Person","@id":"https:\/\/www.manaus.am.gov.br\/semcom\/#\/schema\/person\/ab4dcf766a54dff74e8d267f5c591961","name":"smonteiro","image":{"@type":"ImageObject","inLanguage":"pt-BR","@id":"https:\/\/www.manaus.am.gov.br\/semcom\/#\/schema\/person\/image\/","url":"https:\/\/secure.gravatar.com\/avatar\/21c8776ef61d9272c73322052e042d77?s=96&d=mm&r=g","contentUrl":"https:\/\/secure.gravatar.com\/avatar\/21c8776ef61d9272c73322052e042d77?s=96&d=mm&r=g","caption":"smonteiro"}}]}},"_links":{"self":[{"href":"https:\/\/www.manaus.am.gov.br\/semcom\/wp-json\/wp\/v2\/posts\/244628"}],"collection":[{"href":"https:\/\/www.manaus.am.gov.br\/semcom\/wp-json\/wp\/v2\/posts"}],"about":[{"href":"https:\/\/www.manaus.am.gov.br\/semcom\/wp-json\/wp\/v2\/types\/post"}],"author":[{"embeddable":true,"href":"https:\/\/www.manaus.am.gov.br\/semcom\/wp-json\/wp\/v2\/users\/61"}],"replies":[{"embeddable":true,"href":"https:\/\/www.manaus.am.gov.br\/semcom\/wp-json\/wp\/v2\/comments?post=244628"}],"version-history":[{"count":1,"href":"https:\/\/www.manaus.am.gov.br\/semcom\/wp-json\/wp\/v2\/posts\/244628\/revisions"}],"predecessor-version":[{"id":244634,"href":"https:\/\/www.manaus.am.gov.br\/semcom\/wp-json\/wp\/v2\/posts\/244628\/revisions\/244634"}],"wp:featuredmedia":[{"embeddable":true,"href":"https:\/\/www.manaus.am.gov.br\/semcom\/wp-json\/wp\/v2\/media\/244629"}],"wp:attachment":[{"href":"https:\/\/www.manaus.am.gov.br\/semcom\/wp-json\/wp\/v2\/media?parent=244628"}],"wp:term":[{"taxonomy":"category","embeddable":true,"href":"https:\/\/www.manaus.am.gov.br\/semcom\/wp-json\/wp\/v2\/categories?post=244628"},{"taxonomy":"post_tag","embeddable":true,"href":"https:\/\/www.manaus.am.gov.br\/semcom\/wp-json\/wp\/v2\/tags?post=244628"}],"curies":[{"name":"wp","href":"https:\/\/api.w.org\/{rel}","templated":true}]}}