{"id":244623,"date":"2025-08-28T19:09:45","date_gmt":"2025-08-28T22:09:45","guid":{"rendered":"https:\/\/www.manaus.am.gov.br\/semcom\/sessao-reconhecimento-ministro\/"},"modified":"2025-08-28T19:09:47","modified_gmt":"2025-08-28T22:09:47","slug":"sessao-reconhecimento-ministro","status":"publish","type":"post","link":"https:\/\/www.manaus.am.gov.br\/semcom\/sessao-reconhecimento-ministro\/","title":{"rendered":"Vice-prefeito Renato Junior prestigia Sess\u00e3o Especial da Aleam em reconhecimento ao ministro Mauro Campbell do STJ"},"content":{"rendered":"\n<p>Representando a Prefeitura de Manaus, o vice-prefeito Renato Junior, prestigiou, na tarde desta quinta-feira, 28\/8, a Sess\u00e3o Especial da Assembleia Legislativa do Estado do Amazonas (Aleam) que entregou a medalha Ruy Ara\u00fajo ao ministro do Superior Tribunal de Justi\u00e7a (STJ) e corregedor do Conselho Nacional de Justi\u00e7a (CNJ), Mauro Luiz Campbell Marques. Na solenidade, realizada no plen\u00e1rio principal da Aleam, na zona Centro-Sul, o juiz auxiliar do CNJ, Lizandro Garcia Gomes Filho, tamb\u00e9m recebeu a medalha.<\/p>\n\n\n\n<p>A comenda, que \u00e9 a mais alta honraria concedida pelo poder Legislativo do Amazonas, reconhece personalidades que contribu\u00edram diretamente na pol\u00edtica, na justi\u00e7a ou na cultura do estado.<\/p>\n\n\n\n<p>Na ocasi\u00e3o, o vice-prefeito destacou a trajet\u00f3ria de um amazonense, de Manaus, que atua em uma das mais altas cortes da justi\u00e7a brasileira. &#8220;Para mim \u00e9 uma honra poder participar dessa t\u00e3o justa homenagem. Ele \u00e9 uma voz do Amazonas e da Amaz\u00f4nia como um todo no Superior Tribunal de Justi\u00e7a e no Conselho Nacional de Justi\u00e7a tamb\u00e9m. N\u00f3s temos um manauara naquele tribunal. E isso \u00e9 motivo de muita alegria. \u00c9 uma homenagem muito justa&#8221;, afirmou Renato Junior.<\/p>\n\n\n\n<p>Por sua vez, o presidente da C\u00e2mara Municipal de Manaus (CMM), David Reis, representou o poder Executivo municipal na cerim\u00f4nia. O vereador engrandeceu o legado do ministro Mauro Campbell como o primeiro amazonense a chegar no STJ do Brasil.<\/p>\n\n\n\n<p>&#8220;O ministro Mauro Campbell faz jus a toda e qualquer reconhecimento. A Aleam est\u00e1 de parab\u00e9ns por prestar a ele essa homenagem. E a C\u00e2mara Municipal de Manaus n\u00e3o poderia ficar de fora neste momento. Ele \u00e9 um grande amazonense e \u00e9 um guardi\u00e3o do nosso estado no STJ e no CNJ&#8221;, falou Reis.<\/p>\n\n\n\n<p>A homenagem ao ministro Mauro Campbell foi proposta durante a 17\u00aa Legislatura pelo ent\u00e3o deputado Marcos Rotta. Em entrevista, o magistrado agradeceu a homenagem que lhe foi concedida e lembrou da sua vida p\u00fablica no estado do Amazonas.<\/p>\n\n\n\n<p>&#8220;\u00c9 uma satisfa\u00e7\u00e3o imensa retornar a essa casa que \u00e9 a Aleam. Sempre tive uma conviv\u00eancia muito boa aqui nestes mais de 40 anos de vida p\u00fablica e recebo essa comenda como mais um tra\u00e7o da responsabilidade que desempenho como juiz que sou, mas sobretudo, como o \u00fanico amazonense, \u00fanico amaz\u00f4nida no Superior Tribunal de Justi\u00e7a&#8221;, concluiu o ministro.<\/p>\n\n\n\n<p>&#8212; &#8212; &#8212;<\/p>\n\n\n\n<p><strong>Texto<\/strong> \u2013 Tiago Auzier \/ Semcom<\/p>\n\n\n\n<p><strong>Publicado em<\/strong> \u2013<\/p>\n\n\n\n<p><strong>Fotos<\/strong> \u2013 Valdo Costa \/ Semcom<strong>Dispon\u00edveis em<\/strong> &#8211; <a href=\"https:\/\/www.flickr.com\/gp\/prefeiturademanaus\/4Eg54o9c0H\">https:\/\/www.flickr.com\/gp\/prefeiturademanaus\/4Eg54o9c0H<\/a><\/p>\n","protected":false},"excerpt":{"rendered":"","protected":false},"author":61,"featured_media":244624,"comment_status":"closed","ping_status":"closed","sticky":false,"template":"","format":"standard","meta":{"footnotes":""},"categories":[1183],"tags":[483,1068,77,439],"acf":[],"yoast_head":"<!-- This site is optimized with the Yoast SEO plugin v23.0 - https:\/\/yoast.com\/wordpress\/plugins\/seo\/ -->\n<title>Vice-prefeito Renato Junior prestigia Sess\u00e3o Especial da Aleam em reconhecimento ao ministro Mauro Campbell do STJ<\/title>\n<meta name=\"description\" content=\"Representando a Prefeitura de Manaus, o vice-prefeito Renato Junior, prestigiou, na tarde desta quinta-feira, 28\/8, a Sess\u00e3o Especial da Assembleia Legislativa do Estado do Amazonas (Aleam) que entregou a medalha Ruy Ara\u00fajo ao ministro do Superior Tribunal de Justi\u00e7a (STJ) e corregedor do Conselho Nacional de Justi\u00e7a (CNJ), Mauro Luiz Campbell Marques.\" \/>\n<meta name=\"robots\" content=\"index, follow, max-snippet:-1, max-image-preview:large, max-video-preview:-1\" \/>\n<link rel=\"canonical\" href=\"https:\/\/www.manaus.am.gov.br\/semcom\/sessao-reconhecimento-ministro\/\" \/>\n<meta property=\"og:locale\" content=\"pt_BR\" \/>\n<meta property=\"og:type\" content=\"article\" \/>\n<meta property=\"og:title\" content=\"Vice-prefeito Renato Junior prestigia Sess\u00e3o Especial da Aleam em reconhecimento ao ministro Mauro Campbell do STJ\" \/>\n<meta property=\"og:description\" content=\"Representando a Prefeitura de Manaus, o vice-prefeito Renato Junior, prestigiou, na tarde desta quinta-feira, 28\/8, a Sess\u00e3o Especial da Assembleia Legislativa do Estado do Amazonas (Aleam) que entregou a medalha Ruy Ara\u00fajo ao ministro do Superior Tribunal de Justi\u00e7a (STJ) e corregedor do Conselho Nacional de Justi\u00e7a (CNJ), Mauro Luiz Campbell Marques.\" \/>\n<meta property=\"og:url\" content=\"https:\/\/www.manaus.am.gov.br\/semcom\/sessao-reconhecimento-ministro\/\" \/>\n<meta property=\"og:site_name\" content=\"SEMCOM\" \/>\n<meta property=\"article:published_time\" content=\"2025-08-28T22:09:45+00:00\" \/>\n<meta property=\"article:modified_time\" content=\"2025-08-28T22:09:47+00:00\" \/>\n<meta property=\"og:image\" content=\"https:\/\/www.manaus.am.gov.br\/semcom\/wp-content\/uploads\/sites\/5\/2025\/08\/Vice-prefeito-Homenagem-4.jpeg\" \/>\n\t<meta property=\"og:image:width\" content=\"1600\" \/>\n\t<meta property=\"og:image:height\" content=\"1066\" \/>\n\t<meta property=\"og:image:type\" content=\"image\/jpeg\" \/>\n<meta name=\"author\" content=\"smonteiro\" \/>\n<meta name=\"twitter:card\" content=\"summary_large_image\" \/>\n<meta name=\"twitter:label1\" content=\"Written by\" \/>\n\t<meta name=\"twitter:data1\" content=\"smonteiro\" \/>\n\t<meta name=\"twitter:label2\" content=\"Est. reading time\" \/>\n\t<meta name=\"twitter:data2\" content=\"3 minutos\" \/>\n<script type=\"application\/ld+json\" class=\"yoast-schema-graph\">{\"@context\":\"https:\/\/schema.org\",\"@graph\":[{\"@type\":\"WebPage\",\"@id\":\"https:\/\/www.manaus.am.gov.br\/semcom\/sessao-reconhecimento-ministro\/\",\"url\":\"https:\/\/www.manaus.am.gov.br\/semcom\/sessao-reconhecimento-ministro\/\",\"name\":\"Vice-prefeito Renato Junior prestigia Sess\u00e3o Especial da Aleam em reconhecimento ao ministro Mauro Campbell do STJ\",\"isPartOf\":{\"@id\":\"https:\/\/www.manaus.am.gov.br\/semcom\/#website\"},\"primaryImageOfPage\":{\"@id\":\"https:\/\/www.manaus.am.gov.br\/semcom\/sessao-reconhecimento-ministro\/#primaryimage\"},\"image\":{\"@id\":\"https:\/\/www.manaus.am.gov.br\/semcom\/sessao-reconhecimento-ministro\/#primaryimage\"},\"thumbnailUrl\":\"https:\/\/www.manaus.am.gov.br\/semcom\/wp-content\/uploads\/sites\/5\/2025\/08\/Vice-prefeito-Homenagem-4.jpeg\",\"datePublished\":\"2025-08-28T22:09:45+00:00\",\"dateModified\":\"2025-08-28T22:09:47+00:00\",\"author\":{\"@id\":\"https:\/\/www.manaus.am.gov.br\/semcom\/#\/schema\/person\/ab4dcf766a54dff74e8d267f5c591961\"},\"description\":\"Representando a Prefeitura de Manaus, o vice-prefeito Renato Junior, prestigiou, na tarde desta quinta-feira, 28\/8, a Sess\u00e3o Especial da Assembleia Legislativa do Estado do Amazonas (Aleam) que entregou a medalha Ruy Ara\u00fajo ao ministro do Superior Tribunal de Justi\u00e7a (STJ) e corregedor do Conselho Nacional de Justi\u00e7a (CNJ), Mauro Luiz Campbell Marques.\",\"inLanguage\":\"pt-BR\",\"potentialAction\":[{\"@type\":\"ReadAction\",\"target\":[\"https:\/\/www.manaus.am.gov.br\/semcom\/sessao-reconhecimento-ministro\/\"]}]},{\"@type\":\"ImageObject\",\"inLanguage\":\"pt-BR\",\"@id\":\"https:\/\/www.manaus.am.gov.br\/semcom\/sessao-reconhecimento-ministro\/#primaryimage\",\"url\":\"https:\/\/www.manaus.am.gov.br\/semcom\/wp-content\/uploads\/sites\/5\/2025\/08\/Vice-prefeito-Homenagem-4.jpeg\",\"contentUrl\":\"https:\/\/www.manaus.am.gov.br\/semcom\/wp-content\/uploads\/sites\/5\/2025\/08\/Vice-prefeito-Homenagem-4.jpeg\",\"width\":1600,\"height\":1066,\"caption\":\"#paratodosverem - o vice-prefeito Renato Junior na sess\u00e3o especial na Assembleia Legislativa do Estado do Amazonas\"},{\"@type\":\"WebSite\",\"@id\":\"https:\/\/www.manaus.am.gov.br\/semcom\/#website\",\"url\":\"https:\/\/www.manaus.am.gov.br\/semcom\/\",\"name\":\"SEMCOM\",\"description\":\"Secretaria Municipal de Comunica\u00e7\u00e3o\",\"potentialAction\":[{\"@type\":\"SearchAction\",\"target\":{\"@type\":\"EntryPoint\",\"urlTemplate\":\"https:\/\/www.manaus.am.gov.br\/semcom\/?s={search_term_string}\"},\"query-input\":\"required name=search_term_string\"}],\"inLanguage\":\"pt-BR\"},{\"@type\":\"Person\",\"@id\":\"https:\/\/www.manaus.am.gov.br\/semcom\/#\/schema\/person\/ab4dcf766a54dff74e8d267f5c591961\",\"name\":\"smonteiro\",\"image\":{\"@type\":\"ImageObject\",\"inLanguage\":\"pt-BR\",\"@id\":\"https:\/\/www.manaus.am.gov.br\/semcom\/#\/schema\/person\/image\/\",\"url\":\"https:\/\/secure.gravatar.com\/avatar\/21c8776ef61d9272c73322052e042d77?s=96&d=mm&r=g\",\"contentUrl\":\"https:\/\/secure.gravatar.com\/avatar\/21c8776ef61d9272c73322052e042d77?s=96&d=mm&r=g\",\"caption\":\"smonteiro\"}}]}<\/script>\n<!-- \/ Yoast SEO plugin. -->","yoast_head_json":{"title":"Vice-prefeito Renato Junior prestigia Sess\u00e3o Especial da Aleam em reconhecimento ao ministro Mauro Campbell do STJ","description":"Representando a Prefeitura de Manaus, o vice-prefeito Renato Junior, prestigiou, na tarde desta quinta-feira, 28\/8, a Sess\u00e3o Especial da Assembleia Legislativa do Estado do Amazonas (Aleam) que entregou a medalha Ruy Ara\u00fajo ao ministro do Superior Tribunal de Justi\u00e7a (STJ) e corregedor do Conselho Nacional de Justi\u00e7a (CNJ), Mauro Luiz Campbell Marques.","robots":{"index":"index","follow":"follow","max-snippet":"max-snippet:-1","max-image-preview":"max-image-preview:large","max-video-preview":"max-video-preview:-1"},"canonical":"https:\/\/www.manaus.am.gov.br\/semcom\/sessao-reconhecimento-ministro\/","og_locale":"pt_BR","og_type":"article","og_title":"Vice-prefeito Renato Junior prestigia Sess\u00e3o Especial da Aleam em reconhecimento ao ministro Mauro Campbell do STJ","og_description":"Representando a Prefeitura de Manaus, o vice-prefeito Renato Junior, prestigiou, na tarde desta quinta-feira, 28\/8, a Sess\u00e3o Especial da Assembleia Legislativa do Estado do Amazonas (Aleam) que entregou a medalha Ruy Ara\u00fajo ao ministro do Superior Tribunal de Justi\u00e7a (STJ) e corregedor do Conselho Nacional de Justi\u00e7a (CNJ), Mauro Luiz Campbell Marques.","og_url":"https:\/\/www.manaus.am.gov.br\/semcom\/sessao-reconhecimento-ministro\/","og_site_name":"SEMCOM","article_published_time":"2025-08-28T22:09:45+00:00","article_modified_time":"2025-08-28T22:09:47+00:00","og_image":[{"width":1600,"height":1066,"url":"https:\/\/www.manaus.am.gov.br\/semcom\/wp-content\/uploads\/sites\/5\/2025\/08\/Vice-prefeito-Homenagem-4.jpeg","type":"image\/jpeg"}],"author":"smonteiro","twitter_card":"summary_large_image","twitter_misc":{"Written by":"smonteiro","Est. reading time":"3 minutos"},"schema":{"@context":"https:\/\/schema.org","@graph":[{"@type":"WebPage","@id":"https:\/\/www.manaus.am.gov.br\/semcom\/sessao-reconhecimento-ministro\/","url":"https:\/\/www.manaus.am.gov.br\/semcom\/sessao-reconhecimento-ministro\/","name":"Vice-prefeito Renato Junior prestigia Sess\u00e3o Especial da Aleam em reconhecimento ao ministro Mauro Campbell do STJ","isPartOf":{"@id":"https:\/\/www.manaus.am.gov.br\/semcom\/#website"},"primaryImageOfPage":{"@id":"https:\/\/www.manaus.am.gov.br\/semcom\/sessao-reconhecimento-ministro\/#primaryimage"},"image":{"@id":"https:\/\/www.manaus.am.gov.br\/semcom\/sessao-reconhecimento-ministro\/#primaryimage"},"thumbnailUrl":"https:\/\/www.manaus.am.gov.br\/semcom\/wp-content\/uploads\/sites\/5\/2025\/08\/Vice-prefeito-Homenagem-4.jpeg","datePublished":"2025-08-28T22:09:45+00:00","dateModified":"2025-08-28T22:09:47+00:00","author":{"@id":"https:\/\/www.manaus.am.gov.br\/semcom\/#\/schema\/person\/ab4dcf766a54dff74e8d267f5c591961"},"description":"Representando a Prefeitura de Manaus, o vice-prefeito Renato Junior, prestigiou, na tarde desta quinta-feira, 28\/8, a Sess\u00e3o Especial da Assembleia Legislativa do Estado do Amazonas (Aleam) que entregou a medalha Ruy Ara\u00fajo ao ministro do Superior Tribunal de Justi\u00e7a (STJ) e corregedor do Conselho Nacional de Justi\u00e7a (CNJ), Mauro Luiz Campbell Marques.","inLanguage":"pt-BR","potentialAction":[{"@type":"ReadAction","target":["https:\/\/www.manaus.am.gov.br\/semcom\/sessao-reconhecimento-ministro\/"]}]},{"@type":"ImageObject","inLanguage":"pt-BR","@id":"https:\/\/www.manaus.am.gov.br\/semcom\/sessao-reconhecimento-ministro\/#primaryimage","url":"https:\/\/www.manaus.am.gov.br\/semcom\/wp-content\/uploads\/sites\/5\/2025\/08\/Vice-prefeito-Homenagem-4.jpeg","contentUrl":"https:\/\/www.manaus.am.gov.br\/semcom\/wp-content\/uploads\/sites\/5\/2025\/08\/Vice-prefeito-Homenagem-4.jpeg","width":1600,"height":1066,"caption":"#paratodosverem - o vice-prefeito Renato Junior na sess\u00e3o especial na Assembleia Legislativa do Estado do Amazonas"},{"@type":"WebSite","@id":"https:\/\/www.manaus.am.gov.br\/semcom\/#website","url":"https:\/\/www.manaus.am.gov.br\/semcom\/","name":"SEMCOM","description":"Secretaria Municipal de Comunica\u00e7\u00e3o","potentialAction":[{"@type":"SearchAction","target":{"@type":"EntryPoint","urlTemplate":"https:\/\/www.manaus.am.gov.br\/semcom\/?s={search_term_string}"},"query-input":"required name=search_term_string"}],"inLanguage":"pt-BR"},{"@type":"Person","@id":"https:\/\/www.manaus.am.gov.br\/semcom\/#\/schema\/person\/ab4dcf766a54dff74e8d267f5c591961","name":"smonteiro","image":{"@type":"ImageObject","inLanguage":"pt-BR","@id":"https:\/\/www.manaus.am.gov.br\/semcom\/#\/schema\/person\/image\/","url":"https:\/\/secure.gravatar.com\/avatar\/21c8776ef61d9272c73322052e042d77?s=96&d=mm&r=g","contentUrl":"https:\/\/secure.gravatar.com\/avatar\/21c8776ef61d9272c73322052e042d77?s=96&d=mm&r=g","caption":"smonteiro"}}]}},"_links":{"self":[{"href":"https:\/\/www.manaus.am.gov.br\/semcom\/wp-json\/wp\/v2\/posts\/244623"}],"collection":[{"href":"https:\/\/www.manaus.am.gov.br\/semcom\/wp-json\/wp\/v2\/posts"}],"about":[{"href":"https:\/\/www.manaus.am.gov.br\/semcom\/wp-json\/wp\/v2\/types\/post"}],"author":[{"embeddable":true,"href":"https:\/\/www.manaus.am.gov.br\/semcom\/wp-json\/wp\/v2\/users\/61"}],"replies":[{"embeddable":true,"href":"https:\/\/www.manaus.am.gov.br\/semcom\/wp-json\/wp\/v2\/comments?post=244623"}],"version-history":[{"count":0,"href":"https:\/\/www.manaus.am.gov.br\/semcom\/wp-json\/wp\/v2\/posts\/244623\/revisions"}],"wp:featuredmedia":[{"embeddable":true,"href":"https:\/\/www.manaus.am.gov.br\/semcom\/wp-json\/wp\/v2\/media\/244624"}],"wp:attachment":[{"href":"https:\/\/www.manaus.am.gov.br\/semcom\/wp-json\/wp\/v2\/media?parent=244623"}],"wp:term":[{"taxonomy":"category","embeddable":true,"href":"https:\/\/www.manaus.am.gov.br\/semcom\/wp-json\/wp\/v2\/categories?post=244623"},{"taxonomy":"post_tag","embeddable":true,"href":"https:\/\/www.manaus.am.gov.br\/semcom\/wp-json\/wp\/v2\/tags?post=244623"}],"curies":[{"name":"wp","href":"https:\/\/api.w.org\/{rel}","templated":true}]}}