{"id":244604,"date":"2025-08-28T15:07:32","date_gmt":"2025-08-28T19:07:32","guid":{"rendered":"https:\/\/www.manaus.am.gov.br\/semcom\/passinho-kids-soumanaus-2025\/"},"modified":"2025-08-28T16:08:49","modified_gmt":"2025-08-28T19:08:49","slug":"passinho-kids-soumanaus-2025","status":"publish","type":"post","link":"https:\/\/www.manaus.am.gov.br\/semcom\/passinho-kids-soumanaus-2025\/","title":{"rendered":"\u2018Passinho Kids\u2019 leva divers\u00e3o e cultura para a crian\u00e7ada no \u2018#SouManaus Passo a Pa\u00e7o 2025\u2019"},"content":{"rendered":"\n<p>A Prefeitura de Manaus, por meio da Funda\u00e7\u00e3o Municipal de Cultura, Turismo e Eventos (Manauscult), preparou uma programa\u00e7\u00e3o especial para o p\u00fablico infantil durante o \u201c#SouManaus Passo a Pa\u00e7o 2025\u201d. O \u201cPassinho Kids\u201d acontece no dia 5\/9, das 17h \u00e0s 21h, na rua Tamandar\u00e9, ao lado do mercado de Origem da Amaz\u00f4nia (complexo&nbsp;<em>Boothline<\/em>), no centro hist\u00f3rico, com apresenta\u00e7\u00f5es art\u00edsticas, teatro musical, dan\u00e7as, atra\u00e7\u00f5es nacionais e diversas atividades recreativas voltadas para as crian\u00e7as.<\/p>\n\n\n\n<p><br>O diretor-presidente da Manauscult, Jender Lobato, destacou a import\u00e2ncia de abrir espa\u00e7o para os pequenos dentro da programa\u00e7\u00e3o do festival.<\/p>\n\n\n\n<p><br>\u201cO \u2018Passinho Kids\u2019 \u00e9 um momento em que a crian\u00e7a \u00e9 protagonista. Mais do que um espa\u00e7o de lazer, \u00e9 uma forma de valorizar o talento, a criatividade e a sensibilidade art\u00edstica desde cedo. Esse contato com a cultura \u00e9 fundamental para a forma\u00e7\u00e3o das novas gera\u00e7\u00f5es e aproxima ainda mais as fam\u00edlias do festival\u201d, afirmou.<\/p>\n\n\n\n<p><br>Durante as apresenta\u00e7\u00f5es no palco, as crian\u00e7as tamb\u00e9m poder\u00e3o participar de oficinas e atividades interativas como pintura, esculturas de bal\u00f5es, brincadeiras l\u00fadicas, jogos, conta\u00e7\u00e3o de hist\u00f3rias, fantoches e brinquedos infl\u00e1veis.<\/p>\n\n\n\n<p><br><strong>Programa\u00e7\u00e3o<\/strong><br><br>Espet\u00e1culo com Dan\u00e7a e Teatro Musical (abertura), das 17h20 \u00e0s 17h50; Espet\u00e1culo &nbsp;\u201cUm Sonho Broadway com Bela e a Fera\u201d, \u201cEnrolados\u201d, \u201cAladdin\u201d, \u201cFrozen\u201d, \u201cToy Story\u201d, \u201cRei Le\u00e3o\u201d e \u201cPequena Sereia\u201d, das 18h \u00e0s 19h; Espet\u00e1culo \u201cMaria Clara &amp; JP \u2013 Brincar e Imaginar\u201d, com os bonecos mais amados do Brasil, das 19h15 \u00e0s 21h.<\/p>\n\n\n\n<p><strong><br>Atividades interativas paralelas<\/strong><\/p>\n\n\n\n<p><br>Durante toda a programa\u00e7\u00e3o e apresenta\u00e7\u00f5es, as crian\u00e7as poder\u00e3o se divertir com atividades recreativas como: pintura e esculturas de bal\u00f5es, at\u00ealier com brincadeiras l\u00fadicas, jogos, oficinas criativas e festival de brincadeiras, Toy Happy com brinquedos infl\u00e1veis, apresenta\u00e7\u00f5es com fantoches e oficina de papel.<\/p>\n\n\n\n<p><br>Com entrada gratuita, o \u201cPassinho Kids\u201d promete encantar o p\u00fablico infantil e transformar o centro hist\u00f3rico em um espa\u00e7o de cores, arte e divers\u00e3o no maior festival gratuito de artes integradas do\u00a0Brasil, que acontece nos dias 5, 6 e 7\/9.<\/p>\n\n\n\n<figure class=\"wp-block-image size-large\"><img loading=\"lazy\" decoding=\"async\" width=\"1024\" height=\"683\" src=\"https:\/\/www.manaus.am.gov.br\/semcom\/wp-content\/uploads\/sites\/5\/2025\/08\/53976628755_f888384a78_k-1536x1024-2-1024x683.jpg\" alt=\"\" class=\"wp-image-244607\" srcset=\"https:\/\/www.manaus.am.gov.br\/semcom\/wp-content\/uploads\/sites\/5\/2025\/08\/53976628755_f888384a78_k-1536x1024-2-1024x683.jpg 1024w, https:\/\/www.manaus.am.gov.br\/semcom\/wp-content\/uploads\/sites\/5\/2025\/08\/53976628755_f888384a78_k-1536x1024-2-300x200.jpg 300w, https:\/\/www.manaus.am.gov.br\/semcom\/wp-content\/uploads\/sites\/5\/2025\/08\/53976628755_f888384a78_k-1536x1024-2-768x512.jpg 768w, https:\/\/www.manaus.am.gov.br\/semcom\/wp-content\/uploads\/sites\/5\/2025\/08\/53976628755_f888384a78_k-1536x1024-2.jpg 1536w\" sizes=\"(max-width: 1024px) 100vw, 1024px\" \/><\/figure>\n\n\n\n<p>&#8212; &#8212; &#8212;<\/p>\n\n\n\n<p><strong>Texto &#8211;<\/strong>\u00a0J\u00e9ssica Trajano\/Manauscult<\/p>\n\n\n\n<p><strong>Fotos<\/strong> \u2013 Arquivo\/Semcom<\/p>\n\n\n\n<p>  <\/p>\n","protected":false},"excerpt":{"rendered":"","protected":false},"author":39,"featured_media":244605,"comment_status":"closed","ping_status":"closed","sticky":false,"template":"","format":"standard","meta":{"footnotes":""},"categories":[4867],"tags":[15305,16548,307,7713,77],"acf":[],"yoast_head":"<!-- This site is optimized with the Yoast SEO plugin v23.0 - https:\/\/yoast.com\/wordpress\/plugins\/seo\/ -->\n<title>\u2018Passinho Kids\u2019 leva divers\u00e3o e cultura no #SouManaus 2025<\/title>\n<meta name=\"description\" content=\"\u2018Passinho Kids\u2019 leva divers\u00e3o e cultura para a crian\u00e7ada no \u2018#SouManaus Passo a Pa\u00e7o 2025\u2019 no dia 5 de setembro.\" \/>\n<meta name=\"robots\" content=\"index, follow, max-snippet:-1, max-image-preview:large, max-video-preview:-1\" \/>\n<link rel=\"canonical\" href=\"https:\/\/www.manaus.am.gov.br\/semcom\/passinho-kids-soumanaus-2025\/\" \/>\n<meta property=\"og:locale\" content=\"pt_BR\" \/>\n<meta property=\"og:type\" content=\"article\" \/>\n<meta property=\"og:title\" content=\"\u2018Passinho Kids\u2019 leva divers\u00e3o e cultura no #SouManaus 2025\" \/>\n<meta property=\"og:description\" content=\"\u2018Passinho Kids\u2019 leva divers\u00e3o e cultura para a crian\u00e7ada no \u2018#SouManaus Passo a Pa\u00e7o 2025\u2019 no dia 5 de setembro.\" \/>\n<meta property=\"og:url\" content=\"https:\/\/www.manaus.am.gov.br\/semcom\/passinho-kids-soumanaus-2025\/\" \/>\n<meta property=\"og:site_name\" content=\"SEMCOM\" \/>\n<meta property=\"article:published_time\" content=\"2025-08-28T19:07:32+00:00\" \/>\n<meta property=\"article:modified_time\" content=\"2025-08-28T19:08:49+00:00\" \/>\n<meta property=\"og:image\" content=\"https:\/\/www.manaus.am.gov.br\/semcom\/wp-content\/uploads\/sites\/5\/2025\/08\/MELO2163-1536x1024-1.jpg\" \/>\n\t<meta property=\"og:image:width\" content=\"1536\" \/>\n\t<meta property=\"og:image:height\" content=\"1024\" \/>\n\t<meta property=\"og:image:type\" content=\"image\/jpeg\" \/>\n<meta name=\"author\" content=\"Bruna Greco\" \/>\n<meta name=\"twitter:card\" content=\"summary_large_image\" \/>\n<meta name=\"twitter:label1\" content=\"Written by\" \/>\n\t<meta name=\"twitter:data1\" content=\"Bruna Greco\" \/>\n\t<meta name=\"twitter:label2\" content=\"Est. reading time\" \/>\n\t<meta name=\"twitter:data2\" content=\"3 minutos\" \/>\n<script type=\"application\/ld+json\" class=\"yoast-schema-graph\">{\"@context\":\"https:\/\/schema.org\",\"@graph\":[{\"@type\":\"WebPage\",\"@id\":\"https:\/\/www.manaus.am.gov.br\/semcom\/passinho-kids-soumanaus-2025\/\",\"url\":\"https:\/\/www.manaus.am.gov.br\/semcom\/passinho-kids-soumanaus-2025\/\",\"name\":\"\u2018Passinho Kids\u2019 leva divers\u00e3o e cultura no #SouManaus 2025\",\"isPartOf\":{\"@id\":\"https:\/\/www.manaus.am.gov.br\/semcom\/#website\"},\"primaryImageOfPage\":{\"@id\":\"https:\/\/www.manaus.am.gov.br\/semcom\/passinho-kids-soumanaus-2025\/#primaryimage\"},\"image\":{\"@id\":\"https:\/\/www.manaus.am.gov.br\/semcom\/passinho-kids-soumanaus-2025\/#primaryimage\"},\"thumbnailUrl\":\"https:\/\/www.manaus.am.gov.br\/semcom\/wp-content\/uploads\/sites\/5\/2025\/08\/MELO2163-1536x1024-1.jpg\",\"datePublished\":\"2025-08-28T19:07:32+00:00\",\"dateModified\":\"2025-08-28T19:08:49+00:00\",\"author\":{\"@id\":\"https:\/\/www.manaus.am.gov.br\/semcom\/#\/schema\/person\/05d223aea2bf115f9883a6ff3683d81b\"},\"description\":\"\u2018Passinho Kids\u2019 leva divers\u00e3o e cultura para a crian\u00e7ada no \u2018#SouManaus Passo a Pa\u00e7o 2025\u2019 no dia 5 de setembro.\",\"inLanguage\":\"pt-BR\",\"potentialAction\":[{\"@type\":\"ReadAction\",\"target\":[\"https:\/\/www.manaus.am.gov.br\/semcom\/passinho-kids-soumanaus-2025\/\"]}]},{\"@type\":\"ImageObject\",\"inLanguage\":\"pt-BR\",\"@id\":\"https:\/\/www.manaus.am.gov.br\/semcom\/passinho-kids-soumanaus-2025\/#primaryimage\",\"url\":\"https:\/\/www.manaus.am.gov.br\/semcom\/wp-content\/uploads\/sites\/5\/2025\/08\/MELO2163-1536x1024-1.jpg\",\"contentUrl\":\"https:\/\/www.manaus.am.gov.br\/semcom\/wp-content\/uploads\/sites\/5\/2025\/08\/MELO2163-1536x1024-1.jpg\",\"width\":1536,\"height\":1024,\"caption\":\"#paratodosverem - Atividades l\u00fadicas do \\\"Passinho Kids\\\" durante edi\u00e7\u00e3o do #SouManaus Passo a Pa\u00e7o 2023\\\"\"},{\"@type\":\"WebSite\",\"@id\":\"https:\/\/www.manaus.am.gov.br\/semcom\/#website\",\"url\":\"https:\/\/www.manaus.am.gov.br\/semcom\/\",\"name\":\"SEMCOM\",\"description\":\"Secretaria Municipal de Comunica\u00e7\u00e3o\",\"potentialAction\":[{\"@type\":\"SearchAction\",\"target\":{\"@type\":\"EntryPoint\",\"urlTemplate\":\"https:\/\/www.manaus.am.gov.br\/semcom\/?s={search_term_string}\"},\"query-input\":\"required name=search_term_string\"}],\"inLanguage\":\"pt-BR\"},{\"@type\":\"Person\",\"@id\":\"https:\/\/www.manaus.am.gov.br\/semcom\/#\/schema\/person\/05d223aea2bf115f9883a6ff3683d81b\",\"name\":\"Bruna Greco\",\"image\":{\"@type\":\"ImageObject\",\"inLanguage\":\"pt-BR\",\"@id\":\"https:\/\/www.manaus.am.gov.br\/semcom\/#\/schema\/person\/image\/\",\"url\":\"https:\/\/secure.gravatar.com\/avatar\/9c877d1a6adc2a055330e5c09a8653ce?s=96&d=mm&r=g\",\"contentUrl\":\"https:\/\/secure.gravatar.com\/avatar\/9c877d1a6adc2a055330e5c09a8653ce?s=96&d=mm&r=g\",\"caption\":\"Bruna Greco\"}}]}<\/script>\n<!-- \/ Yoast SEO plugin. -->","yoast_head_json":{"title":"\u2018Passinho Kids\u2019 leva divers\u00e3o e cultura no #SouManaus 2025","description":"\u2018Passinho Kids\u2019 leva divers\u00e3o e cultura para a crian\u00e7ada no \u2018#SouManaus Passo a Pa\u00e7o 2025\u2019 no dia 5 de setembro.","robots":{"index":"index","follow":"follow","max-snippet":"max-snippet:-1","max-image-preview":"max-image-preview:large","max-video-preview":"max-video-preview:-1"},"canonical":"https:\/\/www.manaus.am.gov.br\/semcom\/passinho-kids-soumanaus-2025\/","og_locale":"pt_BR","og_type":"article","og_title":"\u2018Passinho Kids\u2019 leva divers\u00e3o e cultura no #SouManaus 2025","og_description":"\u2018Passinho Kids\u2019 leva divers\u00e3o e cultura para a crian\u00e7ada no \u2018#SouManaus Passo a Pa\u00e7o 2025\u2019 no dia 5 de setembro.","og_url":"https:\/\/www.manaus.am.gov.br\/semcom\/passinho-kids-soumanaus-2025\/","og_site_name":"SEMCOM","article_published_time":"2025-08-28T19:07:32+00:00","article_modified_time":"2025-08-28T19:08:49+00:00","og_image":[{"width":1536,"height":1024,"url":"https:\/\/www.manaus.am.gov.br\/semcom\/wp-content\/uploads\/sites\/5\/2025\/08\/MELO2163-1536x1024-1.jpg","type":"image\/jpeg"}],"author":"Bruna Greco","twitter_card":"summary_large_image","twitter_misc":{"Written by":"Bruna Greco","Est. reading time":"3 minutos"},"schema":{"@context":"https:\/\/schema.org","@graph":[{"@type":"WebPage","@id":"https:\/\/www.manaus.am.gov.br\/semcom\/passinho-kids-soumanaus-2025\/","url":"https:\/\/www.manaus.am.gov.br\/semcom\/passinho-kids-soumanaus-2025\/","name":"\u2018Passinho Kids\u2019 leva divers\u00e3o e cultura no #SouManaus 2025","isPartOf":{"@id":"https:\/\/www.manaus.am.gov.br\/semcom\/#website"},"primaryImageOfPage":{"@id":"https:\/\/www.manaus.am.gov.br\/semcom\/passinho-kids-soumanaus-2025\/#primaryimage"},"image":{"@id":"https:\/\/www.manaus.am.gov.br\/semcom\/passinho-kids-soumanaus-2025\/#primaryimage"},"thumbnailUrl":"https:\/\/www.manaus.am.gov.br\/semcom\/wp-content\/uploads\/sites\/5\/2025\/08\/MELO2163-1536x1024-1.jpg","datePublished":"2025-08-28T19:07:32+00:00","dateModified":"2025-08-28T19:08:49+00:00","author":{"@id":"https:\/\/www.manaus.am.gov.br\/semcom\/#\/schema\/person\/05d223aea2bf115f9883a6ff3683d81b"},"description":"\u2018Passinho Kids\u2019 leva divers\u00e3o e cultura para a crian\u00e7ada no \u2018#SouManaus Passo a Pa\u00e7o 2025\u2019 no dia 5 de setembro.","inLanguage":"pt-BR","potentialAction":[{"@type":"ReadAction","target":["https:\/\/www.manaus.am.gov.br\/semcom\/passinho-kids-soumanaus-2025\/"]}]},{"@type":"ImageObject","inLanguage":"pt-BR","@id":"https:\/\/www.manaus.am.gov.br\/semcom\/passinho-kids-soumanaus-2025\/#primaryimage","url":"https:\/\/www.manaus.am.gov.br\/semcom\/wp-content\/uploads\/sites\/5\/2025\/08\/MELO2163-1536x1024-1.jpg","contentUrl":"https:\/\/www.manaus.am.gov.br\/semcom\/wp-content\/uploads\/sites\/5\/2025\/08\/MELO2163-1536x1024-1.jpg","width":1536,"height":1024,"caption":"#paratodosverem - Atividades l\u00fadicas do \"Passinho Kids\" durante edi\u00e7\u00e3o do #SouManaus Passo a Pa\u00e7o 2023\""},{"@type":"WebSite","@id":"https:\/\/www.manaus.am.gov.br\/semcom\/#website","url":"https:\/\/www.manaus.am.gov.br\/semcom\/","name":"SEMCOM","description":"Secretaria Municipal de Comunica\u00e7\u00e3o","potentialAction":[{"@type":"SearchAction","target":{"@type":"EntryPoint","urlTemplate":"https:\/\/www.manaus.am.gov.br\/semcom\/?s={search_term_string}"},"query-input":"required name=search_term_string"}],"inLanguage":"pt-BR"},{"@type":"Person","@id":"https:\/\/www.manaus.am.gov.br\/semcom\/#\/schema\/person\/05d223aea2bf115f9883a6ff3683d81b","name":"Bruna Greco","image":{"@type":"ImageObject","inLanguage":"pt-BR","@id":"https:\/\/www.manaus.am.gov.br\/semcom\/#\/schema\/person\/image\/","url":"https:\/\/secure.gravatar.com\/avatar\/9c877d1a6adc2a055330e5c09a8653ce?s=96&d=mm&r=g","contentUrl":"https:\/\/secure.gravatar.com\/avatar\/9c877d1a6adc2a055330e5c09a8653ce?s=96&d=mm&r=g","caption":"Bruna Greco"}}]}},"_links":{"self":[{"href":"https:\/\/www.manaus.am.gov.br\/semcom\/wp-json\/wp\/v2\/posts\/244604"}],"collection":[{"href":"https:\/\/www.manaus.am.gov.br\/semcom\/wp-json\/wp\/v2\/posts"}],"about":[{"href":"https:\/\/www.manaus.am.gov.br\/semcom\/wp-json\/wp\/v2\/types\/post"}],"author":[{"embeddable":true,"href":"https:\/\/www.manaus.am.gov.br\/semcom\/wp-json\/wp\/v2\/users\/39"}],"replies":[{"embeddable":true,"href":"https:\/\/www.manaus.am.gov.br\/semcom\/wp-json\/wp\/v2\/comments?post=244604"}],"version-history":[{"count":4,"href":"https:\/\/www.manaus.am.gov.br\/semcom\/wp-json\/wp\/v2\/posts\/244604\/revisions"}],"predecessor-version":[{"id":244610,"href":"https:\/\/www.manaus.am.gov.br\/semcom\/wp-json\/wp\/v2\/posts\/244604\/revisions\/244610"}],"wp:featuredmedia":[{"embeddable":true,"href":"https:\/\/www.manaus.am.gov.br\/semcom\/wp-json\/wp\/v2\/media\/244605"}],"wp:attachment":[{"href":"https:\/\/www.manaus.am.gov.br\/semcom\/wp-json\/wp\/v2\/media?parent=244604"}],"wp:term":[{"taxonomy":"category","embeddable":true,"href":"https:\/\/www.manaus.am.gov.br\/semcom\/wp-json\/wp\/v2\/categories?post=244604"},{"taxonomy":"post_tag","embeddable":true,"href":"https:\/\/www.manaus.am.gov.br\/semcom\/wp-json\/wp\/v2\/tags?post=244604"}],"curies":[{"name":"wp","href":"https:\/\/api.w.org\/{rel}","templated":true}]}}