{"id":244602,"date":"2025-08-28T16:04:53","date_gmt":"2025-08-28T19:04:53","guid":{"rendered":"https:\/\/www.manaus.am.gov.br\/semcom\/prefeitura-manauscult-redehoteleira-soumanaus\/"},"modified":"2025-08-28T16:04:55","modified_gmt":"2025-08-28T19:04:55","slug":"prefeitura-manauscult-redehoteleira-soumanaus","status":"publish","type":"post","link":"https:\/\/www.manaus.am.gov.br\/semcom\/prefeitura-manauscult-redehoteleira-soumanaus\/","title":{"rendered":"Rede hoteleira \u00e9 credenciada ao \u2018#SouManaus\u2019 com benef\u00edcios exclusivos para o p\u00fablico"},"content":{"rendered":"\n<p>A Prefeitura de Manaus, por meio da Funda\u00e7\u00e3o Municipal de Cultura, Turismo e Eventos (ManausCult), firmou uma parceria in\u00e9dita com a rede hoteleira da capital para oferecer benef\u00edcios exclusivos ao p\u00fablico do \u201c#SouManaus Passo a Pa\u00e7o 2025\u201d. Pela primeira vez no Brasil, h\u00f3spedes de hot\u00e9is credenciados ter\u00e3o acesso direto \u00e0s pulseiras oficiais que garantem entrada no maior festival gratuito de artes integradas do pa\u00eds.<\/p>\n\n\n\n<p>Mais de 15 hot\u00e9is foram credenciados pela prefeitura, entre grandes redes globais e empreendimentos locais, equilibrando a chegada de turistas de fora com a valoriza\u00e7\u00e3o do empresariado manauara. Est\u00e3o na lista: Holiday Inn; Hotel Mercure; Novotel; Ibis Manaus; Ibis budget; Ibis Styles; Casa Teatro; Casa Perp\u00e9tua; Saint Paul;&nbsp;Comfort Manaus; Adrian\u00f3polis All; Millennium Hotel;&nbsp;Express Vieiralves e Quality Hotel.<\/p>\n\n\n\n<p><br>Nesta quarta-feira, 27\/8, o diretor-presidente da ManausCult, Jender Lobato, visitou um dos hot\u00e9is parceiros, o Holiday Inn, acompanhado da vice-presidente de Turismo da funda\u00e7\u00e3o, Oreni Braga. A visita refor\u00e7ou a import\u00e2ncia da iniciativa e o alinhamento entre a rede hoteleira e o festival.<br><br>O diretor-presidente destacou que a iniciativa vai al\u00e9m da dimens\u00e3o art\u00edstica e projeta Manaus como destino tur\u00edstico de refer\u00eancia.<br><br>\u201cO \u2018#SouManaus Passo a Pa\u00e7o 2025\u2019 vai muito al\u00e9m da programa\u00e7\u00e3o musical ou cultural. Estamos fortalecendo a economia criativa, movimentando setores como turismo, gastronomia e com\u00e9rcio, gerando empregos e transformando Manaus em uma vitrine nacional. Essa a\u00e7\u00e3o une a rede hoteleira, o p\u00fablico e a cidade inteira em uma grande celebra\u00e7\u00e3o\u201d, afirmou.<br><br>A vice-presidente de Turismo, Oreni Braga, ressaltou que a parceria com os hot\u00e9is amplia a visibilidade da cidade e cria novas oportunidades de neg\u00f3cios.\u201cEstamos consolidando Manaus no mapa do turismo cultural do Brasil. Essa integra\u00e7\u00e3o entre hospedagem, lazer e arte oferece uma experi\u00eancia diferenciada aos visitantes e movimenta toda a cadeia econ\u00f4mica da cidade\u201d, destacou.<br><br>Os dias principais do festival acontecem em 5, 6 e 7 de setembro, mas a festa come\u00e7a j\u00e1 no dia 2, com atra\u00e7\u00f5es especiais no centro hist\u00f3rico. Ser\u00e3o seis grandes palcos: Mangueir\u00e3o, Coreto, Alf\u00e2ndega, Malcher, Espa\u00e7o Cultura Urbana e Espa\u00e7o Moda, al\u00e9m de outros 11 palcos alternativos, que dar\u00e3o visibilidade a artistas independentes e transformar\u00e3o a regi\u00e3o em um verdadeiro corredor cultural.<br><br>A medida \u00e9 considerada in\u00e9dita no pa\u00eds por ser coordenada diretamente pelo poder p\u00fablico, com credenciamento gratuito para hot\u00e9is e benef\u00edcios imediatos para os turistas. Em outras capitais, como Salvador, Recife, Olinda e Rio de Janeiro, parcerias semelhantes existem, mas sempre conduzidas pela iniciativa privada. Em Manaus, a a\u00e7\u00e3o consolida o festival como vetor de desenvolvimento da economia local, ampliando o alcance para al\u00e9m da programa\u00e7\u00e3o art\u00edstica.<br><br>Com expectativa de reunir mais de 450 mil pessoas, o \u201c#SouManaus Passo a Pa\u00e7o 2025\u201d \u00e9 um convite \u00e0 cidade e ao pa\u00eds para viver a arte na sua forma mais vibrante e amaz\u00f4nica.<\/p>\n\n\n\n<p>&#8212; &#8212; &#8212;<\/p>\n\n\n\n<p><strong>Texto\u00a0<\/strong>&#8211; J\u00e9ssica Trajano\/ManausCult<\/p>\n\n\n\n<p><strong>Fotos\u00a0<\/strong>&#8211; Thelson Souza\/ManausCult<\/p>\n","protected":false},"excerpt":{"rendered":"","protected":false},"author":23,"featured_media":244603,"comment_status":"closed","ping_status":"closed","sticky":false,"template":"","format":"standard","meta":{"footnotes":""},"categories":[594],"tags":[4765,16547,16311,77],"acf":[],"yoast_head":"<!-- This site is optimized with the Yoast SEO plugin v23.0 - https:\/\/yoast.com\/wordpress\/plugins\/seo\/ -->\n<title>Rede hoteleira \u00e9 credenciada ao \u2018#SouManaus\u2019 com benef\u00edcios exclusivos para o p\u00fablico<\/title>\n<meta name=\"description\" content=\"A Prefeitura de Manaus, por meio da Funda\u00e7\u00e3o Municipal de Cultura, Turismo e Eventos (ManausCult), firmou uma parceria in\u00e9dita com a rede hoteleira da capital para oferecer benef\u00edcios exclusivos ao p\u00fablico do \u201c#SouManaus Passo a Pa\u00e7o 2025\u201d.\" \/>\n<meta name=\"robots\" content=\"index, follow, max-snippet:-1, max-image-preview:large, max-video-preview:-1\" \/>\n<link rel=\"canonical\" href=\"https:\/\/www.manaus.am.gov.br\/semcom\/prefeitura-manauscult-redehoteleira-soumanaus\/\" \/>\n<meta property=\"og:locale\" content=\"pt_BR\" \/>\n<meta property=\"og:type\" content=\"article\" \/>\n<meta property=\"og:title\" content=\"Rede hoteleira \u00e9 credenciada ao \u2018#SouManaus\u2019 com benef\u00edcios exclusivos para o p\u00fablico\" \/>\n<meta property=\"og:description\" content=\"A Prefeitura de Manaus, por meio da Funda\u00e7\u00e3o Municipal de Cultura, Turismo e Eventos (ManausCult), firmou uma parceria in\u00e9dita com a rede hoteleira da capital para oferecer benef\u00edcios exclusivos ao p\u00fablico do \u201c#SouManaus Passo a Pa\u00e7o 2025\u201d.\" \/>\n<meta property=\"og:url\" content=\"https:\/\/www.manaus.am.gov.br\/semcom\/prefeitura-manauscult-redehoteleira-soumanaus\/\" \/>\n<meta property=\"og:site_name\" content=\"SEMCOM\" \/>\n<meta property=\"article:published_time\" content=\"2025-08-28T19:04:53+00:00\" \/>\n<meta property=\"article:modified_time\" content=\"2025-08-28T19:04:55+00:00\" \/>\n<meta property=\"og:image\" content=\"https:\/\/www.manaus.am.gov.br\/semcom\/wp-content\/uploads\/sites\/5\/2025\/08\/02797ba5-d636-4b76-97a3-0439fa0e4158-1.jpeg\" \/>\n\t<meta property=\"og:image:width\" content=\"4160\" \/>\n\t<meta property=\"og:image:height\" content=\"2774\" \/>\n\t<meta property=\"og:image:type\" content=\"image\/jpeg\" \/>\n<meta name=\"author\" content=\"Adriana Costa\" \/>\n<meta name=\"twitter:card\" content=\"summary_large_image\" \/>\n<meta name=\"twitter:label1\" content=\"Written by\" \/>\n\t<meta name=\"twitter:data1\" content=\"Adriana Costa\" \/>\n\t<meta name=\"twitter:label2\" content=\"Est. reading time\" \/>\n\t<meta name=\"twitter:data2\" content=\"3 minutos\" \/>\n<script type=\"application\/ld+json\" class=\"yoast-schema-graph\">{\"@context\":\"https:\/\/schema.org\",\"@graph\":[{\"@type\":\"WebPage\",\"@id\":\"https:\/\/www.manaus.am.gov.br\/semcom\/prefeitura-manauscult-redehoteleira-soumanaus\/\",\"url\":\"https:\/\/www.manaus.am.gov.br\/semcom\/prefeitura-manauscult-redehoteleira-soumanaus\/\",\"name\":\"Rede hoteleira \u00e9 credenciada ao \u2018#SouManaus\u2019 com benef\u00edcios exclusivos para o p\u00fablico\",\"isPartOf\":{\"@id\":\"https:\/\/www.manaus.am.gov.br\/semcom\/#website\"},\"primaryImageOfPage\":{\"@id\":\"https:\/\/www.manaus.am.gov.br\/semcom\/prefeitura-manauscult-redehoteleira-soumanaus\/#primaryimage\"},\"image\":{\"@id\":\"https:\/\/www.manaus.am.gov.br\/semcom\/prefeitura-manauscult-redehoteleira-soumanaus\/#primaryimage\"},\"thumbnailUrl\":\"https:\/\/www.manaus.am.gov.br\/semcom\/wp-content\/uploads\/sites\/5\/2025\/08\/02797ba5-d636-4b76-97a3-0439fa0e4158-1.jpeg\",\"datePublished\":\"2025-08-28T19:04:53+00:00\",\"dateModified\":\"2025-08-28T19:04:55+00:00\",\"author\":{\"@id\":\"https:\/\/www.manaus.am.gov.br\/semcom\/#\/schema\/person\/4e49f4e267757a06ca072ec61b2b9968\"},\"description\":\"A Prefeitura de Manaus, por meio da Funda\u00e7\u00e3o Municipal de Cultura, Turismo e Eventos (ManausCult), firmou uma parceria in\u00e9dita com a rede hoteleira da capital para oferecer benef\u00edcios exclusivos ao p\u00fablico do \u201c#SouManaus Passo a Pa\u00e7o 2025\u201d.\",\"inLanguage\":\"pt-BR\",\"potentialAction\":[{\"@type\":\"ReadAction\",\"target\":[\"https:\/\/www.manaus.am.gov.br\/semcom\/prefeitura-manauscult-redehoteleira-soumanaus\/\"]}]},{\"@type\":\"ImageObject\",\"inLanguage\":\"pt-BR\",\"@id\":\"https:\/\/www.manaus.am.gov.br\/semcom\/prefeitura-manauscult-redehoteleira-soumanaus\/#primaryimage\",\"url\":\"https:\/\/www.manaus.am.gov.br\/semcom\/wp-content\/uploads\/sites\/5\/2025\/08\/02797ba5-d636-4b76-97a3-0439fa0e4158-1.jpeg\",\"contentUrl\":\"https:\/\/www.manaus.am.gov.br\/semcom\/wp-content\/uploads\/sites\/5\/2025\/08\/02797ba5-d636-4b76-97a3-0439fa0e4158-1.jpeg\",\"width\":4160,\"height\":2774},{\"@type\":\"WebSite\",\"@id\":\"https:\/\/www.manaus.am.gov.br\/semcom\/#website\",\"url\":\"https:\/\/www.manaus.am.gov.br\/semcom\/\",\"name\":\"SEMCOM\",\"description\":\"Secretaria Municipal de Comunica\u00e7\u00e3o\",\"potentialAction\":[{\"@type\":\"SearchAction\",\"target\":{\"@type\":\"EntryPoint\",\"urlTemplate\":\"https:\/\/www.manaus.am.gov.br\/semcom\/?s={search_term_string}\"},\"query-input\":\"required name=search_term_string\"}],\"inLanguage\":\"pt-BR\"},{\"@type\":\"Person\",\"@id\":\"https:\/\/www.manaus.am.gov.br\/semcom\/#\/schema\/person\/4e49f4e267757a06ca072ec61b2b9968\",\"name\":\"Adriana Costa\",\"image\":{\"@type\":\"ImageObject\",\"inLanguage\":\"pt-BR\",\"@id\":\"https:\/\/www.manaus.am.gov.br\/semcom\/#\/schema\/person\/image\/\",\"url\":\"https:\/\/secure.gravatar.com\/avatar\/576258617ef7194f718179e766d57bd4?s=96&d=mm&r=g\",\"contentUrl\":\"https:\/\/secure.gravatar.com\/avatar\/576258617ef7194f718179e766d57bd4?s=96&d=mm&r=g\",\"caption\":\"Adriana Costa\"}}]}<\/script>\n<!-- \/ Yoast SEO plugin. -->","yoast_head_json":{"title":"Rede hoteleira \u00e9 credenciada ao \u2018#SouManaus\u2019 com benef\u00edcios exclusivos para o p\u00fablico","description":"A Prefeitura de Manaus, por meio da Funda\u00e7\u00e3o Municipal de Cultura, Turismo e Eventos (ManausCult), firmou uma parceria in\u00e9dita com a rede hoteleira da capital para oferecer benef\u00edcios exclusivos ao p\u00fablico do \u201c#SouManaus Passo a Pa\u00e7o 2025\u201d.","robots":{"index":"index","follow":"follow","max-snippet":"max-snippet:-1","max-image-preview":"max-image-preview:large","max-video-preview":"max-video-preview:-1"},"canonical":"https:\/\/www.manaus.am.gov.br\/semcom\/prefeitura-manauscult-redehoteleira-soumanaus\/","og_locale":"pt_BR","og_type":"article","og_title":"Rede hoteleira \u00e9 credenciada ao \u2018#SouManaus\u2019 com benef\u00edcios exclusivos para o p\u00fablico","og_description":"A Prefeitura de Manaus, por meio da Funda\u00e7\u00e3o Municipal de Cultura, Turismo e Eventos (ManausCult), firmou uma parceria in\u00e9dita com a rede hoteleira da capital para oferecer benef\u00edcios exclusivos ao p\u00fablico do \u201c#SouManaus Passo a Pa\u00e7o 2025\u201d.","og_url":"https:\/\/www.manaus.am.gov.br\/semcom\/prefeitura-manauscult-redehoteleira-soumanaus\/","og_site_name":"SEMCOM","article_published_time":"2025-08-28T19:04:53+00:00","article_modified_time":"2025-08-28T19:04:55+00:00","og_image":[{"width":4160,"height":2774,"url":"https:\/\/www.manaus.am.gov.br\/semcom\/wp-content\/uploads\/sites\/5\/2025\/08\/02797ba5-d636-4b76-97a3-0439fa0e4158-1.jpeg","type":"image\/jpeg"}],"author":"Adriana Costa","twitter_card":"summary_large_image","twitter_misc":{"Written by":"Adriana Costa","Est. reading time":"3 minutos"},"schema":{"@context":"https:\/\/schema.org","@graph":[{"@type":"WebPage","@id":"https:\/\/www.manaus.am.gov.br\/semcom\/prefeitura-manauscult-redehoteleira-soumanaus\/","url":"https:\/\/www.manaus.am.gov.br\/semcom\/prefeitura-manauscult-redehoteleira-soumanaus\/","name":"Rede hoteleira \u00e9 credenciada ao \u2018#SouManaus\u2019 com benef\u00edcios exclusivos para o p\u00fablico","isPartOf":{"@id":"https:\/\/www.manaus.am.gov.br\/semcom\/#website"},"primaryImageOfPage":{"@id":"https:\/\/www.manaus.am.gov.br\/semcom\/prefeitura-manauscult-redehoteleira-soumanaus\/#primaryimage"},"image":{"@id":"https:\/\/www.manaus.am.gov.br\/semcom\/prefeitura-manauscult-redehoteleira-soumanaus\/#primaryimage"},"thumbnailUrl":"https:\/\/www.manaus.am.gov.br\/semcom\/wp-content\/uploads\/sites\/5\/2025\/08\/02797ba5-d636-4b76-97a3-0439fa0e4158-1.jpeg","datePublished":"2025-08-28T19:04:53+00:00","dateModified":"2025-08-28T19:04:55+00:00","author":{"@id":"https:\/\/www.manaus.am.gov.br\/semcom\/#\/schema\/person\/4e49f4e267757a06ca072ec61b2b9968"},"description":"A Prefeitura de Manaus, por meio da Funda\u00e7\u00e3o Municipal de Cultura, Turismo e Eventos (ManausCult), firmou uma parceria in\u00e9dita com a rede hoteleira da capital para oferecer benef\u00edcios exclusivos ao p\u00fablico do \u201c#SouManaus Passo a Pa\u00e7o 2025\u201d.","inLanguage":"pt-BR","potentialAction":[{"@type":"ReadAction","target":["https:\/\/www.manaus.am.gov.br\/semcom\/prefeitura-manauscult-redehoteleira-soumanaus\/"]}]},{"@type":"ImageObject","inLanguage":"pt-BR","@id":"https:\/\/www.manaus.am.gov.br\/semcom\/prefeitura-manauscult-redehoteleira-soumanaus\/#primaryimage","url":"https:\/\/www.manaus.am.gov.br\/semcom\/wp-content\/uploads\/sites\/5\/2025\/08\/02797ba5-d636-4b76-97a3-0439fa0e4158-1.jpeg","contentUrl":"https:\/\/www.manaus.am.gov.br\/semcom\/wp-content\/uploads\/sites\/5\/2025\/08\/02797ba5-d636-4b76-97a3-0439fa0e4158-1.jpeg","width":4160,"height":2774},{"@type":"WebSite","@id":"https:\/\/www.manaus.am.gov.br\/semcom\/#website","url":"https:\/\/www.manaus.am.gov.br\/semcom\/","name":"SEMCOM","description":"Secretaria Municipal de Comunica\u00e7\u00e3o","potentialAction":[{"@type":"SearchAction","target":{"@type":"EntryPoint","urlTemplate":"https:\/\/www.manaus.am.gov.br\/semcom\/?s={search_term_string}"},"query-input":"required name=search_term_string"}],"inLanguage":"pt-BR"},{"@type":"Person","@id":"https:\/\/www.manaus.am.gov.br\/semcom\/#\/schema\/person\/4e49f4e267757a06ca072ec61b2b9968","name":"Adriana Costa","image":{"@type":"ImageObject","inLanguage":"pt-BR","@id":"https:\/\/www.manaus.am.gov.br\/semcom\/#\/schema\/person\/image\/","url":"https:\/\/secure.gravatar.com\/avatar\/576258617ef7194f718179e766d57bd4?s=96&d=mm&r=g","contentUrl":"https:\/\/secure.gravatar.com\/avatar\/576258617ef7194f718179e766d57bd4?s=96&d=mm&r=g","caption":"Adriana Costa"}}]}},"_links":{"self":[{"href":"https:\/\/www.manaus.am.gov.br\/semcom\/wp-json\/wp\/v2\/posts\/244602"}],"collection":[{"href":"https:\/\/www.manaus.am.gov.br\/semcom\/wp-json\/wp\/v2\/posts"}],"about":[{"href":"https:\/\/www.manaus.am.gov.br\/semcom\/wp-json\/wp\/v2\/types\/post"}],"author":[{"embeddable":true,"href":"https:\/\/www.manaus.am.gov.br\/semcom\/wp-json\/wp\/v2\/users\/23"}],"replies":[{"embeddable":true,"href":"https:\/\/www.manaus.am.gov.br\/semcom\/wp-json\/wp\/v2\/comments?post=244602"}],"version-history":[{"count":0,"href":"https:\/\/www.manaus.am.gov.br\/semcom\/wp-json\/wp\/v2\/posts\/244602\/revisions"}],"wp:featuredmedia":[{"embeddable":true,"href":"https:\/\/www.manaus.am.gov.br\/semcom\/wp-json\/wp\/v2\/media\/244603"}],"wp:attachment":[{"href":"https:\/\/www.manaus.am.gov.br\/semcom\/wp-json\/wp\/v2\/media?parent=244602"}],"wp:term":[{"taxonomy":"category","embeddable":true,"href":"https:\/\/www.manaus.am.gov.br\/semcom\/wp-json\/wp\/v2\/categories?post=244602"},{"taxonomy":"post_tag","embeddable":true,"href":"https:\/\/www.manaus.am.gov.br\/semcom\/wp-json\/wp\/v2\/tags?post=244602"}],"curies":[{"name":"wp","href":"https:\/\/api.w.org\/{rel}","templated":true}]}}