{"id":244559,"date":"2025-08-27T21:59:03","date_gmt":"2025-08-28T00:59:03","guid":{"rendered":"https:\/\/www.manaus.am.gov.br\/semcom\/plano-reducao-riscos\/"},"modified":"2025-08-27T21:59:05","modified_gmt":"2025-08-28T00:59:05","slug":"plano-reducao-riscos","status":"publish","type":"post","link":"https:\/\/www.manaus.am.gov.br\/semcom\/plano-reducao-riscos\/","title":{"rendered":"Prefeitura de Manaus participa da apresenta\u00e7\u00e3o do Plano Municipal de Redu\u00e7\u00e3o de Riscos em parceria com a UFAM e o SGB"},"content":{"rendered":"\n<p>A Prefeitura de Manaus, por meio da Secretaria Executiva de Prote\u00e7\u00e3o e Defesa Civil (Sepdec), integrante da Secretaria Municipal de Seguran\u00e7a P\u00fablica e Defesa Social (Semseg), esteve presente nesta quarta-feira, 27\/8, no audit\u00f3rio do Servi\u00e7o Geol\u00f3gico do Brasil (SGB), na apresenta\u00e7\u00e3o do Plano Municipal de Redu\u00e7\u00e3o de Riscos (PMRR), elaborado em parceria com a Universidade Federal do Amazonas (UFAM), sob coordena\u00e7\u00e3o do professor Rog\u00e9rio Ribeiro, diretor do Departamento de Geografia.<\/p>\n\n\n\n<p>O plano tem como objetivo mitigar riscos, fortalecer a resposta a desastres e orientar a recupera\u00e7\u00e3o de \u00e1reas afetadas, servindo como refer\u00eancia estrat\u00e9gica para a gest\u00e3o municipal. Entre as a\u00e7\u00f5es previstas est\u00e1 o levantamento de fam\u00edlias que necessitam ser realocadas para locais seguros.<\/p>\n\n\n\n<p>Durante o evento, o SGB apresentou a cartografia e o mapeamento atualizado das \u00e1reas de risco da capital, que apontam uma redu\u00e7\u00e3o no n\u00famero de setores classificados como de risco, mas tamb\u00e9m um aumento da \u00e1rea total abrangida, o que exige monitoramento permanente e atualiza\u00e7\u00e3o anual do diagn\u00f3stico.<\/p>\n\n\n\n<p>Para o secret\u00e1rio-executivo da Defesa Civil municipal, tenente-coronel Lima J\u00fanior, o plano representa um marco na preven\u00e7\u00e3o de desastres em Manaus.<\/p>\n\n\n\n<p>\u201cEstamos dando um passo hist\u00f3rico para proteger vidas e reduzir vulnerabilidades. O Plano Municipal de Redu\u00e7\u00e3o de Riscos \u00e9 fruto do compromisso do prefeito David Almeida com a seguran\u00e7a da nossa popula\u00e7\u00e3o e coloca Manaus em um novo patamar de planejamento e preven\u00e7\u00e3o\u201d, afirmou.<\/p>\n\n\n\n<p>O engenheiro civil da Defesa Civil municipal, Renato Martins, destacou a import\u00e2ncia do estudo t\u00e9cnico para subsidiar pol\u00edticas p\u00fablicas<\/p>\n\n\n\n<p>\u201cEsse trabalho reuniu dados, levantamentos e an\u00e1lises que v\u00e3o substanciar diversos projetos da Prefeitura de Manaus, em especial nas \u00e1reas de Defesa Civil e Habita\u00e7\u00e3o. A partir de agora, temos uma base s\u00f3lida que ser\u00e1 atualizada anualmente, garantindo que a cidade esteja preparada para enfrentar desafios e avan\u00e7ar na prote\u00e7\u00e3o das comunidades em \u00e1reas de risco\u201d, ressaltou.<\/p>\n\n\n\n<p>Com o Plano Municipal de Redu\u00e7\u00e3o de Riscos, Manaus passa a contar com uma ferramenta estrat\u00e9gica que integra ci\u00eancia, planejamento e gest\u00e3o p\u00fablica, consolidando uma pol\u00edtica de preven\u00e7\u00e3o mais moderna e eficaz.<\/p>\n\n\n\n<p>&#8212; &#8212; &#8212;<\/p>\n\n\n\n<p><strong>Texto<\/strong> &#8211; La\u00eds Fernandes \/ Semseg<\/p>\n\n\n\n<p><strong>Publicado em<\/strong> &#8211;<\/p>\n\n\n\n<p><strong>Fotos <\/strong>\u2013 Divulga\u00e7\u00e3o \/ Semseg<\/p>\n","protected":false},"excerpt":{"rendered":"","protected":false},"author":61,"featured_media":244560,"comment_status":"closed","ping_status":"closed","sticky":false,"template":"","format":"standard","meta":{"footnotes":""},"categories":[6005],"tags":[35,2623,16537,77],"acf":[],"yoast_head":"<!-- This site is optimized with the Yoast SEO plugin v23.0 - https:\/\/yoast.com\/wordpress\/plugins\/seo\/ -->\n<title>Prefeitura de Manaus participa da apresenta\u00e7\u00e3o do Plano Municipal de Redu\u00e7\u00e3o de Riscos em parceria com a UFAM e o SGB<\/title>\n<meta name=\"description\" content=\"A Prefeitura de Manaus, por meio da Secretaria Executiva de Prote\u00e7\u00e3o e Defesa Civil (Sepdec), integrante da Secretaria Municipal de Seguran\u00e7a P\u00fablica e Defesa Social (Semseg), esteve presente nesta quarta-feira, 27\/8, no audit\u00f3rio do Servi\u00e7o Geol\u00f3gico do Brasil (SGB), na apresenta\u00e7\u00e3o do Plano Municipal de Redu\u00e7\u00e3o de Riscos (PMRR).\" \/>\n<meta name=\"robots\" content=\"index, follow, max-snippet:-1, max-image-preview:large, max-video-preview:-1\" \/>\n<link rel=\"canonical\" href=\"https:\/\/www.manaus.am.gov.br\/semcom\/plano-reducao-riscos\/\" \/>\n<meta property=\"og:locale\" content=\"pt_BR\" \/>\n<meta property=\"og:type\" content=\"article\" \/>\n<meta property=\"og:title\" content=\"Prefeitura de Manaus participa da apresenta\u00e7\u00e3o do Plano Municipal de Redu\u00e7\u00e3o de Riscos em parceria com a UFAM e o SGB\" \/>\n<meta property=\"og:description\" content=\"A Prefeitura de Manaus, por meio da Secretaria Executiva de Prote\u00e7\u00e3o e Defesa Civil (Sepdec), integrante da Secretaria Municipal de Seguran\u00e7a P\u00fablica e Defesa Social (Semseg), esteve presente nesta quarta-feira, 27\/8, no audit\u00f3rio do Servi\u00e7o Geol\u00f3gico do Brasil (SGB), na apresenta\u00e7\u00e3o do Plano Municipal de Redu\u00e7\u00e3o de Riscos (PMRR).\" \/>\n<meta property=\"og:url\" content=\"https:\/\/www.manaus.am.gov.br\/semcom\/plano-reducao-riscos\/\" \/>\n<meta property=\"og:site_name\" content=\"SEMCOM\" \/>\n<meta property=\"article:published_time\" content=\"2025-08-28T00:59:03+00:00\" \/>\n<meta property=\"article:modified_time\" content=\"2025-08-28T00:59:05+00:00\" \/>\n<meta property=\"og:image\" content=\"https:\/\/www.manaus.am.gov.br\/semcom\/wp-content\/uploads\/sites\/5\/2025\/08\/Semseg-Plano-2.jpeg\" \/>\n\t<meta property=\"og:image:width\" content=\"800\" \/>\n\t<meta property=\"og:image:height\" content=\"533\" \/>\n\t<meta property=\"og:image:type\" content=\"image\/jpeg\" \/>\n<meta name=\"author\" content=\"smonteiro\" \/>\n<meta name=\"twitter:card\" content=\"summary_large_image\" \/>\n<meta name=\"twitter:label1\" content=\"Written by\" \/>\n\t<meta name=\"twitter:data1\" content=\"smonteiro\" \/>\n\t<meta name=\"twitter:label2\" content=\"Est. reading time\" \/>\n\t<meta name=\"twitter:data2\" content=\"3 minutos\" \/>\n<script type=\"application\/ld+json\" class=\"yoast-schema-graph\">{\"@context\":\"https:\/\/schema.org\",\"@graph\":[{\"@type\":\"WebPage\",\"@id\":\"https:\/\/www.manaus.am.gov.br\/semcom\/plano-reducao-riscos\/\",\"url\":\"https:\/\/www.manaus.am.gov.br\/semcom\/plano-reducao-riscos\/\",\"name\":\"Prefeitura de Manaus participa da apresenta\u00e7\u00e3o do Plano Municipal de Redu\u00e7\u00e3o de Riscos em parceria com a UFAM e o SGB\",\"isPartOf\":{\"@id\":\"https:\/\/www.manaus.am.gov.br\/semcom\/#website\"},\"primaryImageOfPage\":{\"@id\":\"https:\/\/www.manaus.am.gov.br\/semcom\/plano-reducao-riscos\/#primaryimage\"},\"image\":{\"@id\":\"https:\/\/www.manaus.am.gov.br\/semcom\/plano-reducao-riscos\/#primaryimage\"},\"thumbnailUrl\":\"https:\/\/www.manaus.am.gov.br\/semcom\/wp-content\/uploads\/sites\/5\/2025\/08\/Semseg-Plano-2.jpeg\",\"datePublished\":\"2025-08-28T00:59:03+00:00\",\"dateModified\":\"2025-08-28T00:59:05+00:00\",\"author\":{\"@id\":\"https:\/\/www.manaus.am.gov.br\/semcom\/#\/schema\/person\/ab4dcf766a54dff74e8d267f5c591961\"},\"description\":\"A Prefeitura de Manaus, por meio da Secretaria Executiva de Prote\u00e7\u00e3o e Defesa Civil (Sepdec), integrante da Secretaria Municipal de Seguran\u00e7a P\u00fablica e Defesa Social (Semseg), esteve presente nesta quarta-feira, 27\/8, no audit\u00f3rio do Servi\u00e7o Geol\u00f3gico do Brasil (SGB), na apresenta\u00e7\u00e3o do Plano Municipal de Redu\u00e7\u00e3o de Riscos (PMRR).\",\"inLanguage\":\"pt-BR\",\"potentialAction\":[{\"@type\":\"ReadAction\",\"target\":[\"https:\/\/www.manaus.am.gov.br\/semcom\/plano-reducao-riscos\/\"]}]},{\"@type\":\"ImageObject\",\"inLanguage\":\"pt-BR\",\"@id\":\"https:\/\/www.manaus.am.gov.br\/semcom\/plano-reducao-riscos\/#primaryimage\",\"url\":\"https:\/\/www.manaus.am.gov.br\/semcom\/wp-content\/uploads\/sites\/5\/2025\/08\/Semseg-Plano-2.jpeg\",\"contentUrl\":\"https:\/\/www.manaus.am.gov.br\/semcom\/wp-content\/uploads\/sites\/5\/2025\/08\/Semseg-Plano-2.jpeg\",\"width\":800,\"height\":533,\"caption\":\"#paratodosverem - equipe da Secretaria Executiva de Prote\u00e7\u00e3o e Defesa Civil na apresenta\u00e7\u00e3o do plano.\"},{\"@type\":\"WebSite\",\"@id\":\"https:\/\/www.manaus.am.gov.br\/semcom\/#website\",\"url\":\"https:\/\/www.manaus.am.gov.br\/semcom\/\",\"name\":\"SEMCOM\",\"description\":\"Secretaria Municipal de Comunica\u00e7\u00e3o\",\"potentialAction\":[{\"@type\":\"SearchAction\",\"target\":{\"@type\":\"EntryPoint\",\"urlTemplate\":\"https:\/\/www.manaus.am.gov.br\/semcom\/?s={search_term_string}\"},\"query-input\":\"required name=search_term_string\"}],\"inLanguage\":\"pt-BR\"},{\"@type\":\"Person\",\"@id\":\"https:\/\/www.manaus.am.gov.br\/semcom\/#\/schema\/person\/ab4dcf766a54dff74e8d267f5c591961\",\"name\":\"smonteiro\",\"image\":{\"@type\":\"ImageObject\",\"inLanguage\":\"pt-BR\",\"@id\":\"https:\/\/www.manaus.am.gov.br\/semcom\/#\/schema\/person\/image\/\",\"url\":\"https:\/\/secure.gravatar.com\/avatar\/21c8776ef61d9272c73322052e042d77?s=96&d=mm&r=g\",\"contentUrl\":\"https:\/\/secure.gravatar.com\/avatar\/21c8776ef61d9272c73322052e042d77?s=96&d=mm&r=g\",\"caption\":\"smonteiro\"}}]}<\/script>\n<!-- \/ Yoast SEO plugin. -->","yoast_head_json":{"title":"Prefeitura de Manaus participa da apresenta\u00e7\u00e3o do Plano Municipal de Redu\u00e7\u00e3o de Riscos em parceria com a UFAM e o SGB","description":"A Prefeitura de Manaus, por meio da Secretaria Executiva de Prote\u00e7\u00e3o e Defesa Civil (Sepdec), integrante da Secretaria Municipal de Seguran\u00e7a P\u00fablica e Defesa Social (Semseg), esteve presente nesta quarta-feira, 27\/8, no audit\u00f3rio do Servi\u00e7o Geol\u00f3gico do Brasil (SGB), na apresenta\u00e7\u00e3o do Plano Municipal de Redu\u00e7\u00e3o de Riscos (PMRR).","robots":{"index":"index","follow":"follow","max-snippet":"max-snippet:-1","max-image-preview":"max-image-preview:large","max-video-preview":"max-video-preview:-1"},"canonical":"https:\/\/www.manaus.am.gov.br\/semcom\/plano-reducao-riscos\/","og_locale":"pt_BR","og_type":"article","og_title":"Prefeitura de Manaus participa da apresenta\u00e7\u00e3o do Plano Municipal de Redu\u00e7\u00e3o de Riscos em parceria com a UFAM e o SGB","og_description":"A Prefeitura de Manaus, por meio da Secretaria Executiva de Prote\u00e7\u00e3o e Defesa Civil (Sepdec), integrante da Secretaria Municipal de Seguran\u00e7a P\u00fablica e Defesa Social (Semseg), esteve presente nesta quarta-feira, 27\/8, no audit\u00f3rio do Servi\u00e7o Geol\u00f3gico do Brasil (SGB), na apresenta\u00e7\u00e3o do Plano Municipal de Redu\u00e7\u00e3o de Riscos (PMRR).","og_url":"https:\/\/www.manaus.am.gov.br\/semcom\/plano-reducao-riscos\/","og_site_name":"SEMCOM","article_published_time":"2025-08-28T00:59:03+00:00","article_modified_time":"2025-08-28T00:59:05+00:00","og_image":[{"width":800,"height":533,"url":"https:\/\/www.manaus.am.gov.br\/semcom\/wp-content\/uploads\/sites\/5\/2025\/08\/Semseg-Plano-2.jpeg","type":"image\/jpeg"}],"author":"smonteiro","twitter_card":"summary_large_image","twitter_misc":{"Written by":"smonteiro","Est. reading time":"3 minutos"},"schema":{"@context":"https:\/\/schema.org","@graph":[{"@type":"WebPage","@id":"https:\/\/www.manaus.am.gov.br\/semcom\/plano-reducao-riscos\/","url":"https:\/\/www.manaus.am.gov.br\/semcom\/plano-reducao-riscos\/","name":"Prefeitura de Manaus participa da apresenta\u00e7\u00e3o do Plano Municipal de Redu\u00e7\u00e3o de Riscos em parceria com a UFAM e o SGB","isPartOf":{"@id":"https:\/\/www.manaus.am.gov.br\/semcom\/#website"},"primaryImageOfPage":{"@id":"https:\/\/www.manaus.am.gov.br\/semcom\/plano-reducao-riscos\/#primaryimage"},"image":{"@id":"https:\/\/www.manaus.am.gov.br\/semcom\/plano-reducao-riscos\/#primaryimage"},"thumbnailUrl":"https:\/\/www.manaus.am.gov.br\/semcom\/wp-content\/uploads\/sites\/5\/2025\/08\/Semseg-Plano-2.jpeg","datePublished":"2025-08-28T00:59:03+00:00","dateModified":"2025-08-28T00:59:05+00:00","author":{"@id":"https:\/\/www.manaus.am.gov.br\/semcom\/#\/schema\/person\/ab4dcf766a54dff74e8d267f5c591961"},"description":"A Prefeitura de Manaus, por meio da Secretaria Executiva de Prote\u00e7\u00e3o e Defesa Civil (Sepdec), integrante da Secretaria Municipal de Seguran\u00e7a P\u00fablica e Defesa Social (Semseg), esteve presente nesta quarta-feira, 27\/8, no audit\u00f3rio do Servi\u00e7o Geol\u00f3gico do Brasil (SGB), na apresenta\u00e7\u00e3o do Plano Municipal de Redu\u00e7\u00e3o de Riscos (PMRR).","inLanguage":"pt-BR","potentialAction":[{"@type":"ReadAction","target":["https:\/\/www.manaus.am.gov.br\/semcom\/plano-reducao-riscos\/"]}]},{"@type":"ImageObject","inLanguage":"pt-BR","@id":"https:\/\/www.manaus.am.gov.br\/semcom\/plano-reducao-riscos\/#primaryimage","url":"https:\/\/www.manaus.am.gov.br\/semcom\/wp-content\/uploads\/sites\/5\/2025\/08\/Semseg-Plano-2.jpeg","contentUrl":"https:\/\/www.manaus.am.gov.br\/semcom\/wp-content\/uploads\/sites\/5\/2025\/08\/Semseg-Plano-2.jpeg","width":800,"height":533,"caption":"#paratodosverem - equipe da Secretaria Executiva de Prote\u00e7\u00e3o e Defesa Civil na apresenta\u00e7\u00e3o do plano."},{"@type":"WebSite","@id":"https:\/\/www.manaus.am.gov.br\/semcom\/#website","url":"https:\/\/www.manaus.am.gov.br\/semcom\/","name":"SEMCOM","description":"Secretaria Municipal de Comunica\u00e7\u00e3o","potentialAction":[{"@type":"SearchAction","target":{"@type":"EntryPoint","urlTemplate":"https:\/\/www.manaus.am.gov.br\/semcom\/?s={search_term_string}"},"query-input":"required name=search_term_string"}],"inLanguage":"pt-BR"},{"@type":"Person","@id":"https:\/\/www.manaus.am.gov.br\/semcom\/#\/schema\/person\/ab4dcf766a54dff74e8d267f5c591961","name":"smonteiro","image":{"@type":"ImageObject","inLanguage":"pt-BR","@id":"https:\/\/www.manaus.am.gov.br\/semcom\/#\/schema\/person\/image\/","url":"https:\/\/secure.gravatar.com\/avatar\/21c8776ef61d9272c73322052e042d77?s=96&d=mm&r=g","contentUrl":"https:\/\/secure.gravatar.com\/avatar\/21c8776ef61d9272c73322052e042d77?s=96&d=mm&r=g","caption":"smonteiro"}}]}},"_links":{"self":[{"href":"https:\/\/www.manaus.am.gov.br\/semcom\/wp-json\/wp\/v2\/posts\/244559"}],"collection":[{"href":"https:\/\/www.manaus.am.gov.br\/semcom\/wp-json\/wp\/v2\/posts"}],"about":[{"href":"https:\/\/www.manaus.am.gov.br\/semcom\/wp-json\/wp\/v2\/types\/post"}],"author":[{"embeddable":true,"href":"https:\/\/www.manaus.am.gov.br\/semcom\/wp-json\/wp\/v2\/users\/61"}],"replies":[{"embeddable":true,"href":"https:\/\/www.manaus.am.gov.br\/semcom\/wp-json\/wp\/v2\/comments?post=244559"}],"version-history":[{"count":0,"href":"https:\/\/www.manaus.am.gov.br\/semcom\/wp-json\/wp\/v2\/posts\/244559\/revisions"}],"wp:featuredmedia":[{"embeddable":true,"href":"https:\/\/www.manaus.am.gov.br\/semcom\/wp-json\/wp\/v2\/media\/244560"}],"wp:attachment":[{"href":"https:\/\/www.manaus.am.gov.br\/semcom\/wp-json\/wp\/v2\/media?parent=244559"}],"wp:term":[{"taxonomy":"category","embeddable":true,"href":"https:\/\/www.manaus.am.gov.br\/semcom\/wp-json\/wp\/v2\/categories?post=244559"},{"taxonomy":"post_tag","embeddable":true,"href":"https:\/\/www.manaus.am.gov.br\/semcom\/wp-json\/wp\/v2\/tags?post=244559"}],"curies":[{"name":"wp","href":"https:\/\/api.w.org\/{rel}","templated":true}]}}