{"id":244517,"date":"2025-08-27T16:36:21","date_gmt":"2025-08-27T19:36:21","guid":{"rendered":"https:\/\/www.manaus.am.gov.br\/semcom\/orientacoes-violencia-mulher\/"},"modified":"2025-08-27T16:36:22","modified_gmt":"2025-08-27T19:36:22","slug":"orientacoes-violencia-mulher","status":"publish","type":"post","link":"https:\/\/www.manaus.am.gov.br\/semcom\/orientacoes-violencia-mulher\/","title":{"rendered":"Servidores da Semad recebem orienta\u00e7\u00f5es sobre combate \u00e0 viol\u00eancia contra a mulher"},"content":{"rendered":"\n<p>Servidores da secretaria de Administra\u00e7\u00e3o, Planejamento e Gest\u00e3o (Semad), da Prefeitura de Manaus, participaram, na manh\u00e3 desta quarta-feira, 27\/8, de uma palestra sobre \u201cViol\u00eancia contra a Mulher\u201d. O evento, coordenado pela Divis\u00e3o de Servi\u00e7o Social, do Departamento de Sistema de Gest\u00e3o de Pessoas (DSGP) da secretaria, fez parte das atividades do \u201cAgosto Lil\u00e1s\u201d, campanha de conscientiza\u00e7\u00e3o pelo fim da viol\u00eancia contra a mulher. A palestrante foi a Delegada Adjunta da Delegacia Especializada em Crimes contra a Mulher &#8211; Unidade Centro Sul, Priscilla Orberg.<\/p>\n\n\n\n<p>Ao apresentar a palestra, o subsecret\u00e1rio de Gest\u00e3o de Pessoas da Semad, Alessandro Ribeiro, falou da iniciativa de discutir a tem\u00e1tica com os servidores. \u201cA gest\u00e3o entende a import\u00e2ncia de manter os servidores informados sobre as diversas formas de viol\u00eancia contra a mulher, incluindo a viol\u00eancia f\u00edsica, psicol\u00f3gica, moral, patrimonial e sexual como forma de prevenir que isso ocorra, inclusive no ambiente de trabalho. O \u2018Agosto Lil\u00e1s\u2019 \u00e9 um movimento muito oportuno para que possamos debater essa quest\u00e3o\u201d, disse.<\/p>\n\n\n\n<p>Durante a explana\u00e7\u00e3o, a delegada Priscilla Orberg abordou as variadas nuances da viol\u00eancia, como ela ocorre, como se defender e a legisla\u00e7\u00e3o que assegura a integridade das mulheres, como a Lei Maria da Penha.<\/p>\n\n\n\n<p>Graduada pela Faculdade de Direito, da Universidade Presbiteriana Mackenzie; Priscilla tamb\u00e9m \u00e9 p\u00f3s-graduada em Direito Penal, pela Funda\u00e7\u00e3o Get\u00falio Vargas (FGV); advogada por 6 anos, aprovada em 7\u00ba lugar no concurso da Pol\u00edcia Civil do Estado do Amazonas, atua\u00e7\u00e3o em Nhamund\u00e1 e Parintins, al\u00e9m da Delegacia da Mulher.&nbsp;&nbsp;<\/p>\n\n\n\n<p>\u201cO mais importante nessa batalha de enfrentamento da viol\u00eancia contra a mulher \u00e9 n\u00e3o ficar calada. Nossas equipes da Delegacia da Mulher est\u00e3o sempre prontas para acolher e orientar as v\u00edtimas\u201d, disse a delegada.<\/p>\n\n\n\n<p>Representando o titular da Semad, C\u00e9lio Guedes, o subsecret\u00e1rio de Gest\u00e3o de Processos, Alexandre do Carmo, disse que a viol\u00eancia contra a mulher, especialmente com rela\u00e7\u00e3o a ass\u00e9dio, \u00e9 algo para o que todos devem estar atentos. \u201cImportante destacar que a neuroci\u00eancia mostra a qu\u00e3o danosa \u00e9, ao c\u00e9rebro, uma m\u00ednima interven\u00e7\u00e3o relacionada \u00e0 viol\u00eancia contra a mulher. N\u00f3s, da gest\u00e3o, \u00e0 parte da quest\u00e3o administrativa, percebemos que, mais do que nunca, esse assunto deve ser tratado de forma cotidiana, qualquer que seja o ator da viol\u00eancia. Nossa orienta\u00e7\u00e3o \u00e9 no sentido de que, havendo desconforto, n\u00e3o precisa esperar a situa\u00e7\u00e3o de repetir, falem, n\u00e3o silenciem. Seguindo a orienta\u00e7\u00e3o do prefeito David Almeida, estamos prontos para acolher e dar a condu\u00e7\u00e3o mais adequada para casos dessa natureza que porventura venham a ocorrer no ambiente de trabalho\u201d, assegurou.<\/p>\n\n\n\n<p>&#8212; &#8212; &#8212;<\/p>\n\n\n\n<p><strong>Texto<\/strong>&nbsp;\u2013 Sandra Monteiro \/ Semad<\/p>\n\n\n\n<p><strong>Fotos<\/strong>&nbsp;\u2013 Sidney William \/ Semad<\/p>\n","protected":false},"excerpt":{"rendered":"","protected":false},"author":61,"featured_media":244519,"comment_status":"closed","ping_status":"closed","sticky":false,"template":"","format":"standard","meta":{"footnotes":""},"categories":[3177],"tags":[6728,35,293,77,838,6729],"acf":[],"yoast_head":"<!-- This site is optimized with the Yoast SEO plugin v23.0 - https:\/\/yoast.com\/wordpress\/plugins\/seo\/ -->\n<title>Servidores da Semad recebem orienta\u00e7\u00f5es sobre combate \u00e0 viol\u00eancia contra a mulher<\/title>\n<meta name=\"description\" content=\"Servidores da secretaria de Administra\u00e7\u00e3o, Planejamento e Gest\u00e3o (Semad), da Prefeitura de Manaus, participaram, na manh\u00e3 desta quarta-feira, 27\/8, de uma palestra sobre \u201cViol\u00eancia contra a Mulher\u201d.\" \/>\n<meta name=\"robots\" content=\"index, follow, max-snippet:-1, max-image-preview:large, max-video-preview:-1\" \/>\n<link rel=\"canonical\" href=\"https:\/\/www.manaus.am.gov.br\/semcom\/orientacoes-violencia-mulher\/\" \/>\n<meta property=\"og:locale\" content=\"pt_BR\" \/>\n<meta property=\"og:type\" content=\"article\" \/>\n<meta property=\"og:title\" content=\"Servidores da Semad recebem orienta\u00e7\u00f5es sobre combate \u00e0 viol\u00eancia contra a mulher\" \/>\n<meta property=\"og:description\" content=\"Servidores da secretaria de Administra\u00e7\u00e3o, Planejamento e Gest\u00e3o (Semad), da Prefeitura de Manaus, participaram, na manh\u00e3 desta quarta-feira, 27\/8, de uma palestra sobre \u201cViol\u00eancia contra a Mulher\u201d.\" \/>\n<meta property=\"og:url\" content=\"https:\/\/www.manaus.am.gov.br\/semcom\/orientacoes-violencia-mulher\/\" \/>\n<meta property=\"og:site_name\" content=\"SEMCOM\" \/>\n<meta property=\"article:published_time\" content=\"2025-08-27T19:36:21+00:00\" \/>\n<meta property=\"article:modified_time\" content=\"2025-08-27T19:36:22+00:00\" \/>\n<meta property=\"og:image\" content=\"https:\/\/www.manaus.am.gov.br\/semcom\/wp-content\/uploads\/sites\/5\/2025\/08\/Semad-Palestra-Agosto-Lilas-8.jpg\" \/>\n\t<meta property=\"og:image:width\" content=\"800\" \/>\n\t<meta property=\"og:image:height\" content=\"600\" \/>\n\t<meta property=\"og:image:type\" content=\"image\/jpeg\" \/>\n<meta name=\"author\" content=\"smonteiro\" \/>\n<meta name=\"twitter:card\" content=\"summary_large_image\" \/>\n<meta name=\"twitter:label1\" content=\"Written by\" \/>\n\t<meta name=\"twitter:data1\" content=\"smonteiro\" \/>\n\t<meta name=\"twitter:label2\" content=\"Est. reading time\" \/>\n\t<meta name=\"twitter:data2\" content=\"3 minutos\" \/>\n<script type=\"application\/ld+json\" class=\"yoast-schema-graph\">{\"@context\":\"https:\/\/schema.org\",\"@graph\":[{\"@type\":\"WebPage\",\"@id\":\"https:\/\/www.manaus.am.gov.br\/semcom\/orientacoes-violencia-mulher\/\",\"url\":\"https:\/\/www.manaus.am.gov.br\/semcom\/orientacoes-violencia-mulher\/\",\"name\":\"Servidores da Semad recebem orienta\u00e7\u00f5es sobre combate \u00e0 viol\u00eancia contra a mulher\",\"isPartOf\":{\"@id\":\"https:\/\/www.manaus.am.gov.br\/semcom\/#website\"},\"primaryImageOfPage\":{\"@id\":\"https:\/\/www.manaus.am.gov.br\/semcom\/orientacoes-violencia-mulher\/#primaryimage\"},\"image\":{\"@id\":\"https:\/\/www.manaus.am.gov.br\/semcom\/orientacoes-violencia-mulher\/#primaryimage\"},\"thumbnailUrl\":\"https:\/\/www.manaus.am.gov.br\/semcom\/wp-content\/uploads\/sites\/5\/2025\/08\/Semad-Palestra-Agosto-Lilas-8.jpg\",\"datePublished\":\"2025-08-27T19:36:21+00:00\",\"dateModified\":\"2025-08-27T19:36:22+00:00\",\"author\":{\"@id\":\"https:\/\/www.manaus.am.gov.br\/semcom\/#\/schema\/person\/ab4dcf766a54dff74e8d267f5c591961\"},\"description\":\"Servidores da secretaria de Administra\u00e7\u00e3o, Planejamento e Gest\u00e3o (Semad), da Prefeitura de Manaus, participaram, na manh\u00e3 desta quarta-feira, 27\/8, de uma palestra sobre \u201cViol\u00eancia contra a Mulher\u201d.\",\"inLanguage\":\"pt-BR\",\"potentialAction\":[{\"@type\":\"ReadAction\",\"target\":[\"https:\/\/www.manaus.am.gov.br\/semcom\/orientacoes-violencia-mulher\/\"]}]},{\"@type\":\"ImageObject\",\"inLanguage\":\"pt-BR\",\"@id\":\"https:\/\/www.manaus.am.gov.br\/semcom\/orientacoes-violencia-mulher\/#primaryimage\",\"url\":\"https:\/\/www.manaus.am.gov.br\/semcom\/wp-content\/uploads\/sites\/5\/2025\/08\/Semad-Palestra-Agosto-Lilas-8.jpg\",\"contentUrl\":\"https:\/\/www.manaus.am.gov.br\/semcom\/wp-content\/uploads\/sites\/5\/2025\/08\/Semad-Palestra-Agosto-Lilas-8.jpg\",\"width\":800,\"height\":600,\"caption\":\"#paratodosverem - momentos da palestra sobre viol\u00eancia contra a muher na Semad\"},{\"@type\":\"WebSite\",\"@id\":\"https:\/\/www.manaus.am.gov.br\/semcom\/#website\",\"url\":\"https:\/\/www.manaus.am.gov.br\/semcom\/\",\"name\":\"SEMCOM\",\"description\":\"Secretaria Municipal de Comunica\u00e7\u00e3o\",\"potentialAction\":[{\"@type\":\"SearchAction\",\"target\":{\"@type\":\"EntryPoint\",\"urlTemplate\":\"https:\/\/www.manaus.am.gov.br\/semcom\/?s={search_term_string}\"},\"query-input\":\"required name=search_term_string\"}],\"inLanguage\":\"pt-BR\"},{\"@type\":\"Person\",\"@id\":\"https:\/\/www.manaus.am.gov.br\/semcom\/#\/schema\/person\/ab4dcf766a54dff74e8d267f5c591961\",\"name\":\"smonteiro\",\"image\":{\"@type\":\"ImageObject\",\"inLanguage\":\"pt-BR\",\"@id\":\"https:\/\/www.manaus.am.gov.br\/semcom\/#\/schema\/person\/image\/\",\"url\":\"https:\/\/secure.gravatar.com\/avatar\/21c8776ef61d9272c73322052e042d77?s=96&d=mm&r=g\",\"contentUrl\":\"https:\/\/secure.gravatar.com\/avatar\/21c8776ef61d9272c73322052e042d77?s=96&d=mm&r=g\",\"caption\":\"smonteiro\"}}]}<\/script>\n<!-- \/ Yoast SEO plugin. -->","yoast_head_json":{"title":"Servidores da Semad recebem orienta\u00e7\u00f5es sobre combate \u00e0 viol\u00eancia contra a mulher","description":"Servidores da secretaria de Administra\u00e7\u00e3o, Planejamento e Gest\u00e3o (Semad), da Prefeitura de Manaus, participaram, na manh\u00e3 desta quarta-feira, 27\/8, de uma palestra sobre \u201cViol\u00eancia contra a Mulher\u201d.","robots":{"index":"index","follow":"follow","max-snippet":"max-snippet:-1","max-image-preview":"max-image-preview:large","max-video-preview":"max-video-preview:-1"},"canonical":"https:\/\/www.manaus.am.gov.br\/semcom\/orientacoes-violencia-mulher\/","og_locale":"pt_BR","og_type":"article","og_title":"Servidores da Semad recebem orienta\u00e7\u00f5es sobre combate \u00e0 viol\u00eancia contra a mulher","og_description":"Servidores da secretaria de Administra\u00e7\u00e3o, Planejamento e Gest\u00e3o (Semad), da Prefeitura de Manaus, participaram, na manh\u00e3 desta quarta-feira, 27\/8, de uma palestra sobre \u201cViol\u00eancia contra a Mulher\u201d.","og_url":"https:\/\/www.manaus.am.gov.br\/semcom\/orientacoes-violencia-mulher\/","og_site_name":"SEMCOM","article_published_time":"2025-08-27T19:36:21+00:00","article_modified_time":"2025-08-27T19:36:22+00:00","og_image":[{"width":800,"height":600,"url":"https:\/\/www.manaus.am.gov.br\/semcom\/wp-content\/uploads\/sites\/5\/2025\/08\/Semad-Palestra-Agosto-Lilas-8.jpg","type":"image\/jpeg"}],"author":"smonteiro","twitter_card":"summary_large_image","twitter_misc":{"Written by":"smonteiro","Est. reading time":"3 minutos"},"schema":{"@context":"https:\/\/schema.org","@graph":[{"@type":"WebPage","@id":"https:\/\/www.manaus.am.gov.br\/semcom\/orientacoes-violencia-mulher\/","url":"https:\/\/www.manaus.am.gov.br\/semcom\/orientacoes-violencia-mulher\/","name":"Servidores da Semad recebem orienta\u00e7\u00f5es sobre combate \u00e0 viol\u00eancia contra a mulher","isPartOf":{"@id":"https:\/\/www.manaus.am.gov.br\/semcom\/#website"},"primaryImageOfPage":{"@id":"https:\/\/www.manaus.am.gov.br\/semcom\/orientacoes-violencia-mulher\/#primaryimage"},"image":{"@id":"https:\/\/www.manaus.am.gov.br\/semcom\/orientacoes-violencia-mulher\/#primaryimage"},"thumbnailUrl":"https:\/\/www.manaus.am.gov.br\/semcom\/wp-content\/uploads\/sites\/5\/2025\/08\/Semad-Palestra-Agosto-Lilas-8.jpg","datePublished":"2025-08-27T19:36:21+00:00","dateModified":"2025-08-27T19:36:22+00:00","author":{"@id":"https:\/\/www.manaus.am.gov.br\/semcom\/#\/schema\/person\/ab4dcf766a54dff74e8d267f5c591961"},"description":"Servidores da secretaria de Administra\u00e7\u00e3o, Planejamento e Gest\u00e3o (Semad), da Prefeitura de Manaus, participaram, na manh\u00e3 desta quarta-feira, 27\/8, de uma palestra sobre \u201cViol\u00eancia contra a Mulher\u201d.","inLanguage":"pt-BR","potentialAction":[{"@type":"ReadAction","target":["https:\/\/www.manaus.am.gov.br\/semcom\/orientacoes-violencia-mulher\/"]}]},{"@type":"ImageObject","inLanguage":"pt-BR","@id":"https:\/\/www.manaus.am.gov.br\/semcom\/orientacoes-violencia-mulher\/#primaryimage","url":"https:\/\/www.manaus.am.gov.br\/semcom\/wp-content\/uploads\/sites\/5\/2025\/08\/Semad-Palestra-Agosto-Lilas-8.jpg","contentUrl":"https:\/\/www.manaus.am.gov.br\/semcom\/wp-content\/uploads\/sites\/5\/2025\/08\/Semad-Palestra-Agosto-Lilas-8.jpg","width":800,"height":600,"caption":"#paratodosverem - momentos da palestra sobre viol\u00eancia contra a muher na Semad"},{"@type":"WebSite","@id":"https:\/\/www.manaus.am.gov.br\/semcom\/#website","url":"https:\/\/www.manaus.am.gov.br\/semcom\/","name":"SEMCOM","description":"Secretaria Municipal de Comunica\u00e7\u00e3o","potentialAction":[{"@type":"SearchAction","target":{"@type":"EntryPoint","urlTemplate":"https:\/\/www.manaus.am.gov.br\/semcom\/?s={search_term_string}"},"query-input":"required name=search_term_string"}],"inLanguage":"pt-BR"},{"@type":"Person","@id":"https:\/\/www.manaus.am.gov.br\/semcom\/#\/schema\/person\/ab4dcf766a54dff74e8d267f5c591961","name":"smonteiro","image":{"@type":"ImageObject","inLanguage":"pt-BR","@id":"https:\/\/www.manaus.am.gov.br\/semcom\/#\/schema\/person\/image\/","url":"https:\/\/secure.gravatar.com\/avatar\/21c8776ef61d9272c73322052e042d77?s=96&d=mm&r=g","contentUrl":"https:\/\/secure.gravatar.com\/avatar\/21c8776ef61d9272c73322052e042d77?s=96&d=mm&r=g","caption":"smonteiro"}}]}},"_links":{"self":[{"href":"https:\/\/www.manaus.am.gov.br\/semcom\/wp-json\/wp\/v2\/posts\/244517"}],"collection":[{"href":"https:\/\/www.manaus.am.gov.br\/semcom\/wp-json\/wp\/v2\/posts"}],"about":[{"href":"https:\/\/www.manaus.am.gov.br\/semcom\/wp-json\/wp\/v2\/types\/post"}],"author":[{"embeddable":true,"href":"https:\/\/www.manaus.am.gov.br\/semcom\/wp-json\/wp\/v2\/users\/61"}],"replies":[{"embeddable":true,"href":"https:\/\/www.manaus.am.gov.br\/semcom\/wp-json\/wp\/v2\/comments?post=244517"}],"version-history":[{"count":0,"href":"https:\/\/www.manaus.am.gov.br\/semcom\/wp-json\/wp\/v2\/posts\/244517\/revisions"}],"wp:featuredmedia":[{"embeddable":true,"href":"https:\/\/www.manaus.am.gov.br\/semcom\/wp-json\/wp\/v2\/media\/244519"}],"wp:attachment":[{"href":"https:\/\/www.manaus.am.gov.br\/semcom\/wp-json\/wp\/v2\/media?parent=244517"}],"wp:term":[{"taxonomy":"category","embeddable":true,"href":"https:\/\/www.manaus.am.gov.br\/semcom\/wp-json\/wp\/v2\/categories?post=244517"},{"taxonomy":"post_tag","embeddable":true,"href":"https:\/\/www.manaus.am.gov.br\/semcom\/wp-json\/wp\/v2\/tags?post=244517"}],"curies":[{"name":"wp","href":"https:\/\/api.w.org\/{rel}","templated":true}]}}