{"id":244513,"date":"2025-08-27T15:58:18","date_gmt":"2025-08-27T18:58:18","guid":{"rendered":"https:\/\/www.manaus.am.gov.br\/semcom\/limpeza-visual-rua-doutor-moreira\/"},"modified":"2025-08-27T15:58:18","modified_gmt":"2025-08-27T18:58:18","slug":"limpeza-visual-rua-doutor-moreira","status":"publish","type":"post","link":"https:\/\/www.manaus.am.gov.br\/semcom\/limpeza-visual-rua-doutor-moreira\/","title":{"rendered":"Prefeitura avan\u00e7a na limpeza visual com nova opera\u00e7\u00e3o na rua Doutor Moreira como parte do \u2018Mutir\u00e3o no Bairro\u2019 no Centro"},"content":{"rendered":"\n<p>Avan\u00e7ando no trabalho para devolver a limpeza visual, seguran\u00e7a e a ordem \u00e0s ruas do centro hist\u00f3rico, a Prefeitura de Manaus, por meio do Instituto Municipal de Planejamento Urbano (Implurb), realizou, nesta quarta-feira, 27\/8, a quarta opera\u00e7\u00e3o de retirada de fios e cabos obsoletos dos postes de energia el\u00e9trica como parte do \u201cMutir\u00e3o no Bairro\u201d. Desta vez, a a\u00e7\u00e3o ocorreu na rua Doutor Moreira, via tradicional da \u00e1rea central que integra o cora\u00e7\u00e3o do com\u00e9rcio popular da cidade.<\/p>\n\n\n\n<p>Com a opera\u00e7\u00e3o desta quarta-feira, a remo\u00e7\u00e3o chega a mais de 1,6 tonelada de cabos mortos e sem uso retirados da rede. O ac\u00famulo desses materiais, al\u00e9m de poluir a paisagem, gera riscos de acidentes, quedas de energia e at\u00e9 inc\u00eandios.<\/p>\n\n\n\n<p>\u201cHoje estamos aqui, na Doutor Moreira, cumprindo uma determina\u00e7\u00e3o do prefeito David Almeida e do vice-prefeito Renato J\u00fanior de reordenar o Centro, combatendo a polui\u00e7\u00e3o visual e garantindo mais seguran\u00e7a para todos\u201d, destacou o vice-presidente do Implurb, Antonio Peixoto.<\/p>\n\n\n\n<p>Al\u00e9m do Implurb, a opera\u00e7\u00e3o conta com o apoio da concession\u00e1ria Amazonas Energia, empresas de telefonia e internet, e equipes da Secretaria Municipal de Seguran\u00e7a P\u00fablica e Defesa Social (Semseg) e da Guarda Municipal, que auxiliam os trabalhos.<\/p>\n\n\n\n<p>Quem circula diariamente pela rua Doutor Moreira j\u00e1 sente o impacto da mudan\u00e7a. \u201cJ\u00e1 teve risco da gente ficar no escuro por causa de fio pipocando. Agora, com a limpeza, vai melhorar nossa rotina e at\u00e9 o movimento no com\u00e9rcio\u201d, relatou a vendedora Elaine Xavier, de 46 anos, que trabalha h\u00e1 uma d\u00e9cada na regi\u00e3o.<\/p>\n\n\n\n<p>Para Boaventura Alves, de 58 anos, comerciante h\u00e1 25 anos na mesma via, \u00e0 frente do lanche do Bar\u00e3o, a opera\u00e7\u00e3o j\u00e1 est\u00e1 fazendo toda a diferen\u00e7a no local. \u201cCidade limpa atrai turista, atrai cliente. A rua fica mais apresent\u00e1vel, d\u00e1 vontade de comprar e passear\u201d, pontuou.<\/p>\n\n\n\n<p>J\u00e1 a auxiliar de cozinha Neila Rodrigues, que trabalha na regi\u00e3o h\u00e1 mais de 20 anos, nunca tinha visto uma a\u00e7\u00e3o similar antes, passando pela rua. \u201cEsses cabos soltos podem causar acidente grave. Al\u00e9m disso, com a retirada, visualmente fica tudo mais bonito e organizado. Acredito ser um trabalho positivo para todos\u201d, completou.<\/p>\n\n\n\n<p>O \u201cMutir\u00e3o no Bairro\u201d \u00e9 mais que uma opera\u00e7\u00e3o t\u00e9cnica, \u00e9 um resgate do Centro para quem vive, trabalha e visita Manaus. Os materiais retirados abrem espa\u00e7o para ruas mais seguras, atrativas e movimentadas. Ao lado da retirada de cabos, o Implurb prepara novas etapas de revitaliza\u00e7\u00e3o e reorganiza\u00e7\u00e3o urban\u00edstica para a regi\u00e3o.<\/p>\n\n\n\n<p>&#8212; &#8212; &#8212;<\/p>\n\n\n\n<p><strong>Texto &#8211;<\/strong>&nbsp;Cl\u00e1udia do Valle\/Implurb<\/p>\n\n\n\n<p><strong>Fotos <\/strong>&#8211; Valdo Le\u00e3o\/Semcom<\/p>\n\n\n\n<p><strong>Dispon\u00edveis em \u2013 <\/strong><a href=\"https:\/\/flic.kr\/s\/aHBqjCsdsi\">https:\/\/flic.kr\/s\/aHBqjCsdsi<\/a><\/p>\n","protected":false},"excerpt":{"rendered":"","protected":false},"author":39,"featured_media":244514,"comment_status":"closed","ping_status":"closed","sticky":false,"template":"","format":"standard","meta":{"footnotes":""},"categories":[2069],"tags":[16524,65,16525,16526,77,16527],"acf":[],"yoast_head":"<!-- This site is optimized with the Yoast SEO plugin v23.0 - https:\/\/yoast.com\/wordpress\/plugins\/seo\/ -->\n<title>Prefeitura avan\u00e7a na limpeza visual na rua Doutor Moreira<\/title>\n<meta name=\"description\" content=\"Prefeitura avan\u00e7a na limpeza visual com nova opera\u00e7\u00e3o na rua Doutor Moreira como parte do \u2018Mutir\u00e3o no Bairro\u2019 no Centro.\" \/>\n<meta name=\"robots\" content=\"index, follow, max-snippet:-1, max-image-preview:large, max-video-preview:-1\" \/>\n<link rel=\"canonical\" href=\"https:\/\/www.manaus.am.gov.br\/semcom\/limpeza-visual-rua-doutor-moreira\/\" \/>\n<meta property=\"og:locale\" content=\"pt_BR\" \/>\n<meta property=\"og:type\" content=\"article\" \/>\n<meta property=\"og:title\" content=\"Prefeitura avan\u00e7a na limpeza visual na rua Doutor Moreira\" \/>\n<meta property=\"og:description\" content=\"Prefeitura avan\u00e7a na limpeza visual com nova opera\u00e7\u00e3o na rua Doutor Moreira como parte do \u2018Mutir\u00e3o no Bairro\u2019 no Centro.\" \/>\n<meta property=\"og:url\" content=\"https:\/\/www.manaus.am.gov.br\/semcom\/limpeza-visual-rua-doutor-moreira\/\" \/>\n<meta property=\"og:site_name\" content=\"SEMCOM\" \/>\n<meta property=\"article:published_time\" content=\"2025-08-27T18:58:18+00:00\" \/>\n<meta property=\"og:image\" content=\"https:\/\/www.manaus.am.gov.br\/semcom\/wp-content\/uploads\/sites\/5\/2025\/08\/54748675619_a3d1576b39_k.jpg\" \/>\n\t<meta property=\"og:image:width\" content=\"2048\" \/>\n\t<meta property=\"og:image:height\" content=\"1365\" \/>\n\t<meta property=\"og:image:type\" content=\"image\/jpeg\" \/>\n<meta name=\"author\" content=\"Bruna Greco\" \/>\n<meta name=\"twitter:card\" content=\"summary_large_image\" \/>\n<meta name=\"twitter:label1\" content=\"Written by\" \/>\n\t<meta name=\"twitter:data1\" content=\"Bruna Greco\" \/>\n\t<meta name=\"twitter:label2\" content=\"Est. reading time\" \/>\n\t<meta name=\"twitter:data2\" content=\"3 minutos\" \/>\n<script type=\"application\/ld+json\" class=\"yoast-schema-graph\">{\"@context\":\"https:\/\/schema.org\",\"@graph\":[{\"@type\":\"WebPage\",\"@id\":\"https:\/\/www.manaus.am.gov.br\/semcom\/limpeza-visual-rua-doutor-moreira\/\",\"url\":\"https:\/\/www.manaus.am.gov.br\/semcom\/limpeza-visual-rua-doutor-moreira\/\",\"name\":\"Prefeitura avan\u00e7a na limpeza visual na rua Doutor Moreira\",\"isPartOf\":{\"@id\":\"https:\/\/www.manaus.am.gov.br\/semcom\/#website\"},\"primaryImageOfPage\":{\"@id\":\"https:\/\/www.manaus.am.gov.br\/semcom\/limpeza-visual-rua-doutor-moreira\/#primaryimage\"},\"image\":{\"@id\":\"https:\/\/www.manaus.am.gov.br\/semcom\/limpeza-visual-rua-doutor-moreira\/#primaryimage\"},\"thumbnailUrl\":\"https:\/\/www.manaus.am.gov.br\/semcom\/wp-content\/uploads\/sites\/5\/2025\/08\/54748675619_a3d1576b39_k.jpg\",\"datePublished\":\"2025-08-27T18:58:18+00:00\",\"dateModified\":\"2025-08-27T18:58:18+00:00\",\"author\":{\"@id\":\"https:\/\/www.manaus.am.gov.br\/semcom\/#\/schema\/person\/05d223aea2bf115f9883a6ff3683d81b\"},\"description\":\"Prefeitura avan\u00e7a na limpeza visual com nova opera\u00e7\u00e3o na rua Doutor Moreira como parte do \u2018Mutir\u00e3o no Bairro\u2019 no Centro.\",\"inLanguage\":\"pt-BR\",\"potentialAction\":[{\"@type\":\"ReadAction\",\"target\":[\"https:\/\/www.manaus.am.gov.br\/semcom\/limpeza-visual-rua-doutor-moreira\/\"]}]},{\"@type\":\"ImageObject\",\"inLanguage\":\"pt-BR\",\"@id\":\"https:\/\/www.manaus.am.gov.br\/semcom\/limpeza-visual-rua-doutor-moreira\/#primaryimage\",\"url\":\"https:\/\/www.manaus.am.gov.br\/semcom\/wp-content\/uploads\/sites\/5\/2025\/08\/54748675619_a3d1576b39_k.jpg\",\"contentUrl\":\"https:\/\/www.manaus.am.gov.br\/semcom\/wp-content\/uploads\/sites\/5\/2025\/08\/54748675619_a3d1576b39_k.jpg\",\"width\":2048,\"height\":1365,\"caption\":\"#paratodosverem - Equipe de redes de telefonia retirando cabos e fios obsoletos dos postes de energia el\u00e9trica da rua Doutor Moreira, no Centro\"},{\"@type\":\"WebSite\",\"@id\":\"https:\/\/www.manaus.am.gov.br\/semcom\/#website\",\"url\":\"https:\/\/www.manaus.am.gov.br\/semcom\/\",\"name\":\"SEMCOM\",\"description\":\"Secretaria Municipal de Comunica\u00e7\u00e3o\",\"potentialAction\":[{\"@type\":\"SearchAction\",\"target\":{\"@type\":\"EntryPoint\",\"urlTemplate\":\"https:\/\/www.manaus.am.gov.br\/semcom\/?s={search_term_string}\"},\"query-input\":\"required name=search_term_string\"}],\"inLanguage\":\"pt-BR\"},{\"@type\":\"Person\",\"@id\":\"https:\/\/www.manaus.am.gov.br\/semcom\/#\/schema\/person\/05d223aea2bf115f9883a6ff3683d81b\",\"name\":\"Bruna Greco\",\"image\":{\"@type\":\"ImageObject\",\"inLanguage\":\"pt-BR\",\"@id\":\"https:\/\/www.manaus.am.gov.br\/semcom\/#\/schema\/person\/image\/\",\"url\":\"https:\/\/secure.gravatar.com\/avatar\/9c877d1a6adc2a055330e5c09a8653ce?s=96&d=mm&r=g\",\"contentUrl\":\"https:\/\/secure.gravatar.com\/avatar\/9c877d1a6adc2a055330e5c09a8653ce?s=96&d=mm&r=g\",\"caption\":\"Bruna Greco\"}}]}<\/script>\n<!-- \/ Yoast SEO plugin. -->","yoast_head_json":{"title":"Prefeitura avan\u00e7a na limpeza visual na rua Doutor Moreira","description":"Prefeitura avan\u00e7a na limpeza visual com nova opera\u00e7\u00e3o na rua Doutor Moreira como parte do \u2018Mutir\u00e3o no Bairro\u2019 no Centro.","robots":{"index":"index","follow":"follow","max-snippet":"max-snippet:-1","max-image-preview":"max-image-preview:large","max-video-preview":"max-video-preview:-1"},"canonical":"https:\/\/www.manaus.am.gov.br\/semcom\/limpeza-visual-rua-doutor-moreira\/","og_locale":"pt_BR","og_type":"article","og_title":"Prefeitura avan\u00e7a na limpeza visual na rua Doutor Moreira","og_description":"Prefeitura avan\u00e7a na limpeza visual com nova opera\u00e7\u00e3o na rua Doutor Moreira como parte do \u2018Mutir\u00e3o no Bairro\u2019 no Centro.","og_url":"https:\/\/www.manaus.am.gov.br\/semcom\/limpeza-visual-rua-doutor-moreira\/","og_site_name":"SEMCOM","article_published_time":"2025-08-27T18:58:18+00:00","og_image":[{"width":2048,"height":1365,"url":"https:\/\/www.manaus.am.gov.br\/semcom\/wp-content\/uploads\/sites\/5\/2025\/08\/54748675619_a3d1576b39_k.jpg","type":"image\/jpeg"}],"author":"Bruna Greco","twitter_card":"summary_large_image","twitter_misc":{"Written by":"Bruna Greco","Est. reading time":"3 minutos"},"schema":{"@context":"https:\/\/schema.org","@graph":[{"@type":"WebPage","@id":"https:\/\/www.manaus.am.gov.br\/semcom\/limpeza-visual-rua-doutor-moreira\/","url":"https:\/\/www.manaus.am.gov.br\/semcom\/limpeza-visual-rua-doutor-moreira\/","name":"Prefeitura avan\u00e7a na limpeza visual na rua Doutor Moreira","isPartOf":{"@id":"https:\/\/www.manaus.am.gov.br\/semcom\/#website"},"primaryImageOfPage":{"@id":"https:\/\/www.manaus.am.gov.br\/semcom\/limpeza-visual-rua-doutor-moreira\/#primaryimage"},"image":{"@id":"https:\/\/www.manaus.am.gov.br\/semcom\/limpeza-visual-rua-doutor-moreira\/#primaryimage"},"thumbnailUrl":"https:\/\/www.manaus.am.gov.br\/semcom\/wp-content\/uploads\/sites\/5\/2025\/08\/54748675619_a3d1576b39_k.jpg","datePublished":"2025-08-27T18:58:18+00:00","dateModified":"2025-08-27T18:58:18+00:00","author":{"@id":"https:\/\/www.manaus.am.gov.br\/semcom\/#\/schema\/person\/05d223aea2bf115f9883a6ff3683d81b"},"description":"Prefeitura avan\u00e7a na limpeza visual com nova opera\u00e7\u00e3o na rua Doutor Moreira como parte do \u2018Mutir\u00e3o no Bairro\u2019 no Centro.","inLanguage":"pt-BR","potentialAction":[{"@type":"ReadAction","target":["https:\/\/www.manaus.am.gov.br\/semcom\/limpeza-visual-rua-doutor-moreira\/"]}]},{"@type":"ImageObject","inLanguage":"pt-BR","@id":"https:\/\/www.manaus.am.gov.br\/semcom\/limpeza-visual-rua-doutor-moreira\/#primaryimage","url":"https:\/\/www.manaus.am.gov.br\/semcom\/wp-content\/uploads\/sites\/5\/2025\/08\/54748675619_a3d1576b39_k.jpg","contentUrl":"https:\/\/www.manaus.am.gov.br\/semcom\/wp-content\/uploads\/sites\/5\/2025\/08\/54748675619_a3d1576b39_k.jpg","width":2048,"height":1365,"caption":"#paratodosverem - Equipe de redes de telefonia retirando cabos e fios obsoletos dos postes de energia el\u00e9trica da rua Doutor Moreira, no Centro"},{"@type":"WebSite","@id":"https:\/\/www.manaus.am.gov.br\/semcom\/#website","url":"https:\/\/www.manaus.am.gov.br\/semcom\/","name":"SEMCOM","description":"Secretaria Municipal de Comunica\u00e7\u00e3o","potentialAction":[{"@type":"SearchAction","target":{"@type":"EntryPoint","urlTemplate":"https:\/\/www.manaus.am.gov.br\/semcom\/?s={search_term_string}"},"query-input":"required name=search_term_string"}],"inLanguage":"pt-BR"},{"@type":"Person","@id":"https:\/\/www.manaus.am.gov.br\/semcom\/#\/schema\/person\/05d223aea2bf115f9883a6ff3683d81b","name":"Bruna Greco","image":{"@type":"ImageObject","inLanguage":"pt-BR","@id":"https:\/\/www.manaus.am.gov.br\/semcom\/#\/schema\/person\/image\/","url":"https:\/\/secure.gravatar.com\/avatar\/9c877d1a6adc2a055330e5c09a8653ce?s=96&d=mm&r=g","contentUrl":"https:\/\/secure.gravatar.com\/avatar\/9c877d1a6adc2a055330e5c09a8653ce?s=96&d=mm&r=g","caption":"Bruna Greco"}}]}},"_links":{"self":[{"href":"https:\/\/www.manaus.am.gov.br\/semcom\/wp-json\/wp\/v2\/posts\/244513"}],"collection":[{"href":"https:\/\/www.manaus.am.gov.br\/semcom\/wp-json\/wp\/v2\/posts"}],"about":[{"href":"https:\/\/www.manaus.am.gov.br\/semcom\/wp-json\/wp\/v2\/types\/post"}],"author":[{"embeddable":true,"href":"https:\/\/www.manaus.am.gov.br\/semcom\/wp-json\/wp\/v2\/users\/39"}],"replies":[{"embeddable":true,"href":"https:\/\/www.manaus.am.gov.br\/semcom\/wp-json\/wp\/v2\/comments?post=244513"}],"version-history":[{"count":0,"href":"https:\/\/www.manaus.am.gov.br\/semcom\/wp-json\/wp\/v2\/posts\/244513\/revisions"}],"wp:featuredmedia":[{"embeddable":true,"href":"https:\/\/www.manaus.am.gov.br\/semcom\/wp-json\/wp\/v2\/media\/244514"}],"wp:attachment":[{"href":"https:\/\/www.manaus.am.gov.br\/semcom\/wp-json\/wp\/v2\/media?parent=244513"}],"wp:term":[{"taxonomy":"category","embeddable":true,"href":"https:\/\/www.manaus.am.gov.br\/semcom\/wp-json\/wp\/v2\/categories?post=244513"},{"taxonomy":"post_tag","embeddable":true,"href":"https:\/\/www.manaus.am.gov.br\/semcom\/wp-json\/wp\/v2\/tags?post=244513"}],"curies":[{"name":"wp","href":"https:\/\/api.w.org\/{rel}","templated":true}]}}