{"id":244470,"date":"2025-08-26T22:36:22","date_gmt":"2025-08-27T01:36:22","guid":{"rendered":"https:\/\/www.manaus.am.gov.br\/semcom\/palestras-parque-idoso\/"},"modified":"2025-08-26T22:36:23","modified_gmt":"2025-08-27T01:36:23","slug":"palestras-parque-idoso","status":"publish","type":"post","link":"https:\/\/www.manaus.am.gov.br\/semcom\/palestras-parque-idoso\/","title":{"rendered":"Prefeitura de Manaus promove ciclo de palestras no Parque Municipal do Idoso"},"content":{"rendered":"\n<p>A Prefeitura de Manaus encerrou, nesta ter\u00e7a-feira, 26\/8, o ciclo de palestras educativas realizado pela Funda\u00e7\u00e3o de Apoio ao Idoso Dr. Thomas (FDT), no Parque Municipal do Idoso (PMI), zona Centro-Sul da capital. A programa\u00e7\u00e3o integrou a campanha nacional \u201cAgosto Lil\u00e1s\u201d, e faz parte do \u201cPrograma Conviver\u201d, iniciativa da prefeitura voltada \u00e0 promo\u00e7\u00e3o de qualidade de vida, socializa\u00e7\u00e3o e protagonismo da pessoa idosa.<\/p>\n\n\n\n<p>A iniciativa contou com a parceria do Minist\u00e9rio P\u00fablico do Amazonas (MPAM) e da Delegacia Especializada de Crimes Contra o Idoso (DECCI), reunindo dezenas de frequentadores do parque em debates sobre preven\u00e7\u00e3o e enfrentamento de diferentes formas de viol\u00eancia \u2014 f\u00edsica, psicol\u00f3gica, sexual, patrimonial, moral e institucional.<\/p>\n\n\n\n<p>Durante as palestras, foram apresentados os canais oficiais de den\u00fancia, como o Disque 100, o 180 e a Central de Atendimento da Prefeitura de Manaus \u2013 Disque Idoso 165, al\u00e9m de orienta\u00e7\u00f5es sobre como identificar sinais de viol\u00eancia e buscar apoio.<\/p>\n\n\n\n<p>O diretor-presidente da FDT, Eduardo Lucas, destacou o papel do Parque Municipal do Idoso como espa\u00e7o de cidadania e informa\u00e7\u00e3o. \u201cTrazer esse debate para o parque refor\u00e7a o compromisso da gest\u00e3o David Almeida em garantir pol\u00edticas p\u00fablicas de prote\u00e7\u00e3o e respeito \u00e0s pessoas idosas. Aqui, nossos frequentadores se tornam multiplicadores de conhecimento, levando a mensagem de conscientiza\u00e7\u00e3o para suas fam\u00edlias e comunidades\u201d.<\/p>\n\n\n\n<p>A delegada titular da DECCI, Larissa Barreto, ressaltou a import\u00e2ncia do di\u00e1logo direto com a popula\u00e7\u00e3o idosa. \u201c\u00c9 fundamental tratar desse tema com os idosos porque mais de 60% das v\u00edtimas de viol\u00eancia contra idosos s\u00e3o mulheres. Muitas vezes, a viol\u00eancia acontece de forma silenciosa, dentro dos lares. A informa\u00e7\u00e3o \u00e9 a ferramenta que fortalece as v\u00edtimas e seus familiares a buscarem ajuda\u201d.<\/p>\n\n\n\n<p>Com o encerramento do ciclo, a Prefeitura de Manaus reafirma o compromisso em ampliar o alcance do \u201cPrograma Conviver\u201d, unindo educa\u00e7\u00e3o, preven\u00e7\u00e3o, lazer e socializa\u00e7\u00e3o em prol da cidadania. A a\u00e7\u00e3o tamb\u00e9m refor\u00e7a a miss\u00e3o do munic\u00edpio de fortalecer a rede de prote\u00e7\u00e3o \u00e0s mulheres e \u00e0s pessoas idosas, garantindo mais seguran\u00e7a, dignidade e qualidade de vida \u00e0 popula\u00e7\u00e3o.<\/p>\n\n\n\n<p>&#8212; &#8212; &#8212;<\/p>\n\n\n\n<p><strong>Texto<\/strong> &#8211; F\u00e1bio Sim\u00f5es \/ FDT<\/p>\n\n\n\n<p><strong>Fotos<\/strong> &#8211; Georgia Varela \/ FDT<\/p>\n","protected":false},"excerpt":{"rendered":"","protected":false},"author":61,"featured_media":244471,"comment_status":"closed","ping_status":"closed","sticky":false,"template":"","format":"standard","meta":{"footnotes":""},"categories":[7843],"tags":[6728,10671,77],"acf":[],"yoast_head":"<!-- This site is optimized with the Yoast SEO plugin v23.0 - https:\/\/yoast.com\/wordpress\/plugins\/seo\/ -->\n<title>Prefeitura de Manaus promove ciclo de palestras no Parque Municipal do Idoso<\/title>\n<meta name=\"description\" content=\"A Prefeitura de Manaus encerrou, nesta ter\u00e7a-feira, 26\/8, o ciclo de palestras educativas realizado pela Funda\u00e7\u00e3o de Apoio ao Idoso Dr. Thomas (FDT), no Parque Municipal do Idoso (PMI).\" \/>\n<meta name=\"robots\" content=\"index, follow, max-snippet:-1, max-image-preview:large, max-video-preview:-1\" \/>\n<link rel=\"canonical\" href=\"https:\/\/www.manaus.am.gov.br\/semcom\/palestras-parque-idoso\/\" \/>\n<meta property=\"og:locale\" content=\"pt_BR\" \/>\n<meta property=\"og:type\" content=\"article\" \/>\n<meta property=\"og:title\" content=\"Prefeitura de Manaus promove ciclo de palestras no Parque Municipal do Idoso\" \/>\n<meta property=\"og:description\" content=\"A Prefeitura de Manaus encerrou, nesta ter\u00e7a-feira, 26\/8, o ciclo de palestras educativas realizado pela Funda\u00e7\u00e3o de Apoio ao Idoso Dr. Thomas (FDT), no Parque Municipal do Idoso (PMI).\" \/>\n<meta property=\"og:url\" content=\"https:\/\/www.manaus.am.gov.br\/semcom\/palestras-parque-idoso\/\" \/>\n<meta property=\"og:site_name\" content=\"SEMCOM\" \/>\n<meta property=\"article:published_time\" content=\"2025-08-27T01:36:22+00:00\" \/>\n<meta property=\"article:modified_time\" content=\"2025-08-27T01:36:23+00:00\" \/>\n<meta property=\"og:image\" content=\"https:\/\/www.manaus.am.gov.br\/semcom\/wp-content\/uploads\/sites\/5\/2025\/08\/FDT-Agosto-Lilas-4.jpeg\" \/>\n\t<meta property=\"og:image:width\" content=\"800\" \/>\n\t<meta property=\"og:image:height\" content=\"600\" \/>\n\t<meta property=\"og:image:type\" content=\"image\/jpeg\" \/>\n<meta name=\"author\" content=\"smonteiro\" \/>\n<meta name=\"twitter:card\" content=\"summary_large_image\" \/>\n<meta name=\"twitter:label1\" content=\"Written by\" \/>\n\t<meta name=\"twitter:data1\" content=\"smonteiro\" \/>\n\t<meta name=\"twitter:label2\" content=\"Est. reading time\" \/>\n\t<meta name=\"twitter:data2\" content=\"3 minutos\" \/>\n<script type=\"application\/ld+json\" class=\"yoast-schema-graph\">{\"@context\":\"https:\/\/schema.org\",\"@graph\":[{\"@type\":\"WebPage\",\"@id\":\"https:\/\/www.manaus.am.gov.br\/semcom\/palestras-parque-idoso\/\",\"url\":\"https:\/\/www.manaus.am.gov.br\/semcom\/palestras-parque-idoso\/\",\"name\":\"Prefeitura de Manaus promove ciclo de palestras no Parque Municipal do Idoso\",\"isPartOf\":{\"@id\":\"https:\/\/www.manaus.am.gov.br\/semcom\/#website\"},\"primaryImageOfPage\":{\"@id\":\"https:\/\/www.manaus.am.gov.br\/semcom\/palestras-parque-idoso\/#primaryimage\"},\"image\":{\"@id\":\"https:\/\/www.manaus.am.gov.br\/semcom\/palestras-parque-idoso\/#primaryimage\"},\"thumbnailUrl\":\"https:\/\/www.manaus.am.gov.br\/semcom\/wp-content\/uploads\/sites\/5\/2025\/08\/FDT-Agosto-Lilas-4.jpeg\",\"datePublished\":\"2025-08-27T01:36:22+00:00\",\"dateModified\":\"2025-08-27T01:36:23+00:00\",\"author\":{\"@id\":\"https:\/\/www.manaus.am.gov.br\/semcom\/#\/schema\/person\/ab4dcf766a54dff74e8d267f5c591961\"},\"description\":\"A Prefeitura de Manaus encerrou, nesta ter\u00e7a-feira, 26\/8, o ciclo de palestras educativas realizado pela Funda\u00e7\u00e3o de Apoio ao Idoso Dr. Thomas (FDT), no Parque Municipal do Idoso (PMI).\",\"inLanguage\":\"pt-BR\",\"potentialAction\":[{\"@type\":\"ReadAction\",\"target\":[\"https:\/\/www.manaus.am.gov.br\/semcom\/palestras-parque-idoso\/\"]}]},{\"@type\":\"ImageObject\",\"inLanguage\":\"pt-BR\",\"@id\":\"https:\/\/www.manaus.am.gov.br\/semcom\/palestras-parque-idoso\/#primaryimage\",\"url\":\"https:\/\/www.manaus.am.gov.br\/semcom\/wp-content\/uploads\/sites\/5\/2025\/08\/FDT-Agosto-Lilas-4.jpeg\",\"contentUrl\":\"https:\/\/www.manaus.am.gov.br\/semcom\/wp-content\/uploads\/sites\/5\/2025\/08\/FDT-Agosto-Lilas-4.jpeg\",\"width\":800,\"height\":600,\"caption\":\"#paratodosverem - palestra sobre viol\u00eancia contra a mulher sendo realizada no audit\u00f3rio do Parque Municipal do Idoso\"},{\"@type\":\"WebSite\",\"@id\":\"https:\/\/www.manaus.am.gov.br\/semcom\/#website\",\"url\":\"https:\/\/www.manaus.am.gov.br\/semcom\/\",\"name\":\"SEMCOM\",\"description\":\"Secretaria Municipal de Comunica\u00e7\u00e3o\",\"potentialAction\":[{\"@type\":\"SearchAction\",\"target\":{\"@type\":\"EntryPoint\",\"urlTemplate\":\"https:\/\/www.manaus.am.gov.br\/semcom\/?s={search_term_string}\"},\"query-input\":\"required name=search_term_string\"}],\"inLanguage\":\"pt-BR\"},{\"@type\":\"Person\",\"@id\":\"https:\/\/www.manaus.am.gov.br\/semcom\/#\/schema\/person\/ab4dcf766a54dff74e8d267f5c591961\",\"name\":\"smonteiro\",\"image\":{\"@type\":\"ImageObject\",\"inLanguage\":\"pt-BR\",\"@id\":\"https:\/\/www.manaus.am.gov.br\/semcom\/#\/schema\/person\/image\/\",\"url\":\"https:\/\/secure.gravatar.com\/avatar\/21c8776ef61d9272c73322052e042d77?s=96&d=mm&r=g\",\"contentUrl\":\"https:\/\/secure.gravatar.com\/avatar\/21c8776ef61d9272c73322052e042d77?s=96&d=mm&r=g\",\"caption\":\"smonteiro\"}}]}<\/script>\n<!-- \/ Yoast SEO plugin. -->","yoast_head_json":{"title":"Prefeitura de Manaus promove ciclo de palestras no Parque Municipal do Idoso","description":"A Prefeitura de Manaus encerrou, nesta ter\u00e7a-feira, 26\/8, o ciclo de palestras educativas realizado pela Funda\u00e7\u00e3o de Apoio ao Idoso Dr. Thomas (FDT), no Parque Municipal do Idoso (PMI).","robots":{"index":"index","follow":"follow","max-snippet":"max-snippet:-1","max-image-preview":"max-image-preview:large","max-video-preview":"max-video-preview:-1"},"canonical":"https:\/\/www.manaus.am.gov.br\/semcom\/palestras-parque-idoso\/","og_locale":"pt_BR","og_type":"article","og_title":"Prefeitura de Manaus promove ciclo de palestras no Parque Municipal do Idoso","og_description":"A Prefeitura de Manaus encerrou, nesta ter\u00e7a-feira, 26\/8, o ciclo de palestras educativas realizado pela Funda\u00e7\u00e3o de Apoio ao Idoso Dr. Thomas (FDT), no Parque Municipal do Idoso (PMI).","og_url":"https:\/\/www.manaus.am.gov.br\/semcom\/palestras-parque-idoso\/","og_site_name":"SEMCOM","article_published_time":"2025-08-27T01:36:22+00:00","article_modified_time":"2025-08-27T01:36:23+00:00","og_image":[{"width":800,"height":600,"url":"https:\/\/www.manaus.am.gov.br\/semcom\/wp-content\/uploads\/sites\/5\/2025\/08\/FDT-Agosto-Lilas-4.jpeg","type":"image\/jpeg"}],"author":"smonteiro","twitter_card":"summary_large_image","twitter_misc":{"Written by":"smonteiro","Est. reading time":"3 minutos"},"schema":{"@context":"https:\/\/schema.org","@graph":[{"@type":"WebPage","@id":"https:\/\/www.manaus.am.gov.br\/semcom\/palestras-parque-idoso\/","url":"https:\/\/www.manaus.am.gov.br\/semcom\/palestras-parque-idoso\/","name":"Prefeitura de Manaus promove ciclo de palestras no Parque Municipal do Idoso","isPartOf":{"@id":"https:\/\/www.manaus.am.gov.br\/semcom\/#website"},"primaryImageOfPage":{"@id":"https:\/\/www.manaus.am.gov.br\/semcom\/palestras-parque-idoso\/#primaryimage"},"image":{"@id":"https:\/\/www.manaus.am.gov.br\/semcom\/palestras-parque-idoso\/#primaryimage"},"thumbnailUrl":"https:\/\/www.manaus.am.gov.br\/semcom\/wp-content\/uploads\/sites\/5\/2025\/08\/FDT-Agosto-Lilas-4.jpeg","datePublished":"2025-08-27T01:36:22+00:00","dateModified":"2025-08-27T01:36:23+00:00","author":{"@id":"https:\/\/www.manaus.am.gov.br\/semcom\/#\/schema\/person\/ab4dcf766a54dff74e8d267f5c591961"},"description":"A Prefeitura de Manaus encerrou, nesta ter\u00e7a-feira, 26\/8, o ciclo de palestras educativas realizado pela Funda\u00e7\u00e3o de Apoio ao Idoso Dr. Thomas (FDT), no Parque Municipal do Idoso (PMI).","inLanguage":"pt-BR","potentialAction":[{"@type":"ReadAction","target":["https:\/\/www.manaus.am.gov.br\/semcom\/palestras-parque-idoso\/"]}]},{"@type":"ImageObject","inLanguage":"pt-BR","@id":"https:\/\/www.manaus.am.gov.br\/semcom\/palestras-parque-idoso\/#primaryimage","url":"https:\/\/www.manaus.am.gov.br\/semcom\/wp-content\/uploads\/sites\/5\/2025\/08\/FDT-Agosto-Lilas-4.jpeg","contentUrl":"https:\/\/www.manaus.am.gov.br\/semcom\/wp-content\/uploads\/sites\/5\/2025\/08\/FDT-Agosto-Lilas-4.jpeg","width":800,"height":600,"caption":"#paratodosverem - palestra sobre viol\u00eancia contra a mulher sendo realizada no audit\u00f3rio do Parque Municipal do Idoso"},{"@type":"WebSite","@id":"https:\/\/www.manaus.am.gov.br\/semcom\/#website","url":"https:\/\/www.manaus.am.gov.br\/semcom\/","name":"SEMCOM","description":"Secretaria Municipal de Comunica\u00e7\u00e3o","potentialAction":[{"@type":"SearchAction","target":{"@type":"EntryPoint","urlTemplate":"https:\/\/www.manaus.am.gov.br\/semcom\/?s={search_term_string}"},"query-input":"required name=search_term_string"}],"inLanguage":"pt-BR"},{"@type":"Person","@id":"https:\/\/www.manaus.am.gov.br\/semcom\/#\/schema\/person\/ab4dcf766a54dff74e8d267f5c591961","name":"smonteiro","image":{"@type":"ImageObject","inLanguage":"pt-BR","@id":"https:\/\/www.manaus.am.gov.br\/semcom\/#\/schema\/person\/image\/","url":"https:\/\/secure.gravatar.com\/avatar\/21c8776ef61d9272c73322052e042d77?s=96&d=mm&r=g","contentUrl":"https:\/\/secure.gravatar.com\/avatar\/21c8776ef61d9272c73322052e042d77?s=96&d=mm&r=g","caption":"smonteiro"}}]}},"_links":{"self":[{"href":"https:\/\/www.manaus.am.gov.br\/semcom\/wp-json\/wp\/v2\/posts\/244470"}],"collection":[{"href":"https:\/\/www.manaus.am.gov.br\/semcom\/wp-json\/wp\/v2\/posts"}],"about":[{"href":"https:\/\/www.manaus.am.gov.br\/semcom\/wp-json\/wp\/v2\/types\/post"}],"author":[{"embeddable":true,"href":"https:\/\/www.manaus.am.gov.br\/semcom\/wp-json\/wp\/v2\/users\/61"}],"replies":[{"embeddable":true,"href":"https:\/\/www.manaus.am.gov.br\/semcom\/wp-json\/wp\/v2\/comments?post=244470"}],"version-history":[{"count":0,"href":"https:\/\/www.manaus.am.gov.br\/semcom\/wp-json\/wp\/v2\/posts\/244470\/revisions"}],"wp:featuredmedia":[{"embeddable":true,"href":"https:\/\/www.manaus.am.gov.br\/semcom\/wp-json\/wp\/v2\/media\/244471"}],"wp:attachment":[{"href":"https:\/\/www.manaus.am.gov.br\/semcom\/wp-json\/wp\/v2\/media?parent=244470"}],"wp:term":[{"taxonomy":"category","embeddable":true,"href":"https:\/\/www.manaus.am.gov.br\/semcom\/wp-json\/wp\/v2\/categories?post=244470"},{"taxonomy":"post_tag","embeddable":true,"href":"https:\/\/www.manaus.am.gov.br\/semcom\/wp-json\/wp\/v2\/tags?post=244470"}],"curies":[{"name":"wp","href":"https:\/\/api.w.org\/{rel}","templated":true}]}}