{"id":244415,"date":"2025-08-26T12:03:52","date_gmt":"2025-08-26T15:03:52","guid":{"rendered":"https:\/\/www.manaus.am.gov.br\/semcom\/teatro-nacional-apresenta-mostra-fotografica-do-espetaculo-a-luta-no-soumanaus-2025\/"},"modified":"2025-08-26T12:22:35","modified_gmt":"2025-08-26T15:22:35","slug":"soumanaus-mostraaluta","status":"publish","type":"post","link":"https:\/\/www.manaus.am.gov.br\/semcom\/soumanaus-mostraaluta\/","title":{"rendered":"Teatro Nacional apresenta mostra fotogr\u00e1fica do espet\u00e1culo \u2018A Luta\u2019 no #SouManaus 2025"},"content":{"rendered":"\n<p>A&nbsp;<a href=\"https:\/\/www.manaus.am.gov.br\/noticia\/festivais\/teatro-nacional-apresenta-mostra-fotografica-do-espetaculo-a-luta-no-soumanaus-2025\/\" target=\"_blank\" rel=\"noreferrer noopener\">Prefeitura de Manaus<\/a>, por meio da Funda\u00e7\u00e3o Municipal de Cultura, Turismo e Eventos (ManausCult), traz para o \u201c#SouManaus Passo a Pa\u00e7o 2025\u201d a mostra fotogr\u00e1fica do espet\u00e1culo \u201cA Luta\u201d, montagem do Teatro Nacional que ser\u00e1 exibida no dia 7 de setembro, \u00e0s 19h, no Teatro da Instala\u00e7\u00e3o, no centro hist\u00f3rico da cidade. O registro em imagens revela a pot\u00eancia c\u00eanica de um trabalho que une arte e hist\u00f3ria em um mergulho profundo na Guerra de Canudos, a partir da obra cl\u00e1ssica \u201cOs Sert\u00f5es\u201d, de Euclides da Cunha.<\/p>\n\n\n\n<p>Dirigido por Rose Abdallah e escrito por Ivan Jaf, o espet\u00e1culo transforma o ator Amaury Lorenzo em um rapsodo contempor\u00e2neo, narrando em tom \u00e9pico as batalhas entre os seguidores de Ant\u00f4nio Conselheiro e as for\u00e7as militares da Rep\u00fablica rec\u00e9m-proclamada. Pela atua\u00e7\u00e3o, Lorenzo foi indicado aos pr\u00eamios Cesgranrio e Fita de Melhor Ator. Atualmente, o ator tamb\u00e9m se destaca na televis\u00e3o, vivendo o personagem Chico, na novela &#8220;Volta por Cima&#8221;.<\/p>\n\n\n\n<p>\u201cA exposi\u00e7\u00e3o \u00e9 um recorte visual da intensidade de cena que temos levado ao palco. A Guerra de Canudos \u00e9 uma narrativa que ajuda a entender o Brasil de ontem e de hoje, e esse di\u00e1logo \u00e9 o que move &#8216;A Luta&#8217;\u201d, destaca Rose Abdallah, diretora da montagem.<\/p>\n\n\n\n<p>Para o diretor-presidente da ManausCult, Jender Lobato, a participa\u00e7\u00e3o do Teatro Nacional no festival refor\u00e7a a relev\u00e2ncia art\u00edstica e simb\u00f3lica do evento.<\/p>\n\n\n\n<p>\u201cReceber uma obra dessa magnitude no &#8216;#SouManaus&#8217; \u00e9 projetar Manaus para o mundo. &#8216;A Luta&#8217; \u00e9 um espet\u00e1culo que provoca reflex\u00f5es profundas e reafirma o lugar do teatro como uma arte capaz de transformar e dialogar com diferentes p\u00fablicos\u201d, afirmou.<\/p>\n\n\n\n<p>Os dias principais do festival acontecem em 5, 6 e 7 de setembro, mas a festa cultural come\u00e7a antes: a partir do dia 2, o p\u00fablico j\u00e1 poder\u00e1 aproveitar atra\u00e7\u00f5es especiais que re\u00fanem grandes apresenta\u00e7\u00f5es e recebem pessoas de todas as partes da cidade e pa\u00eds. Durante o evento principal, seis palcos receber\u00e3o grandes shows: Mangueir\u00e3o, Coreto, Alf\u00e2ndega, Malcher, Espa\u00e7o Cultura Urbana e Espa\u00e7o Moda, al\u00e9m de outros 11 palcos alternativos espalhados pelo centro hist\u00f3rico, que abrir\u00e3o espa\u00e7o para artistas independentes e transformar\u00e3o a regi\u00e3o em um verdadeiro corredor cultural.<\/p>\n\n\n\n<p>Assim como as demais atra\u00e7\u00f5es do festival, a mostra fotogr\u00e1fica de \u201cA Luta\u201d refor\u00e7a o potencial do evento em movimentar a economia criativa e valorizar profissionais da cadeia art\u00edstica, ao mesmo tempo em que fortalece o turismo cultural e consolida Manaus como polo de refer\u00eancia no cen\u00e1rio das artes.<\/p>\n\n\n\n<p>&#8212; &#8212; &#8212;<\/p>\n\n\n\n<p><strong>Texto<\/strong>&nbsp;&#8211; J\u00e9ssica Trajano\/ManausCult<\/p>\n\n\n\n<p><strong>Fotos \u2013&nbsp;<\/strong>Divulga\u00e7\u00e3o\/Teatro Nacional<\/p>\n","protected":false},"excerpt":{"rendered":"","protected":false},"author":23,"featured_media":244416,"comment_status":"closed","ping_status":"closed","sticky":false,"template":"","format":"standard","meta":{"footnotes":""},"categories":[4867],"tags":[4765,16496,307,16497,77,6179,7686],"acf":[],"yoast_head":"<!-- This site is optimized with the Yoast SEO plugin v23.0 - https:\/\/yoast.com\/wordpress\/plugins\/seo\/ -->\n<title>Teatro Nacional apresenta mostra fotogr\u00e1fica do espet\u00e1culo \u2018A Luta\u2019 no #SouManaus 2025<\/title>\n<meta name=\"description\" content=\"Teatro Nacional apresenta mostra fotogr\u00e1fica do espet\u00e1culo \u2018A Luta\u2019 no #SouManaus 2025\" \/>\n<meta name=\"robots\" content=\"index, follow, max-snippet:-1, max-image-preview:large, max-video-preview:-1\" \/>\n<link rel=\"canonical\" href=\"https:\/\/www.manaus.am.gov.br\/semcom\/soumanaus-mostraaluta\/\" \/>\n<meta property=\"og:locale\" content=\"pt_BR\" \/>\n<meta property=\"og:type\" content=\"article\" \/>\n<meta property=\"og:title\" content=\"Teatro Nacional apresenta mostra fotogr\u00e1fica do espet\u00e1culo \u2018A Luta\u2019 no #SouManaus 2025\" \/>\n<meta property=\"og:description\" content=\"Teatro Nacional apresenta mostra fotogr\u00e1fica do espet\u00e1culo \u2018A Luta\u2019 no #SouManaus 2025\" \/>\n<meta property=\"og:url\" content=\"https:\/\/www.manaus.am.gov.br\/semcom\/soumanaus-mostraaluta\/\" \/>\n<meta property=\"og:site_name\" content=\"SEMCOM\" \/>\n<meta property=\"article:published_time\" content=\"2025-08-26T15:03:52+00:00\" \/>\n<meta property=\"article:modified_time\" content=\"2025-08-26T15:22:35+00:00\" \/>\n<meta property=\"og:image\" content=\"https:\/\/www.manaus.am.gov.br\/semcom\/wp-content\/uploads\/sites\/5\/2025\/08\/IMG_6817.jpeg\" \/>\n\t<meta property=\"og:image:width\" content=\"4322\" \/>\n\t<meta property=\"og:image:height\" content=\"2881\" \/>\n\t<meta property=\"og:image:type\" content=\"image\/jpeg\" \/>\n<meta name=\"author\" content=\"Adriana Costa\" \/>\n<meta name=\"twitter:card\" content=\"summary_large_image\" \/>\n<meta name=\"twitter:label1\" content=\"Written by\" \/>\n\t<meta name=\"twitter:data1\" content=\"Adriana Costa\" \/>\n\t<meta name=\"twitter:label2\" content=\"Est. reading time\" \/>\n\t<meta name=\"twitter:data2\" content=\"3 minutos\" \/>\n<script type=\"application\/ld+json\" class=\"yoast-schema-graph\">{\"@context\":\"https:\/\/schema.org\",\"@graph\":[{\"@type\":\"WebPage\",\"@id\":\"https:\/\/www.manaus.am.gov.br\/semcom\/soumanaus-mostraaluta\/\",\"url\":\"https:\/\/www.manaus.am.gov.br\/semcom\/soumanaus-mostraaluta\/\",\"name\":\"Teatro Nacional apresenta mostra fotogr\u00e1fica do espet\u00e1culo \u2018A Luta\u2019 no #SouManaus 2025\",\"isPartOf\":{\"@id\":\"https:\/\/www.manaus.am.gov.br\/semcom\/#website\"},\"primaryImageOfPage\":{\"@id\":\"https:\/\/www.manaus.am.gov.br\/semcom\/soumanaus-mostraaluta\/#primaryimage\"},\"image\":{\"@id\":\"https:\/\/www.manaus.am.gov.br\/semcom\/soumanaus-mostraaluta\/#primaryimage\"},\"thumbnailUrl\":\"https:\/\/www.manaus.am.gov.br\/semcom\/wp-content\/uploads\/sites\/5\/2025\/08\/IMG_6817.jpeg\",\"datePublished\":\"2025-08-26T15:03:52+00:00\",\"dateModified\":\"2025-08-26T15:22:35+00:00\",\"author\":{\"@id\":\"https:\/\/www.manaus.am.gov.br\/semcom\/#\/schema\/person\/4e49f4e267757a06ca072ec61b2b9968\"},\"description\":\"Teatro Nacional apresenta mostra fotogr\u00e1fica do espet\u00e1culo \u2018A Luta\u2019 no #SouManaus 2025\",\"inLanguage\":\"pt-BR\",\"potentialAction\":[{\"@type\":\"ReadAction\",\"target\":[\"https:\/\/www.manaus.am.gov.br\/semcom\/soumanaus-mostraaluta\/\"]}]},{\"@type\":\"ImageObject\",\"inLanguage\":\"pt-BR\",\"@id\":\"https:\/\/www.manaus.am.gov.br\/semcom\/soumanaus-mostraaluta\/#primaryimage\",\"url\":\"https:\/\/www.manaus.am.gov.br\/semcom\/wp-content\/uploads\/sites\/5\/2025\/08\/IMG_6817.jpeg\",\"contentUrl\":\"https:\/\/www.manaus.am.gov.br\/semcom\/wp-content\/uploads\/sites\/5\/2025\/08\/IMG_6817.jpeg\",\"width\":4322,\"height\":2881},{\"@type\":\"WebSite\",\"@id\":\"https:\/\/www.manaus.am.gov.br\/semcom\/#website\",\"url\":\"https:\/\/www.manaus.am.gov.br\/semcom\/\",\"name\":\"SEMCOM\",\"description\":\"Secretaria Municipal de Comunica\u00e7\u00e3o\",\"potentialAction\":[{\"@type\":\"SearchAction\",\"target\":{\"@type\":\"EntryPoint\",\"urlTemplate\":\"https:\/\/www.manaus.am.gov.br\/semcom\/?s={search_term_string}\"},\"query-input\":\"required name=search_term_string\"}],\"inLanguage\":\"pt-BR\"},{\"@type\":\"Person\",\"@id\":\"https:\/\/www.manaus.am.gov.br\/semcom\/#\/schema\/person\/4e49f4e267757a06ca072ec61b2b9968\",\"name\":\"Adriana Costa\",\"image\":{\"@type\":\"ImageObject\",\"inLanguage\":\"pt-BR\",\"@id\":\"https:\/\/www.manaus.am.gov.br\/semcom\/#\/schema\/person\/image\/\",\"url\":\"https:\/\/secure.gravatar.com\/avatar\/576258617ef7194f718179e766d57bd4?s=96&d=mm&r=g\",\"contentUrl\":\"https:\/\/secure.gravatar.com\/avatar\/576258617ef7194f718179e766d57bd4?s=96&d=mm&r=g\",\"caption\":\"Adriana Costa\"}}]}<\/script>\n<!-- \/ Yoast SEO plugin. -->","yoast_head_json":{"title":"Teatro Nacional apresenta mostra fotogr\u00e1fica do espet\u00e1culo \u2018A Luta\u2019 no #SouManaus 2025","description":"Teatro Nacional apresenta mostra fotogr\u00e1fica do espet\u00e1culo \u2018A Luta\u2019 no #SouManaus 2025","robots":{"index":"index","follow":"follow","max-snippet":"max-snippet:-1","max-image-preview":"max-image-preview:large","max-video-preview":"max-video-preview:-1"},"canonical":"https:\/\/www.manaus.am.gov.br\/semcom\/soumanaus-mostraaluta\/","og_locale":"pt_BR","og_type":"article","og_title":"Teatro Nacional apresenta mostra fotogr\u00e1fica do espet\u00e1culo \u2018A Luta\u2019 no #SouManaus 2025","og_description":"Teatro Nacional apresenta mostra fotogr\u00e1fica do espet\u00e1culo \u2018A Luta\u2019 no #SouManaus 2025","og_url":"https:\/\/www.manaus.am.gov.br\/semcom\/soumanaus-mostraaluta\/","og_site_name":"SEMCOM","article_published_time":"2025-08-26T15:03:52+00:00","article_modified_time":"2025-08-26T15:22:35+00:00","og_image":[{"width":4322,"height":2881,"url":"https:\/\/www.manaus.am.gov.br\/semcom\/wp-content\/uploads\/sites\/5\/2025\/08\/IMG_6817.jpeg","type":"image\/jpeg"}],"author":"Adriana Costa","twitter_card":"summary_large_image","twitter_misc":{"Written by":"Adriana Costa","Est. reading time":"3 minutos"},"schema":{"@context":"https:\/\/schema.org","@graph":[{"@type":"WebPage","@id":"https:\/\/www.manaus.am.gov.br\/semcom\/soumanaus-mostraaluta\/","url":"https:\/\/www.manaus.am.gov.br\/semcom\/soumanaus-mostraaluta\/","name":"Teatro Nacional apresenta mostra fotogr\u00e1fica do espet\u00e1culo \u2018A Luta\u2019 no #SouManaus 2025","isPartOf":{"@id":"https:\/\/www.manaus.am.gov.br\/semcom\/#website"},"primaryImageOfPage":{"@id":"https:\/\/www.manaus.am.gov.br\/semcom\/soumanaus-mostraaluta\/#primaryimage"},"image":{"@id":"https:\/\/www.manaus.am.gov.br\/semcom\/soumanaus-mostraaluta\/#primaryimage"},"thumbnailUrl":"https:\/\/www.manaus.am.gov.br\/semcom\/wp-content\/uploads\/sites\/5\/2025\/08\/IMG_6817.jpeg","datePublished":"2025-08-26T15:03:52+00:00","dateModified":"2025-08-26T15:22:35+00:00","author":{"@id":"https:\/\/www.manaus.am.gov.br\/semcom\/#\/schema\/person\/4e49f4e267757a06ca072ec61b2b9968"},"description":"Teatro Nacional apresenta mostra fotogr\u00e1fica do espet\u00e1culo \u2018A Luta\u2019 no #SouManaus 2025","inLanguage":"pt-BR","potentialAction":[{"@type":"ReadAction","target":["https:\/\/www.manaus.am.gov.br\/semcom\/soumanaus-mostraaluta\/"]}]},{"@type":"ImageObject","inLanguage":"pt-BR","@id":"https:\/\/www.manaus.am.gov.br\/semcom\/soumanaus-mostraaluta\/#primaryimage","url":"https:\/\/www.manaus.am.gov.br\/semcom\/wp-content\/uploads\/sites\/5\/2025\/08\/IMG_6817.jpeg","contentUrl":"https:\/\/www.manaus.am.gov.br\/semcom\/wp-content\/uploads\/sites\/5\/2025\/08\/IMG_6817.jpeg","width":4322,"height":2881},{"@type":"WebSite","@id":"https:\/\/www.manaus.am.gov.br\/semcom\/#website","url":"https:\/\/www.manaus.am.gov.br\/semcom\/","name":"SEMCOM","description":"Secretaria Municipal de Comunica\u00e7\u00e3o","potentialAction":[{"@type":"SearchAction","target":{"@type":"EntryPoint","urlTemplate":"https:\/\/www.manaus.am.gov.br\/semcom\/?s={search_term_string}"},"query-input":"required name=search_term_string"}],"inLanguage":"pt-BR"},{"@type":"Person","@id":"https:\/\/www.manaus.am.gov.br\/semcom\/#\/schema\/person\/4e49f4e267757a06ca072ec61b2b9968","name":"Adriana Costa","image":{"@type":"ImageObject","inLanguage":"pt-BR","@id":"https:\/\/www.manaus.am.gov.br\/semcom\/#\/schema\/person\/image\/","url":"https:\/\/secure.gravatar.com\/avatar\/576258617ef7194f718179e766d57bd4?s=96&d=mm&r=g","contentUrl":"https:\/\/secure.gravatar.com\/avatar\/576258617ef7194f718179e766d57bd4?s=96&d=mm&r=g","caption":"Adriana Costa"}}]}},"_links":{"self":[{"href":"https:\/\/www.manaus.am.gov.br\/semcom\/wp-json\/wp\/v2\/posts\/244415"}],"collection":[{"href":"https:\/\/www.manaus.am.gov.br\/semcom\/wp-json\/wp\/v2\/posts"}],"about":[{"href":"https:\/\/www.manaus.am.gov.br\/semcom\/wp-json\/wp\/v2\/types\/post"}],"author":[{"embeddable":true,"href":"https:\/\/www.manaus.am.gov.br\/semcom\/wp-json\/wp\/v2\/users\/23"}],"replies":[{"embeddable":true,"href":"https:\/\/www.manaus.am.gov.br\/semcom\/wp-json\/wp\/v2\/comments?post=244415"}],"version-history":[{"count":1,"href":"https:\/\/www.manaus.am.gov.br\/semcom\/wp-json\/wp\/v2\/posts\/244415\/revisions"}],"predecessor-version":[{"id":244417,"href":"https:\/\/www.manaus.am.gov.br\/semcom\/wp-json\/wp\/v2\/posts\/244415\/revisions\/244417"}],"wp:featuredmedia":[{"embeddable":true,"href":"https:\/\/www.manaus.am.gov.br\/semcom\/wp-json\/wp\/v2\/media\/244416"}],"wp:attachment":[{"href":"https:\/\/www.manaus.am.gov.br\/semcom\/wp-json\/wp\/v2\/media?parent=244415"}],"wp:term":[{"taxonomy":"category","embeddable":true,"href":"https:\/\/www.manaus.am.gov.br\/semcom\/wp-json\/wp\/v2\/categories?post=244415"},{"taxonomy":"post_tag","embeddable":true,"href":"https:\/\/www.manaus.am.gov.br\/semcom\/wp-json\/wp\/v2\/tags?post=244415"}],"curies":[{"name":"wp","href":"https:\/\/api.w.org\/{rel}","templated":true}]}}