{"id":244375,"date":"2025-08-25T15:34:09","date_gmt":"2025-08-25T18:34:09","guid":{"rendered":"https:\/\/www.manaus.am.gov.br\/semcom\/stand-up-comedy-soumanaus-2025\/"},"modified":"2025-08-25T15:34:11","modified_gmt":"2025-08-25T18:34:11","slug":"stand-up-comedy-soumanaus-2025","status":"publish","type":"post","link":"https:\/\/www.manaus.am.gov.br\/semcom\/stand-up-comedy-soumanaus-2025\/","title":{"rendered":"Apresenta\u00e7\u00f5es de stand-up comedy animam a programa\u00e7\u00e3o do \u2018#SouManaus Passo a Pa\u00e7o 2025\u2019"},"content":{"rendered":"\n<p>Com intuito de proporcionar uma experi\u00eancia \u00fanica aos visitantes, o \u201c#SouManaus Passo a Pa\u00e7o 2025\u201d promete levar alegria e arrancar gargalhadas do p\u00fablico com apresenta\u00e7\u00f5es de stand-up comedy durante toda a programa\u00e7\u00e3o. O evento, coordenado pela Prefeitura de Manaus, por meio da Funda\u00e7\u00e3o Municipal de Cultura, Turismo e Eventos (Manauscult), acontece nos dias 5, 6 e 7\/9, transformando o centro hist\u00f3rico da cidade em um grande palco para a integra\u00e7\u00e3o das mais diversas linguagens art\u00edsticas.<\/p>\n\n\n\n<p><br>Entre os destaques do festival est\u00e1 o comediante Jansen Serra, atra\u00e7\u00e3o nacional que se apresenta no dia 6\/9, com seu humor cr\u00edtico e observador do cotidiano. Tamb\u00e9m ter\u00e1 participa\u00e7\u00e3o especial do humorista local Leandro Leite no dia 7\/9, acrescentando ainda mais divers\u00e3o \u00e0 programa\u00e7\u00e3o.<\/p>\n\n\n\n<p>Segundo o diretor-presidente da Manauscult, Jender Lobato, o festival \u00e9 um espa\u00e7o de encontro e celebra\u00e7\u00e3o da cultura. \u201cO #SouManaus Passo a Pa\u00e7o 2025 representa a ess\u00eancia do que queremos para a cidade. A arte ocupando o espa\u00e7o urbano, aproximando as pessoas de diferentes linguagens e mostrando a for\u00e7a da produ\u00e7\u00e3o cultural de Manaus. \u00c9 alegria, integra\u00e7\u00e3o e cultura vivenciada em cada canto do centro hist\u00f3rico\u201d, destacou.<\/p>\n\n\n\n<p><br>O #SouManaus 2025 contar\u00e1 com a apresenta\u00e7\u00e3o de diversos humoristas locais durante os tr\u00eas dias de evento, das 20h30 \u00e0s 22h, no teatro da Instala\u00e7\u00e3o. No dia 5\/9, o p\u00fablico poder\u00e1 prestigiar os comediantes, Teo J\u00fanior, UGomez e Marcos Paiva MC; no dia 6\/9, ser\u00e1 a vez de Jansen Serra, Lucas Eduardo, Wemerson Repolho e Marcos Paiva MC; e no dia 7\/9, a programa\u00e7\u00e3o fica por conta de Leandro Leite, Ricardo Mesquita e Marcos Paiva MC.<\/p>\n\n\n\n<p><br>O festival ocupa diversos espa\u00e7os hist\u00f3ricos do centro da cidade, com 17 palcos, atra\u00e7\u00f5es e artistas envolvidos, consolidando-se como um dos maiores festivais gratuitos de artes integradas do Brasil. Reconhecido nacionalmente, o evento refor\u00e7a a voca\u00e7\u00e3o de Manaus como polo de produ\u00e7\u00e3o e difus\u00e3o cultural, celebrando a criatividade, a diversidade e a arte em suas m\u00faltiplas formas.<\/p>\n\n\n\n<p>O diretor de Cultura da Manauscult, Wallace Almeida, refor\u00e7a a relev\u00e2ncia do evento para o cen\u00e1rio cultural da cidade. \u201cO festival n\u00e3o \u00e9 apenas m\u00fasica. \u00c9 um ponto de encontro entre artistas e comunidade, um espa\u00e7o de descoberta e valoriza\u00e7\u00e3o da arte local. Humor e performance se encontram para oferecer experi\u00eancias \u00fanicas e acess\u00edveis para todos\u201d, concluiu.<\/p>\n\n\n\n<p>&#8212; &#8212; &#8212;<\/p>\n\n\n\n<p><strong>Texto\u00a0<\/strong>&#8211; J\u00e9ssica Trajano\/Manauscult<\/p>\n\n\n\n<p><strong>Foto \u2013 <\/strong>Arquivo\/Manauscult<\/p>\n","protected":false},"excerpt":{"rendered":"","protected":false},"author":39,"featured_media":244376,"comment_status":"closed","ping_status":"closed","sticky":false,"template":"","format":"standard","meta":{"footnotes":""},"categories":[4867],"tags":[15305,937,307,77,16486],"acf":[],"yoast_head":"<!-- This site is optimized with the Yoast SEO plugin v23.0 - https:\/\/yoast.com\/wordpress\/plugins\/seo\/ -->\n<title>Apresenta\u00e7\u00f5es de stand-up comedy animam o #SouManaus 2025<\/title>\n<meta name=\"description\" content=\"Apresenta\u00e7\u00f5es de stand-up comedy animam a programa\u00e7\u00e3o do \u2018#SouManaus Passo a Pa\u00e7o 2025\u2019 durante os tr\u00eas dias de festival.\" \/>\n<meta name=\"robots\" content=\"index, follow, max-snippet:-1, max-image-preview:large, max-video-preview:-1\" \/>\n<link rel=\"canonical\" href=\"https:\/\/www.manaus.am.gov.br\/semcom\/stand-up-comedy-soumanaus-2025\/\" \/>\n<meta property=\"og:locale\" content=\"pt_BR\" \/>\n<meta property=\"og:type\" content=\"article\" \/>\n<meta property=\"og:title\" content=\"Apresenta\u00e7\u00f5es de stand-up comedy animam o #SouManaus 2025\" \/>\n<meta property=\"og:description\" content=\"Apresenta\u00e7\u00f5es de stand-up comedy animam a programa\u00e7\u00e3o do \u2018#SouManaus Passo a Pa\u00e7o 2025\u2019 durante os tr\u00eas dias de festival.\" \/>\n<meta property=\"og:url\" content=\"https:\/\/www.manaus.am.gov.br\/semcom\/stand-up-comedy-soumanaus-2025\/\" \/>\n<meta property=\"og:site_name\" content=\"SEMCOM\" \/>\n<meta property=\"article:published_time\" content=\"2025-08-25T18:34:09+00:00\" \/>\n<meta property=\"article:modified_time\" content=\"2025-08-25T18:34:11+00:00\" \/>\n<meta property=\"og:image\" content=\"https:\/\/www.manaus.am.gov.br\/semcom\/wp-content\/uploads\/sites\/5\/2025\/08\/Stand-up-comedy.jpg\" \/>\n\t<meta property=\"og:image:width\" content=\"1536\" \/>\n\t<meta property=\"og:image:height\" content=\"710\" \/>\n\t<meta property=\"og:image:type\" content=\"image\/jpeg\" \/>\n<meta name=\"author\" content=\"Bruna Greco\" \/>\n<meta name=\"twitter:card\" content=\"summary_large_image\" \/>\n<meta name=\"twitter:label1\" content=\"Written by\" \/>\n\t<meta name=\"twitter:data1\" content=\"Bruna Greco\" \/>\n\t<meta name=\"twitter:label2\" content=\"Est. reading time\" \/>\n\t<meta name=\"twitter:data2\" content=\"3 minutos\" \/>\n<script type=\"application\/ld+json\" class=\"yoast-schema-graph\">{\"@context\":\"https:\/\/schema.org\",\"@graph\":[{\"@type\":\"WebPage\",\"@id\":\"https:\/\/www.manaus.am.gov.br\/semcom\/stand-up-comedy-soumanaus-2025\/\",\"url\":\"https:\/\/www.manaus.am.gov.br\/semcom\/stand-up-comedy-soumanaus-2025\/\",\"name\":\"Apresenta\u00e7\u00f5es de stand-up comedy animam o #SouManaus 2025\",\"isPartOf\":{\"@id\":\"https:\/\/www.manaus.am.gov.br\/semcom\/#website\"},\"primaryImageOfPage\":{\"@id\":\"https:\/\/www.manaus.am.gov.br\/semcom\/stand-up-comedy-soumanaus-2025\/#primaryimage\"},\"image\":{\"@id\":\"https:\/\/www.manaus.am.gov.br\/semcom\/stand-up-comedy-soumanaus-2025\/#primaryimage\"},\"thumbnailUrl\":\"https:\/\/www.manaus.am.gov.br\/semcom\/wp-content\/uploads\/sites\/5\/2025\/08\/Stand-up-comedy.jpg\",\"datePublished\":\"2025-08-25T18:34:09+00:00\",\"dateModified\":\"2025-08-25T18:34:11+00:00\",\"author\":{\"@id\":\"https:\/\/www.manaus.am.gov.br\/semcom\/#\/schema\/person\/05d223aea2bf115f9883a6ff3683d81b\"},\"description\":\"Apresenta\u00e7\u00f5es de stand-up comedy animam a programa\u00e7\u00e3o do \u2018#SouManaus Passo a Pa\u00e7o 2025\u2019 durante os tr\u00eas dias de festival.\",\"inLanguage\":\"pt-BR\",\"potentialAction\":[{\"@type\":\"ReadAction\",\"target\":[\"https:\/\/www.manaus.am.gov.br\/semcom\/stand-up-comedy-soumanaus-2025\/\"]}]},{\"@type\":\"ImageObject\",\"inLanguage\":\"pt-BR\",\"@id\":\"https:\/\/www.manaus.am.gov.br\/semcom\/stand-up-comedy-soumanaus-2025\/#primaryimage\",\"url\":\"https:\/\/www.manaus.am.gov.br\/semcom\/wp-content\/uploads\/sites\/5\/2025\/08\/Stand-up-comedy.jpg\",\"contentUrl\":\"https:\/\/www.manaus.am.gov.br\/semcom\/wp-content\/uploads\/sites\/5\/2025\/08\/Stand-up-comedy.jpg\",\"width\":1536,\"height\":710,\"caption\":\"#paratodosverem - Show de stand-up comedy durante \u00faltima edi\u00e7\u00e3o do \\\"#SouManaus Passo a Pa\u00e7o\\\"\"},{\"@type\":\"WebSite\",\"@id\":\"https:\/\/www.manaus.am.gov.br\/semcom\/#website\",\"url\":\"https:\/\/www.manaus.am.gov.br\/semcom\/\",\"name\":\"SEMCOM\",\"description\":\"Secretaria Municipal de Comunica\u00e7\u00e3o\",\"potentialAction\":[{\"@type\":\"SearchAction\",\"target\":{\"@type\":\"EntryPoint\",\"urlTemplate\":\"https:\/\/www.manaus.am.gov.br\/semcom\/?s={search_term_string}\"},\"query-input\":\"required name=search_term_string\"}],\"inLanguage\":\"pt-BR\"},{\"@type\":\"Person\",\"@id\":\"https:\/\/www.manaus.am.gov.br\/semcom\/#\/schema\/person\/05d223aea2bf115f9883a6ff3683d81b\",\"name\":\"Bruna Greco\",\"image\":{\"@type\":\"ImageObject\",\"inLanguage\":\"pt-BR\",\"@id\":\"https:\/\/www.manaus.am.gov.br\/semcom\/#\/schema\/person\/image\/\",\"url\":\"https:\/\/secure.gravatar.com\/avatar\/9c877d1a6adc2a055330e5c09a8653ce?s=96&d=mm&r=g\",\"contentUrl\":\"https:\/\/secure.gravatar.com\/avatar\/9c877d1a6adc2a055330e5c09a8653ce?s=96&d=mm&r=g\",\"caption\":\"Bruna Greco\"}}]}<\/script>\n<!-- \/ Yoast SEO plugin. -->","yoast_head_json":{"title":"Apresenta\u00e7\u00f5es de stand-up comedy animam o #SouManaus 2025","description":"Apresenta\u00e7\u00f5es de stand-up comedy animam a programa\u00e7\u00e3o do \u2018#SouManaus Passo a Pa\u00e7o 2025\u2019 durante os tr\u00eas dias de festival.","robots":{"index":"index","follow":"follow","max-snippet":"max-snippet:-1","max-image-preview":"max-image-preview:large","max-video-preview":"max-video-preview:-1"},"canonical":"https:\/\/www.manaus.am.gov.br\/semcom\/stand-up-comedy-soumanaus-2025\/","og_locale":"pt_BR","og_type":"article","og_title":"Apresenta\u00e7\u00f5es de stand-up comedy animam o #SouManaus 2025","og_description":"Apresenta\u00e7\u00f5es de stand-up comedy animam a programa\u00e7\u00e3o do \u2018#SouManaus Passo a Pa\u00e7o 2025\u2019 durante os tr\u00eas dias de festival.","og_url":"https:\/\/www.manaus.am.gov.br\/semcom\/stand-up-comedy-soumanaus-2025\/","og_site_name":"SEMCOM","article_published_time":"2025-08-25T18:34:09+00:00","article_modified_time":"2025-08-25T18:34:11+00:00","og_image":[{"width":1536,"height":710,"url":"https:\/\/www.manaus.am.gov.br\/semcom\/wp-content\/uploads\/sites\/5\/2025\/08\/Stand-up-comedy.jpg","type":"image\/jpeg"}],"author":"Bruna Greco","twitter_card":"summary_large_image","twitter_misc":{"Written by":"Bruna Greco","Est. reading time":"3 minutos"},"schema":{"@context":"https:\/\/schema.org","@graph":[{"@type":"WebPage","@id":"https:\/\/www.manaus.am.gov.br\/semcom\/stand-up-comedy-soumanaus-2025\/","url":"https:\/\/www.manaus.am.gov.br\/semcom\/stand-up-comedy-soumanaus-2025\/","name":"Apresenta\u00e7\u00f5es de stand-up comedy animam o #SouManaus 2025","isPartOf":{"@id":"https:\/\/www.manaus.am.gov.br\/semcom\/#website"},"primaryImageOfPage":{"@id":"https:\/\/www.manaus.am.gov.br\/semcom\/stand-up-comedy-soumanaus-2025\/#primaryimage"},"image":{"@id":"https:\/\/www.manaus.am.gov.br\/semcom\/stand-up-comedy-soumanaus-2025\/#primaryimage"},"thumbnailUrl":"https:\/\/www.manaus.am.gov.br\/semcom\/wp-content\/uploads\/sites\/5\/2025\/08\/Stand-up-comedy.jpg","datePublished":"2025-08-25T18:34:09+00:00","dateModified":"2025-08-25T18:34:11+00:00","author":{"@id":"https:\/\/www.manaus.am.gov.br\/semcom\/#\/schema\/person\/05d223aea2bf115f9883a6ff3683d81b"},"description":"Apresenta\u00e7\u00f5es de stand-up comedy animam a programa\u00e7\u00e3o do \u2018#SouManaus Passo a Pa\u00e7o 2025\u2019 durante os tr\u00eas dias de festival.","inLanguage":"pt-BR","potentialAction":[{"@type":"ReadAction","target":["https:\/\/www.manaus.am.gov.br\/semcom\/stand-up-comedy-soumanaus-2025\/"]}]},{"@type":"ImageObject","inLanguage":"pt-BR","@id":"https:\/\/www.manaus.am.gov.br\/semcom\/stand-up-comedy-soumanaus-2025\/#primaryimage","url":"https:\/\/www.manaus.am.gov.br\/semcom\/wp-content\/uploads\/sites\/5\/2025\/08\/Stand-up-comedy.jpg","contentUrl":"https:\/\/www.manaus.am.gov.br\/semcom\/wp-content\/uploads\/sites\/5\/2025\/08\/Stand-up-comedy.jpg","width":1536,"height":710,"caption":"#paratodosverem - Show de stand-up comedy durante \u00faltima edi\u00e7\u00e3o do \"#SouManaus Passo a Pa\u00e7o\""},{"@type":"WebSite","@id":"https:\/\/www.manaus.am.gov.br\/semcom\/#website","url":"https:\/\/www.manaus.am.gov.br\/semcom\/","name":"SEMCOM","description":"Secretaria Municipal de Comunica\u00e7\u00e3o","potentialAction":[{"@type":"SearchAction","target":{"@type":"EntryPoint","urlTemplate":"https:\/\/www.manaus.am.gov.br\/semcom\/?s={search_term_string}"},"query-input":"required name=search_term_string"}],"inLanguage":"pt-BR"},{"@type":"Person","@id":"https:\/\/www.manaus.am.gov.br\/semcom\/#\/schema\/person\/05d223aea2bf115f9883a6ff3683d81b","name":"Bruna Greco","image":{"@type":"ImageObject","inLanguage":"pt-BR","@id":"https:\/\/www.manaus.am.gov.br\/semcom\/#\/schema\/person\/image\/","url":"https:\/\/secure.gravatar.com\/avatar\/9c877d1a6adc2a055330e5c09a8653ce?s=96&d=mm&r=g","contentUrl":"https:\/\/secure.gravatar.com\/avatar\/9c877d1a6adc2a055330e5c09a8653ce?s=96&d=mm&r=g","caption":"Bruna Greco"}}]}},"_links":{"self":[{"href":"https:\/\/www.manaus.am.gov.br\/semcom\/wp-json\/wp\/v2\/posts\/244375"}],"collection":[{"href":"https:\/\/www.manaus.am.gov.br\/semcom\/wp-json\/wp\/v2\/posts"}],"about":[{"href":"https:\/\/www.manaus.am.gov.br\/semcom\/wp-json\/wp\/v2\/types\/post"}],"author":[{"embeddable":true,"href":"https:\/\/www.manaus.am.gov.br\/semcom\/wp-json\/wp\/v2\/users\/39"}],"replies":[{"embeddable":true,"href":"https:\/\/www.manaus.am.gov.br\/semcom\/wp-json\/wp\/v2\/comments?post=244375"}],"version-history":[{"count":0,"href":"https:\/\/www.manaus.am.gov.br\/semcom\/wp-json\/wp\/v2\/posts\/244375\/revisions"}],"wp:featuredmedia":[{"embeddable":true,"href":"https:\/\/www.manaus.am.gov.br\/semcom\/wp-json\/wp\/v2\/media\/244376"}],"wp:attachment":[{"href":"https:\/\/www.manaus.am.gov.br\/semcom\/wp-json\/wp\/v2\/media?parent=244375"}],"wp:term":[{"taxonomy":"category","embeddable":true,"href":"https:\/\/www.manaus.am.gov.br\/semcom\/wp-json\/wp\/v2\/categories?post=244375"},{"taxonomy":"post_tag","embeddable":true,"href":"https:\/\/www.manaus.am.gov.br\/semcom\/wp-json\/wp\/v2\/tags?post=244375"}],"curies":[{"name":"wp","href":"https:\/\/api.w.org\/{rel}","templated":true}]}}