{"id":244368,"date":"2025-08-25T15:19:46","date_gmt":"2025-08-25T18:19:46","guid":{"rendered":"https:\/\/www.manaus.am.gov.br\/semcom\/prefeitura-manauscult-teatrolambe-lambe-soumanaus\/"},"modified":"2025-08-25T15:19:48","modified_gmt":"2025-08-25T18:19:48","slug":"prefeitura-manauscult-teatrolambe-lambe-soumanaus","status":"publish","type":"post","link":"https:\/\/www.manaus.am.gov.br\/semcom\/prefeitura-manauscult-teatrolambe-lambe-soumanaus\/","title":{"rendered":"Teatro lambe-lambe leva magia em miniatura ao \u2018#SouManaus Passo a Pa\u00e7o 2025\u2019"},"content":{"rendered":"\n<p>Um dos formatos mais delicados e po\u00e9ticos das artes c\u00eanicas, o teatro lambe-lambe promete encantar o p\u00fablico, durante os dias 5, 6 e 7 de setembro, no #SouManaus Passo a Pa\u00e7o 2025. O festival \u00e9 realizado pela Prefeitura de Manaus, por meio da Funda\u00e7\u00e3o Municipal de Cultura, Turismo e Eventos (ManausCult), e este ano tem a honra de apresentar ao p\u00fablico a riqueza do teatro em miniatura como parte de sua programa\u00e7\u00e3o diversificada.<\/p>\n\n\n\n<p>As apresenta\u00e7\u00f5es ir\u00e3o acontecer no espa\u00e7o Esta\u00e7\u00e3o das Artes, localizado dentro do estacionamento do mirante L\u00facia Almeida, no hor\u00e1rio de 18h \u00e0s 21h.<\/p>\n\n\n\n<p>Com apresenta\u00e7\u00f5es em caixas cenogr\u00e1ficas em miniatura, o g\u00eanero convida o espectador a espiar, individualmente, narrativas cheias de fantasia, emo\u00e7\u00e3o e imagina\u00e7\u00e3o. Criado na Bahia nos anos 1980, o teatro lambe-lambe oferece uma experi\u00eancia \u00edntima: cada sess\u00e3o dura apenas alguns minutos, mas carrega universos inteiros em pequenas janelas m\u00e1gicas.<\/p>\n\n\n\n<p>O diretor-presidente da ManausCult, Jender Lobato, destacou a import\u00e2ncia da presen\u00e7a do teatro lambe-lambe no festival. \u201cO #SouManaus tem o compromisso de valorizar todas as linguagens art\u00edsticas. Trazer o lambe-lambe para o cora\u00e7\u00e3o da cidade \u00e9 oferecer ao p\u00fablico uma experi\u00eancia rara, de proximidade e encantamento, que reafirma a diversidade da nossa programa\u00e7\u00e3o\u201d, disparou.<\/p>\n\n\n\n<p>Programa\u00e7\u00e3o diversificada<\/p>\n\n\n\n<p>A programa\u00e7\u00e3o traz produ\u00e7\u00f5es de artistas locais e convidados, que transitam entre o imagin\u00e1rio amaz\u00f4nico, f\u00e1bulas infantis e reflex\u00f5es contempor\u00e2neas.<\/p>\n\n\n\n<p>No dia 5 de setembro, o p\u00fablico poder\u00e1 assistir aos espet\u00e1culos \u201cO Rato Astuto no Pal\u00e1cio\u201d, de&nbsp;Vitor&nbsp;Lima e&nbsp;Deihvisom&nbsp;Caelum; \u201cOs Conto do Palha\u00e7o\u201d, de&nbsp;Iogan&nbsp;Montefusco e Mia Galucio; \u201cAnselmo\u201d, de Richardson Macedo; \u201cNan\u00e1 Nen\u00ea\u201d, de Yasmin Ferreira e Vit\u00f3ria Silva; \u201cO Menino Que Queria Tucum\u00e3\u201d, de Suellen Campos e Elias&nbsp;di Freitas; e \u201cA Criatura do Po\u00e7o\u201d, de Lucas Carvalho e&nbsp;Frankar.<\/p>\n\n\n\n<p>J\u00e1 no dia 6 de setembro, a programa\u00e7\u00e3o continua com \u201cPortinari Futebol Clube\u201d, de Gigi Pozzetti e Audrey Lincoln; \u201cA Vingan\u00e7a do Vudu\u201d, de&nbsp;Marilta&nbsp;de Figueiredo e Kelly Beleza; \u201cVida de Peixe-Boi\u201d, de Vit\u00f3ria Silva e Yasmin Ferreira; \u201cTeatro Allegriah\u201d, de&nbsp;Deihvisom&nbsp;Caelum e Vitor Lima; \u201cDe Volta para Inf\u00e2ncia\u201d, de Tabatha Matos e&nbsp;Iogan&nbsp;Montefusco; e \u201cQuem \u00e9 Ela?\u201d, de Jorge Ribeiro e Maria Luisa.<\/p>\n\n\n\n<p>Encerrando a participa\u00e7\u00e3o no festival, no dia 7 de setembro, ser\u00e3o apresentados \u201cP\u00e2nico na Ma\u00e7\u00e3\u2019, de Rio Manfredini e&nbsp;Luisa&nbsp;Martins; \u201cSerrador\u201d, de Neth Lira e Suellen Campos; \u201cLixinho Vira Lix\u00e3o\u201d, de Karolina da Cruz e Thais Elamid; \u201cDisco Lixo\u201d, de Jorge Ribeiro e Audrey Lincoln; \u201cA Captura do Mapinguari\u201d, de Vit\u00f3ria Silva e Yasmin Ferreira; e \u201cCere\u00e7aporanga\u201d, de Richardson Macedo e Elias&nbsp;di Freitas.<\/p>\n\n\n\n<p>Experi\u00eancia \u00fanica<\/p>\n\n\n\n<p>O diretor de Cultura da ManausCult, Wallace Almeida, ressaltou o car\u00e1ter formativo e simb\u00f3lico dessa arte. \u201cO lambe-lambe transforma o olhar de quem assiste. \u00c9 uma experi\u00eancia \u00edntima, mas profundamente coletiva, porque conecta mem\u00f3ria, sensibilidade e identidade cultural. Ter esse espa\u00e7o no #Sou Manaus \u00e9 fortalecer a cena art\u00edstica e a criatividade amaz\u00f4nica\u201d, disse.<\/p>\n\n\n\n<p>Pequenos no formato, mas gigantes em criatividade, os espet\u00e1culos do teatro lambe-lambe oferecem uma experi\u00eancia sensorial que conecta tradi\u00e7\u00e3o, cultura amaz\u00f4nica e inova\u00e7\u00e3o c\u00eanica. No #SouManaus 2025, essa arte ganha visibilidade e se firma como um convite \u00e0 imagina\u00e7\u00e3o, mostrando que grandes hist\u00f3rias tamb\u00e9m cabem em pequenas caixas.<\/p>\n\n\n\n<p>&#8212; &#8212; &#8212;<\/p>\n\n\n\n<p><strong>Texto<\/strong> &#8211; J\u00e9ssica Trajano\/ManausCult\u00a0<\/p>\n\n\n\n<p><strong>Foto <\/strong>&#8211; Divulga\u00e7\u00e3o<\/p>\n","protected":false},"excerpt":{"rendered":"","protected":false},"author":23,"featured_media":244369,"comment_status":"closed","ping_status":"closed","sticky":false,"template":"","format":"standard","meta":{"footnotes":""},"categories":[4867],"tags":[4765,307,469,77,16483],"acf":[],"yoast_head":"<!-- This site is optimized with the Yoast SEO plugin v23.0 - https:\/\/yoast.com\/wordpress\/plugins\/seo\/ -->\n<title>Teatro lambe-lambe leva magia em miniatura ao \u2018#SouManaus Passo a Pa\u00e7o 2025\u2019<\/title>\n<meta name=\"description\" content=\"Um dos formatos mais delicados e po\u00e9ticos das artes c\u00eanicas, o teatro lambe-lambe promete encantar o p\u00fablico, durante os dias 5, 6 e 7 de setembro, no #SouManaus Passo a Pa\u00e7o 2025.\" \/>\n<meta name=\"robots\" content=\"index, follow, max-snippet:-1, max-image-preview:large, max-video-preview:-1\" \/>\n<link rel=\"canonical\" href=\"https:\/\/www.manaus.am.gov.br\/semcom\/prefeitura-manauscult-teatrolambe-lambe-soumanaus\/\" \/>\n<meta property=\"og:locale\" content=\"pt_BR\" \/>\n<meta property=\"og:type\" content=\"article\" \/>\n<meta property=\"og:title\" content=\"Teatro lambe-lambe leva magia em miniatura ao \u2018#SouManaus Passo a Pa\u00e7o 2025\u2019\" \/>\n<meta property=\"og:description\" content=\"Um dos formatos mais delicados e po\u00e9ticos das artes c\u00eanicas, o teatro lambe-lambe promete encantar o p\u00fablico, durante os dias 5, 6 e 7 de setembro, no #SouManaus Passo a Pa\u00e7o 2025.\" \/>\n<meta property=\"og:url\" content=\"https:\/\/www.manaus.am.gov.br\/semcom\/prefeitura-manauscult-teatrolambe-lambe-soumanaus\/\" \/>\n<meta property=\"og:site_name\" content=\"SEMCOM\" \/>\n<meta property=\"article:published_time\" content=\"2025-08-25T18:19:46+00:00\" \/>\n<meta property=\"article:modified_time\" content=\"2025-08-25T18:19:48+00:00\" \/>\n<meta property=\"og:image\" content=\"https:\/\/www.manaus.am.gov.br\/semcom\/wp-content\/uploads\/sites\/5\/2025\/08\/6f13f624-e6fe-4173-89f5-81a6c360aaf1.jpeg\" \/>\n\t<meta property=\"og:image:width\" content=\"1020\" \/>\n\t<meta property=\"og:image:height\" content=\"1159\" \/>\n\t<meta property=\"og:image:type\" content=\"image\/jpeg\" \/>\n<meta name=\"author\" content=\"Adriana Costa\" \/>\n<meta name=\"twitter:card\" content=\"summary_large_image\" \/>\n<meta name=\"twitter:label1\" content=\"Written by\" \/>\n\t<meta name=\"twitter:data1\" content=\"Adriana Costa\" \/>\n\t<meta name=\"twitter:label2\" content=\"Est. reading time\" \/>\n\t<meta name=\"twitter:data2\" content=\"4 minutos\" \/>\n<script type=\"application\/ld+json\" class=\"yoast-schema-graph\">{\"@context\":\"https:\/\/schema.org\",\"@graph\":[{\"@type\":\"WebPage\",\"@id\":\"https:\/\/www.manaus.am.gov.br\/semcom\/prefeitura-manauscult-teatrolambe-lambe-soumanaus\/\",\"url\":\"https:\/\/www.manaus.am.gov.br\/semcom\/prefeitura-manauscult-teatrolambe-lambe-soumanaus\/\",\"name\":\"Teatro lambe-lambe leva magia em miniatura ao \u2018#SouManaus Passo a Pa\u00e7o 2025\u2019\",\"isPartOf\":{\"@id\":\"https:\/\/www.manaus.am.gov.br\/semcom\/#website\"},\"primaryImageOfPage\":{\"@id\":\"https:\/\/www.manaus.am.gov.br\/semcom\/prefeitura-manauscult-teatrolambe-lambe-soumanaus\/#primaryimage\"},\"image\":{\"@id\":\"https:\/\/www.manaus.am.gov.br\/semcom\/prefeitura-manauscult-teatrolambe-lambe-soumanaus\/#primaryimage\"},\"thumbnailUrl\":\"https:\/\/www.manaus.am.gov.br\/semcom\/wp-content\/uploads\/sites\/5\/2025\/08\/6f13f624-e6fe-4173-89f5-81a6c360aaf1.jpeg\",\"datePublished\":\"2025-08-25T18:19:46+00:00\",\"dateModified\":\"2025-08-25T18:19:48+00:00\",\"author\":{\"@id\":\"https:\/\/www.manaus.am.gov.br\/semcom\/#\/schema\/person\/4e49f4e267757a06ca072ec61b2b9968\"},\"description\":\"Um dos formatos mais delicados e po\u00e9ticos das artes c\u00eanicas, o teatro lambe-lambe promete encantar o p\u00fablico, durante os dias 5, 6 e 7 de setembro, no #SouManaus Passo a Pa\u00e7o 2025.\",\"inLanguage\":\"pt-BR\",\"potentialAction\":[{\"@type\":\"ReadAction\",\"target\":[\"https:\/\/www.manaus.am.gov.br\/semcom\/prefeitura-manauscult-teatrolambe-lambe-soumanaus\/\"]}]},{\"@type\":\"ImageObject\",\"inLanguage\":\"pt-BR\",\"@id\":\"https:\/\/www.manaus.am.gov.br\/semcom\/prefeitura-manauscult-teatrolambe-lambe-soumanaus\/#primaryimage\",\"url\":\"https:\/\/www.manaus.am.gov.br\/semcom\/wp-content\/uploads\/sites\/5\/2025\/08\/6f13f624-e6fe-4173-89f5-81a6c360aaf1.jpeg\",\"contentUrl\":\"https:\/\/www.manaus.am.gov.br\/semcom\/wp-content\/uploads\/sites\/5\/2025\/08\/6f13f624-e6fe-4173-89f5-81a6c360aaf1.jpeg\",\"width\":1020,\"height\":1159},{\"@type\":\"WebSite\",\"@id\":\"https:\/\/www.manaus.am.gov.br\/semcom\/#website\",\"url\":\"https:\/\/www.manaus.am.gov.br\/semcom\/\",\"name\":\"SEMCOM\",\"description\":\"Secretaria Municipal de Comunica\u00e7\u00e3o\",\"potentialAction\":[{\"@type\":\"SearchAction\",\"target\":{\"@type\":\"EntryPoint\",\"urlTemplate\":\"https:\/\/www.manaus.am.gov.br\/semcom\/?s={search_term_string}\"},\"query-input\":\"required name=search_term_string\"}],\"inLanguage\":\"pt-BR\"},{\"@type\":\"Person\",\"@id\":\"https:\/\/www.manaus.am.gov.br\/semcom\/#\/schema\/person\/4e49f4e267757a06ca072ec61b2b9968\",\"name\":\"Adriana Costa\",\"image\":{\"@type\":\"ImageObject\",\"inLanguage\":\"pt-BR\",\"@id\":\"https:\/\/www.manaus.am.gov.br\/semcom\/#\/schema\/person\/image\/\",\"url\":\"https:\/\/secure.gravatar.com\/avatar\/576258617ef7194f718179e766d57bd4?s=96&d=mm&r=g\",\"contentUrl\":\"https:\/\/secure.gravatar.com\/avatar\/576258617ef7194f718179e766d57bd4?s=96&d=mm&r=g\",\"caption\":\"Adriana Costa\"}}]}<\/script>\n<!-- \/ Yoast SEO plugin. -->","yoast_head_json":{"title":"Teatro lambe-lambe leva magia em miniatura ao \u2018#SouManaus Passo a Pa\u00e7o 2025\u2019","description":"Um dos formatos mais delicados e po\u00e9ticos das artes c\u00eanicas, o teatro lambe-lambe promete encantar o p\u00fablico, durante os dias 5, 6 e 7 de setembro, no #SouManaus Passo a Pa\u00e7o 2025.","robots":{"index":"index","follow":"follow","max-snippet":"max-snippet:-1","max-image-preview":"max-image-preview:large","max-video-preview":"max-video-preview:-1"},"canonical":"https:\/\/www.manaus.am.gov.br\/semcom\/prefeitura-manauscult-teatrolambe-lambe-soumanaus\/","og_locale":"pt_BR","og_type":"article","og_title":"Teatro lambe-lambe leva magia em miniatura ao \u2018#SouManaus Passo a Pa\u00e7o 2025\u2019","og_description":"Um dos formatos mais delicados e po\u00e9ticos das artes c\u00eanicas, o teatro lambe-lambe promete encantar o p\u00fablico, durante os dias 5, 6 e 7 de setembro, no #SouManaus Passo a Pa\u00e7o 2025.","og_url":"https:\/\/www.manaus.am.gov.br\/semcom\/prefeitura-manauscult-teatrolambe-lambe-soumanaus\/","og_site_name":"SEMCOM","article_published_time":"2025-08-25T18:19:46+00:00","article_modified_time":"2025-08-25T18:19:48+00:00","og_image":[{"width":1020,"height":1159,"url":"https:\/\/www.manaus.am.gov.br\/semcom\/wp-content\/uploads\/sites\/5\/2025\/08\/6f13f624-e6fe-4173-89f5-81a6c360aaf1.jpeg","type":"image\/jpeg"}],"author":"Adriana Costa","twitter_card":"summary_large_image","twitter_misc":{"Written by":"Adriana Costa","Est. reading time":"4 minutos"},"schema":{"@context":"https:\/\/schema.org","@graph":[{"@type":"WebPage","@id":"https:\/\/www.manaus.am.gov.br\/semcom\/prefeitura-manauscult-teatrolambe-lambe-soumanaus\/","url":"https:\/\/www.manaus.am.gov.br\/semcom\/prefeitura-manauscult-teatrolambe-lambe-soumanaus\/","name":"Teatro lambe-lambe leva magia em miniatura ao \u2018#SouManaus Passo a Pa\u00e7o 2025\u2019","isPartOf":{"@id":"https:\/\/www.manaus.am.gov.br\/semcom\/#website"},"primaryImageOfPage":{"@id":"https:\/\/www.manaus.am.gov.br\/semcom\/prefeitura-manauscult-teatrolambe-lambe-soumanaus\/#primaryimage"},"image":{"@id":"https:\/\/www.manaus.am.gov.br\/semcom\/prefeitura-manauscult-teatrolambe-lambe-soumanaus\/#primaryimage"},"thumbnailUrl":"https:\/\/www.manaus.am.gov.br\/semcom\/wp-content\/uploads\/sites\/5\/2025\/08\/6f13f624-e6fe-4173-89f5-81a6c360aaf1.jpeg","datePublished":"2025-08-25T18:19:46+00:00","dateModified":"2025-08-25T18:19:48+00:00","author":{"@id":"https:\/\/www.manaus.am.gov.br\/semcom\/#\/schema\/person\/4e49f4e267757a06ca072ec61b2b9968"},"description":"Um dos formatos mais delicados e po\u00e9ticos das artes c\u00eanicas, o teatro lambe-lambe promete encantar o p\u00fablico, durante os dias 5, 6 e 7 de setembro, no #SouManaus Passo a Pa\u00e7o 2025.","inLanguage":"pt-BR","potentialAction":[{"@type":"ReadAction","target":["https:\/\/www.manaus.am.gov.br\/semcom\/prefeitura-manauscult-teatrolambe-lambe-soumanaus\/"]}]},{"@type":"ImageObject","inLanguage":"pt-BR","@id":"https:\/\/www.manaus.am.gov.br\/semcom\/prefeitura-manauscult-teatrolambe-lambe-soumanaus\/#primaryimage","url":"https:\/\/www.manaus.am.gov.br\/semcom\/wp-content\/uploads\/sites\/5\/2025\/08\/6f13f624-e6fe-4173-89f5-81a6c360aaf1.jpeg","contentUrl":"https:\/\/www.manaus.am.gov.br\/semcom\/wp-content\/uploads\/sites\/5\/2025\/08\/6f13f624-e6fe-4173-89f5-81a6c360aaf1.jpeg","width":1020,"height":1159},{"@type":"WebSite","@id":"https:\/\/www.manaus.am.gov.br\/semcom\/#website","url":"https:\/\/www.manaus.am.gov.br\/semcom\/","name":"SEMCOM","description":"Secretaria Municipal de Comunica\u00e7\u00e3o","potentialAction":[{"@type":"SearchAction","target":{"@type":"EntryPoint","urlTemplate":"https:\/\/www.manaus.am.gov.br\/semcom\/?s={search_term_string}"},"query-input":"required name=search_term_string"}],"inLanguage":"pt-BR"},{"@type":"Person","@id":"https:\/\/www.manaus.am.gov.br\/semcom\/#\/schema\/person\/4e49f4e267757a06ca072ec61b2b9968","name":"Adriana Costa","image":{"@type":"ImageObject","inLanguage":"pt-BR","@id":"https:\/\/www.manaus.am.gov.br\/semcom\/#\/schema\/person\/image\/","url":"https:\/\/secure.gravatar.com\/avatar\/576258617ef7194f718179e766d57bd4?s=96&d=mm&r=g","contentUrl":"https:\/\/secure.gravatar.com\/avatar\/576258617ef7194f718179e766d57bd4?s=96&d=mm&r=g","caption":"Adriana Costa"}}]}},"_links":{"self":[{"href":"https:\/\/www.manaus.am.gov.br\/semcom\/wp-json\/wp\/v2\/posts\/244368"}],"collection":[{"href":"https:\/\/www.manaus.am.gov.br\/semcom\/wp-json\/wp\/v2\/posts"}],"about":[{"href":"https:\/\/www.manaus.am.gov.br\/semcom\/wp-json\/wp\/v2\/types\/post"}],"author":[{"embeddable":true,"href":"https:\/\/www.manaus.am.gov.br\/semcom\/wp-json\/wp\/v2\/users\/23"}],"replies":[{"embeddable":true,"href":"https:\/\/www.manaus.am.gov.br\/semcom\/wp-json\/wp\/v2\/comments?post=244368"}],"version-history":[{"count":0,"href":"https:\/\/www.manaus.am.gov.br\/semcom\/wp-json\/wp\/v2\/posts\/244368\/revisions"}],"wp:featuredmedia":[{"embeddable":true,"href":"https:\/\/www.manaus.am.gov.br\/semcom\/wp-json\/wp\/v2\/media\/244369"}],"wp:attachment":[{"href":"https:\/\/www.manaus.am.gov.br\/semcom\/wp-json\/wp\/v2\/media?parent=244368"}],"wp:term":[{"taxonomy":"category","embeddable":true,"href":"https:\/\/www.manaus.am.gov.br\/semcom\/wp-json\/wp\/v2\/categories?post=244368"},{"taxonomy":"post_tag","embeddable":true,"href":"https:\/\/www.manaus.am.gov.br\/semcom\/wp-json\/wp\/v2\/tags?post=244368"}],"curies":[{"name":"wp","href":"https:\/\/api.w.org\/{rel}","templated":true}]}}