{"id":244363,"date":"2025-08-25T12:53:45","date_gmt":"2025-08-25T16:53:45","guid":{"rendered":"https:\/\/www.manaus.am.gov.br\/semcom\/atividades-semana-da-pessoa-com-deficiencia\/"},"modified":"2025-08-25T12:53:45","modified_gmt":"2025-08-25T16:53:45","slug":"atividades-semana-da-pessoa-com-deficiencia","status":"publish","type":"post","link":"https:\/\/www.manaus.am.gov.br\/semcom\/atividades-semana-da-pessoa-com-deficiencia\/","title":{"rendered":"Escola de Educa\u00e7\u00e3o Especial da Prefeitura de Manaus realiza atividades em alus\u00e3o \u00e0 \u2018Semana da Pessoa com Defici\u00eancia Intelectual e M\u00faltipla\u2019"},"content":{"rendered":"\n<p>Com o tema, \u201cDefici\u00eancia n\u00e3o define. Oportunidade transforma. Inclua nossa voz!\u201d, a Escola Municipal de Educa\u00e7\u00e3o Especial (EMEE) Andr\u00e9 Vidal de Ara\u00fajo, da Prefeitura de Manaus, realizou, nesta segunda-feira, 25\/8, atividades em alus\u00e3o \u00e0 \u201cSemana da Pessoa com Defici\u00eancia Intelectual e M\u00faltipla\u201d, que acontecer\u00e1 at\u00e9 o dia 1\u00ba\/9, em unidades de ensino da Secretaria Municipal de Educa\u00e7\u00e3o (Semed).&nbsp;&nbsp;<\/p>\n\n\n\n<p>A a\u00e7\u00e3o refor\u00e7a que a condi\u00e7\u00e3o n\u00e3o resume a identidade da pessoa. Cada indiv\u00edduo possui talentos, sonhos e singularidades al\u00e9m do diagn\u00f3stico. O foco est\u00e1 em oferecer oportunidades reais de transforma\u00e7\u00e3o de vidas e garantir a escuta ativa e a participa\u00e7\u00e3o direta das pessoas com defici\u00eancia na constru\u00e7\u00e3o de pol\u00edticas, decis\u00f5es e narrativas.&nbsp;&nbsp;<\/p>\n\n\n\n<p>A cerim\u00f4nia contou com apresenta\u00e7\u00f5es culturais de samba e carimb\u00f3, realizadas pelos estudantes, que emocionaram o p\u00fablico. Durante o evento, a diretora da escola,&nbsp;Rocicleide&nbsp;Baima, destacou a import\u00e2ncia do momento.&nbsp;&nbsp;<\/p>\n\n\n\n<p>\u201cEssa semana \u00e9 um marco de reflex\u00e3o, mas tamb\u00e9m de celebra\u00e7\u00e3o. Precisamos mostrar para a sociedade que nossos alunos t\u00eam voz, t\u00eam sonhos e t\u00eam muito a contribuir. A escola \u00e9 esse espa\u00e7o de oportunidades e transforma\u00e7\u00e3o\u201d, afirmou.&nbsp;&nbsp;<\/p>\n\n\n\n<p>A semana, institu\u00edda pela Lei n\u00b0 13.585\/2017, \u00e9 celebrada anualmente de 21 a 28\/8, com o objetivo de conscientizar a sociedade sobre os desafios enfrentados pelas pessoas com defici\u00eancia intelectual e m\u00faltipla, destacar suas potencialidades, defender seus direitos e promover a inclus\u00e3o plena.&nbsp;&nbsp;<\/p>\n\n\n\n<p>A professora da primeira fase, Thais Costa, refor\u00e7ou a relev\u00e2ncia do trabalho pedag\u00f3gico inclusivo. \u201cQuando olhamos para al\u00e9m do diagn\u00f3stico, conseguimos enxergar talentos e habilidades \u00fanicas em cada estudante. A educa\u00e7\u00e3o inclusiva \u00e9 isso, acreditar, investir e dar condi\u00e7\u00f5es para que cada aluno alcance o seu melhor\u201d, comentou.<\/p>\n\n\n\n<p>J\u00e1 Marines de Jesus, m\u00e3e do estudante \u00c2ngelo Miguel, falou com emo\u00e7\u00e3o sobre a experi\u00eancia como fam\u00edlia. \u201cVer meu filho tendo espa\u00e7o para aprender, se apresentar e ser respeitado \u00e9 uma conquista enorme. A escola Andr\u00e9 Vidal \u00e9 como uma segunda casa para n\u00f3s, porque aqui ele \u00e9 acolhido e valorizado\u201d, concluiu.\u00a0\u00a0<\/p>\n\n\n\n<figure class=\"wp-block-image size-large\"><img loading=\"lazy\" decoding=\"async\" width=\"1024\" height=\"683\" src=\"https:\/\/www.manaus.am.gov.br\/semcom\/wp-content\/uploads\/sites\/5\/2025\/08\/54743980596_e496da5166_k-1024x683.jpg\" alt=\"\" class=\"wp-image-244365\" srcset=\"https:\/\/www.manaus.am.gov.br\/semcom\/wp-content\/uploads\/sites\/5\/2025\/08\/54743980596_e496da5166_k-1024x683.jpg 1024w, https:\/\/www.manaus.am.gov.br\/semcom\/wp-content\/uploads\/sites\/5\/2025\/08\/54743980596_e496da5166_k-300x200.jpg 300w, https:\/\/www.manaus.am.gov.br\/semcom\/wp-content\/uploads\/sites\/5\/2025\/08\/54743980596_e496da5166_k-768x512.jpg 768w, https:\/\/www.manaus.am.gov.br\/semcom\/wp-content\/uploads\/sites\/5\/2025\/08\/54743980596_e496da5166_k-1536x1024.jpg 1536w, https:\/\/www.manaus.am.gov.br\/semcom\/wp-content\/uploads\/sites\/5\/2025\/08\/54743980596_e496da5166_k.jpg 2048w\" sizes=\"(max-width: 1024px) 100vw, 1024px\" \/><\/figure>\n\n\n\n<p>&#8212; &#8212; &#8212;<\/p>\n\n\n\n<p><strong>Texto &#8211;<\/strong>&nbsp;Jordana Rodrigues\/Semed&nbsp;&nbsp;<\/p>\n\n\n\n<p><strong>Fotos<\/strong> &#8211; Ulisson Santos\/Semed&nbsp;<\/p>\n\n\n\n<p><strong>Dispon\u00edveis em &#8211; <\/strong><a href=\"https:\/\/flic.kr\/s\/aHBqjCrYQy\">https:\/\/flic.kr\/s\/aHBqjCrYQy<\/a><\/p>\n","protected":false},"excerpt":{"rendered":"","protected":false},"author":39,"featured_media":244364,"comment_status":"closed","ping_status":"closed","sticky":false,"template":"","format":"standard","meta":{"footnotes":""},"categories":[1669],"tags":[426,16482,77,7158,62],"acf":[],"yoast_head":"<!-- This site is optimized with the Yoast SEO plugin v23.0 - https:\/\/yoast.com\/wordpress\/plugins\/seo\/ -->\n<title>Atividades em alus\u00e3o \u00e0 \u2018Semana da Pessoa com Defici\u00eancia Intelectual e M\u00faltipla\u2019<\/title>\n<meta name=\"description\" content=\"Escola de Educa\u00e7\u00e3o Especial da Prefeitura de Manaus realiza atividades em alus\u00e3o \u00e0 \u2018Semana da Pessoa com Defici\u00eancia Intelectual e M\u00faltipla\u2019.\" \/>\n<meta name=\"robots\" content=\"index, follow, max-snippet:-1, max-image-preview:large, max-video-preview:-1\" \/>\n<link rel=\"canonical\" href=\"https:\/\/www.manaus.am.gov.br\/semcom\/atividades-semana-da-pessoa-com-deficiencia\/\" \/>\n<meta property=\"og:locale\" content=\"pt_BR\" \/>\n<meta property=\"og:type\" content=\"article\" \/>\n<meta property=\"og:title\" content=\"Atividades em alus\u00e3o \u00e0 \u2018Semana da Pessoa com Defici\u00eancia Intelectual e M\u00faltipla\u2019\" \/>\n<meta property=\"og:description\" content=\"Escola de Educa\u00e7\u00e3o Especial da Prefeitura de Manaus realiza atividades em alus\u00e3o \u00e0 \u2018Semana da Pessoa com Defici\u00eancia Intelectual e M\u00faltipla\u2019.\" \/>\n<meta property=\"og:url\" content=\"https:\/\/www.manaus.am.gov.br\/semcom\/atividades-semana-da-pessoa-com-deficiencia\/\" \/>\n<meta property=\"og:site_name\" content=\"SEMCOM\" \/>\n<meta property=\"article:published_time\" content=\"2025-08-25T16:53:45+00:00\" \/>\n<meta property=\"og:image\" content=\"https:\/\/www.manaus.am.gov.br\/semcom\/wp-content\/uploads\/sites\/5\/2025\/08\/54744340220_3d4aa50a7a_k.jpg\" \/>\n\t<meta property=\"og:image:width\" content=\"2048\" \/>\n\t<meta property=\"og:image:height\" content=\"1365\" \/>\n\t<meta property=\"og:image:type\" content=\"image\/jpeg\" \/>\n<meta name=\"author\" content=\"Bruna Greco\" \/>\n<meta name=\"twitter:card\" content=\"summary_large_image\" \/>\n<meta name=\"twitter:label1\" content=\"Written by\" \/>\n\t<meta name=\"twitter:data1\" content=\"Bruna Greco\" \/>\n\t<meta name=\"twitter:label2\" content=\"Est. reading time\" \/>\n\t<meta name=\"twitter:data2\" content=\"3 minutos\" \/>\n<script type=\"application\/ld+json\" class=\"yoast-schema-graph\">{\"@context\":\"https:\/\/schema.org\",\"@graph\":[{\"@type\":\"WebPage\",\"@id\":\"https:\/\/www.manaus.am.gov.br\/semcom\/atividades-semana-da-pessoa-com-deficiencia\/\",\"url\":\"https:\/\/www.manaus.am.gov.br\/semcom\/atividades-semana-da-pessoa-com-deficiencia\/\",\"name\":\"Atividades em alus\u00e3o \u00e0 \u2018Semana da Pessoa com Defici\u00eancia Intelectual e M\u00faltipla\u2019\",\"isPartOf\":{\"@id\":\"https:\/\/www.manaus.am.gov.br\/semcom\/#website\"},\"primaryImageOfPage\":{\"@id\":\"https:\/\/www.manaus.am.gov.br\/semcom\/atividades-semana-da-pessoa-com-deficiencia\/#primaryimage\"},\"image\":{\"@id\":\"https:\/\/www.manaus.am.gov.br\/semcom\/atividades-semana-da-pessoa-com-deficiencia\/#primaryimage\"},\"thumbnailUrl\":\"https:\/\/www.manaus.am.gov.br\/semcom\/wp-content\/uploads\/sites\/5\/2025\/08\/54744340220_3d4aa50a7a_k.jpg\",\"datePublished\":\"2025-08-25T16:53:45+00:00\",\"dateModified\":\"2025-08-25T16:53:45+00:00\",\"author\":{\"@id\":\"https:\/\/www.manaus.am.gov.br\/semcom\/#\/schema\/person\/05d223aea2bf115f9883a6ff3683d81b\"},\"description\":\"Escola de Educa\u00e7\u00e3o Especial da Prefeitura de Manaus realiza atividades em alus\u00e3o \u00e0 \u2018Semana da Pessoa com Defici\u00eancia Intelectual e M\u00faltipla\u2019.\",\"inLanguage\":\"pt-BR\",\"potentialAction\":[{\"@type\":\"ReadAction\",\"target\":[\"https:\/\/www.manaus.am.gov.br\/semcom\/atividades-semana-da-pessoa-com-deficiencia\/\"]}]},{\"@type\":\"ImageObject\",\"inLanguage\":\"pt-BR\",\"@id\":\"https:\/\/www.manaus.am.gov.br\/semcom\/atividades-semana-da-pessoa-com-deficiencia\/#primaryimage\",\"url\":\"https:\/\/www.manaus.am.gov.br\/semcom\/wp-content\/uploads\/sites\/5\/2025\/08\/54744340220_3d4aa50a7a_k.jpg\",\"contentUrl\":\"https:\/\/www.manaus.am.gov.br\/semcom\/wp-content\/uploads\/sites\/5\/2025\/08\/54744340220_3d4aa50a7a_k.jpg\",\"width\":2048,\"height\":1365,\"caption\":\"#paratodosverem - Estudantes da EMEE Andr\u00e9 Vidal de Ara\u00fajo participando de atividade da \u201cSemana da Pessoa com Defici\u00eancia Intelectual e M\u00faltipla\u201d\"},{\"@type\":\"WebSite\",\"@id\":\"https:\/\/www.manaus.am.gov.br\/semcom\/#website\",\"url\":\"https:\/\/www.manaus.am.gov.br\/semcom\/\",\"name\":\"SEMCOM\",\"description\":\"Secretaria Municipal de Comunica\u00e7\u00e3o\",\"potentialAction\":[{\"@type\":\"SearchAction\",\"target\":{\"@type\":\"EntryPoint\",\"urlTemplate\":\"https:\/\/www.manaus.am.gov.br\/semcom\/?s={search_term_string}\"},\"query-input\":\"required name=search_term_string\"}],\"inLanguage\":\"pt-BR\"},{\"@type\":\"Person\",\"@id\":\"https:\/\/www.manaus.am.gov.br\/semcom\/#\/schema\/person\/05d223aea2bf115f9883a6ff3683d81b\",\"name\":\"Bruna Greco\",\"image\":{\"@type\":\"ImageObject\",\"inLanguage\":\"pt-BR\",\"@id\":\"https:\/\/www.manaus.am.gov.br\/semcom\/#\/schema\/person\/image\/\",\"url\":\"https:\/\/secure.gravatar.com\/avatar\/9c877d1a6adc2a055330e5c09a8653ce?s=96&d=mm&r=g\",\"contentUrl\":\"https:\/\/secure.gravatar.com\/avatar\/9c877d1a6adc2a055330e5c09a8653ce?s=96&d=mm&r=g\",\"caption\":\"Bruna Greco\"}}]}<\/script>\n<!-- \/ Yoast SEO plugin. -->","yoast_head_json":{"title":"Atividades em alus\u00e3o \u00e0 \u2018Semana da Pessoa com Defici\u00eancia Intelectual e M\u00faltipla\u2019","description":"Escola de Educa\u00e7\u00e3o Especial da Prefeitura de Manaus realiza atividades em alus\u00e3o \u00e0 \u2018Semana da Pessoa com Defici\u00eancia Intelectual e M\u00faltipla\u2019.","robots":{"index":"index","follow":"follow","max-snippet":"max-snippet:-1","max-image-preview":"max-image-preview:large","max-video-preview":"max-video-preview:-1"},"canonical":"https:\/\/www.manaus.am.gov.br\/semcom\/atividades-semana-da-pessoa-com-deficiencia\/","og_locale":"pt_BR","og_type":"article","og_title":"Atividades em alus\u00e3o \u00e0 \u2018Semana da Pessoa com Defici\u00eancia Intelectual e M\u00faltipla\u2019","og_description":"Escola de Educa\u00e7\u00e3o Especial da Prefeitura de Manaus realiza atividades em alus\u00e3o \u00e0 \u2018Semana da Pessoa com Defici\u00eancia Intelectual e M\u00faltipla\u2019.","og_url":"https:\/\/www.manaus.am.gov.br\/semcom\/atividades-semana-da-pessoa-com-deficiencia\/","og_site_name":"SEMCOM","article_published_time":"2025-08-25T16:53:45+00:00","og_image":[{"width":2048,"height":1365,"url":"https:\/\/www.manaus.am.gov.br\/semcom\/wp-content\/uploads\/sites\/5\/2025\/08\/54744340220_3d4aa50a7a_k.jpg","type":"image\/jpeg"}],"author":"Bruna Greco","twitter_card":"summary_large_image","twitter_misc":{"Written by":"Bruna Greco","Est. reading time":"3 minutos"},"schema":{"@context":"https:\/\/schema.org","@graph":[{"@type":"WebPage","@id":"https:\/\/www.manaus.am.gov.br\/semcom\/atividades-semana-da-pessoa-com-deficiencia\/","url":"https:\/\/www.manaus.am.gov.br\/semcom\/atividades-semana-da-pessoa-com-deficiencia\/","name":"Atividades em alus\u00e3o \u00e0 \u2018Semana da Pessoa com Defici\u00eancia Intelectual e M\u00faltipla\u2019","isPartOf":{"@id":"https:\/\/www.manaus.am.gov.br\/semcom\/#website"},"primaryImageOfPage":{"@id":"https:\/\/www.manaus.am.gov.br\/semcom\/atividades-semana-da-pessoa-com-deficiencia\/#primaryimage"},"image":{"@id":"https:\/\/www.manaus.am.gov.br\/semcom\/atividades-semana-da-pessoa-com-deficiencia\/#primaryimage"},"thumbnailUrl":"https:\/\/www.manaus.am.gov.br\/semcom\/wp-content\/uploads\/sites\/5\/2025\/08\/54744340220_3d4aa50a7a_k.jpg","datePublished":"2025-08-25T16:53:45+00:00","dateModified":"2025-08-25T16:53:45+00:00","author":{"@id":"https:\/\/www.manaus.am.gov.br\/semcom\/#\/schema\/person\/05d223aea2bf115f9883a6ff3683d81b"},"description":"Escola de Educa\u00e7\u00e3o Especial da Prefeitura de Manaus realiza atividades em alus\u00e3o \u00e0 \u2018Semana da Pessoa com Defici\u00eancia Intelectual e M\u00faltipla\u2019.","inLanguage":"pt-BR","potentialAction":[{"@type":"ReadAction","target":["https:\/\/www.manaus.am.gov.br\/semcom\/atividades-semana-da-pessoa-com-deficiencia\/"]}]},{"@type":"ImageObject","inLanguage":"pt-BR","@id":"https:\/\/www.manaus.am.gov.br\/semcom\/atividades-semana-da-pessoa-com-deficiencia\/#primaryimage","url":"https:\/\/www.manaus.am.gov.br\/semcom\/wp-content\/uploads\/sites\/5\/2025\/08\/54744340220_3d4aa50a7a_k.jpg","contentUrl":"https:\/\/www.manaus.am.gov.br\/semcom\/wp-content\/uploads\/sites\/5\/2025\/08\/54744340220_3d4aa50a7a_k.jpg","width":2048,"height":1365,"caption":"#paratodosverem - Estudantes da EMEE Andr\u00e9 Vidal de Ara\u00fajo participando de atividade da \u201cSemana da Pessoa com Defici\u00eancia Intelectual e M\u00faltipla\u201d"},{"@type":"WebSite","@id":"https:\/\/www.manaus.am.gov.br\/semcom\/#website","url":"https:\/\/www.manaus.am.gov.br\/semcom\/","name":"SEMCOM","description":"Secretaria Municipal de Comunica\u00e7\u00e3o","potentialAction":[{"@type":"SearchAction","target":{"@type":"EntryPoint","urlTemplate":"https:\/\/www.manaus.am.gov.br\/semcom\/?s={search_term_string}"},"query-input":"required name=search_term_string"}],"inLanguage":"pt-BR"},{"@type":"Person","@id":"https:\/\/www.manaus.am.gov.br\/semcom\/#\/schema\/person\/05d223aea2bf115f9883a6ff3683d81b","name":"Bruna Greco","image":{"@type":"ImageObject","inLanguage":"pt-BR","@id":"https:\/\/www.manaus.am.gov.br\/semcom\/#\/schema\/person\/image\/","url":"https:\/\/secure.gravatar.com\/avatar\/9c877d1a6adc2a055330e5c09a8653ce?s=96&d=mm&r=g","contentUrl":"https:\/\/secure.gravatar.com\/avatar\/9c877d1a6adc2a055330e5c09a8653ce?s=96&d=mm&r=g","caption":"Bruna Greco"}}]}},"_links":{"self":[{"href":"https:\/\/www.manaus.am.gov.br\/semcom\/wp-json\/wp\/v2\/posts\/244363"}],"collection":[{"href":"https:\/\/www.manaus.am.gov.br\/semcom\/wp-json\/wp\/v2\/posts"}],"about":[{"href":"https:\/\/www.manaus.am.gov.br\/semcom\/wp-json\/wp\/v2\/types\/post"}],"author":[{"embeddable":true,"href":"https:\/\/www.manaus.am.gov.br\/semcom\/wp-json\/wp\/v2\/users\/39"}],"replies":[{"embeddable":true,"href":"https:\/\/www.manaus.am.gov.br\/semcom\/wp-json\/wp\/v2\/comments?post=244363"}],"version-history":[{"count":1,"href":"https:\/\/www.manaus.am.gov.br\/semcom\/wp-json\/wp\/v2\/posts\/244363\/revisions"}],"predecessor-version":[{"id":244366,"href":"https:\/\/www.manaus.am.gov.br\/semcom\/wp-json\/wp\/v2\/posts\/244363\/revisions\/244366"}],"wp:featuredmedia":[{"embeddable":true,"href":"https:\/\/www.manaus.am.gov.br\/semcom\/wp-json\/wp\/v2\/media\/244364"}],"wp:attachment":[{"href":"https:\/\/www.manaus.am.gov.br\/semcom\/wp-json\/wp\/v2\/media?parent=244363"}],"wp:term":[{"taxonomy":"category","embeddable":true,"href":"https:\/\/www.manaus.am.gov.br\/semcom\/wp-json\/wp\/v2\/categories?post=244363"},{"taxonomy":"post_tag","embeddable":true,"href":"https:\/\/www.manaus.am.gov.br\/semcom\/wp-json\/wp\/v2\/tags?post=244363"}],"curies":[{"name":"wp","href":"https:\/\/api.w.org\/{rel}","templated":true}]}}