{"id":244342,"date":"2025-08-24T18:26:55","date_gmt":"2025-08-24T22:26:55","guid":{"rendered":"https:\/\/www.manaus.am.gov.br\/semcom\/acao-inedita-brasil-rede-hoteleira-soumanaus\/"},"modified":"2025-08-24T18:26:55","modified_gmt":"2025-08-24T22:26:55","slug":"acao-inedita-brasil-rede-hoteleira-soumanaus","status":"publish","type":"post","link":"https:\/\/www.manaus.am.gov.br\/semcom\/acao-inedita-brasil-rede-hoteleira-soumanaus\/","title":{"rendered":"Prefeito David Almeida lan\u00e7a a\u00e7\u00e3o in\u00e9dita no Brasil ao integrar rede hoteleira ao \u2018#SouManaus 2025\u2019 para fortalecer turismo e economia"},"content":{"rendered":"\n<p>O prefeito de Manaus, David Almeida, acompanhado do vice-prefeito Renato J\u00fanior e do diretor-presidente da Funda\u00e7\u00e3o Municipal de Cultura, Turismo e Eventos (Manauscult), Jender Lobato, anunciou, na tarde deste domingo, 24\/8, uma medida in\u00e9dita no pa\u00eds para impulsionar a economia e o setor tur\u00edstico da capital amazonense. Mais de 15 hot\u00e9is do Centro e entorno foram credenciados pela prefeitura para oferecer hospedagem vinculada ao \u201c#SouManaus Passo a Pa\u00e7o 2025\u201d, garantindo aos h\u00f3spedes acesso exclusivo \u00e0s pulseiras que liberam entrada em dois dos 17 palcos do maior festival de artes integradas do Brasil.<\/p>\n\n\n\n<p>A novidade foi anunciada no porto de Manaus, no local onde j\u00e1 est\u00e1 sendo montado o palco principal do festival. Segundo o prefeito, a iniciativa representa um marco na forma como os grandes eventos podem estimular diretamente a cadeia produtiva da cidade.<\/p>\n\n\n\n<p>\u201cEstamos criando uma experi\u00eancia \u00fanica para quem vier ao #SouManaus. Ao se hospedar nos hot\u00e9is credenciados, o visitante j\u00e1 garante as pulseiras para o festival e ainda contribui para movimentar o centro hist\u00f3rico, fortalecendo restaurantes, bares, transportes e todo o com\u00e9rcio local. Isso \u00e9 fomentar turismo, \u00e9 gerar desenvolvimento para a cidade\u201d, afirmou o prefeito David Almeida.<\/p>\n\n\n\n<p>A rede credenciada re\u00fane tanto grandes bandeiras internacionais, como Holiday Inn, Confort, Quality, Ibis e Accor, quanto hot\u00e9is independentes e regionais, como Casa dos Frades, Casa Perp\u00e9tua, Amazon Village e a Rede Manaus Hot\u00e9is (Millenium, Saint Paul e Adrian\u00f3polis). O equil\u00edbrio entre redes globais e empreendimentos locais garante que o impacto econ\u00f4mico seja amplamente distribu\u00eddo, beneficiando tanto a chegada de turistas de fora quanto a valoriza\u00e7\u00e3o do empresariado manauara.<\/p>\n\n\n\n<p>Em outras capitais brasileiras, como Salvador, Recife, Olinda e Rio de Janeiro, existem parcerias entre hot\u00e9is e eventos culturais, mas sempre conduzidas pela iniciativa privada e de forma restrita. O diferencial de Manaus \u00e9 que a a\u00e7\u00e3o \u00e9 coordenada diretamente pela prefeitura, com credenciamento oficial gratuito e benef\u00edcios imediatos para os turistas, al\u00e9m de fortalecimento da economia local.<\/p>\n\n\n\n<p>\u201cEssa parceria mostra que o turismo \u00e9 um dos pilares do #SouManaus. Ao escolher se hospedar em um dos hot\u00e9is credenciados, o visitante n\u00e3o apenas garante sua participa\u00e7\u00e3o no festival, mas tamb\u00e9m movimenta a economia local, gerando emprego, renda e fortalecendo toda a cadeia tur\u00edstica da capital\u201d, destacou o diretor-presidente da Manauscult, Jender Lobato.<\/p>\n\n\n\n<p>Com expectativa de reunir mais de 450 mil pessoas em setembro, o #SouManaus 2025 transforma a capital em vitrine nacional de inova\u00e7\u00e3o cultural e tur\u00edstica, consolidando a cidade como refer\u00eancia em experi\u00eancias integradas que unem cultura, hospedagem, lazer e desenvolvimento econ\u00f4mico.<\/p>\n\n\n\n<p>Os hot\u00e9is parceiros credenciados s\u00e3o: Holiday Inn Hotel; Comfort Hotel; Casa dos Frades Hotel; Casa Perp\u00e9tua Hotel; Quality Hotel; Rede Manaus Hot\u00e9is com tr\u00eas unidades (Millenium, Saint Paul e Adrian\u00f3polis); Accor Hotels com cerca de seis hot\u00e9is em Manaus (Ibis, Ibis Budget, Ibis Styles, Ibis Aeroporto, Novotel e Mercure); Amazon Village Hotel; e\u00a0Ibis.<\/p>\n\n\n\n<figure class=\"wp-block-image size-large\"><img loading=\"lazy\" decoding=\"async\" width=\"1024\" height=\"576\" src=\"https:\/\/www.manaus.am.gov.br\/semcom\/wp-content\/uploads\/sites\/5\/2025\/08\/SouManaus-Passo-a-Paco-2025-1-1024x576.jpeg\" alt=\"\" class=\"wp-image-244344\" srcset=\"https:\/\/www.manaus.am.gov.br\/semcom\/wp-content\/uploads\/sites\/5\/2025\/08\/SouManaus-Passo-a-Paco-2025-1-1024x576.jpeg 1024w, https:\/\/www.manaus.am.gov.br\/semcom\/wp-content\/uploads\/sites\/5\/2025\/08\/SouManaus-Passo-a-Paco-2025-1-300x169.jpeg 300w, https:\/\/www.manaus.am.gov.br\/semcom\/wp-content\/uploads\/sites\/5\/2025\/08\/SouManaus-Passo-a-Paco-2025-1-768x432.jpeg 768w, https:\/\/www.manaus.am.gov.br\/semcom\/wp-content\/uploads\/sites\/5\/2025\/08\/SouManaus-Passo-a-Paco-2025-1.jpeg 1280w\" sizes=\"(max-width: 1024px) 100vw, 1024px\" \/><\/figure>\n\n\n\n<p>&#8212; &#8212; &#8212;<\/p>\n\n\n\n<p><strong>Texto <\/strong>&#8211; Emanuelle Baires\/Semcom-Prefeito<\/p>\n\n\n\n<p><strong>Fotos<\/strong> \u2013 Arquivo\/Semcom<\/p>\n","protected":false},"excerpt":{"rendered":"","protected":false},"author":39,"featured_media":244343,"comment_status":"closed","ping_status":"closed","sticky":false,"template":"","format":"standard","meta":{"footnotes":""},"categories":[594],"tags":[15305,16181,35,16475,77,16476],"acf":[],"yoast_head":"<!-- This site is optimized with the Yoast SEO plugin v23.0 - https:\/\/yoast.com\/wordpress\/plugins\/seo\/ -->\n<title>A\u00e7\u00e3o in\u00e9dita no Brasil de integra\u00e7\u00e3o de rede hoteleira ao \u2018#SouManaus\u2019<\/title>\n<meta name=\"description\" content=\"Prefeito David Almeida lan\u00e7a a\u00e7\u00e3o in\u00e9dita no Brasil ao integrar rede hoteleira ao \u2018#SouManaus 2025\u2019 para fortalecer turismo e economia.\" \/>\n<meta name=\"robots\" content=\"index, follow, max-snippet:-1, max-image-preview:large, max-video-preview:-1\" \/>\n<link rel=\"canonical\" href=\"https:\/\/www.manaus.am.gov.br\/semcom\/acao-inedita-brasil-rede-hoteleira-soumanaus\/\" \/>\n<meta property=\"og:locale\" content=\"pt_BR\" \/>\n<meta property=\"og:type\" content=\"article\" \/>\n<meta property=\"og:title\" content=\"A\u00e7\u00e3o in\u00e9dita no Brasil de integra\u00e7\u00e3o de rede hoteleira ao \u2018#SouManaus\u2019\" \/>\n<meta property=\"og:description\" content=\"Prefeito David Almeida lan\u00e7a a\u00e7\u00e3o in\u00e9dita no Brasil ao integrar rede hoteleira ao \u2018#SouManaus 2025\u2019 para fortalecer turismo e economia.\" \/>\n<meta property=\"og:url\" content=\"https:\/\/www.manaus.am.gov.br\/semcom\/acao-inedita-brasil-rede-hoteleira-soumanaus\/\" \/>\n<meta property=\"og:site_name\" content=\"SEMCOM\" \/>\n<meta property=\"article:published_time\" content=\"2025-08-24T22:26:55+00:00\" \/>\n<meta property=\"og:image\" content=\"https:\/\/www.manaus.am.gov.br\/semcom\/wp-content\/uploads\/sites\/5\/2025\/08\/WhatsApp-Image-2025-07-09-at-22.23.54-1536x1024-1.jpeg\" \/>\n\t<meta property=\"og:image:width\" content=\"1536\" \/>\n\t<meta property=\"og:image:height\" content=\"1024\" \/>\n\t<meta property=\"og:image:type\" content=\"image\/jpeg\" \/>\n<meta name=\"author\" content=\"Bruna Greco\" \/>\n<meta name=\"twitter:card\" content=\"summary_large_image\" \/>\n<meta name=\"twitter:label1\" content=\"Written by\" \/>\n\t<meta name=\"twitter:data1\" content=\"Bruna Greco\" \/>\n\t<meta name=\"twitter:label2\" content=\"Est. reading time\" \/>\n\t<meta name=\"twitter:data2\" content=\"4 minutos\" \/>\n<script type=\"application\/ld+json\" class=\"yoast-schema-graph\">{\"@context\":\"https:\/\/schema.org\",\"@graph\":[{\"@type\":\"WebPage\",\"@id\":\"https:\/\/www.manaus.am.gov.br\/semcom\/acao-inedita-brasil-rede-hoteleira-soumanaus\/\",\"url\":\"https:\/\/www.manaus.am.gov.br\/semcom\/acao-inedita-brasil-rede-hoteleira-soumanaus\/\",\"name\":\"A\u00e7\u00e3o in\u00e9dita no Brasil de integra\u00e7\u00e3o de rede hoteleira ao \u2018#SouManaus\u2019\",\"isPartOf\":{\"@id\":\"https:\/\/www.manaus.am.gov.br\/semcom\/#website\"},\"primaryImageOfPage\":{\"@id\":\"https:\/\/www.manaus.am.gov.br\/semcom\/acao-inedita-brasil-rede-hoteleira-soumanaus\/#primaryimage\"},\"image\":{\"@id\":\"https:\/\/www.manaus.am.gov.br\/semcom\/acao-inedita-brasil-rede-hoteleira-soumanaus\/#primaryimage\"},\"thumbnailUrl\":\"https:\/\/www.manaus.am.gov.br\/semcom\/wp-content\/uploads\/sites\/5\/2025\/08\/WhatsApp-Image-2025-07-09-at-22.23.54-1536x1024-1.jpeg\",\"datePublished\":\"2025-08-24T22:26:55+00:00\",\"dateModified\":\"2025-08-24T22:26:55+00:00\",\"author\":{\"@id\":\"https:\/\/www.manaus.am.gov.br\/semcom\/#\/schema\/person\/05d223aea2bf115f9883a6ff3683d81b\"},\"description\":\"Prefeito David Almeida lan\u00e7a a\u00e7\u00e3o in\u00e9dita no Brasil ao integrar rede hoteleira ao \u2018#SouManaus 2025\u2019 para fortalecer turismo e economia.\",\"inLanguage\":\"pt-BR\",\"potentialAction\":[{\"@type\":\"ReadAction\",\"target\":[\"https:\/\/www.manaus.am.gov.br\/semcom\/acao-inedita-brasil-rede-hoteleira-soumanaus\/\"]}]},{\"@type\":\"ImageObject\",\"inLanguage\":\"pt-BR\",\"@id\":\"https:\/\/www.manaus.am.gov.br\/semcom\/acao-inedita-brasil-rede-hoteleira-soumanaus\/#primaryimage\",\"url\":\"https:\/\/www.manaus.am.gov.br\/semcom\/wp-content\/uploads\/sites\/5\/2025\/08\/WhatsApp-Image-2025-07-09-at-22.23.54-1536x1024-1.jpeg\",\"contentUrl\":\"https:\/\/www.manaus.am.gov.br\/semcom\/wp-content\/uploads\/sites\/5\/2025\/08\/WhatsApp-Image-2025-07-09-at-22.23.54-1536x1024-1.jpeg\",\"width\":1536,\"height\":1024,\"caption\":\"#paratodosverem - Prefeito de Manaus, David Almeida, e diretor-presidente da Manauscult, Jender Lobato, durante lan\u00e7amento do #SouManaus Passo a Pa\u00e7o 2025\"},{\"@type\":\"WebSite\",\"@id\":\"https:\/\/www.manaus.am.gov.br\/semcom\/#website\",\"url\":\"https:\/\/www.manaus.am.gov.br\/semcom\/\",\"name\":\"SEMCOM\",\"description\":\"Secretaria Municipal de Comunica\u00e7\u00e3o\",\"potentialAction\":[{\"@type\":\"SearchAction\",\"target\":{\"@type\":\"EntryPoint\",\"urlTemplate\":\"https:\/\/www.manaus.am.gov.br\/semcom\/?s={search_term_string}\"},\"query-input\":\"required name=search_term_string\"}],\"inLanguage\":\"pt-BR\"},{\"@type\":\"Person\",\"@id\":\"https:\/\/www.manaus.am.gov.br\/semcom\/#\/schema\/person\/05d223aea2bf115f9883a6ff3683d81b\",\"name\":\"Bruna Greco\",\"image\":{\"@type\":\"ImageObject\",\"inLanguage\":\"pt-BR\",\"@id\":\"https:\/\/www.manaus.am.gov.br\/semcom\/#\/schema\/person\/image\/\",\"url\":\"https:\/\/secure.gravatar.com\/avatar\/9c877d1a6adc2a055330e5c09a8653ce?s=96&d=mm&r=g\",\"contentUrl\":\"https:\/\/secure.gravatar.com\/avatar\/9c877d1a6adc2a055330e5c09a8653ce?s=96&d=mm&r=g\",\"caption\":\"Bruna Greco\"}}]}<\/script>\n<!-- \/ Yoast SEO plugin. -->","yoast_head_json":{"title":"A\u00e7\u00e3o in\u00e9dita no Brasil de integra\u00e7\u00e3o de rede hoteleira ao \u2018#SouManaus\u2019","description":"Prefeito David Almeida lan\u00e7a a\u00e7\u00e3o in\u00e9dita no Brasil ao integrar rede hoteleira ao \u2018#SouManaus 2025\u2019 para fortalecer turismo e economia.","robots":{"index":"index","follow":"follow","max-snippet":"max-snippet:-1","max-image-preview":"max-image-preview:large","max-video-preview":"max-video-preview:-1"},"canonical":"https:\/\/www.manaus.am.gov.br\/semcom\/acao-inedita-brasil-rede-hoteleira-soumanaus\/","og_locale":"pt_BR","og_type":"article","og_title":"A\u00e7\u00e3o in\u00e9dita no Brasil de integra\u00e7\u00e3o de rede hoteleira ao \u2018#SouManaus\u2019","og_description":"Prefeito David Almeida lan\u00e7a a\u00e7\u00e3o in\u00e9dita no Brasil ao integrar rede hoteleira ao \u2018#SouManaus 2025\u2019 para fortalecer turismo e economia.","og_url":"https:\/\/www.manaus.am.gov.br\/semcom\/acao-inedita-brasil-rede-hoteleira-soumanaus\/","og_site_name":"SEMCOM","article_published_time":"2025-08-24T22:26:55+00:00","og_image":[{"width":1536,"height":1024,"url":"https:\/\/www.manaus.am.gov.br\/semcom\/wp-content\/uploads\/sites\/5\/2025\/08\/WhatsApp-Image-2025-07-09-at-22.23.54-1536x1024-1.jpeg","type":"image\/jpeg"}],"author":"Bruna Greco","twitter_card":"summary_large_image","twitter_misc":{"Written by":"Bruna Greco","Est. reading time":"4 minutos"},"schema":{"@context":"https:\/\/schema.org","@graph":[{"@type":"WebPage","@id":"https:\/\/www.manaus.am.gov.br\/semcom\/acao-inedita-brasil-rede-hoteleira-soumanaus\/","url":"https:\/\/www.manaus.am.gov.br\/semcom\/acao-inedita-brasil-rede-hoteleira-soumanaus\/","name":"A\u00e7\u00e3o in\u00e9dita no Brasil de integra\u00e7\u00e3o de rede hoteleira ao \u2018#SouManaus\u2019","isPartOf":{"@id":"https:\/\/www.manaus.am.gov.br\/semcom\/#website"},"primaryImageOfPage":{"@id":"https:\/\/www.manaus.am.gov.br\/semcom\/acao-inedita-brasil-rede-hoteleira-soumanaus\/#primaryimage"},"image":{"@id":"https:\/\/www.manaus.am.gov.br\/semcom\/acao-inedita-brasil-rede-hoteleira-soumanaus\/#primaryimage"},"thumbnailUrl":"https:\/\/www.manaus.am.gov.br\/semcom\/wp-content\/uploads\/sites\/5\/2025\/08\/WhatsApp-Image-2025-07-09-at-22.23.54-1536x1024-1.jpeg","datePublished":"2025-08-24T22:26:55+00:00","dateModified":"2025-08-24T22:26:55+00:00","author":{"@id":"https:\/\/www.manaus.am.gov.br\/semcom\/#\/schema\/person\/05d223aea2bf115f9883a6ff3683d81b"},"description":"Prefeito David Almeida lan\u00e7a a\u00e7\u00e3o in\u00e9dita no Brasil ao integrar rede hoteleira ao \u2018#SouManaus 2025\u2019 para fortalecer turismo e economia.","inLanguage":"pt-BR","potentialAction":[{"@type":"ReadAction","target":["https:\/\/www.manaus.am.gov.br\/semcom\/acao-inedita-brasil-rede-hoteleira-soumanaus\/"]}]},{"@type":"ImageObject","inLanguage":"pt-BR","@id":"https:\/\/www.manaus.am.gov.br\/semcom\/acao-inedita-brasil-rede-hoteleira-soumanaus\/#primaryimage","url":"https:\/\/www.manaus.am.gov.br\/semcom\/wp-content\/uploads\/sites\/5\/2025\/08\/WhatsApp-Image-2025-07-09-at-22.23.54-1536x1024-1.jpeg","contentUrl":"https:\/\/www.manaus.am.gov.br\/semcom\/wp-content\/uploads\/sites\/5\/2025\/08\/WhatsApp-Image-2025-07-09-at-22.23.54-1536x1024-1.jpeg","width":1536,"height":1024,"caption":"#paratodosverem - Prefeito de Manaus, David Almeida, e diretor-presidente da Manauscult, Jender Lobato, durante lan\u00e7amento do #SouManaus Passo a Pa\u00e7o 2025"},{"@type":"WebSite","@id":"https:\/\/www.manaus.am.gov.br\/semcom\/#website","url":"https:\/\/www.manaus.am.gov.br\/semcom\/","name":"SEMCOM","description":"Secretaria Municipal de Comunica\u00e7\u00e3o","potentialAction":[{"@type":"SearchAction","target":{"@type":"EntryPoint","urlTemplate":"https:\/\/www.manaus.am.gov.br\/semcom\/?s={search_term_string}"},"query-input":"required name=search_term_string"}],"inLanguage":"pt-BR"},{"@type":"Person","@id":"https:\/\/www.manaus.am.gov.br\/semcom\/#\/schema\/person\/05d223aea2bf115f9883a6ff3683d81b","name":"Bruna Greco","image":{"@type":"ImageObject","inLanguage":"pt-BR","@id":"https:\/\/www.manaus.am.gov.br\/semcom\/#\/schema\/person\/image\/","url":"https:\/\/secure.gravatar.com\/avatar\/9c877d1a6adc2a055330e5c09a8653ce?s=96&d=mm&r=g","contentUrl":"https:\/\/secure.gravatar.com\/avatar\/9c877d1a6adc2a055330e5c09a8653ce?s=96&d=mm&r=g","caption":"Bruna Greco"}}]}},"_links":{"self":[{"href":"https:\/\/www.manaus.am.gov.br\/semcom\/wp-json\/wp\/v2\/posts\/244342"}],"collection":[{"href":"https:\/\/www.manaus.am.gov.br\/semcom\/wp-json\/wp\/v2\/posts"}],"about":[{"href":"https:\/\/www.manaus.am.gov.br\/semcom\/wp-json\/wp\/v2\/types\/post"}],"author":[{"embeddable":true,"href":"https:\/\/www.manaus.am.gov.br\/semcom\/wp-json\/wp\/v2\/users\/39"}],"replies":[{"embeddable":true,"href":"https:\/\/www.manaus.am.gov.br\/semcom\/wp-json\/wp\/v2\/comments?post=244342"}],"version-history":[{"count":1,"href":"https:\/\/www.manaus.am.gov.br\/semcom\/wp-json\/wp\/v2\/posts\/244342\/revisions"}],"predecessor-version":[{"id":244345,"href":"https:\/\/www.manaus.am.gov.br\/semcom\/wp-json\/wp\/v2\/posts\/244342\/revisions\/244345"}],"wp:featuredmedia":[{"embeddable":true,"href":"https:\/\/www.manaus.am.gov.br\/semcom\/wp-json\/wp\/v2\/media\/244343"}],"wp:attachment":[{"href":"https:\/\/www.manaus.am.gov.br\/semcom\/wp-json\/wp\/v2\/media?parent=244342"}],"wp:term":[{"taxonomy":"category","embeddable":true,"href":"https:\/\/www.manaus.am.gov.br\/semcom\/wp-json\/wp\/v2\/categories?post=244342"},{"taxonomy":"post_tag","embeddable":true,"href":"https:\/\/www.manaus.am.gov.br\/semcom\/wp-json\/wp\/v2\/tags?post=244342"}],"curies":[{"name":"wp","href":"https:\/\/api.w.org\/{rel}","templated":true}]}}